{"id":38349,"date":"2025-04-16T18:40:00","date_gmt":"2025-04-16T21:40:00","guid":{"rendered":"https:\/\/www.em.com.br\/emfoco\/?p=38349"},"modified":"2025-04-15T14:30:25","modified_gmt":"2025-04-15T17:30:25","slug":"rede-de-fast-food-decreta-falencia-apos-demissao-em-massa","status":"publish","type":"post","link":"https:\/\/www.em.com.br\/emfoco\/2025\/04\/16\/rede-de-fast-food-decreta-falencia-apos-demissao-em-massa\/","title":{"rendered":"Rede de fast food decreta fal\u00eancia ap\u00f3s demiss\u00e3o em massa"},"content":{"rendered":"\n<p>Nos \u00faltimos anos, o setor de alimenta\u00e7\u00e3o fora de casa nos <strong>Estados Unidos<\/strong> tem enfrentado desafios significativos. Entre as empresas afetadas, destaca-se a<strong> EVOS<\/strong>, uma rede de fast food da<strong> Fl\u00f3rida<\/strong> que, ap\u00f3s mais de tr\u00eas d\u00e9cadas de opera\u00e7\u00e3o, encerrou suas atividades em abril de 2025. A EVOS era conhecida por oferecer vers\u00f5es mais saud\u00e1veis de hamb\u00fargueres e outros produtos t\u00edpicos de fast food, utilizando pr\u00e1ticas sustent\u00e1veis e ingredientes org\u00e2nicos.<\/p>\n\n\n\n<p>A proposta inovadora da EVOS, que inclu\u00eda o uso de t\u00e9cnicas de cozimento com ar quente e a redu\u00e7\u00e3o de gordura, n\u00e3o foi suficiente para resistir \u00e0 forte concorr\u00eancia e ao cen\u00e1rio econ\u00f4mico desafiador. A empresa, que em seu auge planejava expandir para outros estados, enfrentou dificuldades operacionais e financeiras que culminaram no fechamento de suas \u00faltimas unidades na regi\u00e3o de Tampa.<\/p>\n\n\n\n<h2 class=\"wp-block-heading\">Por que a EVOS encerrou suas atividades?<\/h2>\n\n\n\n<p>A EVOS surgiu no in\u00edcio dos anos 1990 com a miss\u00e3o de reinventar o fast food, oferecendo alimentos menos processados e com menor teor de gordura. Al\u00e9m disso, a rede promovia pr\u00e1ticas sustent\u00e1veis, como o uso de embalagens recicl\u00e1veis. Apesar de seu compromisso com a qualidade nutricional e a sustentabilidade, a EVOS n\u00e3o conseguiu competir com as grandes cadeias tradicionais de fast food.<\/p>\n\n\n\n<p>As dificuldades enfrentadas pela EVOS refletem um cen\u00e1rio mais amplo de retra\u00e7\u00e3o no setor de alimenta\u00e7\u00e3o fora de casa. O comportamento do consumidor est\u00e1 mudando rapidamente, com um foco crescente em conveni\u00eancia digital, pre\u00e7os baixos e novas experi\u00eancias alimentares. As empresas que n\u00e3o conseguem se adaptar a essas mudan\u00e7as enfrentam uma concorr\u00eancia cada vez mais acirrada.<\/p>\n\n\n\n<figure class=\"wp-block-image size-large\"><img loading=\"lazy\" decoding=\"async\" width=\"1024\" height=\"576\" src=\"https:\/\/www.em.com.br\/emfoco\/wp-content\/uploads\/2025\/04\/fast-food_1744651487538-1024x576.jpg\" alt=\"\" class=\"wp-image-38357\" srcset=\"https:\/\/www.em.com.br\/emfoco\/wp-content\/uploads\/2025\/04\/fast-food_1744651487538-1024x576.jpg 1024w, https:\/\/www.em.com.br\/emfoco\/wp-content\/uploads\/2025\/04\/fast-food_1744651487538-300x169.jpg 300w, https:\/\/www.em.com.br\/emfoco\/wp-content\/uploads\/2025\/04\/fast-food_1744651487538-768x432.jpg 768w, https:\/\/www.em.com.br\/emfoco\/wp-content\/uploads\/2025\/04\/fast-food_1744651487538-750x422.jpg 750w, https:\/\/www.em.com.br\/emfoco\/wp-content\/uploads\/2025\/04\/fast-food_1744651487538-1140x641.jpg 1140w, https:\/\/www.em.com.br\/emfoco\/wp-content\/uploads\/2025\/04\/fast-food_1744651487538.jpg 1280w\" sizes=\"auto, (max-width: 1024px) 100vw, 1024px\" \/><figcaption class=\"wp-element-caption\">Fast food &#8211; Cr\u00e9ditos: depositphotos.com \/ VadimVasenin<\/figcaption><\/figure>\n\n\n\n<h2 class=\"wp-block-heading\">Quais outras redes de fast food est\u00e3o enfrentando dificuldades?<\/h2>\n\n\n\n<p>O encerramento da EVOS n\u00e3o \u00e9 um caso isolado. Relat\u00f3rios recentes indicam que v\u00e1rias redes conhecidas est\u00e3o enfrentando problemas semelhantes. A Denny\u2019s, por exemplo, anunciou o fechamento de 90 unidades em 2024, enquanto a Red Robin est\u00e1 avaliando encerrar at\u00e9 70 restaurantes devido a dificuldades financeiras. Al\u00e9m disso, marcas como<strong> TGI Fridays e On the Border<\/strong> entraram com pedidos de fal\u00eancia ap\u00f3s acumularem d\u00edvidas significativas.<\/p>\n\n\n\n<p>Esses fechamentos e dificuldades financeiras refletem a instabilidade que ainda paira sobre o setor de fast food. A sustentabilidade de modelos alternativos, como o da EVOS, est\u00e1 em pauta em um mercado historicamente dominado por gigantes da alimenta\u00e7\u00e3o r\u00e1pida e de baixo custo.<\/p>\n\n\n\n<h2 class=\"wp-block-heading\">O futuro do fast food em um cen\u00e1rio econ\u00f4mico desafiador<\/h2>\n\n\n\n<p>O fechamento da EVOS simboliza mais do que o fim de uma rede de fast food; representa a necessidade de adapta\u00e7\u00e3o em um mercado em constante evolu\u00e7\u00e3o. As empresas do setor precisam encontrar maneiras de se alinhar \u00e0s novas demandas dos consumidores, que buscam cada vez mais conveni\u00eancia, pre\u00e7os acess\u00edveis e experi\u00eancias alimentares inovadoras.<\/p>\n\n\n\n<p>Para sobreviver nesse ambiente competitivo, as redes de fast food devem investir em tecnologia, explorar novos modelos de neg\u00f3cios e continuar a inovar em seus produtos e servi\u00e7os. Somente assim poder\u00e3o garantir sua sustentabilidade e relev\u00e2ncia no mercado de alimenta\u00e7\u00e3o fora de casa.<\/p>\n","protected":false},"excerpt":{"rendered":"<p>Nos \u00faltimos anos, o setor de alimenta\u00e7\u00e3o fora de casa nos Estados Unidos tem enfrentado desafios significativos. Entre as empresas afetadas, destaca-se a EVOS, uma rede de fast food da Fl\u00f3rida que, ap\u00f3s mais de tr\u00eas d\u00e9cadas de opera\u00e7\u00e3o, encerrou suas atividades em abril de 2025. A EVOS era conhecida por oferecer vers\u00f5es mais saud\u00e1veis [&hellip;]<\/p>\n","protected":false},"author":5,"featured_media":38356,"comment_status":"open","ping_status":"open","sticky":false,"template":"","format":"standard","meta":{"jnews-multi-image_gallery":[],"jnews_single_post":{"format":"standard"},"jnews_primary_category":[],"jnews_social_meta":[],"jnews_override_counter":[],"footnotes":""},"categories":[28,1],"tags":[7522,4996,7524,7523,7521],"class_list":["post-38349","post","type-post","status-publish","format-standard","has-post-thumbnail","hentry","category-economia","category-noticias","tag-alimentacao-fora-de-casa","tag-crise","tag-dennys","tag-evos","tag-fast-food"],"yoast_head":"<!-- This site is optimized with the Yoast SEO plugin v23.8 - https:\/\/yoast.com\/wordpress\/plugins\/seo\/ -->\n<title>Rede de fast food decreta fal\u00eancia ap\u00f3s demiss\u00e3o em massa - Estado de Minas - Em foco<\/title>\n<meta name=\"description\" content=\"Rede de fast food n\u00e3o resistiu \u00e0 crise e fecha todas as lojas, deixando centenas de trabalhadores sem emprego.\" \/>\n<meta name=\"robots\" content=\"index, follow, max-snippet:-1, max-image-preview:large, max-video-preview:-1\" \/>\n<link rel=\"canonical\" href=\"https:\/\/www.em.com.br\/emfoco\/2025\/04\/16\/rede-de-fast-food-decreta-falencia-apos-demissao-em-massa\/\" \/>\n<meta property=\"og:locale\" content=\"pt_BR\" \/>\n<meta property=\"og:type\" content=\"article\" \/>\n<meta property=\"og:title\" content=\"Rede de fast food decreta fal\u00eancia ap\u00f3s demiss\u00e3o em massa - Estado de Minas - Em foco\" \/>\n<meta property=\"og:description\" content=\"Rede de fast food n\u00e3o resistiu \u00e0 crise e fecha todas as lojas, deixando centenas de trabalhadores sem emprego.\" \/>\n<meta property=\"og:url\" content=\"https:\/\/www.em.com.br\/emfoco\/2025\/04\/16\/rede-de-fast-food-decreta-falencia-apos-demissao-em-massa\/\" \/>\n<meta property=\"og:site_name\" content=\"Estado de Minas - Em foco\" \/>\n<meta property=\"article:published_time\" content=\"2025-04-16T21:40:00+00:00\" \/>\n<meta property=\"article:modified_time\" content=\"2025-04-15T17:30:25+00:00\" \/>\n<meta property=\"og:image\" content=\"https:\/\/www.em.com.br\/emfoco\/wp-content\/uploads\/2025\/04\/fast-food_1744651457748.jpg\" \/>\n\t<meta property=\"og:image:width\" content=\"1280\" \/>\n\t<meta property=\"og:image:height\" content=\"720\" \/>\n\t<meta property=\"og:image:type\" content=\"image\/jpeg\" \/>\n<meta name=\"author\" content=\"N\u00fabia Rangel\" \/>\n<meta name=\"twitter:card\" content=\"summary_large_image\" \/>\n<meta name=\"twitter:label1\" content=\"Escrito por\" \/>\n\t<meta name=\"twitter:data1\" content=\"N\u00fabia Rangel\" \/>\n\t<meta name=\"twitter:label2\" content=\"Est. tempo de leitura\" \/>\n\t<meta name=\"twitter:data2\" content=\"4 minutos\" \/>\n<!-- \/ Yoast SEO plugin. -->","yoast_head_json":{"title":"Rede de fast food decreta fal\u00eancia ap\u00f3s demiss\u00e3o em massa - Estado de Minas - Em foco","description":"Rede de fast food n\u00e3o resistiu \u00e0 crise e fecha todas as lojas, deixando centenas de trabalhadores sem emprego.","robots":{"index":"index","follow":"follow","max-snippet":"max-snippet:-1","max-image-preview":"max-image-preview:large","max-video-preview":"max-video-preview:-1"},"canonical":"https:\/\/www.em.com.br\/emfoco\/2025\/04\/16\/rede-de-fast-food-decreta-falencia-apos-demissao-em-massa\/","og_locale":"pt_BR","og_type":"article","og_title":"Rede de fast food decreta fal\u00eancia ap\u00f3s demiss\u00e3o em massa - Estado de Minas - Em foco","og_description":"Rede de fast food n\u00e3o resistiu \u00e0 crise e fecha todas as lojas, deixando centenas de trabalhadores sem emprego.","og_url":"https:\/\/www.em.com.br\/emfoco\/2025\/04\/16\/rede-de-fast-food-decreta-falencia-apos-demissao-em-massa\/","og_site_name":"Estado de Minas - Em foco","article_published_time":"2025-04-16T21:40:00+00:00","article_modified_time":"2025-04-15T17:30:25+00:00","og_image":[{"width":1280,"height":720,"url":"https:\/\/www.em.com.br\/emfoco\/wp-content\/uploads\/2025\/04\/fast-food_1744651457748.jpg","type":"image\/jpeg"}],"author":"N\u00fabia Rangel","twitter_card":"summary_large_image","twitter_misc":{"Escrito por":"N\u00fabia Rangel","Est. tempo de leitura":"4 minutos"},"schema":{"@context":"https:\/\/schema.org","@graph":[{"@type":"WebPage","@id":"https:\/\/www.em.com.br\/emfoco\/2025\/04\/16\/rede-de-fast-food-decreta-falencia-apos-demissao-em-massa\/","url":"https:\/\/www.em.com.br\/emfoco\/2025\/04\/16\/rede-de-fast-food-decreta-falencia-apos-demissao-em-massa\/","name":"Rede de fast food decreta fal\u00eancia ap\u00f3s demiss\u00e3o em massa - Estado de Minas - Em foco","isPartOf":{"@id":"https:\/\/www.em.com.br\/emfoco\/#website"},"primaryImageOfPage":{"@id":"https:\/\/www.em.com.br\/emfoco\/2025\/04\/16\/rede-de-fast-food-decreta-falencia-apos-demissao-em-massa\/#primaryimage"},"image":{"@id":"https:\/\/www.em.com.br\/emfoco\/2025\/04\/16\/rede-de-fast-food-decreta-falencia-apos-demissao-em-massa\/#primaryimage"},"thumbnailUrl":"https:\/\/www.em.com.br\/emfoco\/wp-content\/uploads\/2025\/04\/fast-food_1744651457748.jpg","datePublished":"2025-04-16T21:40:00+00:00","dateModified":"2025-04-15T17:30:25+00:00","author":{"@id":"https:\/\/www.em.com.br\/emfoco\/#\/schema\/person\/524437ef54f8a5d32591b143307f2e20"},"description":"Rede de fast food n\u00e3o resistiu \u00e0 crise e fecha todas as lojas, deixando centenas de trabalhadores sem emprego.","breadcrumb":{"@id":"https:\/\/www.em.com.br\/emfoco\/2025\/04\/16\/rede-de-fast-food-decreta-falencia-apos-demissao-em-massa\/#breadcrumb"},"inLanguage":"pt-BR","potentialAction":[{"@type":"ReadAction","target":["https:\/\/www.em.com.br\/emfoco\/2025\/04\/16\/rede-de-fast-food-decreta-falencia-apos-demissao-em-massa\/"]}]},{"@type":"ImageObject","inLanguage":"pt-BR","@id":"https:\/\/www.em.com.br\/emfoco\/2025\/04\/16\/rede-de-fast-food-decreta-falencia-apos-demissao-em-massa\/#primaryimage","url":"https:\/\/www.em.com.br\/emfoco\/wp-content\/uploads\/2025\/04\/fast-food_1744651457748.jpg","contentUrl":"https:\/\/www.em.com.br\/emfoco\/wp-content\/uploads\/2025\/04\/fast-food_1744651457748.jpg","width":1280,"height":720,"caption":"Comida - Cr\u00e9ditos: depositphotos.com \/ AntonMatyukha"},{"@type":"BreadcrumbList","@id":"https:\/\/www.em.com.br\/emfoco\/2025\/04\/16\/rede-de-fast-food-decreta-falencia-apos-demissao-em-massa\/#breadcrumb","itemListElement":[{"@type":"ListItem","position":1,"name":"In\u00edcio","item":"https:\/\/www.em.com.br\/emfoco\/"},{"@type":"ListItem","position":2,"name":"Rede de fast food decreta fal\u00eancia ap\u00f3s demiss\u00e3o em massa"}]},{"@type":"WebSite","@id":"https:\/\/www.em.com.br\/emfoco\/#website","url":"https:\/\/www.em.com.br\/emfoco\/","name":"Estado de Minas - Em foco","description":"Acompanhe as \u00faltimas not\u00edcias e fique bem informado sobre tudo o que acontece em Minas Gerais, Brasil e no mundo.","potentialAction":[{"@type":"SearchAction","target":{"@type":"EntryPoint","urlTemplate":"https:\/\/www.em.com.br\/emfoco\/?s={search_term_string}"},"query-input":{"@type":"PropertyValueSpecification","valueRequired":true,"valueName":"search_term_string"}}],"inLanguage":"pt-BR"},{"@type":"Person","@id":"https:\/\/www.em.com.br\/emfoco\/#\/schema\/person\/524437ef54f8a5d32591b143307f2e20","name":"N\u00fabia Rangel","image":{"@type":"ImageObject","inLanguage":"pt-BR","@id":"https:\/\/www.em.com.br\/emfoco\/#\/schema\/person\/image\/","url":"https:\/\/secure.gravatar.com\/avatar\/47cff2827a5ba23c37e8068c86817ea4?s=96&d=mm&r=g","contentUrl":"https:\/\/secure.gravatar.com\/avatar\/47cff2827a5ba23c37e8068c86817ea4?s=96&d=mm&r=g","caption":"N\u00fabia Rangel"},"sameAs":["https:\/\/www.em.com.br\/emfoco\/"],"url":"https:\/\/www.em.com.br\/emfoco\/author\/nubiamyth\/"}]}},"_links":{"self":[{"href":"https:\/\/www.em.com.br\/emfoco\/wp-json\/wp\/v2\/posts\/38349","targetHints":{"allow":["GET"]}}],"collection":[{"href":"https:\/\/www.em.com.br\/emfoco\/wp-json\/wp\/v2\/posts"}],"about":[{"href":"https:\/\/www.em.com.br\/emfoco\/wp-json\/wp\/v2\/types\/post"}],"author":[{"embeddable":true,"href":"https:\/\/www.em.com.br\/emfoco\/wp-json\/wp\/v2\/users\/5"}],"replies":[{"embeddable":true,"href":"https:\/\/www.em.com.br\/emfoco\/wp-json\/wp\/v2\/comments?post=38349"}],"version-history":[{"count":3,"href":"https:\/\/www.em.com.br\/emfoco\/wp-json\/wp\/v2\/posts\/38349\/revisions"}],"predecessor-version":[{"id":38687,"href":"https:\/\/www.em.com.br\/emfoco\/wp-json\/wp\/v2\/posts\/38349\/revisions\/38687"}],"wp:featuredmedia":[{"embeddable":true,"href":"https:\/\/www.em.com.br\/emfoco\/wp-json\/wp\/v2\/media\/38356"}],"wp:attachment":[{"href":"https:\/\/www.em.com.br\/emfoco\/wp-json\/wp\/v2\/media?parent=38349"}],"wp:term":[{"taxonomy":"category","embeddable":true,"href":"https:\/\/www.em.com.br\/emfoco\/wp-json\/wp\/v2\/categories?post=38349"},{"taxonomy":"post_tag","embeddable":true,"href":"https:\/\/www.em.com.br\/emfoco\/wp-json\/wp\/v2\/tags?post=38349"}],"curies":[{"name":"wp","href":"https:\/\/api.w.org\/{rel}","templated":true}]}}