{"id":38214,"date":"2025-04-23T16:40:00","date_gmt":"2025-04-23T19:40:00","guid":{"rendered":"https:\/\/www.em.com.br\/emfoco\/?p=38214"},"modified":"2025-04-22T16:42:54","modified_gmt":"2025-04-22T19:42:54","slug":"a-acelga-pode-ser-sua-maior-aliada-no-controle-de-pressao-e-para-sua-digestao","status":"publish","type":"post","link":"https:\/\/www.em.com.br\/emfoco\/2025\/04\/23\/a-acelga-pode-ser-sua-maior-aliada-no-controle-de-pressao-e-para-sua-digestao\/","title":{"rendered":"A acelga pode ser sua maior aliada no controle de press\u00e3o e para sua digest\u00e3o"},"content":{"rendered":"\n<p>A acelga \u00e9 uma hortali\u00e7a de folhas verdes, conhecida por sua versatilidade culin\u00e1ria e riqueza nutricional. Pertencente \u00e0 fam\u00edlia das beterrabas, a acelga \u00e9 cultivada em v\u00e1rias partes do mundo e apreciada por seu sabor suave e textura crocante. Este vegetal \u00e9 uma excelente fonte de vitaminas, minerais e antioxidantes, tornando-se um aliado valioso para a sa\u00fade.<\/p>\n\n\n\n<p>Rica em nutrientes essenciais, a acelga \u00e9 particularmente not\u00e1vel por seu alto teor de <strong>vitaminas A<\/strong>, <strong>C <\/strong>e <strong>K<\/strong>, al\u00e9m de minerais como <strong>magn\u00e9sio<\/strong>, <strong>pot\u00e1ssio <\/strong>e <strong>ferro<\/strong>. Esses componentes s\u00e3o fundamentais para o bom funcionamento do organismo, contribuindo para a manuten\u00e7\u00e3o da sa\u00fade \u00f3ssea, imunol\u00f3gica e cardiovascular.<\/p>\n\n\n\n<h2 class=\"wp-block-heading\">Quais s\u00e3o os principais benef\u00edcios da acelga?<\/h2>\n\n\n\n<p>O consumo regular de acelga pode trazer diversos benef\u00edcios \u00e0 sa\u00fade. A seguir, destacam-se alguns dos principais:<\/p>\n\n\n\n<ul class=\"wp-block-list\">\n<li><strong>Fortalecimento do Sistema Imunol\u00f3gico:<\/strong> a<strong><a href=\"https:\/\/www.tuasaude.com\/vitamina-c\/#:~:text=A%20vitamina%20C%2C%20ou%20%C3%A1cido,absor%C3%A7%C3%A3o%20de%20ferro%20dos%20alimentos.&amp;text=Alguns%20alimentos%20ricos%20em%20vitamina,%2C%20br%C3%B3colis%2C%20kiwi%20e%20tomate.\" target=\"_blank\" rel=\"noreferrer noopener\"> vitamina C<\/a><\/strong> presente na acelga \u00e9 um potente antioxidante que ajuda a proteger o corpo contra infec\u00e7\u00f5es e doen\u00e7as.<\/li>\n\n\n\n<li><strong>Sa\u00fade \u00d3ssea:<\/strong> a vitamina K \u00e9 essencial para a sa\u00fade dos ossos, pois auxilia na fixa\u00e7\u00e3o do c\u00e1lcio, prevenindo a osteoporose.<\/li>\n\n\n\n<li><strong>Controle da Press\u00e3o Arterial:<\/strong> o pot\u00e1ssio encontrado na acelga ajuda a regular a press\u00e3o arterial, reduzindo o risco de hipertens\u00e3o.<\/li>\n\n\n\n<li><strong>Melhora da Digest\u00e3o:<\/strong> a fibra diet\u00e9tica presente na acelga promove uma digest\u00e3o saud\u00e1vel, prevenindo a constipa\u00e7\u00e3o e outros problemas digestivos.<\/li>\n\n\n\n<li><strong>Prote\u00e7\u00e3o Contra Doen\u00e7as Cr\u00f4nicas:<\/strong> os antioxidantes da acelga combatem os radicais livres, reduzindo o risco de doen\u00e7as cr\u00f4nicas como o c\u00e2ncer e doen\u00e7as card\u00edacas.<\/li>\n<\/ul>\n\n\n\n<figure class=\"wp-block-image size-large\"><img loading=\"lazy\" decoding=\"async\" width=\"1024\" height=\"576\" src=\"https:\/\/www.em.com.br\/emfoco\/wp-content\/uploads\/2025\/04\/chard_1744640040550-1024x576.jpg\" alt=\"A acelga pode ser sua maior aliada no controle de press\u00e3o e para sua digest\u00e3o\" class=\"wp-image-38236\" srcset=\"https:\/\/www.em.com.br\/emfoco\/wp-content\/uploads\/2025\/04\/chard_1744640040550-1024x576.jpg 1024w, https:\/\/www.em.com.br\/emfoco\/wp-content\/uploads\/2025\/04\/chard_1744640040550-300x169.jpg 300w, https:\/\/www.em.com.br\/emfoco\/wp-content\/uploads\/2025\/04\/chard_1744640040550-768x432.jpg 768w, https:\/\/www.em.com.br\/emfoco\/wp-content\/uploads\/2025\/04\/chard_1744640040550-750x422.jpg 750w, https:\/\/www.em.com.br\/emfoco\/wp-content\/uploads\/2025\/04\/chard_1744640040550-1140x641.jpg 1140w, https:\/\/www.em.com.br\/emfoco\/wp-content\/uploads\/2025\/04\/chard_1744640040550.jpg 1280w\" sizes=\"auto, (max-width: 1024px) 100vw, 1024px\" \/><figcaption class=\"wp-element-caption\">Acelga &#8211; Cr\u00e9ditos: depositphotos.com \/ luknaja<\/figcaption><\/figure>\n\n\n\n<h2 class=\"wp-block-heading\">Como incluir a acelga na dieta de forma saud\u00e1vel?<\/h2>\n\n\n\n<p>Incorporar a acelga na dieta pode ser uma maneira deliciosa e saud\u00e1vel de aproveitar seus benef\u00edcios. Uma receita simples e nutritiva \u00e9 a <strong>salada de acelga com <a href=\"https:\/\/www.em.com.br\/emfoco\/2025\/04\/03\/aprenda-agora-a-transformar-o-abacate-em-um-super-aliado-na-sua-alimentacao\/\" target=\"_blank\" rel=\"noreferrer noopener\">abacate <\/a>e nozes<\/strong>. Esta combina\u00e7\u00e3o n\u00e3o s\u00f3 real\u00e7a o sabor da acelga, mas tamb\u00e9m adiciona gorduras saud\u00e1veis e prote\u00ednas \u00e0 refei\u00e7\u00e3o.<\/p>\n\n\n\n<h2 class=\"wp-block-heading\">Receita de salada de acelga com abacate e nozes<\/h2>\n\n\n\n<ol class=\"wp-block-list\">\n<li><strong>Ingredientes:<\/strong>\n<ul class=\"wp-block-list\">\n<li>1 ma\u00e7o de acelga, lavada e picada<\/li>\n\n\n\n<li>1 abacate maduro, cortado em cubos<\/li>\n\n\n\n<li>1\/2 x\u00edcara de nozes picadas<\/li>\n\n\n\n<li>1\/4 de x\u00edcara de azeite de oliva<\/li>\n\n\n\n<li>2 colheres de sopa de suco de lim\u00e3o<\/li>\n\n\n\n<li>Sal e pimenta a gosto<\/li>\n<\/ul>\n<\/li>\n\n\n\n<li><strong>Modo de Preparo:<\/strong>\n<ul class=\"wp-block-list\">\n<li>Em uma tigela grande, misture a acelga picada, o abacate e as nozes.<\/li>\n\n\n\n<li>Em um recipiente separado, bata o azeite de oliva com o suco de lim\u00e3o, sal e pimenta at\u00e9 emulsionar.<\/li>\n\n\n\n<li>Despeje o molho sobre a salada e misture bem para incorporar todos os ingredientes.<\/li>\n\n\n\n<li>Sirva imediatamente para garantir a frescura dos ingredientes.<\/li>\n<\/ul>\n<\/li>\n<\/ol>\n\n\n\n<p>Essa salada \u00e9 uma op\u00e7\u00e3o refrescante e nutritiva para qualquer refei\u00e7\u00e3o, proporcionando uma combina\u00e7\u00e3o equilibrada de sabores e texturas. Al\u00e9m disso, \u00e9 uma maneira pr\u00e1tica de incluir a acelga na dieta di\u00e1ria, aproveitando todos os seus benef\u00edcios para a sa\u00fade.<\/p>\n","protected":false},"excerpt":{"rendered":"<p>A acelga \u00e9 uma hortali\u00e7a de folhas verdes, conhecida por sua versatilidade culin\u00e1ria e riqueza nutricional. Pertencente \u00e0 fam\u00edlia das beterrabas, a acelga \u00e9 cultivada em v\u00e1rias partes do mundo e apreciada por seu sabor suave e textura crocante. Este vegetal \u00e9 uma excelente fonte de vitaminas, minerais e antioxidantes, tornando-se um aliado valioso para [&hellip;]<\/p>\n","protected":false},"author":13,"featured_media":38235,"comment_status":"open","ping_status":"open","sticky":false,"template":"","format":"standard","meta":{"jnews-multi-image_gallery":[],"jnews_single_post":{"format":"standard"},"jnews_primary_category":[],"jnews_social_meta":[],"jnews_override_counter":[],"footnotes":""},"categories":[29],"tags":[7500,5107,3509,415],"class_list":["post-38214","post","type-post","status-publish","format-standard","has-post-thumbnail","hentry","category-entretenimento","tag-acelga","tag-alimentos-funcionais","tag-nutricao","tag-saude"],"yoast_head":"<!-- This site is optimized with the Yoast SEO plugin v23.8 - https:\/\/yoast.com\/wordpress\/plugins\/seo\/ -->\n<title>A acelga pode ser sua maior aliada no controle de press\u00e3o e para sua digest\u00e3o - Estado de Minas - Em foco<\/title>\n<meta name=\"description\" content=\"Quer melhorar digest\u00e3o, press\u00e3o arterial e prevenir doen\u00e7as? A acelga \u00e9 a resposta! Veja como incluir na sua dieta hoje.\" \/>\n<meta name=\"robots\" content=\"index, follow, max-snippet:-1, max-image-preview:large, max-video-preview:-1\" \/>\n<link rel=\"canonical\" href=\"https:\/\/www.em.com.br\/emfoco\/2025\/04\/23\/a-acelga-pode-ser-sua-maior-aliada-no-controle-de-pressao-e-para-sua-digestao\/\" \/>\n<meta property=\"og:locale\" content=\"pt_BR\" \/>\n<meta property=\"og:type\" content=\"article\" \/>\n<meta property=\"og:title\" content=\"A acelga pode ser sua maior aliada no controle de press\u00e3o e para sua digest\u00e3o - Estado de Minas - Em foco\" \/>\n<meta property=\"og:description\" content=\"Quer melhorar digest\u00e3o, press\u00e3o arterial e prevenir doen\u00e7as? A acelga \u00e9 a resposta! Veja como incluir na sua dieta hoje.\" \/>\n<meta property=\"og:url\" content=\"https:\/\/www.em.com.br\/emfoco\/2025\/04\/23\/a-acelga-pode-ser-sua-maior-aliada-no-controle-de-pressao-e-para-sua-digestao\/\" \/>\n<meta property=\"og:site_name\" content=\"Estado de Minas - Em foco\" \/>\n<meta property=\"article:published_time\" content=\"2025-04-23T19:40:00+00:00\" \/>\n<meta property=\"article:modified_time\" content=\"2025-04-22T19:42:54+00:00\" \/>\n<meta property=\"og:image\" content=\"https:\/\/www.em.com.br\/emfoco\/wp-content\/uploads\/2025\/04\/chard_1744640012421.jpg\" \/>\n\t<meta property=\"og:image:width\" content=\"1280\" \/>\n\t<meta property=\"og:image:height\" content=\"720\" \/>\n\t<meta property=\"og:image:type\" content=\"image\/jpeg\" \/>\n<meta name=\"author\" content=\"Gabriel Martins\" \/>\n<meta name=\"twitter:card\" content=\"summary_large_image\" \/>\n<meta name=\"twitter:label1\" content=\"Escrito por\" \/>\n\t<meta name=\"twitter:data1\" content=\"Gabriel Martins\" \/>\n\t<meta name=\"twitter:label2\" content=\"Est. tempo de leitura\" \/>\n\t<meta name=\"twitter:data2\" content=\"1 minuto\" \/>\n<!-- \/ Yoast SEO plugin. -->","yoast_head_json":{"title":"A acelga pode ser sua maior aliada no controle de press\u00e3o e para sua digest\u00e3o - Estado de Minas - Em foco","description":"Quer melhorar digest\u00e3o, press\u00e3o arterial e prevenir doen\u00e7as? A acelga \u00e9 a resposta! Veja como incluir na sua dieta hoje.","robots":{"index":"index","follow":"follow","max-snippet":"max-snippet:-1","max-image-preview":"max-image-preview:large","max-video-preview":"max-video-preview:-1"},"canonical":"https:\/\/www.em.com.br\/emfoco\/2025\/04\/23\/a-acelga-pode-ser-sua-maior-aliada-no-controle-de-pressao-e-para-sua-digestao\/","og_locale":"pt_BR","og_type":"article","og_title":"A acelga pode ser sua maior aliada no controle de press\u00e3o e para sua digest\u00e3o - Estado de Minas - Em foco","og_description":"Quer melhorar digest\u00e3o, press\u00e3o arterial e prevenir doen\u00e7as? A acelga \u00e9 a resposta! Veja como incluir na sua dieta hoje.","og_url":"https:\/\/www.em.com.br\/emfoco\/2025\/04\/23\/a-acelga-pode-ser-sua-maior-aliada-no-controle-de-pressao-e-para-sua-digestao\/","og_site_name":"Estado de Minas - Em foco","article_published_time":"2025-04-23T19:40:00+00:00","article_modified_time":"2025-04-22T19:42:54+00:00","og_image":[{"width":1280,"height":720,"url":"https:\/\/www.em.com.br\/emfoco\/wp-content\/uploads\/2025\/04\/chard_1744640012421.jpg","type":"image\/jpeg"}],"author":"Gabriel Martins","twitter_card":"summary_large_image","twitter_misc":{"Escrito por":"Gabriel Martins","Est. tempo de leitura":"1 minuto"},"schema":{"@context":"https:\/\/schema.org","@graph":[{"@type":"WebPage","@id":"https:\/\/www.em.com.br\/emfoco\/2025\/04\/23\/a-acelga-pode-ser-sua-maior-aliada-no-controle-de-pressao-e-para-sua-digestao\/","url":"https:\/\/www.em.com.br\/emfoco\/2025\/04\/23\/a-acelga-pode-ser-sua-maior-aliada-no-controle-de-pressao-e-para-sua-digestao\/","name":"A acelga pode ser sua maior aliada no controle de press\u00e3o e para sua digest\u00e3o - Estado de Minas - Em foco","isPartOf":{"@id":"https:\/\/www.em.com.br\/emfoco\/#website"},"primaryImageOfPage":{"@id":"https:\/\/www.em.com.br\/emfoco\/2025\/04\/23\/a-acelga-pode-ser-sua-maior-aliada-no-controle-de-pressao-e-para-sua-digestao\/#primaryimage"},"image":{"@id":"https:\/\/www.em.com.br\/emfoco\/2025\/04\/23\/a-acelga-pode-ser-sua-maior-aliada-no-controle-de-pressao-e-para-sua-digestao\/#primaryimage"},"thumbnailUrl":"https:\/\/www.em.com.br\/emfoco\/wp-content\/uploads\/2025\/04\/chard_1744640012421.jpg","datePublished":"2025-04-23T19:40:00+00:00","dateModified":"2025-04-22T19:42:54+00:00","author":{"@id":"https:\/\/www.em.com.br\/emfoco\/#\/schema\/person\/1c9ddeab18b98abeffef834667bcf08a"},"description":"Quer melhorar digest\u00e3o, press\u00e3o arterial e prevenir doen\u00e7as? A acelga \u00e9 a resposta! Veja como incluir na sua dieta hoje.","breadcrumb":{"@id":"https:\/\/www.em.com.br\/emfoco\/2025\/04\/23\/a-acelga-pode-ser-sua-maior-aliada-no-controle-de-pressao-e-para-sua-digestao\/#breadcrumb"},"inLanguage":"pt-BR","potentialAction":[{"@type":"ReadAction","target":["https:\/\/www.em.com.br\/emfoco\/2025\/04\/23\/a-acelga-pode-ser-sua-maior-aliada-no-controle-de-pressao-e-para-sua-digestao\/"]}]},{"@type":"ImageObject","inLanguage":"pt-BR","@id":"https:\/\/www.em.com.br\/emfoco\/2025\/04\/23\/a-acelga-pode-ser-sua-maior-aliada-no-controle-de-pressao-e-para-sua-digestao\/#primaryimage","url":"https:\/\/www.em.com.br\/emfoco\/wp-content\/uploads\/2025\/04\/chard_1744640012421.jpg","contentUrl":"https:\/\/www.em.com.br\/emfoco\/wp-content\/uploads\/2025\/04\/chard_1744640012421.jpg","width":1280,"height":720,"caption":"Acelga - Cr\u00e9ditos: depositphotos.com \/ teleginatania"},{"@type":"BreadcrumbList","@id":"https:\/\/www.em.com.br\/emfoco\/2025\/04\/23\/a-acelga-pode-ser-sua-maior-aliada-no-controle-de-pressao-e-para-sua-digestao\/#breadcrumb","itemListElement":[{"@type":"ListItem","position":1,"name":"In\u00edcio","item":"https:\/\/www.em.com.br\/emfoco\/"},{"@type":"ListItem","position":2,"name":"A acelga pode ser sua maior aliada no controle de press\u00e3o e para sua digest\u00e3o"}]},{"@type":"WebSite","@id":"https:\/\/www.em.com.br\/emfoco\/#website","url":"https:\/\/www.em.com.br\/emfoco\/","name":"Estado de Minas - Em foco","description":"Acompanhe as \u00faltimas not\u00edcias e fique bem informado sobre tudo o que acontece em Minas Gerais, Brasil e no mundo.","potentialAction":[{"@type":"SearchAction","target":{"@type":"EntryPoint","urlTemplate":"https:\/\/www.em.com.br\/emfoco\/?s={search_term_string}"},"query-input":{"@type":"PropertyValueSpecification","valueRequired":true,"valueName":"search_term_string"}}],"inLanguage":"pt-BR"},{"@type":"Person","@id":"https:\/\/www.em.com.br\/emfoco\/#\/schema\/person\/1c9ddeab18b98abeffef834667bcf08a","name":"Gabriel Martins","image":{"@type":"ImageObject","inLanguage":"pt-BR","@id":"https:\/\/www.em.com.br\/emfoco\/#\/schema\/person\/image\/","url":"https:\/\/secure.gravatar.com\/avatar\/f0f1e2efdfd88f1ad2cb08c5c2731e50?s=96&d=mm&r=g","contentUrl":"https:\/\/secure.gravatar.com\/avatar\/f0f1e2efdfd88f1ad2cb08c5c2731e50?s=96&d=mm&r=g","caption":"Gabriel Martins"},"sameAs":["https:\/\/www.em.com.br\/emfoco\/"],"url":"https:\/\/www.em.com.br\/emfoco\/author\/gabrielmartinsmyth\/"}]}},"_links":{"self":[{"href":"https:\/\/www.em.com.br\/emfoco\/wp-json\/wp\/v2\/posts\/38214","targetHints":{"allow":["GET"]}}],"collection":[{"href":"https:\/\/www.em.com.br\/emfoco\/wp-json\/wp\/v2\/posts"}],"about":[{"href":"https:\/\/www.em.com.br\/emfoco\/wp-json\/wp\/v2\/types\/post"}],"author":[{"embeddable":true,"href":"https:\/\/www.em.com.br\/emfoco\/wp-json\/wp\/v2\/users\/13"}],"replies":[{"embeddable":true,"href":"https:\/\/www.em.com.br\/emfoco\/wp-json\/wp\/v2\/comments?post=38214"}],"version-history":[{"count":2,"href":"https:\/\/www.em.com.br\/emfoco\/wp-json\/wp\/v2\/posts\/38214\/revisions"}],"predecessor-version":[{"id":38237,"href":"https:\/\/www.em.com.br\/emfoco\/wp-json\/wp\/v2\/posts\/38214\/revisions\/38237"}],"wp:featuredmedia":[{"embeddable":true,"href":"https:\/\/www.em.com.br\/emfoco\/wp-json\/wp\/v2\/media\/38235"}],"wp:attachment":[{"href":"https:\/\/www.em.com.br\/emfoco\/wp-json\/wp\/v2\/media?parent=38214"}],"wp:term":[{"taxonomy":"category","embeddable":true,"href":"https:\/\/www.em.com.br\/emfoco\/wp-json\/wp\/v2\/categories?post=38214"},{"taxonomy":"post_tag","embeddable":true,"href":"https:\/\/www.em.com.br\/emfoco\/wp-json\/wp\/v2\/tags?post=38214"}],"curies":[{"name":"wp","href":"https:\/\/api.w.org\/{rel}","templated":true}]}}