{"id":38131,"date":"2025-04-16T12:20:00","date_gmt":"2025-04-16T15:20:00","guid":{"rendered":"https:\/\/www.em.com.br\/emfoco\/?p=38131"},"modified":"2025-04-15T14:26:56","modified_gmt":"2025-04-15T17:26:56","slug":"esta-cidade-se-transformou-em-um-dos-destinos-turisticos-mais-charmosos-do-brasil","status":"publish","type":"post","link":"https:\/\/www.em.com.br\/emfoco\/2025\/04\/16\/esta-cidade-se-transformou-em-um-dos-destinos-turisticos-mais-charmosos-do-brasil\/","title":{"rendered":"Esta cidade se transformou em um dos destinos tur\u00edsticos mais charmosos do Brasil"},"content":{"rendered":"\n<p>Localizado em<strong> Minas Gerais, Monte Verde<\/strong> \u00e9 um distrito que se destaca por sua beleza natural e atmosfera acolhedora. <strong>Fundado por Verner Grinberg,<\/strong> um imigrante let\u00e3o, o local se transformou em um destino tur\u00edstico popular, atraindo visitantes em busca de tranquilidade e contato com a natureza. A hist\u00f3ria de Monte Verde \u00e9 marcada pela vis\u00e3o de Grinberg, que viu no local o potencial para criar um ref\u00fagio longe da agita\u00e7\u00e3o urbana.<\/p>\n\n\n\n<p>A jornada de Grinberg para estabelecer Monte Verde come\u00e7ou com a explora\u00e7\u00e3o de \u00e1reas com clima ameno e solo f\u00e9rtil. O acesso ao local, inicialmente, era um desafio, feito por meio de trilhas e caminhos rudimentares. Com o tempo, a pequena fazenda se desenvolveu, atraindo pessoas interessadas na beleza e serenidade que a regi\u00e3o oferece.<\/p>\n\n\n\n<h2 class=\"wp-block-heading\">Por que Monte Verde tem esse nome?<\/h2>\n\n\n\n<p><strong>O nome Monte Verde \u00e9 uma homenagem \u00e0s ra\u00edzes culturais de seus fundadores.<\/strong> Verner e Emilia Grinberg escolheram um nome que refletisse a paisagem exuberante da regi\u00e3o. &#8220;Monte&#8221; e &#8220;Verde&#8221; s\u00e3o termos que descrevem perfeitamente as colinas verdejantes que cercam o distrito, criando uma imagem po\u00e9tica e acolhedora.<\/p>\n\n\n\n<p>No in\u00edcio, a infraestrutura de Monte Verde era simples, com a energia el\u00e9trica sendo gerada por m\u00e9todos alternativos. Durante o dia, a energia era utilizada para atividades produtivas, e \u00e0 noite, fornecia ilumina\u00e7\u00e3o at\u00e9 um hor\u00e1rio espec\u00edfico, quando o fornecimento era interrompido.<\/p>\n\n\n\n<figure class=\"wp-block-image size-large\"><img loading=\"lazy\" decoding=\"async\" width=\"1024\" height=\"576\" src=\"https:\/\/www.em.com.br\/emfoco\/wp-content\/uploads\/2024\/12\/Monte-verde_1733137978033-1024x576.jpg\" alt=\"\" class=\"wp-image-2717\" srcset=\"https:\/\/www.em.com.br\/emfoco\/wp-content\/uploads\/2024\/12\/Monte-verde_1733137978033-1024x576.jpg 1024w, https:\/\/www.em.com.br\/emfoco\/wp-content\/uploads\/2024\/12\/Monte-verde_1733137978033-300x169.jpg 300w, https:\/\/www.em.com.br\/emfoco\/wp-content\/uploads\/2024\/12\/Monte-verde_1733137978033-768x432.jpg 768w, https:\/\/www.em.com.br\/emfoco\/wp-content\/uploads\/2024\/12\/Monte-verde_1733137978033-750x422.jpg 750w, https:\/\/www.em.com.br\/emfoco\/wp-content\/uploads\/2024\/12\/Monte-verde_1733137978033-1140x641.jpg 1140w, https:\/\/www.em.com.br\/emfoco\/wp-content\/uploads\/2024\/12\/Monte-verde_1733137978033.jpg 1280w\" sizes=\"auto, (max-width: 1024px) 100vw, 1024px\" \/><figcaption class=\"wp-element-caption\">Monte Verde &#8211; Cr\u00e9ditos: depositphotos.com \/ pajunior1979<\/figcaption><\/figure>\n\n\n\n<h2 class=\"wp-block-heading\">O que fazer em Monte Verde?<\/h2>\n\n\n\n<p>Monte Verde oferece uma variedade de atividades para os visitantes, destacando-se por suas trilhas que permitem explorar a biodiversidade local. As caminhadas s\u00e3o uma forma popular de conhecer a regi\u00e3o, proporcionando vistas deslumbrantes e um contato direto com a natureza.<\/p>\n\n\n\n<ul class=\"wp-block-list\">\n<li><strong>Trilhas e Caminhadas:<\/strong> As trilhas de Monte Verde s\u00e3o ideais para quem busca aventura e contato com a natureza, oferecendo paisagens de tirar o f\u00f4lego.<\/li>\n\n\n\n<li><strong>Culin\u00e1ria Local:<\/strong> A gastronomia de Monte Verde \u00e9 uma fus\u00e3o de sabores regionais e influ\u00eancias europeias, com restaurantes que priorizam ingredientes frescos e locais.<\/li>\n\n\n\n<li><strong>Hospedagem Aconchegante:<\/strong> A cidade conta com diversas op\u00e7\u00f5es de hospedagem, desde chal\u00e9s rom\u00e2nticos at\u00e9 pousadas familiares, muitas das quais adotam pr\u00e1ticas sustent\u00e1veis.<\/li>\n<\/ul>\n\n\n\n<h2 class=\"wp-block-heading\">Como chegar a Monte Verde?<\/h2>\n\n\n\n<p>Atualmente, chegar a Monte Verde \u00e9 mais f\u00e1cil do que no passado, gra\u00e7as \u00e0s melhorias nas estradas que conectam o distrito a outras regi\u00f5es. Antigamente, o acesso era limitado e exigia planejamento cuidadoso, mas hoje os visitantes podem chegar de carro com relativa facilidade, aproveitando a infraestrutura desenvolvida ao longo dos anos.<\/p>\n\n\n\n<p>Monte Verde continua a ser um destino encantador, combinando sua rica hist\u00f3ria com uma hospitalidade calorosa. O compromisso com a sustentabilidade \u00e9 evidente em diversas iniciativas locais, como o uso de energias renov\u00e1veis e a preserva\u00e7\u00e3o ambiental. Seja para relaxar em meio \u00e0 natureza ou explorar a cultura local, Monte Verde oferece uma experi\u00eancia \u00fanica e memor\u00e1vel para todos os visitantes.<\/p>\n","protected":false},"excerpt":{"rendered":"<p>Localizado em Minas Gerais, Monte Verde \u00e9 um distrito que se destaca por sua beleza natural e atmosfera acolhedora. Fundado por Verner Grinberg, um imigrante let\u00e3o, o local se transformou em um destino tur\u00edstico popular, atraindo visitantes em busca de tranquilidade e contato com a natureza. A hist\u00f3ria de Monte Verde \u00e9 marcada pela vis\u00e3o [&hellip;]<\/p>\n","protected":false},"author":5,"featured_media":2718,"comment_status":"open","ping_status":"open","sticky":false,"template":"","format":"standard","meta":{"jnews-multi-image_gallery":[],"jnews_single_post":{"format":"standard"},"jnews_primary_category":[],"jnews_social_meta":[],"jnews_override_counter":[],"footnotes":""},"categories":[26,1],"tags":[207,318,157,1128],"class_list":["post-38131","post","type-post","status-publish","format-standard","has-post-thumbnail","hentry","category-cidades","category-noticias","tag-minas-gerais","tag-natureza","tag-turismo","tag-viagem"],"yoast_head":"<!-- This site is optimized with the Yoast SEO plugin v23.8 - https:\/\/yoast.com\/wordpress\/plugins\/seo\/ -->\n<title>Esta cidade se transformou em um dos destinos tur\u00edsticos mais charmosos do Brasil - Estado de Minas - Em foco<\/title>\n<meta name=\"description\" content=\"Explore as belezas naturais e culturais de Monte Verde, um dos destinos mais charmosos de Minas Gerais, com uma rica heran\u00e7a europeia.\" \/>\n<meta name=\"robots\" content=\"index, follow, max-snippet:-1, max-image-preview:large, max-video-preview:-1\" \/>\n<link rel=\"canonical\" href=\"https:\/\/www.em.com.br\/emfoco\/2025\/04\/16\/esta-cidade-se-transformou-em-um-dos-destinos-turisticos-mais-charmosos-do-brasil\/\" \/>\n<meta property=\"og:locale\" content=\"pt_BR\" \/>\n<meta property=\"og:type\" content=\"article\" \/>\n<meta property=\"og:title\" content=\"Esta cidade se transformou em um dos destinos tur\u00edsticos mais charmosos do Brasil - Estado de Minas - Em foco\" \/>\n<meta property=\"og:description\" content=\"Explore as belezas naturais e culturais de Monte Verde, um dos destinos mais charmosos de Minas Gerais, com uma rica heran\u00e7a europeia.\" \/>\n<meta property=\"og:url\" content=\"https:\/\/www.em.com.br\/emfoco\/2025\/04\/16\/esta-cidade-se-transformou-em-um-dos-destinos-turisticos-mais-charmosos-do-brasil\/\" \/>\n<meta property=\"og:site_name\" content=\"Estado de Minas - Em foco\" \/>\n<meta property=\"article:published_time\" content=\"2025-04-16T15:20:00+00:00\" \/>\n<meta property=\"article:modified_time\" content=\"2025-04-15T17:26:56+00:00\" \/>\n<meta property=\"og:image\" content=\"https:\/\/www.em.com.br\/emfoco\/wp-content\/uploads\/2024\/12\/Monte-verde_1733138030079.jpg\" \/>\n\t<meta property=\"og:image:width\" content=\"1280\" \/>\n\t<meta property=\"og:image:height\" content=\"720\" \/>\n\t<meta property=\"og:image:type\" content=\"image\/jpeg\" \/>\n<meta name=\"author\" content=\"N\u00fabia Rangel\" \/>\n<meta name=\"twitter:card\" content=\"summary_large_image\" \/>\n<meta name=\"twitter:label1\" content=\"Escrito por\" \/>\n\t<meta name=\"twitter:data1\" content=\"N\u00fabia Rangel\" \/>\n\t<meta name=\"twitter:label2\" content=\"Est. tempo de leitura\" \/>\n\t<meta name=\"twitter:data2\" content=\"3 minutos\" \/>\n<!-- \/ Yoast SEO plugin. -->","yoast_head_json":{"title":"Esta cidade se transformou em um dos destinos tur\u00edsticos mais charmosos do Brasil - Estado de Minas - Em foco","description":"Explore as belezas naturais e culturais de Monte Verde, um dos destinos mais charmosos de Minas Gerais, com uma rica heran\u00e7a europeia.","robots":{"index":"index","follow":"follow","max-snippet":"max-snippet:-1","max-image-preview":"max-image-preview:large","max-video-preview":"max-video-preview:-1"},"canonical":"https:\/\/www.em.com.br\/emfoco\/2025\/04\/16\/esta-cidade-se-transformou-em-um-dos-destinos-turisticos-mais-charmosos-do-brasil\/","og_locale":"pt_BR","og_type":"article","og_title":"Esta cidade se transformou em um dos destinos tur\u00edsticos mais charmosos do Brasil - Estado de Minas - Em foco","og_description":"Explore as belezas naturais e culturais de Monte Verde, um dos destinos mais charmosos de Minas Gerais, com uma rica heran\u00e7a europeia.","og_url":"https:\/\/www.em.com.br\/emfoco\/2025\/04\/16\/esta-cidade-se-transformou-em-um-dos-destinos-turisticos-mais-charmosos-do-brasil\/","og_site_name":"Estado de Minas - Em foco","article_published_time":"2025-04-16T15:20:00+00:00","article_modified_time":"2025-04-15T17:26:56+00:00","og_image":[{"width":1280,"height":720,"url":"https:\/\/www.em.com.br\/emfoco\/wp-content\/uploads\/2024\/12\/Monte-verde_1733138030079.jpg","type":"image\/jpeg"}],"author":"N\u00fabia Rangel","twitter_card":"summary_large_image","twitter_misc":{"Escrito por":"N\u00fabia Rangel","Est. tempo de leitura":"3 minutos"},"schema":{"@context":"https:\/\/schema.org","@graph":[{"@type":"WebPage","@id":"https:\/\/www.em.com.br\/emfoco\/2025\/04\/16\/esta-cidade-se-transformou-em-um-dos-destinos-turisticos-mais-charmosos-do-brasil\/","url":"https:\/\/www.em.com.br\/emfoco\/2025\/04\/16\/esta-cidade-se-transformou-em-um-dos-destinos-turisticos-mais-charmosos-do-brasil\/","name":"Esta cidade se transformou em um dos destinos tur\u00edsticos mais charmosos do Brasil - Estado de Minas - Em foco","isPartOf":{"@id":"https:\/\/www.em.com.br\/emfoco\/#website"},"primaryImageOfPage":{"@id":"https:\/\/www.em.com.br\/emfoco\/2025\/04\/16\/esta-cidade-se-transformou-em-um-dos-destinos-turisticos-mais-charmosos-do-brasil\/#primaryimage"},"image":{"@id":"https:\/\/www.em.com.br\/emfoco\/2025\/04\/16\/esta-cidade-se-transformou-em-um-dos-destinos-turisticos-mais-charmosos-do-brasil\/#primaryimage"},"thumbnailUrl":"https:\/\/www.em.com.br\/emfoco\/wp-content\/uploads\/2024\/12\/Monte-verde_1733138030079.jpg","datePublished":"2025-04-16T15:20:00+00:00","dateModified":"2025-04-15T17:26:56+00:00","author":{"@id":"https:\/\/www.em.com.br\/emfoco\/#\/schema\/person\/524437ef54f8a5d32591b143307f2e20"},"description":"Explore as belezas naturais e culturais de Monte Verde, um dos destinos mais charmosos de Minas Gerais, com uma rica heran\u00e7a europeia.","breadcrumb":{"@id":"https:\/\/www.em.com.br\/emfoco\/2025\/04\/16\/esta-cidade-se-transformou-em-um-dos-destinos-turisticos-mais-charmosos-do-brasil\/#breadcrumb"},"inLanguage":"pt-BR","potentialAction":[{"@type":"ReadAction","target":["https:\/\/www.em.com.br\/emfoco\/2025\/04\/16\/esta-cidade-se-transformou-em-um-dos-destinos-turisticos-mais-charmosos-do-brasil\/"]}]},{"@type":"ImageObject","inLanguage":"pt-BR","@id":"https:\/\/www.em.com.br\/emfoco\/2025\/04\/16\/esta-cidade-se-transformou-em-um-dos-destinos-turisticos-mais-charmosos-do-brasil\/#primaryimage","url":"https:\/\/www.em.com.br\/emfoco\/wp-content\/uploads\/2024\/12\/Monte-verde_1733138030079.jpg","contentUrl":"https:\/\/www.em.com.br\/emfoco\/wp-content\/uploads\/2024\/12\/Monte-verde_1733138030079.jpg","width":1280,"height":720,"caption":"Monte Verde - Cr\u00e9ditos: depositphotos.com \/ cesarvr"},{"@type":"BreadcrumbList","@id":"https:\/\/www.em.com.br\/emfoco\/2025\/04\/16\/esta-cidade-se-transformou-em-um-dos-destinos-turisticos-mais-charmosos-do-brasil\/#breadcrumb","itemListElement":[{"@type":"ListItem","position":1,"name":"In\u00edcio","item":"https:\/\/www.em.com.br\/emfoco\/"},{"@type":"ListItem","position":2,"name":"Esta cidade se transformou em um dos destinos tur\u00edsticos mais charmosos do Brasil"}]},{"@type":"WebSite","@id":"https:\/\/www.em.com.br\/emfoco\/#website","url":"https:\/\/www.em.com.br\/emfoco\/","name":"Estado de Minas - Em foco","description":"Acompanhe as \u00faltimas not\u00edcias e fique bem informado sobre tudo o que acontece em Minas Gerais, Brasil e no mundo.","potentialAction":[{"@type":"SearchAction","target":{"@type":"EntryPoint","urlTemplate":"https:\/\/www.em.com.br\/emfoco\/?s={search_term_string}"},"query-input":{"@type":"PropertyValueSpecification","valueRequired":true,"valueName":"search_term_string"}}],"inLanguage":"pt-BR"},{"@type":"Person","@id":"https:\/\/www.em.com.br\/emfoco\/#\/schema\/person\/524437ef54f8a5d32591b143307f2e20","name":"N\u00fabia Rangel","image":{"@type":"ImageObject","inLanguage":"pt-BR","@id":"https:\/\/www.em.com.br\/emfoco\/#\/schema\/person\/image\/","url":"https:\/\/secure.gravatar.com\/avatar\/47cff2827a5ba23c37e8068c86817ea4?s=96&d=mm&r=g","contentUrl":"https:\/\/secure.gravatar.com\/avatar\/47cff2827a5ba23c37e8068c86817ea4?s=96&d=mm&r=g","caption":"N\u00fabia Rangel"},"sameAs":["https:\/\/www.em.com.br\/emfoco\/"],"url":"https:\/\/www.em.com.br\/emfoco\/author\/nubiamyth\/"}]}},"_links":{"self":[{"href":"https:\/\/www.em.com.br\/emfoco\/wp-json\/wp\/v2\/posts\/38131","targetHints":{"allow":["GET"]}}],"collection":[{"href":"https:\/\/www.em.com.br\/emfoco\/wp-json\/wp\/v2\/posts"}],"about":[{"href":"https:\/\/www.em.com.br\/emfoco\/wp-json\/wp\/v2\/types\/post"}],"author":[{"embeddable":true,"href":"https:\/\/www.em.com.br\/emfoco\/wp-json\/wp\/v2\/users\/5"}],"replies":[{"embeddable":true,"href":"https:\/\/www.em.com.br\/emfoco\/wp-json\/wp\/v2\/comments?post=38131"}],"version-history":[{"count":4,"href":"https:\/\/www.em.com.br\/emfoco\/wp-json\/wp\/v2\/posts\/38131\/revisions"}],"predecessor-version":[{"id":38685,"href":"https:\/\/www.em.com.br\/emfoco\/wp-json\/wp\/v2\/posts\/38131\/revisions\/38685"}],"wp:featuredmedia":[{"embeddable":true,"href":"https:\/\/www.em.com.br\/emfoco\/wp-json\/wp\/v2\/media\/2718"}],"wp:attachment":[{"href":"https:\/\/www.em.com.br\/emfoco\/wp-json\/wp\/v2\/media?parent=38131"}],"wp:term":[{"taxonomy":"category","embeddable":true,"href":"https:\/\/www.em.com.br\/emfoco\/wp-json\/wp\/v2\/categories?post=38131"},{"taxonomy":"post_tag","embeddable":true,"href":"https:\/\/www.em.com.br\/emfoco\/wp-json\/wp\/v2\/tags?post=38131"}],"curies":[{"name":"wp","href":"https:\/\/api.w.org\/{rel}","templated":true}]}}