{"id":38027,"date":"2025-04-16T13:40:00","date_gmt":"2025-04-16T16:40:00","guid":{"rendered":"https:\/\/www.em.com.br\/emfoco\/?p=38027"},"modified":"2025-04-16T06:12:24","modified_gmt":"2025-04-16T09:12:24","slug":"cidades-que-oferecem-cultura-diversificada-e-encantam-publicos-de-todas-as-idades","status":"publish","type":"post","link":"https:\/\/www.em.com.br\/emfoco\/2025\/04\/16\/cidades-que-oferecem-cultura-diversificada-e-encantam-publicos-de-todas-as-idades\/","title":{"rendered":"Cidades que oferecem cultura diversificada e encantam p\u00fablicos de todas as idades"},"content":{"rendered":"\n<p>Algumas metr\u00f3poles ao redor do globo se elevam como verdadeiros far\u00f3is culturais, irradiando uma vasta e diversificada gama de atra\u00e7\u00f5es capazes de cativar p\u00fablicos de todas as idades e interesses. Seja para fam\u00edlias embarcando em aventuras com crian\u00e7as pequenas, grupos de amigos em busca de experi\u00eancias compartilhadas ou viajantes da terceira idade \u00e1vidos por conhecimento e lazer, esses centros urbanos proporcionam viv\u00eancias simultaneamente enriquecedoras e divertidas. As vibrantes programa\u00e7\u00f5es culturais, que abrangem desde museus interativos e teatros infantis at\u00e9 festivais de m\u00fasica e exposi\u00e7\u00f5es de arte de renome mundial, e os parques exuberantes, que funcionam como pulm\u00f5es verdes no cora\u00e7\u00e3o da cidade, s\u00e3o elementos centrais que garantem entretenimento e oportunidades de aprendizado para todos os visitantes.<\/p>\n\n\n\n<p>Essas cidades not\u00e1veis n\u00e3o se limitam a oferecer uma programa\u00e7\u00e3o cultural rica e ecl\u00e9tica; elas tamb\u00e9m se orgulham de contar com parques que se configuram como verdadeiros o\u00e1sis urbanos, convidando \u00e0 pausa e ao contato com a natureza em meio \u00e0 agita\u00e7\u00e3o da vida metropolitana. Esses espa\u00e7os verdes bem cuidados permitem que os visitantes desfrutem de momentos de lazer ao ar livre, praticando atividades f\u00edsicas, relaxando em meio \u00e0 vegeta\u00e7\u00e3o ou participando de eventos culturais que frequentemente ali se realizam, promovendo uma combina\u00e7\u00e3o harmoniosa entre divers\u00e3o e aprendizado. Essa simbiose entre a oferta cultural diversificada e os ref\u00fagios naturais acess\u00edveis torna essas cidades destinos ideais para quem busca um equil\u00edbrio enriquecedor entre a estimula\u00e7\u00e3o intelectual e o bem-estar proporcionado pelo contato com o ambiente natural.<\/p>\n\n\n\n<h2 class=\"wp-block-heading\">Import\u00e2ncia de programa\u00e7\u00f5es culturais e parques<\/h2>\n\n\n\n<p>A simbiose entre programa\u00e7\u00f5es culturais diversificadas e a disponibilidade de parques acess\u00edveis confere \u00e0s cidades um status de destino ideal para aqueles que priorizam um estilo de vida equilibrado e enriquecedor. Essa integra\u00e7\u00e3o estrat\u00e9gica oferece um leque de oportunidades para o aprendizado cont\u00ednuo e o entretenimento estimulante, complementado por momentos de relaxamento e conex\u00e3o com a natureza, essenciais para o bem-estar hol\u00edstico. A presen\u00e7a vibrante de museus que despertam a curiosidade, teatros que emocionam e galerias de arte que inspiram, lado a lado com parques bem conservados que convidam \u00e0 contempla\u00e7\u00e3o e \u00e0 atividade f\u00edsica, estabelece um ambiente singularmente prop\u00edcio ao desenvolvimento pessoal, \u00e0 express\u00e3o criativa e \u00e0 intera\u00e7\u00e3o social significativa.<\/p>\n\n\n\n<p>Ademais, esses centros urbanos que valorizam tanto a cultura quanto os espa\u00e7os verdes se tornam palcos privilegiados para encontros familiares e sociais, fomentando a troca de experi\u00eancias e o fortalecimento de la\u00e7os entre pessoas de diversas faixas et\u00e1rias e com uma ampla gama de interesses. A possibilidade de imergir em eventos culturais enriquecedores, como festivais, apresenta\u00e7\u00f5es e workshops, e, simultaneamente, desfrutar das in\u00fameras atividades ao ar livre que os parques proporcionam, desde piqueniques tranquilos at\u00e9 pr\u00e1ticas esportivas e passeios revigorantes, transforma essas cidades em destinos multifacetados e atraentes tanto para turistas em busca de experi\u00eancias memor\u00e1veis quanto para os moradores locais que valorizam a qualidade de vida e a riqueza de op\u00e7\u00f5es ao seu alcance.<\/p>\n\n\n\n<h2 class=\"wp-block-heading\">Londres: hist\u00f3ria, cultura e parques ic\u00f4nicos<\/h2>\n\n\n\n<figure class=\"wp-block-image size-large\"><img loading=\"lazy\" decoding=\"async\" width=\"1024\" height=\"576\" src=\"https:\/\/www.em.com.br\/emfoco\/wp-content\/uploads\/2025\/04\/Londres_1744566231859-1024x576.jpg\" alt=\"\" class=\"wp-image-38029\" srcset=\"https:\/\/www.em.com.br\/emfoco\/wp-content\/uploads\/2025\/04\/Londres_1744566231859-1024x576.jpg 1024w, https:\/\/www.em.com.br\/emfoco\/wp-content\/uploads\/2025\/04\/Londres_1744566231859-300x169.jpg 300w, https:\/\/www.em.com.br\/emfoco\/wp-content\/uploads\/2025\/04\/Londres_1744566231859-768x432.jpg 768w, https:\/\/www.em.com.br\/emfoco\/wp-content\/uploads\/2025\/04\/Londres_1744566231859-750x422.jpg 750w, https:\/\/www.em.com.br\/emfoco\/wp-content\/uploads\/2025\/04\/Londres_1744566231859-1140x641.jpg 1140w, https:\/\/www.em.com.br\/emfoco\/wp-content\/uploads\/2025\/04\/Londres_1744566231859.jpg 1280w\" sizes=\"auto, (max-width: 1024px) 100vw, 1024px\" \/><figcaption class=\"wp-element-caption\">Londres-Cr\u00e9ditos: depositphotos.com \/ samot<\/figcaption><\/figure>\n\n\n\n<p><strong>Londres<\/strong>, a capital do <strong>Reino Unido<\/strong>, pulsa com uma rica tape\u00e7aria de hist\u00f3ria e cultura, oferecendo uma oferta inigual\u00e1vel de museus de renome mundial, teatros ic\u00f4nicos e galerias de arte que cativam visitantes de todos os cantos do planeta. O Museu Brit\u00e2nico, com suas cole\u00e7\u00f5es que abrangem a hist\u00f3ria da humanidade, e a National Gallery, lar de obras-primas da pintura europeia, s\u00e3o apenas dois exemplos dos tesouros culturais que aguardam explora\u00e7\u00e3o. Paralelamente, os teatros do West End, o cora\u00e7\u00e3o da cena teatral londrina, apresentam uma programa\u00e7\u00e3o diversificada e de alta qualidade ao longo do ano, garantindo entretenimento para todos os gostos e idades.<\/p>\n\n\n\n<p>Os parques de Londres complementam essa rica oferta cultural com sua beleza e extens\u00e3o impressionantes. O <a href=\"https:\/\/www.tudosobrelondres.com\/hyde-park\" target=\"_blank\" rel=\"noreferrer noopener\">Hyde Park<\/a>, o Regent\u2019s Park e o St. James\u2019s Park, entre outros, oferecem vastos espa\u00e7os verdes ideais para piqueniques relaxantes, passeios de barco serenos em lagos pitorescos e \u00e1reas de lazer vibrantes com playgrounds que encantam as crian\u00e7as. Uma experi\u00eancia londrina verdadeiramente enriquecedora consiste em combinar a imers\u00e3o no conhecimento e na arte oferecidos pelos museus gratuitos da cidade com a emo\u00e7\u00e3o de assistir a uma pe\u00e7a de teatro no West End, culminando em um dia de descanso e lazer em um dos bel\u00edssimos parques que pontuam a paisagem urbana, proporcionando um equil\u00edbrio perfeito entre cultura, entretenimento e bem-estar ao ar livre.<\/p>\n\n\n\n<h2 class=\"wp-block-heading\">Paris: arte, hist\u00f3ria e tradi\u00e7\u00e3o em cada esquina<\/h2>\n\n\n\n<figure class=\"wp-block-image size-large\"><img loading=\"lazy\" decoding=\"async\" width=\"1024\" height=\"576\" src=\"https:\/\/www.em.com.br\/emfoco\/wp-content\/uploads\/2025\/04\/Franca-_1744566350822-1024x576.jpg\" alt=\"\" class=\"wp-image-38030\" srcset=\"https:\/\/www.em.com.br\/emfoco\/wp-content\/uploads\/2025\/04\/Franca-_1744566350822-1024x576.jpg 1024w, https:\/\/www.em.com.br\/emfoco\/wp-content\/uploads\/2025\/04\/Franca-_1744566350822-300x169.jpg 300w, https:\/\/www.em.com.br\/emfoco\/wp-content\/uploads\/2025\/04\/Franca-_1744566350822-768x432.jpg 768w, https:\/\/www.em.com.br\/emfoco\/wp-content\/uploads\/2025\/04\/Franca-_1744566350822-750x422.jpg 750w, https:\/\/www.em.com.br\/emfoco\/wp-content\/uploads\/2025\/04\/Franca-_1744566350822-1140x641.jpg 1140w, https:\/\/www.em.com.br\/emfoco\/wp-content\/uploads\/2025\/04\/Franca-_1744566350822.jpg 1280w\" sizes=\"auto, (max-width: 1024px) 100vw, 1024px\" \/><figcaption class=\"wp-element-caption\">Paris-Cr\u00e9ditos: depositphotos.com \/ jovannig<\/figcaption><\/figure>\n\n\n\n<p><strong>Paris<\/strong>, a &#8220;Cidade Luz&#8221;, irradia uma aura de arte, hist\u00f3ria e tradi\u00e7\u00e3o que se manifesta em cada esquina charmosa. A cidade ostenta uma cole\u00e7\u00e3o inigual\u00e1vel de museus de renome mundial, como o Louvre, lar da Mona Lisa e de in\u00fameras outras obras-primas, e o Mus\u00e9e d&#8217;Orsay, instalado em uma antiga esta\u00e7\u00e3o ferrovi\u00e1ria e dedicado \u00e0 arte impressionista e p\u00f3s-impressionista. A cena cultural parisiense \u00e9 igualmente vibrante, com uma vasta gama de teatros que apresentam desde cl\u00e1ssicos atemporais at\u00e9 produ\u00e7\u00f5es contempor\u00e2neas, shows de m\u00fasica para todos os gostos e uma agenda repleta de festivais de cinema e m\u00fasica que atraem entusiastas de todo o globo. Caminhar pelas ruas de Paris \u00e9 como folhear um livro de hist\u00f3ria a c\u00e9u aberto, com monumentos ic\u00f4nicos e arquitetura elegante a cada passo.<\/p>\n\n\n\n<p>Os parques e jardins parisienses oferecem ref\u00fagios de tranquilidade e beleza em meio \u00e0 agita\u00e7\u00e3o urbana. O Jardim de Luxemburgo, com seus gramados bem cuidados, esculturas elegantes e a famosa Fontaine M\u00e9dicis, convida a passeios relaxantes e momentos de contempla\u00e7\u00e3o. O Parc des Buttes-Chaumont, com sua topografia acidentada, grutas pitorescas e vistas panor\u00e2micas da cidade, proporciona uma experi\u00eancia ao ar livre mais aventureira. Uma experi\u00eancia parisiense enriquecedora consiste em mergulhar no universo da arte nos museus, desfrutar da atmosfera serena do Jardim de Luxemburgo e embarcar em um cruzeiro rom\u00e2ntico pelo Rio Sena, apreciando os monumentos ic\u00f4nicos da cidade sob uma perspectiva \u00fanica e encantadora.<\/p>\n\n\n\n<h2 class=\"wp-block-heading\">Amsterd\u00e3: arte, cultura e espet\u00e1culos ao ar livre<\/h2>\n\n\n\n<figure class=\"wp-block-image size-large\"><img loading=\"lazy\" decoding=\"async\" width=\"1024\" height=\"576\" src=\"https:\/\/www.em.com.br\/emfoco\/wp-content\/uploads\/2025\/04\/Amsterda_1744566444318-1024x576.jpg\" alt=\"\" class=\"wp-image-38031\" srcset=\"https:\/\/www.em.com.br\/emfoco\/wp-content\/uploads\/2025\/04\/Amsterda_1744566444318-1024x576.jpg 1024w, https:\/\/www.em.com.br\/emfoco\/wp-content\/uploads\/2025\/04\/Amsterda_1744566444318-300x169.jpg 300w, https:\/\/www.em.com.br\/emfoco\/wp-content\/uploads\/2025\/04\/Amsterda_1744566444318-768x432.jpg 768w, https:\/\/www.em.com.br\/emfoco\/wp-content\/uploads\/2025\/04\/Amsterda_1744566444318-750x422.jpg 750w, https:\/\/www.em.com.br\/emfoco\/wp-content\/uploads\/2025\/04\/Amsterda_1744566444318-1140x642.jpg 1140w, https:\/\/www.em.com.br\/emfoco\/wp-content\/uploads\/2025\/04\/Amsterda_1744566444318.jpg 1279w\" sizes=\"auto, (max-width: 1024px) 100vw, 1024px\" \/><figcaption class=\"wp-element-caption\">Amsterd\u00e3-Cr\u00e9ditos: depositphotos.com \/ ixuskmitl@hotmail.com<\/figcaption><\/figure>\n\n\n\n<p><strong>Amsterd\u00e3<\/strong>, a encantadora capital dos<strong> Pa\u00edses Baixos,<\/strong> \u00e9 um tesouro de hist\u00f3ria e cultura, abrigando museus de prest\u00edgio internacional, como o Rijksmuseum, com sua vasta cole\u00e7\u00e3o de arte holandesa, e o <strong>Museu Van Gogh<\/strong>, dedicado \u00e0 obra do renomado pintor. A cidade tamb\u00e9m se destaca por sua vibrante cena cultural, sendo palco de in\u00fameros festivais ao longo do ano, como o m\u00e1gico Amsterdam Light Festival, que transforma os canais e a arquitetura da cidade em uma galeria de arte luminosa a c\u00e9u aberto, demonstrando a criatividade e o esp\u00edrito inovador da cidade.<\/p>\n\n\n\n<p>O Vondelpark, o maior e mais querido parque de Amsterd\u00e3, oferece um ref\u00fagio verdejante no cora\u00e7\u00e3o da cidade, com extensas \u00e1reas gramadas ideais para piqueniques relaxantes, trilhas convidativas para caminhadas e passeios de bicicleta, e espa\u00e7os dedicados a diversas atividades ao ar livre. Al\u00e9m de sua beleza natural, o parque serve como um palco animado para eventos culturais ao ar livre, incluindo concertos musicais e apresenta\u00e7\u00f5es teatrais, tornando-se um ponto de encontro popular para fam\u00edlias, amigos e turistas que buscam lazer e entretenimento em um ambiente acolhedor. Uma experi\u00eancia completa em Amsterd\u00e3 envolve uma imers\u00e3o na arte e na hist\u00f3ria de seus museus, um dia revigorante desfrutando da atmosfera do Vondelpark e uma explora\u00e7\u00e3o pitoresca dos ic\u00f4nicos canais da cidade a bordo de um barco, apreciando a arquitetura \u00fanica e a atmosfera acolhedora desta joia europeia.<\/p>\n\n\n\n<h2 class=\"wp-block-heading\">Curitiba: natureza, cultura e qualidade de vida<\/h2>\n\n\n\n<figure class=\"wp-block-image size-large\"><img loading=\"lazy\" decoding=\"async\" width=\"1024\" height=\"576\" src=\"https:\/\/www.em.com.br\/emfoco\/wp-content\/uploads\/2025\/04\/Curitiba_1744566541455-1024x576.jpg\" alt=\"\" class=\"wp-image-38032\" srcset=\"https:\/\/www.em.com.br\/emfoco\/wp-content\/uploads\/2025\/04\/Curitiba_1744566541455-1024x576.jpg 1024w, https:\/\/www.em.com.br\/emfoco\/wp-content\/uploads\/2025\/04\/Curitiba_1744566541455-300x169.jpg 300w, https:\/\/www.em.com.br\/emfoco\/wp-content\/uploads\/2025\/04\/Curitiba_1744566541455-768x432.jpg 768w, https:\/\/www.em.com.br\/emfoco\/wp-content\/uploads\/2025\/04\/Curitiba_1744566541455-750x422.jpg 750w, https:\/\/www.em.com.br\/emfoco\/wp-content\/uploads\/2025\/04\/Curitiba_1744566541455-1140x641.jpg 1140w, https:\/\/www.em.com.br\/emfoco\/wp-content\/uploads\/2025\/04\/Curitiba_1744566541455.jpg 1280w\" sizes=\"auto, (max-width: 1024px) 100vw, 1024px\" \/><figcaption class=\"wp-element-caption\">Curitiba-Cr\u00e9ditos: depositphotos.com \/ mbastos<\/figcaption><\/figure>\n\n\n\n<p><a href=\"https:\/\/www.em.com.br\/emfoco\/2025\/03\/21\/a-cidade-paranaense-que-nasceu-antes-de-curitiba-e-guarda-segredos-surpreendentes\/\" target=\"_blank\" rel=\"noreferrer noopener\"><strong>Curitiba<\/strong><\/a>, a capital do <strong>Paran\u00e1<\/strong>, se destaca no cen\u00e1rio brasileiro por sua rica e diversificada oferta cultural, com teatros que acolhem produ\u00e7\u00f5es variadas, museus que preservam a hist\u00f3ria e a arte, e centros culturais vibrantes que oferecem uma programa\u00e7\u00e3o constante e ecl\u00e9tica. O Museu Oscar Niemeyer, com sua arquitetura ic\u00f4nica e exposi\u00e7\u00f5es de arte contempor\u00e2nea, e o Centro Cultural Sesi, um espa\u00e7o multifuncional que abrange teatro, cinema e galerias, s\u00e3o apenas alguns dos pontos altos da efervescente cena cultural da cidade, atraindo tanto moradores quanto visitantes \u00e1vidos por conhecimento e entretenimento.<\/p>\n\n\n\n<p>Os parques de Curitiba complementam essa riqueza cultural com sua beleza planejada e extensas \u00e1reas verdes, proporcionando ref\u00fagios de tranquilidade e lazer em meio ao ambiente urbano. O Parque Barigui, com seus animais silvestres e espa\u00e7os para atividades esportivas, o Jardim Bot\u00e2nico, com sua estufa de vidro deslumbrante e jardins tem\u00e1ticos, e o Parque Tangu\u00e1, com seu mirante e cascata artificial, s\u00e3o apenas alguns exemplos dos espa\u00e7os ideais para caminhadas revigorantes, piqueniques em fam\u00edlia e momentos de relaxamento em contato com a natureza. A cidade oferece, assim, uma combina\u00e7\u00e3o singular e harmoniosa de natureza exuberante e uma vida cultural ativa, proporcionando aos seus habitantes uma elevada qualidade de vida. Uma experi\u00eancia completa em Curitiba envolve explorar a diversidade de seus museus e centros culturais, aproveitar os parques urbanos para momentos de descanso e atividades ao ar livre, e mergulhar na vibrante agenda de shows, pe\u00e7as teatrais e eventos culturais que a cidade oferece.<\/p>\n","protected":false},"excerpt":{"rendered":"<p>Algumas metr\u00f3poles ao redor do globo se elevam como verdadeiros far\u00f3is culturais, irradiando uma vasta e diversificada gama de atra\u00e7\u00f5es capazes de cativar p\u00fablicos de todas as idades e interesses. Seja para fam\u00edlias embarcando em aventuras com crian\u00e7as pequenas, grupos de amigos em busca de experi\u00eancias compartilhadas ou viajantes da terceira idade \u00e1vidos por conhecimento [&hellip;]<\/p>\n","protected":false},"author":12,"featured_media":38034,"comment_status":"open","ping_status":"open","sticky":false,"template":"","format":"standard","meta":{"jnews-multi-image_gallery":[],"jnews_single_post":{"format":"standard"},"jnews_primary_category":[],"jnews_social_meta":[],"jnews_override_counter":[],"footnotes":""},"categories":[26],"tags":[183,159,811,1126],"class_list":["post-38027","post","type-post","status-publish","format-standard","has-post-thumbnail","hentry","category-cidades","tag-cidades","tag-cultura","tag-lazer","tag-parques"],"yoast_head":"<!-- This site is optimized with the Yoast SEO plugin v23.8 - https:\/\/yoast.com\/wordpress\/plugins\/seo\/ -->\n<title>Cidades que oferecem cultura diversificada e encantam p\u00fablicos de todas as idades - Estado de Minas - Em foco<\/title>\n<meta name=\"description\" content=\"Essas cidades oferecem museus, teatros e parques deslumbrantes que equilibram lazer, aprendizado e bem-estar para todos os p\u00fablicos\" \/>\n<meta name=\"robots\" content=\"index, follow, max-snippet:-1, max-image-preview:large, max-video-preview:-1\" \/>\n<link rel=\"canonical\" href=\"https:\/\/www.em.com.br\/emfoco\/2025\/04\/16\/cidades-que-oferecem-cultura-diversificada-e-encantam-publicos-de-todas-as-idades\/\" \/>\n<meta property=\"og:locale\" content=\"pt_BR\" \/>\n<meta property=\"og:type\" content=\"article\" \/>\n<meta property=\"og:title\" content=\"Cidades que oferecem cultura diversificada e encantam p\u00fablicos de todas as idades - Estado de Minas - Em foco\" \/>\n<meta property=\"og:description\" content=\"Essas cidades oferecem museus, teatros e parques deslumbrantes que equilibram lazer, aprendizado e bem-estar para todos os p\u00fablicos\" \/>\n<meta property=\"og:url\" content=\"https:\/\/www.em.com.br\/emfoco\/2025\/04\/16\/cidades-que-oferecem-cultura-diversificada-e-encantam-publicos-de-todas-as-idades\/\" \/>\n<meta property=\"og:site_name\" content=\"Estado de Minas - Em foco\" \/>\n<meta property=\"article:published_time\" content=\"2025-04-16T16:40:00+00:00\" \/>\n<meta property=\"article:modified_time\" content=\"2025-04-16T09:12:24+00:00\" \/>\n<meta property=\"og:image\" content=\"https:\/\/www.em.com.br\/emfoco\/wp-content\/uploads\/2025\/04\/VIAGEM_1744566944162.jpg\" \/>\n\t<meta property=\"og:image:width\" content=\"1280\" \/>\n\t<meta property=\"og:image:height\" content=\"720\" \/>\n\t<meta property=\"og:image:type\" content=\"image\/jpeg\" \/>\n<meta name=\"author\" content=\"Keren Ester\" \/>\n<meta name=\"twitter:card\" content=\"summary_large_image\" \/>\n<meta name=\"twitter:label1\" content=\"Escrito por\" \/>\n\t<meta name=\"twitter:data1\" content=\"Keren Ester\" \/>\n\t<meta name=\"twitter:label2\" content=\"Est. tempo de leitura\" \/>\n\t<meta name=\"twitter:data2\" content=\"9 minutos\" \/>\n<!-- \/ Yoast SEO plugin. -->","yoast_head_json":{"title":"Cidades que oferecem cultura diversificada e encantam p\u00fablicos de todas as idades - Estado de Minas - Em foco","description":"Essas cidades oferecem museus, teatros e parques deslumbrantes que equilibram lazer, aprendizado e bem-estar para todos os p\u00fablicos","robots":{"index":"index","follow":"follow","max-snippet":"max-snippet:-1","max-image-preview":"max-image-preview:large","max-video-preview":"max-video-preview:-1"},"canonical":"https:\/\/www.em.com.br\/emfoco\/2025\/04\/16\/cidades-que-oferecem-cultura-diversificada-e-encantam-publicos-de-todas-as-idades\/","og_locale":"pt_BR","og_type":"article","og_title":"Cidades que oferecem cultura diversificada e encantam p\u00fablicos de todas as idades - Estado de Minas - Em foco","og_description":"Essas cidades oferecem museus, teatros e parques deslumbrantes que equilibram lazer, aprendizado e bem-estar para todos os p\u00fablicos","og_url":"https:\/\/www.em.com.br\/emfoco\/2025\/04\/16\/cidades-que-oferecem-cultura-diversificada-e-encantam-publicos-de-todas-as-idades\/","og_site_name":"Estado de Minas - Em foco","article_published_time":"2025-04-16T16:40:00+00:00","article_modified_time":"2025-04-16T09:12:24+00:00","og_image":[{"width":1280,"height":720,"url":"https:\/\/www.em.com.br\/emfoco\/wp-content\/uploads\/2025\/04\/VIAGEM_1744566944162.jpg","type":"image\/jpeg"}],"author":"Keren Ester","twitter_card":"summary_large_image","twitter_misc":{"Escrito por":"Keren Ester","Est. tempo de leitura":"9 minutos"},"schema":{"@context":"https:\/\/schema.org","@graph":[{"@type":"WebPage","@id":"https:\/\/www.em.com.br\/emfoco\/2025\/04\/16\/cidades-que-oferecem-cultura-diversificada-e-encantam-publicos-de-todas-as-idades\/","url":"https:\/\/www.em.com.br\/emfoco\/2025\/04\/16\/cidades-que-oferecem-cultura-diversificada-e-encantam-publicos-de-todas-as-idades\/","name":"Cidades que oferecem cultura diversificada e encantam p\u00fablicos de todas as idades - Estado de Minas - Em foco","isPartOf":{"@id":"https:\/\/www.em.com.br\/emfoco\/#website"},"primaryImageOfPage":{"@id":"https:\/\/www.em.com.br\/emfoco\/2025\/04\/16\/cidades-que-oferecem-cultura-diversificada-e-encantam-publicos-de-todas-as-idades\/#primaryimage"},"image":{"@id":"https:\/\/www.em.com.br\/emfoco\/2025\/04\/16\/cidades-que-oferecem-cultura-diversificada-e-encantam-publicos-de-todas-as-idades\/#primaryimage"},"thumbnailUrl":"https:\/\/www.em.com.br\/emfoco\/wp-content\/uploads\/2025\/04\/VIAGEM_1744566944162.jpg","datePublished":"2025-04-16T16:40:00+00:00","dateModified":"2025-04-16T09:12:24+00:00","author":{"@id":"https:\/\/www.em.com.br\/emfoco\/#\/schema\/person\/2e06e19826e476d778787245c8ef334d"},"description":"Essas cidades oferecem museus, teatros e parques deslumbrantes que equilibram lazer, aprendizado e bem-estar para todos os p\u00fablicos","breadcrumb":{"@id":"https:\/\/www.em.com.br\/emfoco\/2025\/04\/16\/cidades-que-oferecem-cultura-diversificada-e-encantam-publicos-de-todas-as-idades\/#breadcrumb"},"inLanguage":"pt-BR","potentialAction":[{"@type":"ReadAction","target":["https:\/\/www.em.com.br\/emfoco\/2025\/04\/16\/cidades-que-oferecem-cultura-diversificada-e-encantam-publicos-de-todas-as-idades\/"]}]},{"@type":"ImageObject","inLanguage":"pt-BR","@id":"https:\/\/www.em.com.br\/emfoco\/2025\/04\/16\/cidades-que-oferecem-cultura-diversificada-e-encantam-publicos-de-todas-as-idades\/#primaryimage","url":"https:\/\/www.em.com.br\/emfoco\/wp-content\/uploads\/2025\/04\/VIAGEM_1744566944162.jpg","contentUrl":"https:\/\/www.em.com.br\/emfoco\/wp-content\/uploads\/2025\/04\/VIAGEM_1744566944162.jpg","width":1280,"height":720,"caption":"Fam\u00edlia viajando-Cr\u00e9ditos: depositphotos.com \/ AndrewLozovyi"},{"@type":"BreadcrumbList","@id":"https:\/\/www.em.com.br\/emfoco\/2025\/04\/16\/cidades-que-oferecem-cultura-diversificada-e-encantam-publicos-de-todas-as-idades\/#breadcrumb","itemListElement":[{"@type":"ListItem","position":1,"name":"In\u00edcio","item":"https:\/\/www.em.com.br\/emfoco\/"},{"@type":"ListItem","position":2,"name":"Cidades que oferecem cultura diversificada e encantam p\u00fablicos de todas as idades"}]},{"@type":"WebSite","@id":"https:\/\/www.em.com.br\/emfoco\/#website","url":"https:\/\/www.em.com.br\/emfoco\/","name":"Estado de Minas - Em foco","description":"Acompanhe as \u00faltimas not\u00edcias e fique bem informado sobre tudo o que acontece em Minas Gerais, Brasil e no mundo.","potentialAction":[{"@type":"SearchAction","target":{"@type":"EntryPoint","urlTemplate":"https:\/\/www.em.com.br\/emfoco\/?s={search_term_string}"},"query-input":{"@type":"PropertyValueSpecification","valueRequired":true,"valueName":"search_term_string"}}],"inLanguage":"pt-BR"},{"@type":"Person","@id":"https:\/\/www.em.com.br\/emfoco\/#\/schema\/person\/2e06e19826e476d778787245c8ef334d","name":"Keren Ester","image":{"@type":"ImageObject","inLanguage":"pt-BR","@id":"https:\/\/www.em.com.br\/emfoco\/#\/schema\/person\/image\/","url":"https:\/\/secure.gravatar.com\/avatar\/b3d0f2b934f7fab59c611ea63b5cf4b1?s=96&d=mm&r=g","contentUrl":"https:\/\/secure.gravatar.com\/avatar\/b3d0f2b934f7fab59c611ea63b5cf4b1?s=96&d=mm&r=g","caption":"Keren Ester"},"url":"https:\/\/www.em.com.br\/emfoco\/author\/kerenmyth\/"}]}},"_links":{"self":[{"href":"https:\/\/www.em.com.br\/emfoco\/wp-json\/wp\/v2\/posts\/38027","targetHints":{"allow":["GET"]}}],"collection":[{"href":"https:\/\/www.em.com.br\/emfoco\/wp-json\/wp\/v2\/posts"}],"about":[{"href":"https:\/\/www.em.com.br\/emfoco\/wp-json\/wp\/v2\/types\/post"}],"author":[{"embeddable":true,"href":"https:\/\/www.em.com.br\/emfoco\/wp-json\/wp\/v2\/users\/12"}],"replies":[{"embeddable":true,"href":"https:\/\/www.em.com.br\/emfoco\/wp-json\/wp\/v2\/comments?post=38027"}],"version-history":[{"count":3,"href":"https:\/\/www.em.com.br\/emfoco\/wp-json\/wp\/v2\/posts\/38027\/revisions"}],"predecessor-version":[{"id":38782,"href":"https:\/\/www.em.com.br\/emfoco\/wp-json\/wp\/v2\/posts\/38027\/revisions\/38782"}],"wp:featuredmedia":[{"embeddable":true,"href":"https:\/\/www.em.com.br\/emfoco\/wp-json\/wp\/v2\/media\/38034"}],"wp:attachment":[{"href":"https:\/\/www.em.com.br\/emfoco\/wp-json\/wp\/v2\/media?parent=38027"}],"wp:term":[{"taxonomy":"category","embeddable":true,"href":"https:\/\/www.em.com.br\/emfoco\/wp-json\/wp\/v2\/categories?post=38027"},{"taxonomy":"post_tag","embeddable":true,"href":"https:\/\/www.em.com.br\/emfoco\/wp-json\/wp\/v2\/tags?post=38027"}],"curies":[{"name":"wp","href":"https:\/\/api.w.org\/{rel}","templated":true}]}}