{"id":38010,"date":"2025-04-16T06:40:00","date_gmt":"2025-04-16T09:40:00","guid":{"rendered":"https:\/\/www.em.com.br\/emfoco\/?p=38010"},"modified":"2025-04-16T05:51:21","modified_gmt":"2025-04-16T08:51:21","slug":"o-destino-perfeito-para-uma-lua-de-mel-inesquecivel-e-fora-do-comum","status":"publish","type":"post","link":"https:\/\/www.em.com.br\/emfoco\/2025\/04\/16\/o-destino-perfeito-para-uma-lua-de-mel-inesquecivel-e-fora-do-comum\/","title":{"rendered":"O destino perfeito para uma lua de mel inesquec\u00edvel e fora do comum"},"content":{"rendered":"\n<p>Para <a href=\"https:\/\/www.em.com.br\/emfoco\/2025\/04\/05\/destinos-romanticos-no-brasil-para-casais\/\" target=\"_blank\" rel=\"noreferrer noopener\">casais <\/a>que anseiam por transformar sua lua de mel em uma jornada verdadeiramente memor\u00e1vel e singular, a explora\u00e7\u00e3o de destinos incomuns e menos convencionais pode ser a chave para uma experi\u00eancia inesquec\u00edvel. Em vez de gravitar em torno de op\u00e7\u00f5es tradicionais e populares, como as paradis\u00edacas praias tropicais ou as rom\u00e2nticas ruas de cidades ic\u00f4nicas como <strong>Paris<\/strong>, um n\u00famero crescente de rec\u00e9m-casados busca aventuras emocionantes e paisagens de tirar o f\u00f4lego que ofere\u00e7am um toque de extraordin\u00e1rio e aut\u00eantico \u00e0 sua celebra\u00e7\u00e3o p\u00f3s-nupcial.<\/p>\n\n\n\n<p>A escolha de um destino que proporcione viv\u00eancias \u00fanicas e personalizadas \u00e9 fundamental para a cria\u00e7\u00e3o de mem\u00f3rias duradouras e para o fortalecimento dos la\u00e7os afetivos do casal. A seguir, apresentamos uma sele\u00e7\u00e3o cuidadosamente curada de locais ao redor do mundo que prometem surpreender, encantar e inspirar casais em busca de uma lua de mel que fuja do lugar-comum, oferecendo cen\u00e1rios espetaculares e oportunidades para experi\u00eancias compartilhadas verdadeiramente excepcionais.<\/p>\n\n\n\n<h2 class=\"wp-block-heading\">Jap\u00e3o: um encontro entre o passado e o futuro<\/h2>\n\n\n\n<figure class=\"wp-block-image size-large\"><img loading=\"lazy\" decoding=\"async\" width=\"1024\" height=\"576\" src=\"https:\/\/www.em.com.br\/emfoco\/wp-content\/uploads\/2025\/04\/Monte-Fuji_1744561302156-1024x576.jpg\" alt=\"\" class=\"wp-image-38016\" srcset=\"https:\/\/www.em.com.br\/emfoco\/wp-content\/uploads\/2025\/04\/Monte-Fuji_1744561302156-1024x576.jpg 1024w, https:\/\/www.em.com.br\/emfoco\/wp-content\/uploads\/2025\/04\/Monte-Fuji_1744561302156-300x169.jpg 300w, https:\/\/www.em.com.br\/emfoco\/wp-content\/uploads\/2025\/04\/Monte-Fuji_1744561302156-768x432.jpg 768w, https:\/\/www.em.com.br\/emfoco\/wp-content\/uploads\/2025\/04\/Monte-Fuji_1744561302156-750x422.jpg 750w, https:\/\/www.em.com.br\/emfoco\/wp-content\/uploads\/2025\/04\/Monte-Fuji_1744561302156-1140x641.jpg 1140w, https:\/\/www.em.com.br\/emfoco\/wp-content\/uploads\/2025\/04\/Monte-Fuji_1744561302156.jpg 1280w\" sizes=\"auto, (max-width: 1024px) 100vw, 1024px\" \/><figcaption class=\"wp-element-caption\">Monte Fuji-Cr\u00e9ditos: depositphotos.com \/ nicholashan<\/figcaption><\/figure>\n\n\n\n<p>O <strong>Jap\u00e3o <\/strong>se apresenta como um destino de lua de mel singular, onde a din\u00e2mica pulsante de metr\u00f3poles futuristas como <strong>T\u00f3quio <\/strong>coexiste harmoniosamente com a serenidade atemporal dos jardins zen de Kyoto, proporcionando aos casais uma jornada rica em contrastes e diversidade cultural. A experi\u00eancia japonesa convida \u00e0 explora\u00e7\u00e3o de templos antigos imersos em paisagens buc\u00f3licas, a caminhadas revigorantes ao redor da majestosa silhueta do <strong>Monte Fuji<\/strong>, s\u00edmbolo ic\u00f4nico do pa\u00eds, e \u00e0 imers\u00e3o na hospitalidade acolhedora e tradicional dos ryokans, as pousadas japonesas que oferecem um vislumbre aut\u00eantico da cultura local.<\/p>\n\n\n\n<p>A vibra\u00e7\u00e3o da cultura japonesa, a sofistica\u00e7\u00e3o de sua culin\u00e1ria, que vai desde a delicadeza do sushi \u00e0 complexidade do kaiseki, e a beleza de suas paisagens, que variam de costas litor\u00e2neas a montanhas verdejantes, s\u00e3o os pilares que sustentam o encanto deste destino. A primavera, que floresce entre os meses de mar\u00e7o e maio, revela um espet\u00e1culo visual inigual\u00e1vel com a flora\u00e7\u00e3o das cerejeiras (sakura), tingindo a paisagem com tons rosados e brancos, tornando este per\u00edodo a esta\u00e7\u00e3o ideal para uma lua de mel rom\u00e2ntica e inesquec\u00edvel no Jap\u00e3o.<\/p>\n\n\n\n<h2 class=\"wp-block-heading\">Isl\u00e2ndia: o fasc\u00ednio das paisagens selvagens<\/h2>\n\n\n\n<figure class=\"wp-block-image size-large\"><img loading=\"lazy\" decoding=\"async\" width=\"1024\" height=\"576\" src=\"https:\/\/www.em.com.br\/emfoco\/wp-content\/uploads\/2025\/04\/Islandia-lagoa-azul_1744560724485-1024x576.jpg\" alt=\"\" class=\"wp-image-38012\" srcset=\"https:\/\/www.em.com.br\/emfoco\/wp-content\/uploads\/2025\/04\/Islandia-lagoa-azul_1744560724485-1024x576.jpg 1024w, https:\/\/www.em.com.br\/emfoco\/wp-content\/uploads\/2025\/04\/Islandia-lagoa-azul_1744560724485-300x169.jpg 300w, https:\/\/www.em.com.br\/emfoco\/wp-content\/uploads\/2025\/04\/Islandia-lagoa-azul_1744560724485-768x432.jpg 768w, https:\/\/www.em.com.br\/emfoco\/wp-content\/uploads\/2025\/04\/Islandia-lagoa-azul_1744560724485-750x422.jpg 750w, https:\/\/www.em.com.br\/emfoco\/wp-content\/uploads\/2025\/04\/Islandia-lagoa-azul_1744560724485-1140x641.jpg 1140w, https:\/\/www.em.com.br\/emfoco\/wp-content\/uploads\/2025\/04\/Islandia-lagoa-azul_1744560724485.jpg 1280w\" sizes=\"auto, (max-width: 1024px) 100vw, 1024px\" \/><figcaption class=\"wp-element-caption\">Lagoa azul-Cr\u00e9ditos: depositphotos.com \/ BiancoBlue<\/figcaption><\/figure>\n\n\n\n<p>A <strong>Isl\u00e2ndia <\/strong>emerge como um destino de lua de mel verdadeiramente singular, presenteando os casais com paisagens naturais de tirar o f\u00f4lego, onde a for\u00e7a bruta das geleiras encontra a energia geot\u00e9rmica das fontes termais e a impon\u00eancia silenciosa dos vulc\u00f5es. Este cen\u00e1rio in\u00f3spito e, ao mesmo tempo, profundamente cativante, \u00e9 o palco perfeito para casais com esp\u00edrito aventureiro, que anseiam por explorar um ambiente natural selvagem e de beleza \u00edmpar.<\/p>\n\n\n\n<p>Entre as experi\u00eancias que se tornam mem\u00f3rias inesquec\u00edveis, destacam-se os banhos relaxantes nas \u00e1guas azul-leitosas e ricas em minerais da <a href=\"https:\/\/pt.islandia.com\/lagoa-azul\" target=\"_blank\" rel=\"noreferrer noopener\">Lagoa Azul<\/a>, as caminhadas revigorantes por vastos campos de lava que testemunham a atividade vulc\u00e2nica da ilha, e a oportunidade m\u00e1gica de testemunhar o espet\u00e1culo das auroras boreais, as luzes do norte que dan\u00e7am no c\u00e9u noturno (com maior probabilidade de serem avistadas entre os meses de setembro e abril). As paisagens dram\u00e1ticas, marcadas por cachoeiras imponentes, fiordes profundos e a vastid\u00e3o da natureza intocada, juntamente com atividades ao ar livre como a explora\u00e7\u00e3o do hist\u00f3rico e geologicamente significativo Parque Nacional Thingvellir, elevam a Isl\u00e2ndia a um patamar de destino de lua de mel verdadeiramente extraordin\u00e1rio.<\/p>\n\n\n\n<h2 class=\"wp-block-heading\">Nova Zel\u00e2ndia: aventuras em meio \u00e0 natureza<\/h2>\n\n\n\n<figure class=\"wp-block-image size-large\"><img loading=\"lazy\" decoding=\"async\" width=\"1024\" height=\"576\" src=\"https:\/\/www.em.com.br\/emfoco\/wp-content\/uploads\/2025\/04\/Queenstown_1744560937470-1024x576.jpg\" alt=\"\" class=\"wp-image-38013\" srcset=\"https:\/\/www.em.com.br\/emfoco\/wp-content\/uploads\/2025\/04\/Queenstown_1744560937470-1024x576.jpg 1024w, https:\/\/www.em.com.br\/emfoco\/wp-content\/uploads\/2025\/04\/Queenstown_1744560937470-300x169.jpg 300w, https:\/\/www.em.com.br\/emfoco\/wp-content\/uploads\/2025\/04\/Queenstown_1744560937470-768x432.jpg 768w, https:\/\/www.em.com.br\/emfoco\/wp-content\/uploads\/2025\/04\/Queenstown_1744560937470-750x422.jpg 750w, https:\/\/www.em.com.br\/emfoco\/wp-content\/uploads\/2025\/04\/Queenstown_1744560937470-1140x641.jpg 1140w, https:\/\/www.em.com.br\/emfoco\/wp-content\/uploads\/2025\/04\/Queenstown_1744560937470.jpg 1280w\" sizes=\"auto, (max-width: 1024px) 100vw, 1024px\" \/><figcaption class=\"wp-element-caption\">Queenstown-Cr\u00e9ditos: depositphotos.com \/ kanuman<\/figcaption><\/figure>\n\n\n\n<p>A<strong> Nova Zel\u00e2ndia <\/strong>se apresenta como um destino de lua de mel id\u00edlico para casais que compartilham a paix\u00e3o por aventura e pela contempla\u00e7\u00e3o da beleza natural em sua forma mais grandiosa. Com cen\u00e1rios que deslumbram, como os encontrados na vibrante Queenstown, o pa\u00eds oferece uma combina\u00e7\u00e3o perfeita entre a adrenalina de atividades emocionantes e a serenidade de paisagens intocadas.<\/p>\n\n\n\n<p>Os casais podem embarcar em explora\u00e7\u00f5es inesquec\u00edveis pelos fiordes majestosos de <strong>Milford Sound <\/strong>em passeios de barco que revelam a impon\u00eancia da natureza, desfrutar de piqueniques rom\u00e2nticos e isolados \u00e0s margens de lagos de \u00e1guas cristalinas emoldurados por montanhas imponentes, e experimentar a emo\u00e7\u00e3o de sobrevoar paisagens espetaculares em um passeio de helic\u00f3ptero, obtendo perspectivas \u00fanicas e memor\u00e1veis. A melhor \u00e9poca para visitar e desfrutar plenamente dessas experi\u00eancias \u00e9 durante a primavera (que se estende de setembro a novembro) ou o outono (de mar\u00e7o a maio), quando o clima \u00e9 agrad\u00e1vel e as paisagens exibem cores vibrantes. A promessa de aventura e a garantia de momentos de profunda serenidade s\u00e3o os principais atrativos que tornam a Nova Zel\u00e2ndia um destino de lua de mel verdadeiramente excepcional.<\/p>\n\n\n\n<h2 class=\"wp-block-heading\">It\u00e1lia: descobrindo o charme de regi\u00f5es menos conhecidas<\/h2>\n\n\n\n<figure class=\"wp-block-image size-large\"><img loading=\"lazy\" decoding=\"async\" width=\"1024\" height=\"576\" src=\"https:\/\/www.em.com.br\/emfoco\/wp-content\/uploads\/2025\/04\/Puglia_1744561078597-1024x576.jpg\" alt=\"\" class=\"wp-image-38014\" srcset=\"https:\/\/www.em.com.br\/emfoco\/wp-content\/uploads\/2025\/04\/Puglia_1744561078597-1024x576.jpg 1024w, https:\/\/www.em.com.br\/emfoco\/wp-content\/uploads\/2025\/04\/Puglia_1744561078597-300x169.jpg 300w, https:\/\/www.em.com.br\/emfoco\/wp-content\/uploads\/2025\/04\/Puglia_1744561078597-768x432.jpg 768w, https:\/\/www.em.com.br\/emfoco\/wp-content\/uploads\/2025\/04\/Puglia_1744561078597-750x422.jpg 750w, https:\/\/www.em.com.br\/emfoco\/wp-content\/uploads\/2025\/04\/Puglia_1744561078597-1140x641.jpg 1140w, https:\/\/www.em.com.br\/emfoco\/wp-content\/uploads\/2025\/04\/Puglia_1744561078597.jpg 1280w\" sizes=\"auto, (max-width: 1024px) 100vw, 1024px\" \/><figcaption class=\"wp-element-caption\">Puglia-Cr\u00e9ditos: depositphotos.com \/ Pilat666<\/figcaption><\/figure>\n\n\n\n<p>A <strong>It\u00e1lia<\/strong>, embora mundialmente celebrada por seu romantismo inerente, esconde em seu territ\u00f3rio joias regionais menos exploradas que oferecem uma experi\u00eancia de lua de mel imersa em autenticidade e charme exclusivo. Destinos como a ensolarada regi\u00e3o de <strong>Puglia<\/strong>, com suas pitorescas cidades brancas e a beleza r\u00fastica de suas fazendas hist\u00f3ricas, e a deslumbrante costa de <strong>Amalfi<\/strong>, com seus penhascos dram\u00e1ticos e vilarejos coloridos debru\u00e7ados sobre o mar <strong>Tirreno<\/strong>, proporcionam um ref\u00fagio rom\u00e2ntico longe das multid\u00f5es.<\/p>\n\n\n\n<p>Os casais podem deleitar-se com passeios de barco ao longo da espetacular costa de Amalfi, descobrindo enseadas escondidas e grutas marinhas, explorar as renomadas vin\u00edcolas da Toscana, participando de degusta\u00e7\u00f5es e aprendendo sobre a rica tradi\u00e7\u00e3o vin\u00edcola italiana, ou desfrutar de um jantar rom\u00e2ntico \u00e0 luz de velas em uma elegante villa hist\u00f3rica imersa na paisagem buc\u00f3lica. A \u00e9poca ideal para visitar essas regi\u00f5es e evitar o pico tur\u00edstico, enquanto se aproveita um clima agrad\u00e1vel e ensolarado, \u00e9 o final da primavera ou o in\u00edcio do outono. A rica gastronomia italiana, com seus sabores aut\u00eanticos e ingredientes frescos, os vinhos renomados de suas diversas regi\u00f5es e as paisagens pitorescas que parecem pinturas renascentistas s\u00e3o os principais atrativos que tornam a It\u00e1lia, mesmo em suas facetas menos conhecidas, um destino de lua de mel inesquec\u00edvel.<\/p>\n\n\n\n<h2 class=\"wp-block-heading\">But\u00e3o: um ref\u00fagio de paz e espiritualidade<\/h2>\n\n\n\n<figure class=\"wp-block-image size-large\"><img loading=\"lazy\" decoding=\"async\" width=\"1024\" height=\"576\" src=\"https:\/\/www.em.com.br\/emfoco\/wp-content\/uploads\/2025\/04\/Ninho-do-Tigre_1744561193788-1024x576.jpg\" alt=\"\" class=\"wp-image-38015\" srcset=\"https:\/\/www.em.com.br\/emfoco\/wp-content\/uploads\/2025\/04\/Ninho-do-Tigre_1744561193788-1024x576.jpg 1024w, https:\/\/www.em.com.br\/emfoco\/wp-content\/uploads\/2025\/04\/Ninho-do-Tigre_1744561193788-300x169.jpg 300w, https:\/\/www.em.com.br\/emfoco\/wp-content\/uploads\/2025\/04\/Ninho-do-Tigre_1744561193788-768x432.jpg 768w, https:\/\/www.em.com.br\/emfoco\/wp-content\/uploads\/2025\/04\/Ninho-do-Tigre_1744561193788-750x422.jpg 750w, https:\/\/www.em.com.br\/emfoco\/wp-content\/uploads\/2025\/04\/Ninho-do-Tigre_1744561193788-1140x641.jpg 1140w, https:\/\/www.em.com.br\/emfoco\/wp-content\/uploads\/2025\/04\/Ninho-do-Tigre_1744561193788.jpg 1280w\" sizes=\"auto, (max-width: 1024px) 100vw, 1024px\" \/><figcaption class=\"wp-element-caption\">Ninho do tigre-Cr\u00e9ditos: depositphotos.com \/ terkhomson<\/figcaption><\/figure>\n\n\n\n<p>O <strong>But\u00e3o <\/strong>se apresenta como um destino de lua de mel singular, oferecendo aos casais uma profunda experi\u00eancia de tranquilidade e introspec\u00e7\u00e3o, um ref\u00fagio perfeito para se desconectar do ritmo fren\u00e9tico do mundo moderno. Celebrado por sua filosofia \u00fanica de &#8220;Felicidade Interna Bruta&#8221; (FIB), que prioriza o bem-estar hol\u00edstico e a preserva\u00e7\u00e3o cultural e ambiental acima do crescimento econ\u00f4mico puro, o pa\u00eds \u00e9 um convite \u00e0 reflex\u00e3o, \u00e0 busca pela paz interior e \u00e0 imers\u00e3o em uma cultura rica e espiritualizada.<\/p>\n\n\n\n<p>Entre as experi\u00eancias altamente recomendadas para casais em lua de mel no But\u00e3o, destaca-se a inspiradora visita ao ic\u00f4nico &#8220;<strong>Ninho do Tigre<\/strong>&#8221; (Paro Taktsang), um mosteiro budista espetacularmente encravado em um penhasco \u00edngreme, oferecendo vistas panor\u00e2micas deslumbrantes e uma jornada espiritual significativa. A explora\u00e7\u00e3o dos in\u00fameros templos budistas (dzongs e lhakhangs), cada um com sua pr\u00f3pria hist\u00f3ria e significado art\u00edstico, e a imers\u00e3o na rica e vibrante cultura local, atrav\u00e9s do contato com a hospitalidade butanesa, da participa\u00e7\u00e3o em cerim\u00f4nias religiosas e da observa\u00e7\u00e3o do modo de vida tradicional, enriquecem profundamente a experi\u00eancia. A primavera (de mar\u00e7o a maio) e o outono (de setembro a novembro) s\u00e3o as melhores \u00e9pocas para visitar, agraciando o pa\u00eds com um clima agrad\u00e1vel e a oportunidade de vivenciar festivais culturais coloridos e aut\u00eanticos. A profunda espiritualidade, a atmosfera de serenidade que permeia o ar e as paisagens naturais de tirar o f\u00f4lego, com montanhas imponentes e vales verdejantes, s\u00e3o os grandes atrativos que tornam o But\u00e3o um destino de lua de mel verdadeiramente \u00fanico e transformador.<\/p>\n","protected":false},"excerpt":{"rendered":"<p>Para casais que anseiam por transformar sua lua de mel em uma jornada verdadeiramente memor\u00e1vel e singular, a explora\u00e7\u00e3o de destinos incomuns e menos convencionais pode ser a chave para uma experi\u00eancia inesquec\u00edvel. Em vez de gravitar em torno de op\u00e7\u00f5es tradicionais e populares, como as paradis\u00edacas praias tropicais ou as rom\u00e2nticas ruas de cidades [&hellip;]<\/p>\n","protected":false},"author":12,"featured_media":38017,"comment_status":"open","ping_status":"open","sticky":false,"template":"","format":"standard","meta":{"jnews-multi-image_gallery":[],"jnews_single_post":{"format":"standard"},"jnews_primary_category":[],"jnews_social_meta":[],"jnews_override_counter":[],"footnotes":""},"categories":[26],"tags":[7487,2088,7486,1128],"class_list":["post-38010","post","type-post","status-publish","format-standard","has-post-thumbnail","hentry","category-cidades","tag-destinos-incomuns","tag-japao","tag-lua-de-mel","tag-viagem"],"yoast_head":"<!-- This site is optimized with the Yoast SEO plugin v23.8 - https:\/\/yoast.com\/wordpress\/plugins\/seo\/ -->\n<title>O destino perfeito para uma lua de mel inesquec\u00edvel e fora do comum - Estado de Minas - Em foco<\/title>\n<meta name=\"description\" content=\"5 destinos de lua de mel fora do comum para casais que buscam experi\u00eancias \u00fanicas, paisagens incr\u00edveis e muita conex\u00e3o\" \/>\n<meta name=\"robots\" content=\"index, follow, max-snippet:-1, max-image-preview:large, max-video-preview:-1\" \/>\n<link rel=\"canonical\" href=\"https:\/\/www.em.com.br\/emfoco\/2025\/04\/16\/o-destino-perfeito-para-uma-lua-de-mel-inesquecivel-e-fora-do-comum\/\" \/>\n<meta property=\"og:locale\" content=\"pt_BR\" \/>\n<meta property=\"og:type\" content=\"article\" \/>\n<meta property=\"og:title\" content=\"O destino perfeito para uma lua de mel inesquec\u00edvel e fora do comum - Estado de Minas - Em foco\" \/>\n<meta property=\"og:description\" content=\"5 destinos de lua de mel fora do comum para casais que buscam experi\u00eancias \u00fanicas, paisagens incr\u00edveis e muita conex\u00e3o\" \/>\n<meta property=\"og:url\" content=\"https:\/\/www.em.com.br\/emfoco\/2025\/04\/16\/o-destino-perfeito-para-uma-lua-de-mel-inesquecivel-e-fora-do-comum\/\" \/>\n<meta property=\"og:site_name\" content=\"Estado de Minas - Em foco\" \/>\n<meta property=\"article:published_time\" content=\"2025-04-16T09:40:00+00:00\" \/>\n<meta property=\"article:modified_time\" content=\"2025-04-16T08:51:21+00:00\" \/>\n<meta property=\"og:image\" content=\"https:\/\/www.em.com.br\/emfoco\/wp-content\/uploads\/2025\/04\/lua-de-mel-viagem_1744561447327.jpg\" \/>\n\t<meta property=\"og:image:width\" content=\"1279\" \/>\n\t<meta property=\"og:image:height\" content=\"720\" \/>\n\t<meta property=\"og:image:type\" content=\"image\/jpeg\" \/>\n<meta name=\"author\" content=\"Keren Ester\" \/>\n<meta name=\"twitter:card\" content=\"summary_large_image\" \/>\n<meta name=\"twitter:label1\" content=\"Escrito por\" \/>\n\t<meta name=\"twitter:data1\" content=\"Keren Ester\" \/>\n\t<meta name=\"twitter:label2\" content=\"Est. tempo de leitura\" \/>\n\t<meta name=\"twitter:data2\" content=\"9 minutos\" \/>\n<!-- \/ Yoast SEO plugin. -->","yoast_head_json":{"title":"O destino perfeito para uma lua de mel inesquec\u00edvel e fora do comum - Estado de Minas - Em foco","description":"5 destinos de lua de mel fora do comum para casais que buscam experi\u00eancias \u00fanicas, paisagens incr\u00edveis e muita conex\u00e3o","robots":{"index":"index","follow":"follow","max-snippet":"max-snippet:-1","max-image-preview":"max-image-preview:large","max-video-preview":"max-video-preview:-1"},"canonical":"https:\/\/www.em.com.br\/emfoco\/2025\/04\/16\/o-destino-perfeito-para-uma-lua-de-mel-inesquecivel-e-fora-do-comum\/","og_locale":"pt_BR","og_type":"article","og_title":"O destino perfeito para uma lua de mel inesquec\u00edvel e fora do comum - Estado de Minas - Em foco","og_description":"5 destinos de lua de mel fora do comum para casais que buscam experi\u00eancias \u00fanicas, paisagens incr\u00edveis e muita conex\u00e3o","og_url":"https:\/\/www.em.com.br\/emfoco\/2025\/04\/16\/o-destino-perfeito-para-uma-lua-de-mel-inesquecivel-e-fora-do-comum\/","og_site_name":"Estado de Minas - Em foco","article_published_time":"2025-04-16T09:40:00+00:00","article_modified_time":"2025-04-16T08:51:21+00:00","og_image":[{"width":1279,"height":720,"url":"https:\/\/www.em.com.br\/emfoco\/wp-content\/uploads\/2025\/04\/lua-de-mel-viagem_1744561447327.jpg","type":"image\/jpeg"}],"author":"Keren Ester","twitter_card":"summary_large_image","twitter_misc":{"Escrito por":"Keren Ester","Est. tempo de leitura":"9 minutos"},"schema":{"@context":"https:\/\/schema.org","@graph":[{"@type":"WebPage","@id":"https:\/\/www.em.com.br\/emfoco\/2025\/04\/16\/o-destino-perfeito-para-uma-lua-de-mel-inesquecivel-e-fora-do-comum\/","url":"https:\/\/www.em.com.br\/emfoco\/2025\/04\/16\/o-destino-perfeito-para-uma-lua-de-mel-inesquecivel-e-fora-do-comum\/","name":"O destino perfeito para uma lua de mel inesquec\u00edvel e fora do comum - Estado de Minas - Em foco","isPartOf":{"@id":"https:\/\/www.em.com.br\/emfoco\/#website"},"primaryImageOfPage":{"@id":"https:\/\/www.em.com.br\/emfoco\/2025\/04\/16\/o-destino-perfeito-para-uma-lua-de-mel-inesquecivel-e-fora-do-comum\/#primaryimage"},"image":{"@id":"https:\/\/www.em.com.br\/emfoco\/2025\/04\/16\/o-destino-perfeito-para-uma-lua-de-mel-inesquecivel-e-fora-do-comum\/#primaryimage"},"thumbnailUrl":"https:\/\/www.em.com.br\/emfoco\/wp-content\/uploads\/2025\/04\/lua-de-mel-viagem_1744561447327.jpg","datePublished":"2025-04-16T09:40:00+00:00","dateModified":"2025-04-16T08:51:21+00:00","author":{"@id":"https:\/\/www.em.com.br\/emfoco\/#\/schema\/person\/2e06e19826e476d778787245c8ef334d"},"description":"5 destinos de lua de mel fora do comum para casais que buscam experi\u00eancias \u00fanicas, paisagens incr\u00edveis e muita conex\u00e3o","breadcrumb":{"@id":"https:\/\/www.em.com.br\/emfoco\/2025\/04\/16\/o-destino-perfeito-para-uma-lua-de-mel-inesquecivel-e-fora-do-comum\/#breadcrumb"},"inLanguage":"pt-BR","potentialAction":[{"@type":"ReadAction","target":["https:\/\/www.em.com.br\/emfoco\/2025\/04\/16\/o-destino-perfeito-para-uma-lua-de-mel-inesquecivel-e-fora-do-comum\/"]}]},{"@type":"ImageObject","inLanguage":"pt-BR","@id":"https:\/\/www.em.com.br\/emfoco\/2025\/04\/16\/o-destino-perfeito-para-uma-lua-de-mel-inesquecivel-e-fora-do-comum\/#primaryimage","url":"https:\/\/www.em.com.br\/emfoco\/wp-content\/uploads\/2025\/04\/lua-de-mel-viagem_1744561447327.jpg","contentUrl":"https:\/\/www.em.com.br\/emfoco\/wp-content\/uploads\/2025\/04\/lua-de-mel-viagem_1744561447327.jpg","width":1279,"height":720,"caption":"Casal em um barco de cauda na Tail\u00e2ndia-Cr\u00e9ditos: depositphotos.com \/ fokkebok"},{"@type":"BreadcrumbList","@id":"https:\/\/www.em.com.br\/emfoco\/2025\/04\/16\/o-destino-perfeito-para-uma-lua-de-mel-inesquecivel-e-fora-do-comum\/#breadcrumb","itemListElement":[{"@type":"ListItem","position":1,"name":"In\u00edcio","item":"https:\/\/www.em.com.br\/emfoco\/"},{"@type":"ListItem","position":2,"name":"O destino perfeito para uma lua de mel inesquec\u00edvel e fora do comum"}]},{"@type":"WebSite","@id":"https:\/\/www.em.com.br\/emfoco\/#website","url":"https:\/\/www.em.com.br\/emfoco\/","name":"Estado de Minas - Em foco","description":"Acompanhe as \u00faltimas not\u00edcias e fique bem informado sobre tudo o que acontece em Minas Gerais, Brasil e no mundo.","potentialAction":[{"@type":"SearchAction","target":{"@type":"EntryPoint","urlTemplate":"https:\/\/www.em.com.br\/emfoco\/?s={search_term_string}"},"query-input":{"@type":"PropertyValueSpecification","valueRequired":true,"valueName":"search_term_string"}}],"inLanguage":"pt-BR"},{"@type":"Person","@id":"https:\/\/www.em.com.br\/emfoco\/#\/schema\/person\/2e06e19826e476d778787245c8ef334d","name":"Keren Ester","image":{"@type":"ImageObject","inLanguage":"pt-BR","@id":"https:\/\/www.em.com.br\/emfoco\/#\/schema\/person\/image\/","url":"https:\/\/secure.gravatar.com\/avatar\/b3d0f2b934f7fab59c611ea63b5cf4b1?s=96&d=mm&r=g","contentUrl":"https:\/\/secure.gravatar.com\/avatar\/b3d0f2b934f7fab59c611ea63b5cf4b1?s=96&d=mm&r=g","caption":"Keren Ester"},"url":"https:\/\/www.em.com.br\/emfoco\/author\/kerenmyth\/"}]}},"_links":{"self":[{"href":"https:\/\/www.em.com.br\/emfoco\/wp-json\/wp\/v2\/posts\/38010","targetHints":{"allow":["GET"]}}],"collection":[{"href":"https:\/\/www.em.com.br\/emfoco\/wp-json\/wp\/v2\/posts"}],"about":[{"href":"https:\/\/www.em.com.br\/emfoco\/wp-json\/wp\/v2\/types\/post"}],"author":[{"embeddable":true,"href":"https:\/\/www.em.com.br\/emfoco\/wp-json\/wp\/v2\/users\/12"}],"replies":[{"embeddable":true,"href":"https:\/\/www.em.com.br\/emfoco\/wp-json\/wp\/v2\/comments?post=38010"}],"version-history":[{"count":3,"href":"https:\/\/www.em.com.br\/emfoco\/wp-json\/wp\/v2\/posts\/38010\/revisions"}],"predecessor-version":[{"id":38776,"href":"https:\/\/www.em.com.br\/emfoco\/wp-json\/wp\/v2\/posts\/38010\/revisions\/38776"}],"wp:featuredmedia":[{"embeddable":true,"href":"https:\/\/www.em.com.br\/emfoco\/wp-json\/wp\/v2\/media\/38017"}],"wp:attachment":[{"href":"https:\/\/www.em.com.br\/emfoco\/wp-json\/wp\/v2\/media?parent=38010"}],"wp:term":[{"taxonomy":"category","embeddable":true,"href":"https:\/\/www.em.com.br\/emfoco\/wp-json\/wp\/v2\/categories?post=38010"},{"taxonomy":"post_tag","embeddable":true,"href":"https:\/\/www.em.com.br\/emfoco\/wp-json\/wp\/v2\/tags?post=38010"}],"curies":[{"name":"wp","href":"https:\/\/api.w.org\/{rel}","templated":true}]}}