{"id":3787,"date":"2024-12-09T12:40:00","date_gmt":"2024-12-09T15:40:00","guid":{"rendered":"https:\/\/www.em.com.br\/emfoco\/?p=3787"},"modified":"2024-12-08T10:53:04","modified_gmt":"2024-12-08T13:53:04","slug":"um-visitante-do-espaco-em-minas","status":"publish","type":"post","link":"https:\/\/www.em.com.br\/emfoco\/2024\/12\/09\/um-visitante-do-espaco-em-minas\/","title":{"rendered":"Um visitante do espa\u00e7o em Minas!"},"content":{"rendered":"\n<p>Na noite de 19 de setembro de 2024, uma surpreendente &#8220;bola de fogo verde&#8221; iluminou o c\u00e9u de v\u00e1rias cidades nos estados de <a href=\"https:\/\/pt.wikipedia.org\/wiki\/Minas_Gerais\" target=\"_blank\" rel=\"noreferrer noopener\">Minas Gerais<\/a>, S\u00e3o Paulo e Goi\u00e1s, no Brasil. O fen\u00f4meno, inicialmente interpretado por alguns como um poss\u00edvel objeto voador n\u00e3o identificado (\u00f3vni), logo foi esclarecido pela Rede Brasileira de Observa\u00e7\u00e3o de Meteoros como um meteoro que entrou na atmosfera. Mas o que exatamente s\u00e3o meteoros? A seguir, exploraremos <a href=\"https:\/\/www.em.com.br\/emfoco\/2024\/11\/18\/doutor-estranho-conheca-a-fortuna-e-curiosidades-de-benedict-cumberbatch\/\" target=\"_blank\" rel=\"noreferrer noopener\">curiosidades<\/a> e fatos sobre esses fascinantes viajantes espaciais.<\/p>\n\n\n\n<p>Meteoros como esses s\u00e3o uma lembran\u00e7a visual da dan\u00e7a c\u00f3smica que ocorre constantemente acima de n\u00f3s. Seus momentos fugazes de brilho despertam fasc\u00ednio e alimentam nosso desejo de compreender o universo ao nosso redor. Contudo, al\u00e9m da beleza, os meteoros oferecem um vislumbre direto da composi\u00e7\u00e3o de nosso sistema solar e dos incont\u00e1veis corpos que compartilham espa\u00e7o com o planeta Terra.<\/p>\n\n\n\n<h2 class=\"wp-block-heading\">O que s\u00e3o Meteoros?<\/h2>\n\n\n\n<p><strong>Meteoro<\/strong> \u00e9 o termo usado para descrever um meteoroide\u2014uma pequena por\u00e7\u00e3o de um asteroide ou cometa\u2014que, ao entrar na atmosfera terrestre, aquece devido ao atrito com as mol\u00e9culas de ar, tornando-se vis\u00edvel como um rastro brilhante no c\u00e9u. Esse espet\u00e1culo natural \u00e9 frequentemente chamado de &#8220;estrela cadente&#8221;, embora n\u00e3o tenha rela\u00e7\u00e3o com estrelas reais.<\/p>\n\n\n\n<p>Quando um meteoroide sobrevive \u00e0 passagem pela atmosfera e atinge o solo terrestre, \u00e9 ent\u00e3o denominado <em>meteorito<\/em>. Esses fragmentos rochosos ou met\u00e1licos s\u00e3o de suma import\u00e2ncia para a ci\u00eancia, pois oferecem dados sobre a origem e a composi\u00e7\u00e3o de corpos fora do planeta.<\/p>\n\n\n\n<h2 class=\"wp-block-heading\"><strong>Como ocorrem as chuvas de meteoros?<\/strong><\/h2>\n\n\n\n<p>As emph{chuvas de meteoros} ocorrem quando a Terra cruza a trajet\u00f3ria de um cometa ou asteroide, levando os res\u00edduos deixados por estes corpos a colidirem com a atmosfera terrestre. Esse encontro resulta em um majestoso espet\u00e1culo noturno, onde numerosas &#8220;estrelas cadentes&#8221; s\u00e3o vis\u00edveis a olho nu.<\/p>\n\n\n<div class=\"wp-block-image\">\n<figure class=\"aligncenter size-large\"><img loading=\"lazy\" decoding=\"async\" width=\"1024\" height=\"576\" src=\"https:\/\/www.em.com.br\/emfoco\/wp-content\/uploads\/2024\/12\/Meteoro_1733629665230-1024x576.jpg\" alt=\"\" class=\"wp-image-3791\" srcset=\"https:\/\/www.em.com.br\/emfoco\/wp-content\/uploads\/2024\/12\/Meteoro_1733629665230-1024x576.jpg 1024w, https:\/\/www.em.com.br\/emfoco\/wp-content\/uploads\/2024\/12\/Meteoro_1733629665230-300x169.jpg 300w, https:\/\/www.em.com.br\/emfoco\/wp-content\/uploads\/2024\/12\/Meteoro_1733629665230-768x432.jpg 768w, https:\/\/www.em.com.br\/emfoco\/wp-content\/uploads\/2024\/12\/Meteoro_1733629665230-750x422.jpg 750w, https:\/\/www.em.com.br\/emfoco\/wp-content\/uploads\/2024\/12\/Meteoro_1733629665230-1140x641.jpg 1140w, https:\/\/www.em.com.br\/emfoco\/wp-content\/uploads\/2024\/12\/Meteoro_1733629665230.jpg 1280w\" sizes=\"auto, (max-width: 1024px) 100vw, 1024px\" \/><figcaption class=\"wp-element-caption\">Chuva de meteoros &#8211; Cr\u00e9ditos: depositphotos.com \/ rfphoto<\/figcaption><\/figure><\/div>\n\n\n<p>Esses eventos s\u00e3o previs\u00edveis e acontecem em per\u00edodos espec\u00edficos do ano. Entre as mais conhecidas est\u00e3o as Perseidas, as Le\u00f3nidas e as Gemin\u00eddeas, cada uma associada a detritos de determinados cometas ou asteroides, proporcionando verdadeiros shows de luz para os amantes da astronomia.<\/p>\n\n\n\n<h2 class=\"wp-block-heading\">Que tipos de meteoritos existem?<\/h2>\n\n\n\n<p>Os meteoritos, os fragmentos de meteoros que alcan\u00e7am a superf\u00edcie terrestre, dividem-se em duas grandes categorias: <strong>f\u00e9rreos<\/strong> e <strong>p\u00e9treos<\/strong>. Os meteoritos f\u00e9rreos s\u00e3o compostos majoritariamente por ferro e n\u00edquel, enquanto os p\u00e9treos s\u00e3o formados por minerais silicatados, comuns em muitos dos asteroides encontrados no cintur\u00e3o entre Marte e J\u00fapiter.<\/p>\n\n\n\n<p>Al\u00e9m disso, alguns meteoritos s\u00e3o classificados como meteoritos lunares ou marcianos, e atrav\u00e9s do seu estudo, os cientistas conseguem esclarecer mais sobre os materiais e processos geol\u00f3gicos que ocorrem em nossos vizinhos celestes, a Lua e Marte.<\/p>\n\n\n\n<h2 class=\"wp-block-heading\">Qual a import\u00e2ncia dos meteoritos na ci\u00eancia?<\/h2>\n\n\n\n<p>A an\u00e1lise de meteoritos \u00e9 uma porta de acesso para compreender a hist\u00f3ria do sistema solar. Eles cont\u00eam pistas sobre a forma\u00e7\u00e3o e evolu\u00e7\u00e3o dos planetas e de outros corpos celestes. Elementos e minerais encontrados em meteoritos revelam informa\u00e7\u00f5es cr\u00edticas que ajudam os cientistas a desvendar mist\u00e9rios ligados ao in\u00edcio do sistema solar, fornecendo uma linha do tempo dos eventos que ocorreram ao longo de bilh\u00f5es de anos.<\/p>\n\n\n\n<p>Em alguns casos, a coleta e o estudo de meteoritos fornecem evid\u00eancias diretas como o impacto que levou \u00e0 extin\u00e7\u00e3o dos dinossauros, ocorrido h\u00e1 aproximadamente 66 milh\u00f5es de anos por um impacto colossal respons\u00e1vel por criar a cratera de Chicxulub.<\/p>\n\n\n\n<h2 class=\"wp-block-heading\">Curiosidades sobre meteoros<\/h2>\n\n\n\n<ul class=\"wp-block-list\">\n<li>O meteoro mais r\u00e1pido j\u00e1 registrado entrou na atmosfera terrestre em 1969, no estado americano do Novo M\u00e9xico, viajando a uma impressionante velocidade de 72 km\/s.<\/li>\n\n\n\n<li>Alguns meteoritos estudados na Terra t\u00eam origem em Marte ou na Lua, evidenciando a for\u00e7a dos impactos que os ejetaram de seus corpos de origem.<\/li>\n\n\n\n<li>Meteoritos s\u00e3o tesouros cient\u00edficos, pois cont\u00eam material primitivo que n\u00e3o mudou significativamente desde sua forma\u00e7\u00e3o.<\/li>\n<\/ul>\n\n\n\n<p>Atrav\u00e9s da observa\u00e7\u00e3o e estudo dos meteoros, n\u00e3o apenas apreciamos uma maravilha natural, mas tamb\u00e9m expandimos nosso conhecimento sobre a infinita tape\u00e7aria do cosmos. Estes mensageiros do espa\u00e7o oferecem um vislumbre do desconhecido e inspiram gera\u00e7\u00f5es a explorar as origens do universo.<\/p>\n","protected":false},"excerpt":{"rendered":"<p>Na noite de 19 de setembro de 2024, uma surpreendente &#8220;bola de fogo verde&#8221; iluminou o c\u00e9u de v\u00e1rias cidades nos estados de Minas Gerais, S\u00e3o Paulo e Goi\u00e1s, no Brasil. O fen\u00f4meno, inicialmente interpretado por alguns como um poss\u00edvel objeto voador n\u00e3o identificado (\u00f3vni), logo foi esclarecido pela Rede Brasileira de Observa\u00e7\u00e3o de Meteoros [&hellip;]<\/p>\n","protected":false},"author":7,"featured_media":3790,"comment_status":"open","ping_status":"open","sticky":false,"template":"","format":"standard","meta":{"jnews-multi-image_gallery":[],"jnews_single_post":{"format":"standard"},"jnews_primary_category":[],"jnews_social_meta":[],"jnews_override_counter":[],"footnotes":""},"categories":[26],"tags":[1708,1706,1704,1705,1707],"class_list":["post-3787","post","type-post","status-publish","format-standard","has-post-thumbnail","hentry","category-cidades","tag-astronomia","tag-espaco","tag-meteorito","tag-meteoro","tag-pedra"],"yoast_head":"<!-- This site is optimized with the Yoast SEO plugin v23.8 - https:\/\/yoast.com\/wordpress\/plugins\/seo\/ -->\n<title>Um visitante do espa\u00e7o em Minas! - Estado de Minas - Em foco<\/title>\n<meta name=\"description\" content=\"Explore o fascinante mundo dos meteoritos, desde suas origens no espa\u00e7o at\u00e9 suas deslumbrantes exibi\u00e7\u00f5es em nossa atmosfera, e descubra como esses visitantes celestes nos cativam e educam.\" \/>\n<meta name=\"robots\" content=\"index, follow, max-snippet:-1, max-image-preview:large, max-video-preview:-1\" \/>\n<link rel=\"canonical\" href=\"https:\/\/www.em.com.br\/emfoco\/2024\/12\/09\/um-visitante-do-espaco-em-minas\/\" \/>\n<meta property=\"og:locale\" content=\"pt_BR\" \/>\n<meta property=\"og:type\" content=\"article\" \/>\n<meta property=\"og:title\" content=\"Um visitante do espa\u00e7o em Minas! - Estado de Minas - Em foco\" \/>\n<meta property=\"og:description\" content=\"Explore o fascinante mundo dos meteoritos, desde suas origens no espa\u00e7o at\u00e9 suas deslumbrantes exibi\u00e7\u00f5es em nossa atmosfera, e descubra como esses visitantes celestes nos cativam e educam.\" \/>\n<meta property=\"og:url\" content=\"https:\/\/www.em.com.br\/emfoco\/2024\/12\/09\/um-visitante-do-espaco-em-minas\/\" \/>\n<meta property=\"og:site_name\" content=\"Estado de Minas - Em foco\" \/>\n<meta property=\"article:published_time\" content=\"2024-12-09T15:40:00+00:00\" \/>\n<meta property=\"article:modified_time\" content=\"2024-12-08T13:53:04+00:00\" \/>\n<meta property=\"og:image\" content=\"https:\/\/www.em.com.br\/emfoco\/wp-content\/uploads\/2024\/12\/Meteoro_1733629570635.jpg\" \/>\n\t<meta property=\"og:image:width\" content=\"1280\" \/>\n\t<meta property=\"og:image:height\" content=\"720\" \/>\n\t<meta property=\"og:image:type\" content=\"image\/jpeg\" \/>\n<meta name=\"author\" content=\"Kelvin\" \/>\n<meta name=\"twitter:card\" content=\"summary_large_image\" \/>\n<meta name=\"twitter:label1\" content=\"Escrito por\" \/>\n\t<meta name=\"twitter:data1\" content=\"Kelvin\" \/>\n\t<meta name=\"twitter:label2\" content=\"Est. tempo de leitura\" \/>\n\t<meta name=\"twitter:data2\" content=\"5 minutos\" \/>\n<!-- \/ Yoast SEO plugin. -->","yoast_head_json":{"title":"Um visitante do espa\u00e7o em Minas! - Estado de Minas - Em foco","description":"Explore o fascinante mundo dos meteoritos, desde suas origens no espa\u00e7o at\u00e9 suas deslumbrantes exibi\u00e7\u00f5es em nossa atmosfera, e descubra como esses visitantes celestes nos cativam e educam.","robots":{"index":"index","follow":"follow","max-snippet":"max-snippet:-1","max-image-preview":"max-image-preview:large","max-video-preview":"max-video-preview:-1"},"canonical":"https:\/\/www.em.com.br\/emfoco\/2024\/12\/09\/um-visitante-do-espaco-em-minas\/","og_locale":"pt_BR","og_type":"article","og_title":"Um visitante do espa\u00e7o em Minas! - Estado de Minas - Em foco","og_description":"Explore o fascinante mundo dos meteoritos, desde suas origens no espa\u00e7o at\u00e9 suas deslumbrantes exibi\u00e7\u00f5es em nossa atmosfera, e descubra como esses visitantes celestes nos cativam e educam.","og_url":"https:\/\/www.em.com.br\/emfoco\/2024\/12\/09\/um-visitante-do-espaco-em-minas\/","og_site_name":"Estado de Minas - Em foco","article_published_time":"2024-12-09T15:40:00+00:00","article_modified_time":"2024-12-08T13:53:04+00:00","og_image":[{"width":1280,"height":720,"url":"https:\/\/www.em.com.br\/emfoco\/wp-content\/uploads\/2024\/12\/Meteoro_1733629570635.jpg","type":"image\/jpeg"}],"author":"Kelvin","twitter_card":"summary_large_image","twitter_misc":{"Escrito por":"Kelvin","Est. tempo de leitura":"5 minutos"},"schema":{"@context":"https:\/\/schema.org","@graph":[{"@type":"WebPage","@id":"https:\/\/www.em.com.br\/emfoco\/2024\/12\/09\/um-visitante-do-espaco-em-minas\/","url":"https:\/\/www.em.com.br\/emfoco\/2024\/12\/09\/um-visitante-do-espaco-em-minas\/","name":"Um visitante do espa\u00e7o em Minas! - Estado de Minas - Em foco","isPartOf":{"@id":"https:\/\/www.em.com.br\/emfoco\/#website"},"primaryImageOfPage":{"@id":"https:\/\/www.em.com.br\/emfoco\/2024\/12\/09\/um-visitante-do-espaco-em-minas\/#primaryimage"},"image":{"@id":"https:\/\/www.em.com.br\/emfoco\/2024\/12\/09\/um-visitante-do-espaco-em-minas\/#primaryimage"},"thumbnailUrl":"https:\/\/www.em.com.br\/emfoco\/wp-content\/uploads\/2024\/12\/Meteoro_1733629570635.jpg","datePublished":"2024-12-09T15:40:00+00:00","dateModified":"2024-12-08T13:53:04+00:00","author":{"@id":"https:\/\/www.em.com.br\/emfoco\/#\/schema\/person\/fb0a7f48c6fbb94b83f413a80f61917d"},"description":"Explore o fascinante mundo dos meteoritos, desde suas origens no espa\u00e7o at\u00e9 suas deslumbrantes exibi\u00e7\u00f5es em nossa atmosfera, e descubra como esses visitantes celestes nos cativam e educam.","breadcrumb":{"@id":"https:\/\/www.em.com.br\/emfoco\/2024\/12\/09\/um-visitante-do-espaco-em-minas\/#breadcrumb"},"inLanguage":"pt-BR","potentialAction":[{"@type":"ReadAction","target":["https:\/\/www.em.com.br\/emfoco\/2024\/12\/09\/um-visitante-do-espaco-em-minas\/"]}]},{"@type":"ImageObject","inLanguage":"pt-BR","@id":"https:\/\/www.em.com.br\/emfoco\/2024\/12\/09\/um-visitante-do-espaco-em-minas\/#primaryimage","url":"https:\/\/www.em.com.br\/emfoco\/wp-content\/uploads\/2024\/12\/Meteoro_1733629570635.jpg","contentUrl":"https:\/\/www.em.com.br\/emfoco\/wp-content\/uploads\/2024\/12\/Meteoro_1733629570635.jpg","width":1280,"height":720,"caption":"Meteoro - Cr\u00e9ditos: depositphotos.com \/ rfphoto"},{"@type":"BreadcrumbList","@id":"https:\/\/www.em.com.br\/emfoco\/2024\/12\/09\/um-visitante-do-espaco-em-minas\/#breadcrumb","itemListElement":[{"@type":"ListItem","position":1,"name":"In\u00edcio","item":"https:\/\/www.em.com.br\/emfoco\/"},{"@type":"ListItem","position":2,"name":"Um visitante do espa\u00e7o em Minas!"}]},{"@type":"WebSite","@id":"https:\/\/www.em.com.br\/emfoco\/#website","url":"https:\/\/www.em.com.br\/emfoco\/","name":"Estado de Minas - Em foco","description":"Acompanhe as \u00faltimas not\u00edcias e fique bem informado sobre tudo o que acontece em Minas Gerais, Brasil e no mundo.","potentialAction":[{"@type":"SearchAction","target":{"@type":"EntryPoint","urlTemplate":"https:\/\/www.em.com.br\/emfoco\/?s={search_term_string}"},"query-input":{"@type":"PropertyValueSpecification","valueRequired":true,"valueName":"search_term_string"}}],"inLanguage":"pt-BR"},{"@type":"Person","@id":"https:\/\/www.em.com.br\/emfoco\/#\/schema\/person\/fb0a7f48c6fbb94b83f413a80f61917d","name":"Kelvin","image":{"@type":"ImageObject","inLanguage":"pt-BR","@id":"https:\/\/www.em.com.br\/emfoco\/#\/schema\/person\/image\/","url":"https:\/\/secure.gravatar.com\/avatar\/e74f84337e6bf6c4c5e88fbdffa05270?s=96&d=mm&r=g","contentUrl":"https:\/\/secure.gravatar.com\/avatar\/e74f84337e6bf6c4c5e88fbdffa05270?s=96&d=mm&r=g","caption":"Kelvin"},"sameAs":["https:\/\/www.em.com.br\/emfoco"],"url":"https:\/\/www.em.com.br\/emfoco\/author\/kelvinmyth\/"}]}},"_links":{"self":[{"href":"https:\/\/www.em.com.br\/emfoco\/wp-json\/wp\/v2\/posts\/3787","targetHints":{"allow":["GET"]}}],"collection":[{"href":"https:\/\/www.em.com.br\/emfoco\/wp-json\/wp\/v2\/posts"}],"about":[{"href":"https:\/\/www.em.com.br\/emfoco\/wp-json\/wp\/v2\/types\/post"}],"author":[{"embeddable":true,"href":"https:\/\/www.em.com.br\/emfoco\/wp-json\/wp\/v2\/users\/7"}],"replies":[{"embeddable":true,"href":"https:\/\/www.em.com.br\/emfoco\/wp-json\/wp\/v2\/comments?post=3787"}],"version-history":[{"count":3,"href":"https:\/\/www.em.com.br\/emfoco\/wp-json\/wp\/v2\/posts\/3787\/revisions"}],"predecessor-version":[{"id":3863,"href":"https:\/\/www.em.com.br\/emfoco\/wp-json\/wp\/v2\/posts\/3787\/revisions\/3863"}],"wp:featuredmedia":[{"embeddable":true,"href":"https:\/\/www.em.com.br\/emfoco\/wp-json\/wp\/v2\/media\/3790"}],"wp:attachment":[{"href":"https:\/\/www.em.com.br\/emfoco\/wp-json\/wp\/v2\/media?parent=3787"}],"wp:term":[{"taxonomy":"category","embeddable":true,"href":"https:\/\/www.em.com.br\/emfoco\/wp-json\/wp\/v2\/categories?post=3787"},{"taxonomy":"post_tag","embeddable":true,"href":"https:\/\/www.em.com.br\/emfoco\/wp-json\/wp\/v2\/tags?post=3787"}],"curies":[{"name":"wp","href":"https:\/\/api.w.org\/{rel}","templated":true}]}}