{"id":37833,"date":"2025-04-13T20:20:00","date_gmt":"2025-04-13T23:20:00","guid":{"rendered":"https:\/\/www.em.com.br\/emfoco\/?p=37833"},"modified":"2025-04-12T15:03:49","modified_gmt":"2025-04-12T18:03:49","slug":"calendario-do-13o-salario-do-inss-2025-confira-datas-por-final-do-beneficio","status":"publish","type":"post","link":"https:\/\/www.em.com.br\/emfoco\/2025\/04\/13\/calendario-do-13o-salario-do-inss-2025-confira-datas-por-final-do-beneficio\/","title":{"rendered":"Calend\u00e1rio do 13\u00ba sal\u00e1rio do INSS 2025; confira datas por final do benef\u00edcio"},"content":{"rendered":"\n<p>Em 2025, o <strong><a href=\"https:\/\/www.gov.br\/inss\/pt-br\" target=\"_blank\" rel=\"noreferrer noopener\">Instituto Nacional do Seguro Social (INSS)<\/a><\/strong> antecipar\u00e1 a primeira parcela do 13\u00ba sal\u00e1rio para 34,2 milh\u00f5es de aposentados, pensionistas e benefici\u00e1rios de aux\u00edlios. Este pagamento, que representa 50% da gratifica\u00e7\u00e3o natalina, ser\u00e1 realizado entre 24 de abril e 8 de maio, juntamente com o benef\u00edcio mensal. A segunda parcela est\u00e1 programada para ser paga entre 26 de maio e 6 de junho.<\/p>\n\n\n\n<p>A medida, solicitada pelo ministro da Previd\u00eancia Social, <strong>Carlos Lupi<\/strong>, e oficializada por decreto presidencial, injetar\u00e1 R$ 73,3 bilh\u00f5es na economia. O objetivo \u00e9 proporcionar um al\u00edvio financeiro aos benefici\u00e1rios e estimular o consumo, contribuindo para a arrecada\u00e7\u00e3o de impostos que retornam aos cofres p\u00fablicos.<\/p>\n\n\n\n<h2 class=\"wp-block-heading\">Como consultar o extrato de pagamento do INSS?<\/h2>\n\n\n\n<p>Os benefici\u00e1rios podem consultar o valor da primeira parcela do 13\u00ba sal\u00e1rio atrav\u00e9s da Central de Atendimento 135 ou pelo portal <strong>Meu INSS<\/strong> a partir de 17 de abril. Para acessar o extrato de pagamento, \u00e9 necess\u00e1rio seguir os passos abaixo:<\/p>\n\n\n\n<ul class=\"wp-block-list\">\n<li>Acesse o site ou aplicativo Meu INSS.<\/li>\n\n\n\n<li>Informe seu CPF e senha.<\/li>\n\n\n\n<li>Clique no campo \u201cDo que voc\u00ea precisa?\u201d e escreva \u201cextrato de pagamento\u201d.<\/li>\n\n\n\n<li>Selecione o servi\u00e7o e baixe o documento.<\/li>\n<\/ul>\n\n\n\n<h2 class=\"wp-block-heading\">Qual \u00e9 o calend\u00e1rio de pagamento do 13\u00ba sal\u00e1rio?<\/h2>\n\n\n\n<p>O<a href=\"https:\/\/www.em.com.br\/emfoco\/2024\/11\/19\/inss-hoje-anuncia-calendario-de-pagamento-do-13o-salario-para-2024\/\" target=\"_blank\" rel=\"noreferrer noopener\"> <strong>calend\u00e1rio de pagamento do 13\u00ba sal\u00e1rio<\/strong><\/a> leva em considera\u00e7\u00e3o o n\u00famero final do cart\u00e3o de benef\u00edcio, sem o d\u00edgito verificador. Benefici\u00e1rios que recebem at\u00e9 um <strong>sal\u00e1rio-m\u00ednimo<\/strong> ter\u00e3o o cr\u00e9dito da primeira parcela entre 24 de abril e 8 de maio. Aqueles que recebem acima do piso nacional ter\u00e3o o pagamento realizado de 2 a 8 de maio.<\/p>\n\n\n\n<figure class=\"wp-block-image\"><img decoding=\"async\" src=\"https:\/\/www.em.com.br\/emfoco\/wp-content\/uploads\/2025\/03\/INSS-1024x576.jpg\" alt=\"\"\/><figcaption class=\"wp-element-caption\">INSS atendimento &#8211; Agencia INSS &#8211; Cr\u00e9ditos: Divulga\u00e7\u00e3o \/ Ag\u00eancia Brasil<\/figcaption><\/figure>\n\n\n\n<p><strong>At\u00e9 um sal\u00e1rio-m\u00ednimo:<\/strong><\/p>\n\n\n\n<ul class=\"wp-block-list\">\n<li>Final 1: 24 de abril<\/li>\n\n\n\n<li>Final 2: 25 de abril<\/li>\n\n\n\n<li>Final 3: 28 de abril<\/li>\n\n\n\n<li>Final 4: 29 de abril<\/li>\n\n\n\n<li>Final 5: 30 de abril<\/li>\n\n\n\n<li>Final 6: 2 de maio<\/li>\n\n\n\n<li>Final 7: 5 de maio<\/li>\n\n\n\n<li>Final 8: 6 de maio<\/li>\n\n\n\n<li>Final 9: 7 de maio<\/li>\n\n\n\n<li>Final 0: 8 de maio<\/li>\n<\/ul>\n\n\n\n<p><strong>Acima do piso nacional:<\/strong><\/p>\n\n\n\n<ul class=\"wp-block-list\">\n<li>Finais 1 e 6: 2 de maio<\/li>\n\n\n\n<li>Finais 2 e 7: 5 de maio<\/li>\n\n\n\n<li>Finais 3 e 8: 6 de maio<\/li>\n\n\n\n<li>Finais 4 e 9: 7 de maio<\/li>\n\n\n\n<li>Finais 5 e 0: 8 de maio<\/li>\n<\/ul>\n\n\n\n<h2 class=\"wp-block-heading\">Impacto econ\u00f4mico por regi\u00e3o<\/h2>\n\n\n\n<p>A distribui\u00e7\u00e3o dos recursos do 13\u00ba sal\u00e1rio varia entre as regi\u00f5es do Brasil. A Regi\u00e3o Sudeste receber\u00e1 a maior parte, com R$ 36,2 bilh\u00f5es, seguida pelo Nordeste com R$ 15,76 bilh\u00f5es e pelo Sul com R$ 13,6 bilh\u00f5es. O Centro-Oeste e o Norte receber\u00e3o R$ 4 bilh\u00f5es e R$ 3 bilh\u00f5es, respectivamente.<\/p>\n\n\n\n<ul class=\"wp-block-list\">\n<li>Norte: R$ 3,09 bilh\u00f5es<\/li>\n\n\n\n<li>Nordeste: R$ 15,76 bilh\u00f5es<\/li>\n\n\n\n<li>Sudeste: R$ 36,21 bilh\u00f5es<\/li>\n\n\n\n<li>Sul: R$ 13,6 bilh\u00f5es<\/li>\n\n\n\n<li>Centro-Oeste: R$ 4,06 bilh\u00f5es<\/li>\n<\/ul>\n\n\n\n<h2 class=\"wp-block-heading\">Como obter informa\u00e7\u00f5es pelo telefone?<\/h2>\n\n\n\n<p>Para aqueles que n\u00e3o t\u00eam acesso \u00e0 internet, \u00e9 poss\u00edvel obter informa\u00e7\u00f5es sobre o pagamento ligando para a Central 135. O atendimento est\u00e1 dispon\u00edvel de segunda a s\u00e1bado, das 7h \u00e0s 22h. Durante a liga\u00e7\u00e3o, ser\u00e1 necess\u00e1rio informar o n\u00famero do CPF e confirmar alguns dados cadastrais.<\/p>\n","protected":false},"excerpt":{"rendered":"<p>Em 2025, o Instituto Nacional do Seguro Social (INSS) antecipar\u00e1 a primeira parcela do 13\u00ba sal\u00e1rio para 34,2 milh\u00f5es de aposentados, pensionistas e benefici\u00e1rios de aux\u00edlios. Este pagamento, que representa 50% da gratifica\u00e7\u00e3o natalina, ser\u00e1 realizado entre 24 de abril e 8 de maio, juntamente com o benef\u00edcio mensal. A segunda parcela est\u00e1 programada para [&hellip;]<\/p>\n","protected":false},"author":11,"featured_media":28204,"comment_status":"open","ping_status":"open","sticky":false,"template":"","format":"standard","meta":{"jnews-multi-image_gallery":[],"jnews_single_post":{"format":"standard"},"jnews_primary_category":[],"jnews_social_meta":[],"jnews_override_counter":[],"footnotes":""},"categories":[28,1],"tags":[7048,174,1390],"class_list":["post-37833","post","type-post","status-publish","format-standard","has-post-thumbnail","hentry","category-economia","category-noticias","tag-13o-salario-inss","tag-inss","tag-pagamentos-inss"],"yoast_head":"<!-- This site is optimized with the Yoast SEO plugin v23.8 - https:\/\/yoast.com\/wordpress\/plugins\/seo\/ -->\n<title>Calend\u00e1rio do 13\u00ba sal\u00e1rio do INSS 2025; confira datas por final do benef\u00edcio - Estado de Minas - Em foco<\/title>\n<meta name=\"description\" content=\"Veja as datas de pagamento da primeira parcela do 13\u00ba sal\u00e1rio do INSS, organizadas por n\u00famero final do cart\u00e3o.\" \/>\n<meta name=\"robots\" content=\"index, follow, max-snippet:-1, max-image-preview:large, max-video-preview:-1\" \/>\n<link rel=\"canonical\" href=\"https:\/\/www.em.com.br\/emfoco\/2025\/04\/13\/calendario-do-13o-salario-do-inss-2025-confira-datas-por-final-do-beneficio\/\" \/>\n<meta property=\"og:locale\" content=\"pt_BR\" \/>\n<meta property=\"og:type\" content=\"article\" \/>\n<meta property=\"og:title\" content=\"Calend\u00e1rio do 13\u00ba sal\u00e1rio do INSS 2025; confira datas por final do benef\u00edcio - Estado de Minas - Em foco\" \/>\n<meta property=\"og:description\" content=\"Veja as datas de pagamento da primeira parcela do 13\u00ba sal\u00e1rio do INSS, organizadas por n\u00famero final do cart\u00e3o.\" \/>\n<meta property=\"og:url\" content=\"https:\/\/www.em.com.br\/emfoco\/2025\/04\/13\/calendario-do-13o-salario-do-inss-2025-confira-datas-por-final-do-beneficio\/\" \/>\n<meta property=\"og:site_name\" content=\"Estado de Minas - Em foco\" \/>\n<meta property=\"article:published_time\" content=\"2025-04-13T23:20:00+00:00\" \/>\n<meta property=\"article:modified_time\" content=\"2025-04-12T18:03:49+00:00\" \/>\n<meta property=\"og:image\" content=\"https:\/\/www.em.com.br\/emfoco\/wp-content\/uploads\/2025\/03\/salario-brasil_1741821655132.jpg\" \/>\n\t<meta property=\"og:image:width\" content=\"1280\" \/>\n\t<meta property=\"og:image:height\" content=\"720\" \/>\n\t<meta property=\"og:image:type\" content=\"image\/jpeg\" \/>\n<meta name=\"author\" content=\"Andre\u0301 Rangel\u00a0\" \/>\n<meta name=\"twitter:card\" content=\"summary_large_image\" \/>\n<meta name=\"twitter:label1\" content=\"Escrito por\" \/>\n\t<meta name=\"twitter:data1\" content=\"Andre\u0301 Rangel\u00a0\" \/>\n\t<meta name=\"twitter:label2\" content=\"Est. tempo de leitura\" \/>\n\t<meta name=\"twitter:data2\" content=\"4 minutos\" \/>\n<!-- \/ Yoast SEO plugin. -->","yoast_head_json":{"title":"Calend\u00e1rio do 13\u00ba sal\u00e1rio do INSS 2025; confira datas por final do benef\u00edcio - Estado de Minas - Em foco","description":"Veja as datas de pagamento da primeira parcela do 13\u00ba sal\u00e1rio do INSS, organizadas por n\u00famero final do cart\u00e3o.","robots":{"index":"index","follow":"follow","max-snippet":"max-snippet:-1","max-image-preview":"max-image-preview:large","max-video-preview":"max-video-preview:-1"},"canonical":"https:\/\/www.em.com.br\/emfoco\/2025\/04\/13\/calendario-do-13o-salario-do-inss-2025-confira-datas-por-final-do-beneficio\/","og_locale":"pt_BR","og_type":"article","og_title":"Calend\u00e1rio do 13\u00ba sal\u00e1rio do INSS 2025; confira datas por final do benef\u00edcio - Estado de Minas - Em foco","og_description":"Veja as datas de pagamento da primeira parcela do 13\u00ba sal\u00e1rio do INSS, organizadas por n\u00famero final do cart\u00e3o.","og_url":"https:\/\/www.em.com.br\/emfoco\/2025\/04\/13\/calendario-do-13o-salario-do-inss-2025-confira-datas-por-final-do-beneficio\/","og_site_name":"Estado de Minas - Em foco","article_published_time":"2025-04-13T23:20:00+00:00","article_modified_time":"2025-04-12T18:03:49+00:00","og_image":[{"width":1280,"height":720,"url":"https:\/\/www.em.com.br\/emfoco\/wp-content\/uploads\/2025\/03\/salario-brasil_1741821655132.jpg","type":"image\/jpeg"}],"author":"Andre\u0301 Rangel\u00a0","twitter_card":"summary_large_image","twitter_misc":{"Escrito por":"Andre\u0301 Rangel\u00a0","Est. tempo de leitura":"4 minutos"},"schema":{"@context":"https:\/\/schema.org","@graph":[{"@type":"WebPage","@id":"https:\/\/www.em.com.br\/emfoco\/2025\/04\/13\/calendario-do-13o-salario-do-inss-2025-confira-datas-por-final-do-beneficio\/","url":"https:\/\/www.em.com.br\/emfoco\/2025\/04\/13\/calendario-do-13o-salario-do-inss-2025-confira-datas-por-final-do-beneficio\/","name":"Calend\u00e1rio do 13\u00ba sal\u00e1rio do INSS 2025; confira datas por final do benef\u00edcio - Estado de Minas - Em foco","isPartOf":{"@id":"https:\/\/www.em.com.br\/emfoco\/#website"},"primaryImageOfPage":{"@id":"https:\/\/www.em.com.br\/emfoco\/2025\/04\/13\/calendario-do-13o-salario-do-inss-2025-confira-datas-por-final-do-beneficio\/#primaryimage"},"image":{"@id":"https:\/\/www.em.com.br\/emfoco\/2025\/04\/13\/calendario-do-13o-salario-do-inss-2025-confira-datas-por-final-do-beneficio\/#primaryimage"},"thumbnailUrl":"https:\/\/www.em.com.br\/emfoco\/wp-content\/uploads\/2025\/03\/salario-brasil_1741821655132.jpg","datePublished":"2025-04-13T23:20:00+00:00","dateModified":"2025-04-12T18:03:49+00:00","author":{"@id":"https:\/\/www.em.com.br\/emfoco\/#\/schema\/person\/60eda09c1fedf0d6891f4cef4b60b8b8"},"description":"Veja as datas de pagamento da primeira parcela do 13\u00ba sal\u00e1rio do INSS, organizadas por n\u00famero final do cart\u00e3o.","breadcrumb":{"@id":"https:\/\/www.em.com.br\/emfoco\/2025\/04\/13\/calendario-do-13o-salario-do-inss-2025-confira-datas-por-final-do-beneficio\/#breadcrumb"},"inLanguage":"pt-BR","potentialAction":[{"@type":"ReadAction","target":["https:\/\/www.em.com.br\/emfoco\/2025\/04\/13\/calendario-do-13o-salario-do-inss-2025-confira-datas-por-final-do-beneficio\/"]}]},{"@type":"ImageObject","inLanguage":"pt-BR","@id":"https:\/\/www.em.com.br\/emfoco\/2025\/04\/13\/calendario-do-13o-salario-do-inss-2025-confira-datas-por-final-do-beneficio\/#primaryimage","url":"https:\/\/www.em.com.br\/emfoco\/wp-content\/uploads\/2025\/03\/salario-brasil_1741821655132.jpg","contentUrl":"https:\/\/www.em.com.br\/emfoco\/wp-content\/uploads\/2025\/03\/salario-brasil_1741821655132.jpg","width":1280,"height":720,"caption":"Antecipa\u00e7\u00e3o do 13\u00ba sal\u00e1rio vira o maior al\u00edvio do CLT - Cr\u00e9ditos: depositphotos.com \/ j.dudzinski"},{"@type":"BreadcrumbList","@id":"https:\/\/www.em.com.br\/emfoco\/2025\/04\/13\/calendario-do-13o-salario-do-inss-2025-confira-datas-por-final-do-beneficio\/#breadcrumb","itemListElement":[{"@type":"ListItem","position":1,"name":"In\u00edcio","item":"https:\/\/www.em.com.br\/emfoco\/"},{"@type":"ListItem","position":2,"name":"Calend\u00e1rio do 13\u00ba sal\u00e1rio do INSS 2025; confira datas por final do benef\u00edcio"}]},{"@type":"WebSite","@id":"https:\/\/www.em.com.br\/emfoco\/#website","url":"https:\/\/www.em.com.br\/emfoco\/","name":"Estado de Minas - Em foco","description":"Acompanhe as \u00faltimas not\u00edcias e fique bem informado sobre tudo o que acontece em Minas Gerais, Brasil e no mundo.","potentialAction":[{"@type":"SearchAction","target":{"@type":"EntryPoint","urlTemplate":"https:\/\/www.em.com.br\/emfoco\/?s={search_term_string}"},"query-input":{"@type":"PropertyValueSpecification","valueRequired":true,"valueName":"search_term_string"}}],"inLanguage":"pt-BR"},{"@type":"Person","@id":"https:\/\/www.em.com.br\/emfoco\/#\/schema\/person\/60eda09c1fedf0d6891f4cef4b60b8b8","name":"Andre\u0301 Rangel\u00a0","image":{"@type":"ImageObject","inLanguage":"pt-BR","@id":"https:\/\/www.em.com.br\/emfoco\/#\/schema\/person\/image\/","url":"https:\/\/secure.gravatar.com\/avatar\/6234dc814c77c8ef6d8bba622c787efc?s=96&d=mm&r=g","contentUrl":"https:\/\/secure.gravatar.com\/avatar\/6234dc814c77c8ef6d8bba622c787efc?s=96&d=mm&r=g","caption":"Andre\u0301 Rangel\u00a0"},"url":"https:\/\/www.em.com.br\/emfoco\/author\/luizmyth\/"}]}},"_links":{"self":[{"href":"https:\/\/www.em.com.br\/emfoco\/wp-json\/wp\/v2\/posts\/37833","targetHints":{"allow":["GET"]}}],"collection":[{"href":"https:\/\/www.em.com.br\/emfoco\/wp-json\/wp\/v2\/posts"}],"about":[{"href":"https:\/\/www.em.com.br\/emfoco\/wp-json\/wp\/v2\/types\/post"}],"author":[{"embeddable":true,"href":"https:\/\/www.em.com.br\/emfoco\/wp-json\/wp\/v2\/users\/11"}],"replies":[{"embeddable":true,"href":"https:\/\/www.em.com.br\/emfoco\/wp-json\/wp\/v2\/comments?post=37833"}],"version-history":[{"count":4,"href":"https:\/\/www.em.com.br\/emfoco\/wp-json\/wp\/v2\/posts\/37833\/revisions"}],"predecessor-version":[{"id":37902,"href":"https:\/\/www.em.com.br\/emfoco\/wp-json\/wp\/v2\/posts\/37833\/revisions\/37902"}],"wp:featuredmedia":[{"embeddable":true,"href":"https:\/\/www.em.com.br\/emfoco\/wp-json\/wp\/v2\/media\/28204"}],"wp:attachment":[{"href":"https:\/\/www.em.com.br\/emfoco\/wp-json\/wp\/v2\/media?parent=37833"}],"wp:term":[{"taxonomy":"category","embeddable":true,"href":"https:\/\/www.em.com.br\/emfoco\/wp-json\/wp\/v2\/categories?post=37833"},{"taxonomy":"post_tag","embeddable":true,"href":"https:\/\/www.em.com.br\/emfoco\/wp-json\/wp\/v2\/tags?post=37833"}],"curies":[{"name":"wp","href":"https:\/\/api.w.org\/{rel}","templated":true}]}}