{"id":37827,"date":"2025-04-13T17:00:00","date_gmt":"2025-04-13T20:00:00","guid":{"rendered":"https:\/\/www.em.com.br\/emfoco\/?p=37827"},"modified":"2025-04-12T15:01:16","modified_gmt":"2025-04-12T18:01:16","slug":"bpc-ou-aposentadoria-entenda-as-diferencas-e-requisitos","status":"publish","type":"post","link":"https:\/\/www.em.com.br\/emfoco\/2025\/04\/13\/bpc-ou-aposentadoria-entenda-as-diferencas-e-requisitos\/","title":{"rendered":"BPC ou aposentadoria? Entenda as diferen\u00e7as e requisitos"},"content":{"rendered":"\n<p>O <a href=\"https:\/\/www.em.com.br\/emfoco\/2025\/04\/11\/bpc-em-risco-inss-vai-revisar-800-mil-cadastros-e-cortar-quem-nao-estiver-regular\/\" target=\"_blank\" rel=\"noreferrer noopener\"><strong>Benef\u00edcio de Presta\u00e7\u00e3o Continuada (BPC)<\/strong> <\/a>\u00e9 uma pol\u00edtica p\u00fablica essencial para garantir suporte financeiro a indiv\u00edduos em situa\u00e7\u00e3o de vulnerabilidade. Em 2025, o valor do benef\u00edcio \u00e9 de <strong>R$ 1.518<\/strong>, equivalente ao sal\u00e1rio m\u00ednimo. Este programa, administrado pelo <strong><a href=\"https:\/\/www.gov.br\/inss\/pt-br\" target=\"_blank\" rel=\"noreferrer noopener\">Instituto Nacional do Seguro Social (INSS)<\/a><\/strong>, visa garantir uma renda m\u00ednima para idosos e pessoas com defici\u00eancia que n\u00e3o t\u00eam meios de sustento. No entanto, voc\u00ea sabe como garantir esse benef\u00edcio? Continue lendo para descobrir!<\/p>\n\n\n\n<h2 class=\"wp-block-heading\">&#8220;BPC ou aposentadoria? Entenda as diferen\u00e7as e requisitos&#8221;<\/h2>\n\n\n\n<p>Muitas pessoas confundem o BPC com a aposentadoria, mas ele n\u00e3o exige contribui\u00e7\u00f5es pr\u00e9vias \u00e0 <strong>Previd\u00eancia Social<\/strong>. Isso significa que qualquer pessoa em situa\u00e7\u00e3o de vulnerabilidade financeira, mesmo aquelas que n\u00e3o puderam contribuir ao longo da vida, pode ser beneficiada. Para idosos, o BPC \u00e9 concedido a partir dos 65 anos, enquanto pessoas com defici\u00eancia podem receber o benef\u00edcio independentemente da idade, desde que a defici\u00eancia impacte sua participa\u00e7\u00e3o social.<\/p>\n\n\n\n<h2 class=\"wp-block-heading\">&#8220;Crit\u00e9rios de elegibilidade do BPC: amplia\u00e7\u00e3o em 2025&#8221;<\/h2>\n\n\n\n<p>Em 2025, o BPC passou por uma amplia\u00e7\u00e3o significativa nos crit\u00e9rios de elegibilidade. Agora, pessoas com defici\u00eancias mais leves tamb\u00e9m podem se qualificar para o benef\u00edcio. Essa medida amplia o alcance do programa, ajudando ainda mais cidad\u00e3os que necessitam de apoio financeiro. Para garantir o benef\u00edcio, a renda familiar per capita n\u00e3o pode ultrapassar R$ 379,50 mensais, e o solicitante deve estar inscrito no <strong>Cadastro \u00danico (Cad\u00danico)<\/strong>.<\/p>\n\n\n\n<figure class=\"wp-block-image\"><img decoding=\"async\" src=\"https:\/\/www.em.com.br\/emfoco\/wp-content\/uploads\/2025\/03\/bpc-carrossel-1024x576.jpg\" alt=\"\"\/><figcaption class=\"wp-element-caption\">BPC &#8211; Cr\u00e9ditos: Divulga\u00e7\u00e3o\/Gov.br<\/figcaption><\/figure>\n\n\n\n<h2 class=\"wp-block-heading\">&#8220;Como solicitar o BPC: passo a passo para garantir seu benef\u00edcio&#8221;<\/h2>\n\n\n\n<p>Solicitar o BPC \u00e9 um processo simples e gratuito. O pedido pode ser feito diretamente na <strong>plataforma Meu INSS<\/strong>, por meio do site ou aplicativo, ou presencialmente em uma <strong>ag\u00eancia do INSS<\/strong>. Em 2025, o INSS tamb\u00e9m implementou mudan\u00e7as importantes para facilitar o acesso ao benef\u00edcio, como a amplia\u00e7\u00e3o dos crit\u00e9rios de defici\u00eancia e a\u00e7\u00f5es de busca ativa para identificar poss\u00edveis benefici\u00e1rios que ainda n\u00e3o solicitaram o aux\u00edlio.<\/p>\n\n\n\n<h2 class=\"wp-block-heading\">&#8220;O impacto social do BPC: inclus\u00e3o e dignidade para quem mais precisa&#8221;<\/h2>\n\n\n\n<p>O BPC tem um impacto social profundo, promovendo a inclus\u00e3o e reduzindo desigualdades no Brasil. Ao fornecer uma renda m\u00ednima para aqueles que mais precisam, o programa contribui para a melhoria da qualidade de vida e a promo\u00e7\u00e3o da dignidade humana. Em 2025, o BPC continua sendo um pilar importante da assist\u00eancia social do pa\u00eds, garantindo que mais pessoas tenham acesso a condi\u00e7\u00f5es m\u00ednimas de subsist\u00eancia.<\/p>\n","protected":false},"excerpt":{"rendered":"<p>O Benef\u00edcio de Presta\u00e7\u00e3o Continuada (BPC) \u00e9 uma pol\u00edtica p\u00fablica essencial para garantir suporte financeiro a indiv\u00edduos em situa\u00e7\u00e3o de vulnerabilidade. Em 2025, o valor do benef\u00edcio \u00e9 de R$ 1.518, equivalente ao sal\u00e1rio m\u00ednimo. Este programa, administrado pelo Instituto Nacional do Seguro Social (INSS), visa garantir uma renda m\u00ednima para idosos e pessoas com [&hellip;]<\/p>\n","protected":false},"author":11,"featured_media":27044,"comment_status":"open","ping_status":"open","sticky":false,"template":"","format":"standard","meta":{"jnews-multi-image_gallery":[],"jnews_single_post":{"format":"standard"},"jnews_primary_category":[],"jnews_social_meta":[],"jnews_override_counter":[],"footnotes":""},"categories":[28,1],"tags":[257,7392,7086],"class_list":["post-37827","post","type-post","status-publish","format-standard","has-post-thumbnail","hentry","category-economia","category-noticias","tag-bpc","tag-bpc-2025","tag-como-solicitar-bpc"],"yoast_head":"<!-- This site is optimized with the Yoast SEO plugin v23.8 - https:\/\/yoast.com\/wordpress\/plugins\/seo\/ -->\n<title>BPC ou aposentadoria? Entenda as diferen\u00e7as e requisitos - Estado de Minas - Em foco<\/title>\n<meta name=\"description\" content=\"Saiba as principais diferen\u00e7as entre o BPC e a aposentadoria, e entenda os requisitos para garantir este benef\u00edcio.\" \/>\n<meta name=\"robots\" content=\"index, follow, max-snippet:-1, max-image-preview:large, max-video-preview:-1\" \/>\n<link rel=\"canonical\" href=\"https:\/\/www.em.com.br\/emfoco\/2025\/04\/13\/bpc-ou-aposentadoria-entenda-as-diferencas-e-requisitos\/\" \/>\n<meta property=\"og:locale\" content=\"pt_BR\" \/>\n<meta property=\"og:type\" content=\"article\" \/>\n<meta property=\"og:title\" content=\"BPC ou aposentadoria? Entenda as diferen\u00e7as e requisitos - Estado de Minas - Em foco\" \/>\n<meta property=\"og:description\" content=\"Saiba as principais diferen\u00e7as entre o BPC e a aposentadoria, e entenda os requisitos para garantir este benef\u00edcio.\" \/>\n<meta property=\"og:url\" content=\"https:\/\/www.em.com.br\/emfoco\/2025\/04\/13\/bpc-ou-aposentadoria-entenda-as-diferencas-e-requisitos\/\" \/>\n<meta property=\"og:site_name\" content=\"Estado de Minas - Em foco\" \/>\n<meta property=\"article:published_time\" content=\"2025-04-13T20:00:00+00:00\" \/>\n<meta property=\"article:modified_time\" content=\"2025-04-12T18:01:16+00:00\" \/>\n<meta property=\"og:image\" content=\"https:\/\/www.em.com.br\/emfoco\/wp-content\/uploads\/2025\/03\/idoso-pensando_1741627507533.jpg\" \/>\n\t<meta property=\"og:image:width\" content=\"1280\" \/>\n\t<meta property=\"og:image:height\" content=\"720\" \/>\n\t<meta property=\"og:image:type\" content=\"image\/jpeg\" \/>\n<meta name=\"author\" content=\"Andre\u0301 Rangel\u00a0\" \/>\n<meta name=\"twitter:card\" content=\"summary_large_image\" \/>\n<meta name=\"twitter:label1\" content=\"Escrito por\" \/>\n\t<meta name=\"twitter:data1\" content=\"Andre\u0301 Rangel\u00a0\" \/>\n\t<meta name=\"twitter:label2\" content=\"Est. tempo de leitura\" \/>\n\t<meta name=\"twitter:data2\" content=\"3 minutos\" \/>\n<!-- \/ Yoast SEO plugin. -->","yoast_head_json":{"title":"BPC ou aposentadoria? Entenda as diferen\u00e7as e requisitos - Estado de Minas - Em foco","description":"Saiba as principais diferen\u00e7as entre o BPC e a aposentadoria, e entenda os requisitos para garantir este benef\u00edcio.","robots":{"index":"index","follow":"follow","max-snippet":"max-snippet:-1","max-image-preview":"max-image-preview:large","max-video-preview":"max-video-preview:-1"},"canonical":"https:\/\/www.em.com.br\/emfoco\/2025\/04\/13\/bpc-ou-aposentadoria-entenda-as-diferencas-e-requisitos\/","og_locale":"pt_BR","og_type":"article","og_title":"BPC ou aposentadoria? Entenda as diferen\u00e7as e requisitos - Estado de Minas - Em foco","og_description":"Saiba as principais diferen\u00e7as entre o BPC e a aposentadoria, e entenda os requisitos para garantir este benef\u00edcio.","og_url":"https:\/\/www.em.com.br\/emfoco\/2025\/04\/13\/bpc-ou-aposentadoria-entenda-as-diferencas-e-requisitos\/","og_site_name":"Estado de Minas - Em foco","article_published_time":"2025-04-13T20:00:00+00:00","article_modified_time":"2025-04-12T18:01:16+00:00","og_image":[{"width":1280,"height":720,"url":"https:\/\/www.em.com.br\/emfoco\/wp-content\/uploads\/2025\/03\/idoso-pensando_1741627507533.jpg","type":"image\/jpeg"}],"author":"Andre\u0301 Rangel\u00a0","twitter_card":"summary_large_image","twitter_misc":{"Escrito por":"Andre\u0301 Rangel\u00a0","Est. tempo de leitura":"3 minutos"},"schema":{"@context":"https:\/\/schema.org","@graph":[{"@type":"WebPage","@id":"https:\/\/www.em.com.br\/emfoco\/2025\/04\/13\/bpc-ou-aposentadoria-entenda-as-diferencas-e-requisitos\/","url":"https:\/\/www.em.com.br\/emfoco\/2025\/04\/13\/bpc-ou-aposentadoria-entenda-as-diferencas-e-requisitos\/","name":"BPC ou aposentadoria? Entenda as diferen\u00e7as e requisitos - Estado de Minas - Em foco","isPartOf":{"@id":"https:\/\/www.em.com.br\/emfoco\/#website"},"primaryImageOfPage":{"@id":"https:\/\/www.em.com.br\/emfoco\/2025\/04\/13\/bpc-ou-aposentadoria-entenda-as-diferencas-e-requisitos\/#primaryimage"},"image":{"@id":"https:\/\/www.em.com.br\/emfoco\/2025\/04\/13\/bpc-ou-aposentadoria-entenda-as-diferencas-e-requisitos\/#primaryimage"},"thumbnailUrl":"https:\/\/www.em.com.br\/emfoco\/wp-content\/uploads\/2025\/03\/idoso-pensando_1741627507533.jpg","datePublished":"2025-04-13T20:00:00+00:00","dateModified":"2025-04-12T18:01:16+00:00","author":{"@id":"https:\/\/www.em.com.br\/emfoco\/#\/schema\/person\/60eda09c1fedf0d6891f4cef4b60b8b8"},"description":"Saiba as principais diferen\u00e7as entre o BPC e a aposentadoria, e entenda os requisitos para garantir este benef\u00edcio.","breadcrumb":{"@id":"https:\/\/www.em.com.br\/emfoco\/2025\/04\/13\/bpc-ou-aposentadoria-entenda-as-diferencas-e-requisitos\/#breadcrumb"},"inLanguage":"pt-BR","potentialAction":[{"@type":"ReadAction","target":["https:\/\/www.em.com.br\/emfoco\/2025\/04\/13\/bpc-ou-aposentadoria-entenda-as-diferencas-e-requisitos\/"]}]},{"@type":"ImageObject","inLanguage":"pt-BR","@id":"https:\/\/www.em.com.br\/emfoco\/2025\/04\/13\/bpc-ou-aposentadoria-entenda-as-diferencas-e-requisitos\/#primaryimage","url":"https:\/\/www.em.com.br\/emfoco\/wp-content\/uploads\/2025\/03\/idoso-pensando_1741627507533.jpg","contentUrl":"https:\/\/www.em.com.br\/emfoco\/wp-content\/uploads\/2025\/03\/idoso-pensando_1741627507533.jpg","width":1280,"height":720,"caption":"Aposentado perde mais de 10 mil euros ap\u00f3s n\u00e3o avisar aus\u00eancia \u00e0 Previd\u00eancia - Cr\u00e9ditos: depositphotos.com \/ IgorTishenko"},{"@type":"BreadcrumbList","@id":"https:\/\/www.em.com.br\/emfoco\/2025\/04\/13\/bpc-ou-aposentadoria-entenda-as-diferencas-e-requisitos\/#breadcrumb","itemListElement":[{"@type":"ListItem","position":1,"name":"In\u00edcio","item":"https:\/\/www.em.com.br\/emfoco\/"},{"@type":"ListItem","position":2,"name":"BPC ou aposentadoria? Entenda as diferen\u00e7as e requisitos"}]},{"@type":"WebSite","@id":"https:\/\/www.em.com.br\/emfoco\/#website","url":"https:\/\/www.em.com.br\/emfoco\/","name":"Estado de Minas - Em foco","description":"Acompanhe as \u00faltimas not\u00edcias e fique bem informado sobre tudo o que acontece em Minas Gerais, Brasil e no mundo.","potentialAction":[{"@type":"SearchAction","target":{"@type":"EntryPoint","urlTemplate":"https:\/\/www.em.com.br\/emfoco\/?s={search_term_string}"},"query-input":{"@type":"PropertyValueSpecification","valueRequired":true,"valueName":"search_term_string"}}],"inLanguage":"pt-BR"},{"@type":"Person","@id":"https:\/\/www.em.com.br\/emfoco\/#\/schema\/person\/60eda09c1fedf0d6891f4cef4b60b8b8","name":"Andre\u0301 Rangel\u00a0","image":{"@type":"ImageObject","inLanguage":"pt-BR","@id":"https:\/\/www.em.com.br\/emfoco\/#\/schema\/person\/image\/","url":"https:\/\/secure.gravatar.com\/avatar\/6234dc814c77c8ef6d8bba622c787efc?s=96&d=mm&r=g","contentUrl":"https:\/\/secure.gravatar.com\/avatar\/6234dc814c77c8ef6d8bba622c787efc?s=96&d=mm&r=g","caption":"Andre\u0301 Rangel\u00a0"},"url":"https:\/\/www.em.com.br\/emfoco\/author\/luizmyth\/"}]}},"_links":{"self":[{"href":"https:\/\/www.em.com.br\/emfoco\/wp-json\/wp\/v2\/posts\/37827","targetHints":{"allow":["GET"]}}],"collection":[{"href":"https:\/\/www.em.com.br\/emfoco\/wp-json\/wp\/v2\/posts"}],"about":[{"href":"https:\/\/www.em.com.br\/emfoco\/wp-json\/wp\/v2\/types\/post"}],"author":[{"embeddable":true,"href":"https:\/\/www.em.com.br\/emfoco\/wp-json\/wp\/v2\/users\/11"}],"replies":[{"embeddable":true,"href":"https:\/\/www.em.com.br\/emfoco\/wp-json\/wp\/v2\/comments?post=37827"}],"version-history":[{"count":5,"href":"https:\/\/www.em.com.br\/emfoco\/wp-json\/wp\/v2\/posts\/37827\/revisions"}],"predecessor-version":[{"id":37920,"href":"https:\/\/www.em.com.br\/emfoco\/wp-json\/wp\/v2\/posts\/37827\/revisions\/37920"}],"wp:featuredmedia":[{"embeddable":true,"href":"https:\/\/www.em.com.br\/emfoco\/wp-json\/wp\/v2\/media\/27044"}],"wp:attachment":[{"href":"https:\/\/www.em.com.br\/emfoco\/wp-json\/wp\/v2\/media?parent=37827"}],"wp:term":[{"taxonomy":"category","embeddable":true,"href":"https:\/\/www.em.com.br\/emfoco\/wp-json\/wp\/v2\/categories?post=37827"},{"taxonomy":"post_tag","embeddable":true,"href":"https:\/\/www.em.com.br\/emfoco\/wp-json\/wp\/v2\/tags?post=37827"}],"curies":[{"name":"wp","href":"https:\/\/api.w.org\/{rel}","templated":true}]}}