{"id":37810,"date":"2025-04-15T10:00:11","date_gmt":"2025-04-15T13:00:11","guid":{"rendered":"https:\/\/www.em.com.br\/emfoco\/?p=37810"},"modified":"2025-04-15T10:00:12","modified_gmt":"2025-04-15T13:00:12","slug":"fim-das-ferias-de-30-dias-nova-lei-modifica-a-folga-dos-trabalhadores","status":"publish","type":"post","link":"https:\/\/www.em.com.br\/emfoco\/2025\/04\/15\/fim-das-ferias-de-30-dias-nova-lei-modifica-a-folga-dos-trabalhadores\/","title":{"rendered":"FIM das f\u00e9rias de 30 dias? Nova lei modifica a folga dos trabalhadores"},"content":{"rendered":"\n<p>No <strong>Brasil<\/strong>, as f\u00e9rias de 30 dias s\u00e3o um direito assegurado pela <strong>Consolida\u00e7\u00e3o das Leis do Trabalho (CLT)<\/strong>, que regula as rela\u00e7\u00f5es de trabalho desde 1943. Este per\u00edodo de descanso remunerado \u00e9 crucial para o bem-estar dos trabalhadores, permitindo-lhes recuperar energias ap\u00f3s um ano de trabalho cont\u00ednuo. Em 2025, a CLT passou por revis\u00f5es para adaptar as regras de f\u00e9rias \u00e0s novas demandas do mercado de trabalho.<\/p>\n\n\n\n<p>As altera\u00e7\u00f5es na legisla\u00e7\u00e3o visam equilibrar as necessidades dos empregados e empregadores, mantendo o direito ao descanso enquanto oferecem maior flexibilidade. As f\u00e9rias de 30 dias continuam sendo um componente vital da legisla\u00e7\u00e3o trabalhista, agora com op\u00e7\u00f5es de fracionamento e ajustes conforme necess\u00e1rio.<\/p>\n\n\n\n<h2 class=\"wp-block-heading\">Como funcionam as f\u00e9rias de 30 dias?<\/h2>\n\n\n\n<p>Ap\u00f3s um ano de servi\u00e7o cont\u00ednuo, o trabalhador tem direito a 30 dias de f\u00e9rias, conhecido como per\u00edodo aquisitivo. Ap\u00f3s este ciclo, a empresa deve conceder as f\u00e9rias dentro de um per\u00edodo espec\u00edfico, permitindo ao empregador organizar a escala de trabalho sem comprometer o direito do funcion\u00e1rio.<\/p>\n\n\n\n<p>As f\u00e9rias podem ser reduzidas em caso de faltas injustificadas. A legisla\u00e7\u00e3o prev\u00ea que aus\u00eancias sem justificativa impactem diretamente o per\u00edodo de descanso. O c\u00e1lculo para ajuste das f\u00e9rias segue uma tabela espec\u00edfica, garantindo que a redu\u00e7\u00e3o seja proporcional ao n\u00famero de dias n\u00e3o trabalhados.<\/p>\n\n\n\n<figure class=\"wp-block-image size-large\"><img loading=\"lazy\" decoding=\"async\" width=\"1024\" height=\"576\" src=\"https:\/\/www.em.com.br\/emfoco\/wp-content\/uploads\/2025\/02\/feriado_1738419752732-1024x576.jpg\" alt=\"\" class=\"wp-image-15864\" srcset=\"https:\/\/www.em.com.br\/emfoco\/wp-content\/uploads\/2025\/02\/feriado_1738419752732-1024x576.jpg 1024w, https:\/\/www.em.com.br\/emfoco\/wp-content\/uploads\/2025\/02\/feriado_1738419752732-300x169.jpg 300w, https:\/\/www.em.com.br\/emfoco\/wp-content\/uploads\/2025\/02\/feriado_1738419752732-768x432.jpg 768w, https:\/\/www.em.com.br\/emfoco\/wp-content\/uploads\/2025\/02\/feriado_1738419752732-750x422.jpg 750w, https:\/\/www.em.com.br\/emfoco\/wp-content\/uploads\/2025\/02\/feriado_1738419752732-1140x642.jpg 1140w, https:\/\/www.em.com.br\/emfoco\/wp-content\/uploads\/2025\/02\/feriado_1738419752732.jpg 1279w\" sizes=\"auto, (max-width: 1024px) 100vw, 1024px\" \/><figcaption class=\"wp-element-caption\">Paisagem &#8211; Cr\u00e9ditos: depositphotos.com \/ sellingpix<\/figcaption><\/figure>\n\n\n\n<h2 class=\"wp-block-heading\">O que s\u00e3o f\u00e9rias fracionadas?<\/h2>\n\n\n\n<p>Desde a <strong><a href=\"https:\/\/www.planalto.gov.br\/ccivil_03\/_ato2015-2018\/2017\/lei\/l13467.htm\" target=\"_blank\" rel=\"noreferrer noopener\">Reforma Trabalhista de 2017<\/a><\/strong>, as f\u00e9rias de 30 dias podem ser divididas em at\u00e9 tr\u00eas per\u00edodos, oferecendo maior flexibilidade. Para que o fracionamento ocorra, \u00e9 necess\u00e1rio um acordo entre as partes, garantindo que o primeiro per\u00edodo tenha, no m\u00ednimo, 14 dias. Os demais intervalos n\u00e3o podem ser inferiores a 5 dias cada, assegurando ao trabalhador um repouso adequado.<\/p>\n\n\n\n<ul class=\"wp-block-list\">\n<li>Primeiro per\u00edodo: 14 dias corridos<\/li>\n\n\n\n<li>Segundo per\u00edodo: 8 dias<\/li>\n\n\n\n<li>Terceiro per\u00edodo: 8 dias<\/li>\n<\/ul>\n\n\n\n<p>Outra op\u00e7\u00e3o de distribui\u00e7\u00e3o seria:<\/p>\n\n\n\n<ul class=\"wp-block-list\">\n<li>Primeiro per\u00edodo: 14 dias corridos<\/li>\n\n\n\n<li>Segundo per\u00edodo: 11 dias<\/li>\n\n\n\n<li>Terceiro per\u00edodo: 5 dias<\/li>\n<\/ul>\n\n\n\n<p>Al\u00e9m disso, os colaboradores podem solicitar a convers\u00e3o de parte das f\u00e9rias em dinheiro, mediante acordo com o empregador. \u00c9 fundamental que todos os per\u00edodos fracionados tenham pelo menos cinco dias, garantindo assim que os direitos ao descanso sejam mantidos.<\/p>\n\n\n\n<h2 class=\"wp-block-heading\">Como solicitar f\u00e9rias fracionadas?<\/h2>\n\n\n\n<p>Embora n\u00e3o seja uma exig\u00eancia legal, registrar o acordo sobre f\u00e9rias fracionadas \u00e9 uma pr\u00e1tica recomend\u00e1vel para evitar mal-entendidos. Na pr\u00e1tica, isso significa que um dos per\u00edodos de descanso deve ter pelo menos 14 dias corridos. Os 16 dias restantes podem ser organizados em dois per\u00edodos, cada um com um m\u00ednimo de cinco dias.<\/p>\n\n\n\n<p>Ao formalizar o acordo, todos ter\u00e3o clareza sobre as datas de descanso e de disponibilidade, promovendo um ambiente mais harmonioso. O pagamento das f\u00e9rias fracionadas deve ser efetuado dois dias antes do in\u00edcio das f\u00e9rias. Caso a empresa n\u00e3o cumpra esse prazo, ser\u00e1 obrigada a pagar o valor em dobro.<\/p>\n\n\n\n<h2 class=\"wp-block-heading\">Como ocorre o pagamento das f\u00e9rias fracionadas?<\/h2>\n\n\n\n<p>O sistema de f\u00e9rias fracionadas determina que o pagamento se baseia nos dias espec\u00edficos em que o funcion\u00e1rio opta por descansar. Por exemplo, se o colaborador decidir tirar 14 dias, ele receber\u00e1 o pagamento apenas por esses dias. \u00c9 crucial que o pagamento seja efetuado dois dias antes do in\u00edcio das f\u00e9rias.<\/p>\n\n\n\n<p>O departamento de Recursos Humanos deve planejar cuidadosamente esses pagamentos para evitar complica\u00e7\u00f5es. Caso a empresa n\u00e3o cumpra o prazo, ser\u00e1 obrigada a pagar o valor em dobro, conforme estipulado pela legisla\u00e7\u00e3o trabalhista.<\/p>\n","protected":false},"excerpt":{"rendered":"<p>No Brasil, as f\u00e9rias de 30 dias s\u00e3o um direito assegurado pela Consolida\u00e7\u00e3o das Leis do Trabalho (CLT), que regula as rela\u00e7\u00f5es de trabalho desde 1943. Este per\u00edodo de descanso remunerado \u00e9 crucial para o bem-estar dos trabalhadores, permitindo-lhes recuperar energias ap\u00f3s um ano de trabalho cont\u00ednuo. Em 2025, a CLT passou por revis\u00f5es para [&hellip;]<\/p>\n","protected":false},"author":5,"featured_media":20605,"comment_status":"open","ping_status":"open","sticky":false,"template":"","format":"standard","meta":{"jnews-multi-image_gallery":[],"jnews_single_post":{"format":"standard"},"jnews_primary_category":[],"jnews_social_meta":[],"jnews_override_counter":[],"footnotes":""},"categories":[28,1],"tags":[1052,2080,1344,610],"class_list":["post-37810","post","type-post","status-publish","format-standard","has-post-thumbnail","hentry","category-economia","category-noticias","tag-clt","tag-direito-do-trabalho","tag-ferias","tag-legislacao-brasileira"],"yoast_head":"<!-- This site is optimized with the Yoast SEO plugin v23.8 - https:\/\/yoast.com\/wordpress\/plugins\/seo\/ -->\n<title>FIM das f\u00e9rias de 30 dias? Nova lei modifica a folga dos trabalhadores - Estado de Minas - Em foco<\/title>\n<meta name=\"description\" content=\"As f\u00e9rias fracionadas continuam v\u00e1lidas em 2025 e agora com mais flexibilidade para empresas e trabalhadores.\" \/>\n<meta name=\"robots\" content=\"index, follow, max-snippet:-1, max-image-preview:large, max-video-preview:-1\" \/>\n<link rel=\"canonical\" href=\"https:\/\/www.em.com.br\/emfoco\/2025\/04\/15\/fim-das-ferias-de-30-dias-nova-lei-modifica-a-folga-dos-trabalhadores\/\" \/>\n<meta property=\"og:locale\" content=\"pt_BR\" \/>\n<meta property=\"og:type\" content=\"article\" \/>\n<meta property=\"og:title\" content=\"FIM das f\u00e9rias de 30 dias? Nova lei modifica a folga dos trabalhadores - Estado de Minas - Em foco\" \/>\n<meta property=\"og:description\" content=\"As f\u00e9rias fracionadas continuam v\u00e1lidas em 2025 e agora com mais flexibilidade para empresas e trabalhadores.\" \/>\n<meta property=\"og:url\" content=\"https:\/\/www.em.com.br\/emfoco\/2025\/04\/15\/fim-das-ferias-de-30-dias-nova-lei-modifica-a-folga-dos-trabalhadores\/\" \/>\n<meta property=\"og:site_name\" content=\"Estado de Minas - Em foco\" \/>\n<meta property=\"article:published_time\" content=\"2025-04-15T13:00:11+00:00\" \/>\n<meta property=\"article:modified_time\" content=\"2025-04-15T13:00:12+00:00\" \/>\n<meta property=\"og:image\" content=\"https:\/\/www.em.com.br\/emfoco\/wp-content\/uploads\/2025\/02\/esse-105.jpg\" \/>\n\t<meta property=\"og:image:width\" content=\"1280\" \/>\n\t<meta property=\"og:image:height\" content=\"720\" \/>\n\t<meta property=\"og:image:type\" content=\"image\/jpeg\" \/>\n<meta name=\"author\" content=\"N\u00fabia Rangel\" \/>\n<meta name=\"twitter:card\" content=\"summary_large_image\" \/>\n<meta name=\"twitter:label1\" content=\"Escrito por\" \/>\n\t<meta name=\"twitter:data1\" content=\"N\u00fabia Rangel\" \/>\n\t<meta name=\"twitter:label2\" content=\"Est. tempo de leitura\" \/>\n\t<meta name=\"twitter:data2\" content=\"4 minutos\" \/>\n<!-- \/ Yoast SEO plugin. -->","yoast_head_json":{"title":"FIM das f\u00e9rias de 30 dias? Nova lei modifica a folga dos trabalhadores - Estado de Minas - Em foco","description":"As f\u00e9rias fracionadas continuam v\u00e1lidas em 2025 e agora com mais flexibilidade para empresas e trabalhadores.","robots":{"index":"index","follow":"follow","max-snippet":"max-snippet:-1","max-image-preview":"max-image-preview:large","max-video-preview":"max-video-preview:-1"},"canonical":"https:\/\/www.em.com.br\/emfoco\/2025\/04\/15\/fim-das-ferias-de-30-dias-nova-lei-modifica-a-folga-dos-trabalhadores\/","og_locale":"pt_BR","og_type":"article","og_title":"FIM das f\u00e9rias de 30 dias? Nova lei modifica a folga dos trabalhadores - Estado de Minas - Em foco","og_description":"As f\u00e9rias fracionadas continuam v\u00e1lidas em 2025 e agora com mais flexibilidade para empresas e trabalhadores.","og_url":"https:\/\/www.em.com.br\/emfoco\/2025\/04\/15\/fim-das-ferias-de-30-dias-nova-lei-modifica-a-folga-dos-trabalhadores\/","og_site_name":"Estado de Minas - Em foco","article_published_time":"2025-04-15T13:00:11+00:00","article_modified_time":"2025-04-15T13:00:12+00:00","og_image":[{"width":1280,"height":720,"url":"https:\/\/www.em.com.br\/emfoco\/wp-content\/uploads\/2025\/02\/esse-105.jpg","type":"image\/jpeg"}],"author":"N\u00fabia Rangel","twitter_card":"summary_large_image","twitter_misc":{"Escrito por":"N\u00fabia Rangel","Est. tempo de leitura":"4 minutos"},"schema":{"@context":"https:\/\/schema.org","@graph":[{"@type":"WebPage","@id":"https:\/\/www.em.com.br\/emfoco\/2025\/04\/15\/fim-das-ferias-de-30-dias-nova-lei-modifica-a-folga-dos-trabalhadores\/","url":"https:\/\/www.em.com.br\/emfoco\/2025\/04\/15\/fim-das-ferias-de-30-dias-nova-lei-modifica-a-folga-dos-trabalhadores\/","name":"FIM das f\u00e9rias de 30 dias? Nova lei modifica a folga dos trabalhadores - Estado de Minas - Em foco","isPartOf":{"@id":"https:\/\/www.em.com.br\/emfoco\/#website"},"primaryImageOfPage":{"@id":"https:\/\/www.em.com.br\/emfoco\/2025\/04\/15\/fim-das-ferias-de-30-dias-nova-lei-modifica-a-folga-dos-trabalhadores\/#primaryimage"},"image":{"@id":"https:\/\/www.em.com.br\/emfoco\/2025\/04\/15\/fim-das-ferias-de-30-dias-nova-lei-modifica-a-folga-dos-trabalhadores\/#primaryimage"},"thumbnailUrl":"https:\/\/www.em.com.br\/emfoco\/wp-content\/uploads\/2025\/02\/esse-105.jpg","datePublished":"2025-04-15T13:00:11+00:00","dateModified":"2025-04-15T13:00:12+00:00","author":{"@id":"https:\/\/www.em.com.br\/emfoco\/#\/schema\/person\/524437ef54f8a5d32591b143307f2e20"},"description":"As f\u00e9rias fracionadas continuam v\u00e1lidas em 2025 e agora com mais flexibilidade para empresas e trabalhadores.","breadcrumb":{"@id":"https:\/\/www.em.com.br\/emfoco\/2025\/04\/15\/fim-das-ferias-de-30-dias-nova-lei-modifica-a-folga-dos-trabalhadores\/#breadcrumb"},"inLanguage":"pt-BR","potentialAction":[{"@type":"ReadAction","target":["https:\/\/www.em.com.br\/emfoco\/2025\/04\/15\/fim-das-ferias-de-30-dias-nova-lei-modifica-a-folga-dos-trabalhadores\/"]}]},{"@type":"ImageObject","inLanguage":"pt-BR","@id":"https:\/\/www.em.com.br\/emfoco\/2025\/04\/15\/fim-das-ferias-de-30-dias-nova-lei-modifica-a-folga-dos-trabalhadores\/#primaryimage","url":"https:\/\/www.em.com.br\/emfoco\/wp-content\/uploads\/2025\/02\/esse-105.jpg","contentUrl":"https:\/\/www.em.com.br\/emfoco\/wp-content\/uploads\/2025\/02\/esse-105.jpg","width":1280,"height":720,"caption":"Presidente Lula - Cr\u00e9ditos: depositphotos.com \/ thenews2.com"},{"@type":"BreadcrumbList","@id":"https:\/\/www.em.com.br\/emfoco\/2025\/04\/15\/fim-das-ferias-de-30-dias-nova-lei-modifica-a-folga-dos-trabalhadores\/#breadcrumb","itemListElement":[{"@type":"ListItem","position":1,"name":"In\u00edcio","item":"https:\/\/www.em.com.br\/emfoco\/"},{"@type":"ListItem","position":2,"name":"FIM das f\u00e9rias de 30 dias? Nova lei modifica a folga dos trabalhadores"}]},{"@type":"WebSite","@id":"https:\/\/www.em.com.br\/emfoco\/#website","url":"https:\/\/www.em.com.br\/emfoco\/","name":"Estado de Minas - Em foco","description":"Acompanhe as \u00faltimas not\u00edcias e fique bem informado sobre tudo o que acontece em Minas Gerais, Brasil e no mundo.","potentialAction":[{"@type":"SearchAction","target":{"@type":"EntryPoint","urlTemplate":"https:\/\/www.em.com.br\/emfoco\/?s={search_term_string}"},"query-input":{"@type":"PropertyValueSpecification","valueRequired":true,"valueName":"search_term_string"}}],"inLanguage":"pt-BR"},{"@type":"Person","@id":"https:\/\/www.em.com.br\/emfoco\/#\/schema\/person\/524437ef54f8a5d32591b143307f2e20","name":"N\u00fabia Rangel","image":{"@type":"ImageObject","inLanguage":"pt-BR","@id":"https:\/\/www.em.com.br\/emfoco\/#\/schema\/person\/image\/","url":"https:\/\/secure.gravatar.com\/avatar\/47cff2827a5ba23c37e8068c86817ea4?s=96&d=mm&r=g","contentUrl":"https:\/\/secure.gravatar.com\/avatar\/47cff2827a5ba23c37e8068c86817ea4?s=96&d=mm&r=g","caption":"N\u00fabia Rangel"},"sameAs":["https:\/\/www.em.com.br\/emfoco\/"],"url":"https:\/\/www.em.com.br\/emfoco\/author\/nubiamyth\/"}]}},"_links":{"self":[{"href":"https:\/\/www.em.com.br\/emfoco\/wp-json\/wp\/v2\/posts\/37810","targetHints":{"allow":["GET"]}}],"collection":[{"href":"https:\/\/www.em.com.br\/emfoco\/wp-json\/wp\/v2\/posts"}],"about":[{"href":"https:\/\/www.em.com.br\/emfoco\/wp-json\/wp\/v2\/types\/post"}],"author":[{"embeddable":true,"href":"https:\/\/www.em.com.br\/emfoco\/wp-json\/wp\/v2\/users\/5"}],"replies":[{"embeddable":true,"href":"https:\/\/www.em.com.br\/emfoco\/wp-json\/wp\/v2\/comments?post=37810"}],"version-history":[{"count":4,"href":"https:\/\/www.em.com.br\/emfoco\/wp-json\/wp\/v2\/posts\/37810\/revisions"}],"predecessor-version":[{"id":38472,"href":"https:\/\/www.em.com.br\/emfoco\/wp-json\/wp\/v2\/posts\/37810\/revisions\/38472"}],"wp:featuredmedia":[{"embeddable":true,"href":"https:\/\/www.em.com.br\/emfoco\/wp-json\/wp\/v2\/media\/20605"}],"wp:attachment":[{"href":"https:\/\/www.em.com.br\/emfoco\/wp-json\/wp\/v2\/media?parent=37810"}],"wp:term":[{"taxonomy":"category","embeddable":true,"href":"https:\/\/www.em.com.br\/emfoco\/wp-json\/wp\/v2\/categories?post=37810"},{"taxonomy":"post_tag","embeddable":true,"href":"https:\/\/www.em.com.br\/emfoco\/wp-json\/wp\/v2\/tags?post=37810"}],"curies":[{"name":"wp","href":"https:\/\/api.w.org\/{rel}","templated":true}]}}