{"id":37733,"date":"2025-04-13T15:00:00","date_gmt":"2025-04-13T18:00:00","guid":{"rendered":"https:\/\/www.em.com.br\/emfoco\/?p=37733"},"modified":"2025-04-12T13:18:07","modified_gmt":"2025-04-12T16:18:07","slug":"o-segredo-natural-por-tras-da-pele-de-porcelana","status":"publish","type":"post","link":"https:\/\/www.em.com.br\/emfoco\/2025\/04\/13\/o-segredo-natural-por-tras-da-pele-de-porcelana\/","title":{"rendered":"O segredo natural por tr\u00e1s da pele de porcelana"},"content":{"rendered":"\n<p>Nos \u00faltimos tempos, a busca por uma pele impec\u00e1vel, frequentemente chamada de <strong>&#8220;pele de porcelana&#8221;<\/strong>, tem se tornado uma tend\u00eancia popular. Este tipo de <a href=\"https:\/\/www.em.com.br\/emfoco\/2025\/04\/06\/como-prevenir-estrias-na-gravidez-e-manter-a-pele-hidratada-e-saudavel\/\" target=\"_blank\" rel=\"noopener\">pele<\/a> \u00e9 caracterizado por uma <strong>textura suave,<\/strong> sem manchas e com um brilho natural. Embora muitos acreditem que produtos caros sejam necess\u00e1rios para atingir esse objetivo, \u00e9 poss\u00edvel obter resultados significativos utilizando ingredientes naturais e acess\u00edveis.<\/p>\n\n\n\n<p>Os cuidados com a pele em casa oferecem uma alternativa econ\u00f4mica e permitem que se evitem subst\u00e2ncias qu\u00edmicas potencialmente prejudiciais. Al\u00e9m disso, esses m\u00e9todos podem ser adaptados para atender \u00e0s necessidades espec\u00edficas de cada tipo de pele, tornando-os uma escolha vers\u00e1til e eficaz.<\/p>\n\n\n\n<h2 class=\"wp-block-heading\">Quais ingredientes naturais s\u00e3o eficazes para cuidar da pele?<\/h2>\n\n\n\n<p>Existem diversos ingredientes naturais que podem melhorar a apar\u00eancia da pele. O <strong>mel<\/strong> \u00e9 conhecido por suas propriedades antibacterianas e hidratantes, sendo ideal para manter a pele limpa e bem hidratada. O <strong>\u00f3leo de coco<\/strong> \u00e9 um excelente emoliente, ajudando a suavizar e nutrir a pele seca.<\/p>\n\n\n\n<p>O <strong>iogurte<\/strong> cont\u00e9m \u00e1cido l\u00e1ctico, que auxilia na esfolia\u00e7\u00e3o suave da pele, removendo <a href=\"https:\/\/www.alexandrekataoka.com.br\/auto-imagem\/como-remover-celulas-mortas-e-revelar-uma-pele-mais-saudavel\/\" target=\"_blank\" rel=\"noopener\">c\u00e9lulas mortas<\/a> e promovendo a renova\u00e7\u00e3o celular. A <strong>aveia<\/strong> \u00e9 conhecida por suas propriedades calmantes, sendo ideal para peles sens\u00edveis, pois ajuda a reduzir a irrita\u00e7\u00e3o e a vermelhid\u00e3o.<\/p>\n\n\n\n<h2 class=\"wp-block-heading\">Quais h\u00e1bitos s\u00e3o importantes para manter a pele saud\u00e1vel?<\/h2>\n\n\n\n<p>Al\u00e9m de utilizar <strong>m\u00e1scaras naturais,<\/strong> adotar h\u00e1bitos saud\u00e1veis \u00e9 fundamental para manter a pele em boas condi\u00e7\u00f5es. A <strong>hidrata\u00e7\u00e3o<\/strong> \u00e9 crucial, por isso, \u00e9 importante consumir \u00e1gua regularmente para manter a pele hidratada de dentro para fora. O uso di\u00e1rio de protetor solar \u00e9 indispens\u00e1vel para proteger a pele dos danos causados pelos <strong>raios UV,<\/strong> que podem acelerar o envelhecimento e causar manchas.<\/p>\n\n\n\n<p>Uma alimenta\u00e7\u00e3o equilibrada, rica em frutas, vegetais e gorduras saud\u00e1veis, tamb\u00e9m \u00e9 essencial para a sa\u00fade da pele. Alimentos ricos em antioxidantes, como frutas vermelhas e nozes, ajudam a combater os radicais livres, protegendo a pele dos danos ambientais.<\/p>\n\n\n<div class=\"wp-block-image\">\n<figure class=\"aligncenter size-large\"><img loading=\"lazy\" decoding=\"async\" width=\"1024\" height=\"576\" src=\"https:\/\/www.em.com.br\/emfoco\/wp-content\/uploads\/2025\/04\/pele_1744462004439-1024x576.jpg\" alt=\"Dicas caseiras que deixam a pele perfeita e macia\" class=\"wp-image-37739\" srcset=\"https:\/\/www.em.com.br\/emfoco\/wp-content\/uploads\/2025\/04\/pele_1744462004439-1024x576.jpg 1024w, https:\/\/www.em.com.br\/emfoco\/wp-content\/uploads\/2025\/04\/pele_1744462004439-300x169.jpg 300w, https:\/\/www.em.com.br\/emfoco\/wp-content\/uploads\/2025\/04\/pele_1744462004439-768x432.jpg 768w, https:\/\/www.em.com.br\/emfoco\/wp-content\/uploads\/2025\/04\/pele_1744462004439-750x422.jpg 750w, https:\/\/www.em.com.br\/emfoco\/wp-content\/uploads\/2025\/04\/pele_1744462004439-1140x641.jpg 1140w, https:\/\/www.em.com.br\/emfoco\/wp-content\/uploads\/2025\/04\/pele_1744462004439.jpg 1280w\" sizes=\"auto, (max-width: 1024px) 100vw, 1024px\" \/><figcaption class=\"wp-element-caption\">Pele &#8211; Cr\u00e9ditos: depositphotos.com \/ bartekwardziak<\/figcaption><\/figure><\/div>\n\n\n<h2 class=\"wp-block-heading\">Como preparar m\u00e1scaras faciais com ingredientes naturais?<\/h2>\n\n\n\n<p>Preparar m\u00e1scaras faciais caseiras \u00e9 simples e pode ser feito com ingredientes que muitos j\u00e1 t\u00eam em casa. Uma m\u00e1scara popular \u00e9 a de mel e aveia. Para prepar\u00e1-la, misture duas colheres de sopa de aveia com uma colher de sopa de mel. Aplique a mistura no rosto, deixe agir por 15 minutos e enx\u00e1gue com \u00e1gua morna. Esta m\u00e1scara ajuda a hidratar e suavizar a pele.<\/p>\n\n\n\n<p>Outra op\u00e7\u00e3o \u00e9 a m\u00e1scara de iogurte e \u00f3leo de coco. Misture uma colher de sopa de iogurte natural com uma colher de ch\u00e1 de \u00f3leo de coco. Aplique no rosto e deixe por 10 a 15 minutos antes de enxaguar. Esta combina\u00e7\u00e3o ajuda a <strong>renovar<\/strong> e <strong>revitalizar<\/strong> a pele, proporcionando um brilho saud\u00e1vel.<\/p>\n\n\n\n<h2 class=\"wp-block-heading\">\u00c9 seguro usar ingredientes naturais na pele?<\/h2>\n\n\n\n<p>Embora muitos ingredientes naturais sejam seguros para a maioria das pessoas, \u00e9 importante realizar um teste de sensibilidade antes de aplicar qualquer nova subst\u00e2ncia na pele. Aplique uma pequena quantidade do produto no antebra\u00e7o e aguarde <strong>24 horas<\/strong> para verificar se h\u00e1 alguma rea\u00e7\u00e3o adversa. Se ocorrer vermelhid\u00e3o, coceira ou irrita\u00e7\u00e3o, \u00e9 melhor evitar o uso do ingrediente.<\/p>\n\n\n\n<p>Al\u00e9m disso, \u00e9 aconselh\u00e1vel consultar um dermatologista antes de iniciar qualquer novo regime de cuidados com a pele, especialmente se houver condi\u00e7\u00f5es pr\u00e9-existentes, como eczema ou ros\u00e1cea. Um profissional pode oferecer orienta\u00e7\u00f5es personalizadas e garantir que os m\u00e9todos escolhidos sejam seguros e eficazes.<\/p>\n","protected":false},"excerpt":{"rendered":"<p>Nos \u00faltimos tempos, a busca por uma pele impec\u00e1vel, frequentemente chamada de &#8220;pele de porcelana&#8221;, tem se tornado uma tend\u00eancia popular. Este tipo de pele \u00e9 caracterizado por uma textura suave, sem manchas e com um brilho natural. Embora muitos acreditem que produtos caros sejam necess\u00e1rios para atingir esse objetivo, \u00e9 poss\u00edvel obter resultados significativos [&hellip;]<\/p>\n","protected":false},"author":9,"featured_media":37738,"comment_status":"open","ping_status":"open","sticky":false,"template":"","format":"standard","meta":{"jnews-multi-image_gallery":[],"jnews_single_post":{"format":"standard"},"jnews_primary_category":[],"jnews_social_meta":[],"jnews_override_counter":[],"footnotes":""},"categories":[29,1],"tags":[6064,4939,7469],"class_list":["post-37733","post","type-post","status-publish","format-standard","has-post-thumbnail","hentry","category-entretenimento","category-noticias","tag-beleza-natural","tag-cuidados-com-a-pele","tag-pele-de-porcelana"],"yoast_head":"<!-- This site is optimized with the Yoast SEO plugin v23.8 - https:\/\/yoast.com\/wordpress\/plugins\/seo\/ -->\n<title>O segredo natural por tr\u00e1s da pele de porcelana<\/title>\n<meta name=\"description\" content=\"Tenha pele de porcelana com m\u00e1scaras naturais e h\u00e1bitos simples que tratam e iluminam a pele sem gastar muito.\" \/>\n<meta name=\"robots\" content=\"index, follow, max-snippet:-1, max-image-preview:large, max-video-preview:-1\" \/>\n<link rel=\"canonical\" href=\"https:\/\/www.em.com.br\/emfoco\/2025\/04\/13\/o-segredo-natural-por-tras-da-pele-de-porcelana\/\" \/>\n<meta property=\"og:locale\" content=\"pt_BR\" \/>\n<meta property=\"og:type\" content=\"article\" \/>\n<meta property=\"og:title\" content=\"O segredo natural por tr\u00e1s da pele de porcelana\" \/>\n<meta property=\"og:description\" content=\"Tenha pele de porcelana com m\u00e1scaras naturais e h\u00e1bitos simples que tratam e iluminam a pele sem gastar muito.\" \/>\n<meta property=\"og:url\" content=\"https:\/\/www.em.com.br\/emfoco\/2025\/04\/13\/o-segredo-natural-por-tras-da-pele-de-porcelana\/\" \/>\n<meta property=\"og:site_name\" content=\"Estado de Minas - Em foco\" \/>\n<meta property=\"article:published_time\" content=\"2025-04-13T18:00:00+00:00\" \/>\n<meta property=\"article:modified_time\" content=\"2025-04-12T16:18:07+00:00\" \/>\n<meta property=\"og:image\" content=\"https:\/\/www.em.com.br\/emfoco\/wp-content\/uploads\/2025\/04\/pele_1744461930635.jpg\" \/>\n\t<meta property=\"og:image:width\" content=\"1280\" \/>\n\t<meta property=\"og:image:height\" content=\"720\" \/>\n\t<meta property=\"og:image:type\" content=\"image\/jpeg\" \/>\n<meta name=\"author\" content=\"Daniely Cardoso\" \/>\n<meta name=\"twitter:card\" content=\"summary_large_image\" \/>\n<meta name=\"twitter:label1\" content=\"Escrito por\" \/>\n\t<meta name=\"twitter:data1\" content=\"Daniely Cardoso\" \/>\n\t<meta name=\"twitter:label2\" content=\"Est. tempo de leitura\" \/>\n\t<meta name=\"twitter:data2\" content=\"1 minuto\" \/>\n<!-- \/ Yoast SEO plugin. -->","yoast_head_json":{"title":"O segredo natural por tr\u00e1s da pele de porcelana","description":"Tenha pele de porcelana com m\u00e1scaras naturais e h\u00e1bitos simples que tratam e iluminam a pele sem gastar muito.","robots":{"index":"index","follow":"follow","max-snippet":"max-snippet:-1","max-image-preview":"max-image-preview:large","max-video-preview":"max-video-preview:-1"},"canonical":"https:\/\/www.em.com.br\/emfoco\/2025\/04\/13\/o-segredo-natural-por-tras-da-pele-de-porcelana\/","og_locale":"pt_BR","og_type":"article","og_title":"O segredo natural por tr\u00e1s da pele de porcelana","og_description":"Tenha pele de porcelana com m\u00e1scaras naturais e h\u00e1bitos simples que tratam e iluminam a pele sem gastar muito.","og_url":"https:\/\/www.em.com.br\/emfoco\/2025\/04\/13\/o-segredo-natural-por-tras-da-pele-de-porcelana\/","og_site_name":"Estado de Minas - Em foco","article_published_time":"2025-04-13T18:00:00+00:00","article_modified_time":"2025-04-12T16:18:07+00:00","og_image":[{"width":1280,"height":720,"url":"https:\/\/www.em.com.br\/emfoco\/wp-content\/uploads\/2025\/04\/pele_1744461930635.jpg","type":"image\/jpeg"}],"author":"Daniely Cardoso","twitter_card":"summary_large_image","twitter_misc":{"Escrito por":"Daniely Cardoso","Est. tempo de leitura":"1 minuto"},"schema":{"@context":"https:\/\/schema.org","@graph":[{"@type":"WebPage","@id":"https:\/\/www.em.com.br\/emfoco\/2025\/04\/13\/o-segredo-natural-por-tras-da-pele-de-porcelana\/","url":"https:\/\/www.em.com.br\/emfoco\/2025\/04\/13\/o-segredo-natural-por-tras-da-pele-de-porcelana\/","name":"O segredo natural por tr\u00e1s da pele de porcelana","isPartOf":{"@id":"https:\/\/www.em.com.br\/emfoco\/#website"},"primaryImageOfPage":{"@id":"https:\/\/www.em.com.br\/emfoco\/2025\/04\/13\/o-segredo-natural-por-tras-da-pele-de-porcelana\/#primaryimage"},"image":{"@id":"https:\/\/www.em.com.br\/emfoco\/2025\/04\/13\/o-segredo-natural-por-tras-da-pele-de-porcelana\/#primaryimage"},"thumbnailUrl":"https:\/\/www.em.com.br\/emfoco\/wp-content\/uploads\/2025\/04\/pele_1744461930635.jpg","datePublished":"2025-04-13T18:00:00+00:00","dateModified":"2025-04-12T16:18:07+00:00","author":{"@id":"https:\/\/www.em.com.br\/emfoco\/#\/schema\/person\/0a8186d72f2c3a5c6276d90b41f271a0"},"description":"Tenha pele de porcelana com m\u00e1scaras naturais e h\u00e1bitos simples que tratam e iluminam a pele sem gastar muito.","breadcrumb":{"@id":"https:\/\/www.em.com.br\/emfoco\/2025\/04\/13\/o-segredo-natural-por-tras-da-pele-de-porcelana\/#breadcrumb"},"inLanguage":"pt-BR","potentialAction":[{"@type":"ReadAction","target":["https:\/\/www.em.com.br\/emfoco\/2025\/04\/13\/o-segredo-natural-por-tras-da-pele-de-porcelana\/"]}]},{"@type":"ImageObject","inLanguage":"pt-BR","@id":"https:\/\/www.em.com.br\/emfoco\/2025\/04\/13\/o-segredo-natural-por-tras-da-pele-de-porcelana\/#primaryimage","url":"https:\/\/www.em.com.br\/emfoco\/wp-content\/uploads\/2025\/04\/pele_1744461930635.jpg","contentUrl":"https:\/\/www.em.com.br\/emfoco\/wp-content\/uploads\/2025\/04\/pele_1744461930635.jpg","width":1280,"height":720,"caption":"Pele - Cr\u00e9ditos: depositphotos.com \/ gdolgikh"},{"@type":"BreadcrumbList","@id":"https:\/\/www.em.com.br\/emfoco\/2025\/04\/13\/o-segredo-natural-por-tras-da-pele-de-porcelana\/#breadcrumb","itemListElement":[{"@type":"ListItem","position":1,"name":"In\u00edcio","item":"https:\/\/www.em.com.br\/emfoco\/"},{"@type":"ListItem","position":2,"name":"O segredo natural por tr\u00e1s da pele de porcelana"}]},{"@type":"WebSite","@id":"https:\/\/www.em.com.br\/emfoco\/#website","url":"https:\/\/www.em.com.br\/emfoco\/","name":"Estado de Minas - Em foco","description":"Acompanhe as \u00faltimas not\u00edcias e fique bem informado sobre tudo o que acontece em Minas Gerais, Brasil e no mundo.","potentialAction":[{"@type":"SearchAction","target":{"@type":"EntryPoint","urlTemplate":"https:\/\/www.em.com.br\/emfoco\/?s={search_term_string}"},"query-input":{"@type":"PropertyValueSpecification","valueRequired":true,"valueName":"search_term_string"}}],"inLanguage":"pt-BR"},{"@type":"Person","@id":"https:\/\/www.em.com.br\/emfoco\/#\/schema\/person\/0a8186d72f2c3a5c6276d90b41f271a0","name":"Daniely Cardoso","image":{"@type":"ImageObject","inLanguage":"pt-BR","@id":"https:\/\/www.em.com.br\/emfoco\/#\/schema\/person\/image\/","url":"https:\/\/secure.gravatar.com\/avatar\/4b80ddbd124d1f071b626d52d62e5dff?s=96&d=mm&r=g","contentUrl":"https:\/\/secure.gravatar.com\/avatar\/4b80ddbd124d1f071b626d52d62e5dff?s=96&d=mm&r=g","caption":"Daniely Cardoso"},"url":"https:\/\/www.em.com.br\/emfoco\/author\/danielymyth\/"}]}},"_links":{"self":[{"href":"https:\/\/www.em.com.br\/emfoco\/wp-json\/wp\/v2\/posts\/37733","targetHints":{"allow":["GET"]}}],"collection":[{"href":"https:\/\/www.em.com.br\/emfoco\/wp-json\/wp\/v2\/posts"}],"about":[{"href":"https:\/\/www.em.com.br\/emfoco\/wp-json\/wp\/v2\/types\/post"}],"author":[{"embeddable":true,"href":"https:\/\/www.em.com.br\/emfoco\/wp-json\/wp\/v2\/users\/9"}],"replies":[{"embeddable":true,"href":"https:\/\/www.em.com.br\/emfoco\/wp-json\/wp\/v2\/comments?post=37733"}],"version-history":[{"count":2,"href":"https:\/\/www.em.com.br\/emfoco\/wp-json\/wp\/v2\/posts\/37733\/revisions"}],"predecessor-version":[{"id":37741,"href":"https:\/\/www.em.com.br\/emfoco\/wp-json\/wp\/v2\/posts\/37733\/revisions\/37741"}],"wp:featuredmedia":[{"embeddable":true,"href":"https:\/\/www.em.com.br\/emfoco\/wp-json\/wp\/v2\/media\/37738"}],"wp:attachment":[{"href":"https:\/\/www.em.com.br\/emfoco\/wp-json\/wp\/v2\/media?parent=37733"}],"wp:term":[{"taxonomy":"category","embeddable":true,"href":"https:\/\/www.em.com.br\/emfoco\/wp-json\/wp\/v2\/categories?post=37733"},{"taxonomy":"post_tag","embeddable":true,"href":"https:\/\/www.em.com.br\/emfoco\/wp-json\/wp\/v2\/tags?post=37733"}],"curies":[{"name":"wp","href":"https:\/\/api.w.org\/{rel}","templated":true}]}}