{"id":37578,"date":"2025-04-12T18:20:00","date_gmt":"2025-04-12T21:20:00","guid":{"rendered":"https:\/\/www.em.com.br\/emfoco\/?p=37578"},"modified":"2025-04-11T15:49:25","modified_gmt":"2025-04-11T18:49:25","slug":"chevrolet-celebra-100-anos-no-brasil-com-edicao-especial-veja-detalhes","status":"publish","type":"post","link":"https:\/\/www.em.com.br\/emfoco\/2025\/04\/12\/chevrolet-celebra-100-anos-no-brasil-com-edicao-especial-veja-detalhes\/","title":{"rendered":"Chevrolet celebra 100 anos no Brasil com edi\u00e7\u00e3o especial; veja detalhes"},"content":{"rendered":"\n<p>Em 2025, a <strong><a href=\"https:\/\/www.em.com.br\/emfoco\/2025\/04\/08\/as-curiosidades-do-chevrolet-spark-euv-retro-inspirado-no-tracker-dos-anos-90\/\" target=\"_blank\" rel=\"noreferrer noopener\">Chevrolet <\/a><\/strong>completa 100 anos de atua\u00e7\u00e3o no Brasil, consolidando-se como uma das marcas mais ic\u00f4nicas do setor automotivo nacional. Ao longo de sua trajet\u00f3ria, a marca da <strong>General Motors <\/strong>marcou gera\u00e7\u00f5es com modelos como <strong>Opala, Caravan, Chevette<\/strong> e as famosas picapes que moldaram a paisagem das estradas brasileiras.<\/p>\n\n\n\n<h2 class=\"wp-block-heading\">Hist\u00f3ria das edi\u00e7\u00f5es especiais da Chevrolet<\/h2>\n\n\n\n<p>Desde a d\u00e9cada de 1970, a Chevrolet aposta em <strong>edi\u00e7\u00f5es especiais<\/strong> para aproximar-se do p\u00fablico e destacar vers\u00f5es com visual e acabamento diferenciados. Essa estrat\u00e9gia se provou eficaz e gerou forte engajamento entre os consumidores. At\u00e9 agora, j\u00e1 foram lan\u00e7adas <strong>99 s\u00e9ries especiais<\/strong>, cada uma com caracter\u00edsticas pr\u00f3prias e tem\u00e1ticas distintas.<\/p>\n\n\n\n<p>Modelos como o <strong>Chevette GP (1976)<\/strong>, o <strong>Opala Silverstar (1983)<\/strong> e o <strong>Monza 500 EF (1990)<\/strong> s\u00e3o exemplos que marcaram \u00e9poca e se tornaram itens de colecionador. Esses lan\u00e7amentos refor\u00e7aram o posicionamento da marca como inovadora e atenta ao comportamento do consumidor.<\/p>\n\n\n\n<h2 class=\"wp-block-heading\">As edi\u00e7\u00f5es especiais mais marcantes da marca<\/h2>\n\n\n\n<p>Entre os destaques da Chevrolet, \u00e9 imposs\u00edvel ignorar a lend\u00e1ria s\u00e9rie <strong>Opala SS<\/strong>, que uniu esportividade e eleg\u00e2ncia em um dos modelos mais lembrados do Brasil. Outro exemplo \u00e9 a <strong>Caravan Diplomata<\/strong>, refer\u00eancia de sofistica\u00e7\u00e3o nos anos 80.<\/p>\n\n\n\n<figure class=\"wp-block-image\"><img decoding=\"async\" src=\"https:\/\/www.em.com.br\/emfoco\/wp-content\/uploads\/2025\/03\/chevrolet-onix-1024x576.jpg\" alt=\"\"\/><figcaption class=\"wp-element-caption\">Onix 2025 &#8211; Cr\u00e9ditos: Divulga\u00e7\u00e3o\/Chevrolet<\/figcaption><\/figure>\n\n\n\n<p>Cada edi\u00e7\u00e3o especial foi pensada para atender um perfil de consumidor, oferecendo exclusividade, design diferenciado e equipamentos extras. Essas vers\u00f5es tamb\u00e9m refor\u00e7aram o valor de revenda e o prest\u00edgio da marca no pa\u00eds.<\/p>\n\n\n\n<h2 class=\"wp-block-heading\">S10 100 Anos: o que esperar da nova edi\u00e7\u00e3o especial<\/h2>\n\n\n\n<p>A Chevrolet escolheu a <strong>S10<\/strong> para representar a edi\u00e7\u00e3o especial de centen\u00e1rio. De acordo com informa\u00e7\u00f5es do portal <em>Motor1.com<\/em>, a picape trar\u00e1 motor 2.8 turbodiesel de 200 cv, torque de 51 kgfm, c\u00e2mbio autom\u00e1tico de seis marchas e tra\u00e7\u00e3o 4&#215;4.<\/p>\n\n\n\n<p>A vers\u00e3o ser\u00e1 equipada com suspens\u00e3o e pneus preparados para o off-road, homenageando o hist\u00f3rico da S10 em competi\u00e7\u00f5es e trilhas. O visual exclusivo e os elementos inspirados no rali tornam a edi\u00e7\u00e3o ainda mais desejada pelos f\u00e3s da marca.<\/p>\n\n\n\n<h2 class=\"wp-block-heading\">Legado e futuro da Chevrolet no Brasil<\/h2>\n\n\n\n<p>Ao longo de um s\u00e9culo, a Chevrolet deixou sua marca n\u00e3o s\u00f3 nas ruas, mas tamb\u00e9m na cultura brasileira. A montadora foi pioneira em diversos segmentos e desempenhou papel fundamental no desenvolvimento da ind\u00fastria automotiva nacional.<\/p>\n\n\n\n<p>As edi\u00e7\u00f5es especiais simbolizam o compromisso da marca com a inova\u00e7\u00e3o e com a cria\u00e7\u00e3o de experi\u00eancias memor\u00e1veis para seus consumidores. Com a chegada da nova S10, a Chevrolet refor\u00e7a esse legado e projeta um futuro onde tradi\u00e7\u00e3o e modernidade andam lado a lado.<\/p>\n","protected":false},"excerpt":{"rendered":"<p>Em 2025, a Chevrolet completa 100 anos de atua\u00e7\u00e3o no Brasil, consolidando-se como uma das marcas mais ic\u00f4nicas do setor automotivo nacional. Ao longo de sua trajet\u00f3ria, a marca da General Motors marcou gera\u00e7\u00f5es com modelos como Opala, Caravan, Chevette e as famosas picapes que moldaram a paisagem das estradas brasileiras. Hist\u00f3ria das edi\u00e7\u00f5es especiais [&hellip;]<\/p>\n","protected":false},"author":11,"featured_media":24388,"comment_status":"open","ping_status":"open","sticky":false,"template":"","format":"standard","meta":{"jnews-multi-image_gallery":[],"jnews_single_post":{"format":"standard"},"jnews_primary_category":[],"jnews_social_meta":[],"jnews_override_counter":[],"footnotes":""},"categories":[27,1],"tags":[818,1116,817],"class_list":["post-37578","post","type-post","status-publish","format-standard","has-post-thumbnail","hentry","category-carros","category-noticias","tag-carro","tag-carros","tag-chevrolet"],"yoast_head":"<!-- This site is optimized with the Yoast SEO plugin v23.8 - https:\/\/yoast.com\/wordpress\/plugins\/seo\/ -->\n<title>Chevrolet celebra 100 anos no Brasil com edi\u00e7\u00e3o especial; veja detalhes - Estado de Minas - Em foco<\/title>\n<meta name=\"description\" content=\"Vers\u00e3o comemorativa marca o centen\u00e1rio da Chevrolet no Brasil. Conhe\u00e7a o legado das edi\u00e7\u00f5es especiais e os diferenciais da nova picape.\" \/>\n<meta name=\"robots\" content=\"index, follow, max-snippet:-1, max-image-preview:large, max-video-preview:-1\" \/>\n<link rel=\"canonical\" href=\"https:\/\/www.em.com.br\/emfoco\/2025\/04\/12\/chevrolet-celebra-100-anos-no-brasil-com-edicao-especial-veja-detalhes\/\" \/>\n<meta property=\"og:locale\" content=\"pt_BR\" \/>\n<meta property=\"og:type\" content=\"article\" \/>\n<meta property=\"og:title\" content=\"Chevrolet celebra 100 anos no Brasil com edi\u00e7\u00e3o especial; veja detalhes - Estado de Minas - Em foco\" \/>\n<meta property=\"og:description\" content=\"Vers\u00e3o comemorativa marca o centen\u00e1rio da Chevrolet no Brasil. Conhe\u00e7a o legado das edi\u00e7\u00f5es especiais e os diferenciais da nova picape.\" \/>\n<meta property=\"og:url\" content=\"https:\/\/www.em.com.br\/emfoco\/2025\/04\/12\/chevrolet-celebra-100-anos-no-brasil-com-edicao-especial-veja-detalhes\/\" \/>\n<meta property=\"og:site_name\" content=\"Estado de Minas - Em foco\" \/>\n<meta property=\"article:published_time\" content=\"2025-04-12T21:20:00+00:00\" \/>\n<meta property=\"article:modified_time\" content=\"2025-04-11T18:49:25+00:00\" \/>\n<meta property=\"og:image\" content=\"https:\/\/www.em.com.br\/emfoco\/wp-content\/uploads\/2025\/03\/chevrolet_1740943737089.jpg\" \/>\n\t<meta property=\"og:image:width\" content=\"1280\" \/>\n\t<meta property=\"og:image:height\" content=\"720\" \/>\n\t<meta property=\"og:image:type\" content=\"image\/jpeg\" \/>\n<meta name=\"author\" content=\"Andre\u0301 Rangel\u00a0\" \/>\n<meta name=\"twitter:card\" content=\"summary_large_image\" \/>\n<meta name=\"twitter:label1\" content=\"Escrito por\" \/>\n\t<meta name=\"twitter:data1\" content=\"Andre\u0301 Rangel\u00a0\" \/>\n\t<meta name=\"twitter:label2\" content=\"Est. tempo de leitura\" \/>\n\t<meta name=\"twitter:data2\" content=\"3 minutos\" \/>\n<!-- \/ Yoast SEO plugin. -->","yoast_head_json":{"title":"Chevrolet celebra 100 anos no Brasil com edi\u00e7\u00e3o especial; veja detalhes - Estado de Minas - Em foco","description":"Vers\u00e3o comemorativa marca o centen\u00e1rio da Chevrolet no Brasil. Conhe\u00e7a o legado das edi\u00e7\u00f5es especiais e os diferenciais da nova picape.","robots":{"index":"index","follow":"follow","max-snippet":"max-snippet:-1","max-image-preview":"max-image-preview:large","max-video-preview":"max-video-preview:-1"},"canonical":"https:\/\/www.em.com.br\/emfoco\/2025\/04\/12\/chevrolet-celebra-100-anos-no-brasil-com-edicao-especial-veja-detalhes\/","og_locale":"pt_BR","og_type":"article","og_title":"Chevrolet celebra 100 anos no Brasil com edi\u00e7\u00e3o especial; veja detalhes - Estado de Minas - Em foco","og_description":"Vers\u00e3o comemorativa marca o centen\u00e1rio da Chevrolet no Brasil. Conhe\u00e7a o legado das edi\u00e7\u00f5es especiais e os diferenciais da nova picape.","og_url":"https:\/\/www.em.com.br\/emfoco\/2025\/04\/12\/chevrolet-celebra-100-anos-no-brasil-com-edicao-especial-veja-detalhes\/","og_site_name":"Estado de Minas - Em foco","article_published_time":"2025-04-12T21:20:00+00:00","article_modified_time":"2025-04-11T18:49:25+00:00","og_image":[{"width":1280,"height":720,"url":"https:\/\/www.em.com.br\/emfoco\/wp-content\/uploads\/2025\/03\/chevrolet_1740943737089.jpg","type":"image\/jpeg"}],"author":"Andre\u0301 Rangel\u00a0","twitter_card":"summary_large_image","twitter_misc":{"Escrito por":"Andre\u0301 Rangel\u00a0","Est. tempo de leitura":"3 minutos"},"schema":{"@context":"https:\/\/schema.org","@graph":[{"@type":"WebPage","@id":"https:\/\/www.em.com.br\/emfoco\/2025\/04\/12\/chevrolet-celebra-100-anos-no-brasil-com-edicao-especial-veja-detalhes\/","url":"https:\/\/www.em.com.br\/emfoco\/2025\/04\/12\/chevrolet-celebra-100-anos-no-brasil-com-edicao-especial-veja-detalhes\/","name":"Chevrolet celebra 100 anos no Brasil com edi\u00e7\u00e3o especial; veja detalhes - Estado de Minas - Em foco","isPartOf":{"@id":"https:\/\/www.em.com.br\/emfoco\/#website"},"primaryImageOfPage":{"@id":"https:\/\/www.em.com.br\/emfoco\/2025\/04\/12\/chevrolet-celebra-100-anos-no-brasil-com-edicao-especial-veja-detalhes\/#primaryimage"},"image":{"@id":"https:\/\/www.em.com.br\/emfoco\/2025\/04\/12\/chevrolet-celebra-100-anos-no-brasil-com-edicao-especial-veja-detalhes\/#primaryimage"},"thumbnailUrl":"https:\/\/www.em.com.br\/emfoco\/wp-content\/uploads\/2025\/03\/chevrolet_1740943737089.jpg","datePublished":"2025-04-12T21:20:00+00:00","dateModified":"2025-04-11T18:49:25+00:00","author":{"@id":"https:\/\/www.em.com.br\/emfoco\/#\/schema\/person\/60eda09c1fedf0d6891f4cef4b60b8b8"},"description":"Vers\u00e3o comemorativa marca o centen\u00e1rio da Chevrolet no Brasil. Conhe\u00e7a o legado das edi\u00e7\u00f5es especiais e os diferenciais da nova picape.","breadcrumb":{"@id":"https:\/\/www.em.com.br\/emfoco\/2025\/04\/12\/chevrolet-celebra-100-anos-no-brasil-com-edicao-especial-veja-detalhes\/#breadcrumb"},"inLanguage":"pt-BR","potentialAction":[{"@type":"ReadAction","target":["https:\/\/www.em.com.br\/emfoco\/2025\/04\/12\/chevrolet-celebra-100-anos-no-brasil-com-edicao-especial-veja-detalhes\/"]}]},{"@type":"ImageObject","inLanguage":"pt-BR","@id":"https:\/\/www.em.com.br\/emfoco\/2025\/04\/12\/chevrolet-celebra-100-anos-no-brasil-com-edicao-especial-veja-detalhes\/#primaryimage","url":"https:\/\/www.em.com.br\/emfoco\/wp-content\/uploads\/2025\/03\/chevrolet_1740943737089.jpg","contentUrl":"https:\/\/www.em.com.br\/emfoco\/wp-content\/uploads\/2025\/03\/chevrolet_1740943737089.jpg","width":1280,"height":720,"caption":"Chevrolet Equinox - Cr\u00e9ditos: depositphotos.com \/ jetcityimage2"},{"@type":"BreadcrumbList","@id":"https:\/\/www.em.com.br\/emfoco\/2025\/04\/12\/chevrolet-celebra-100-anos-no-brasil-com-edicao-especial-veja-detalhes\/#breadcrumb","itemListElement":[{"@type":"ListItem","position":1,"name":"In\u00edcio","item":"https:\/\/www.em.com.br\/emfoco\/"},{"@type":"ListItem","position":2,"name":"Chevrolet celebra 100 anos no Brasil com edi\u00e7\u00e3o especial; veja detalhes"}]},{"@type":"WebSite","@id":"https:\/\/www.em.com.br\/emfoco\/#website","url":"https:\/\/www.em.com.br\/emfoco\/","name":"Estado de Minas - Em foco","description":"Acompanhe as \u00faltimas not\u00edcias e fique bem informado sobre tudo o que acontece em Minas Gerais, Brasil e no mundo.","potentialAction":[{"@type":"SearchAction","target":{"@type":"EntryPoint","urlTemplate":"https:\/\/www.em.com.br\/emfoco\/?s={search_term_string}"},"query-input":{"@type":"PropertyValueSpecification","valueRequired":true,"valueName":"search_term_string"}}],"inLanguage":"pt-BR"},{"@type":"Person","@id":"https:\/\/www.em.com.br\/emfoco\/#\/schema\/person\/60eda09c1fedf0d6891f4cef4b60b8b8","name":"Andre\u0301 Rangel\u00a0","image":{"@type":"ImageObject","inLanguage":"pt-BR","@id":"https:\/\/www.em.com.br\/emfoco\/#\/schema\/person\/image\/","url":"https:\/\/secure.gravatar.com\/avatar\/6234dc814c77c8ef6d8bba622c787efc?s=96&d=mm&r=g","contentUrl":"https:\/\/secure.gravatar.com\/avatar\/6234dc814c77c8ef6d8bba622c787efc?s=96&d=mm&r=g","caption":"Andre\u0301 Rangel\u00a0"},"url":"https:\/\/www.em.com.br\/emfoco\/author\/luizmyth\/"}]}},"_links":{"self":[{"href":"https:\/\/www.em.com.br\/emfoco\/wp-json\/wp\/v2\/posts\/37578","targetHints":{"allow":["GET"]}}],"collection":[{"href":"https:\/\/www.em.com.br\/emfoco\/wp-json\/wp\/v2\/posts"}],"about":[{"href":"https:\/\/www.em.com.br\/emfoco\/wp-json\/wp\/v2\/types\/post"}],"author":[{"embeddable":true,"href":"https:\/\/www.em.com.br\/emfoco\/wp-json\/wp\/v2\/users\/11"}],"replies":[{"embeddable":true,"href":"https:\/\/www.em.com.br\/emfoco\/wp-json\/wp\/v2\/comments?post=37578"}],"version-history":[{"count":4,"href":"https:\/\/www.em.com.br\/emfoco\/wp-json\/wp\/v2\/posts\/37578\/revisions"}],"predecessor-version":[{"id":37628,"href":"https:\/\/www.em.com.br\/emfoco\/wp-json\/wp\/v2\/posts\/37578\/revisions\/37628"}],"wp:featuredmedia":[{"embeddable":true,"href":"https:\/\/www.em.com.br\/emfoco\/wp-json\/wp\/v2\/media\/24388"}],"wp:attachment":[{"href":"https:\/\/www.em.com.br\/emfoco\/wp-json\/wp\/v2\/media?parent=37578"}],"wp:term":[{"taxonomy":"category","embeddable":true,"href":"https:\/\/www.em.com.br\/emfoco\/wp-json\/wp\/v2\/categories?post=37578"},{"taxonomy":"post_tag","embeddable":true,"href":"https:\/\/www.em.com.br\/emfoco\/wp-json\/wp\/v2\/tags?post=37578"}],"curies":[{"name":"wp","href":"https:\/\/api.w.org\/{rel}","templated":true}]}}