{"id":37576,"date":"2025-04-12T13:00:00","date_gmt":"2025-04-12T16:00:00","guid":{"rendered":"https:\/\/www.em.com.br\/emfoco\/?p=37576"},"modified":"2025-04-12T13:31:27","modified_gmt":"2025-04-12T16:31:27","slug":"e-golpe-paginas-se-passam-pelo-governo-para-roubar-dados-via-cpf-e-taxa-falsa","status":"publish","type":"post","link":"https:\/\/www.em.com.br\/emfoco\/2025\/04\/12\/e-golpe-paginas-se-passam-pelo-governo-para-roubar-dados-via-cpf-e-taxa-falsa\/","title":{"rendered":"\u00c9 golpe! P\u00e1ginas se passam pelo Governo para roubar dados via CPF e taxa falsa"},"content":{"rendered":"\n<p>Perfis com nomes como \u201c<strong>Governo Federal<\/strong>\u201d, \u201c<strong>Uni\u00e3o Gov<\/strong>\u201d e \u201c<strong>Portal do Cidad\u00e3o<\/strong>\u201d est\u00e3o aplicando <strong><a href=\"https:\/\/www.em.com.br\/emfoco\/2025\/04\/11\/fake-news-do-golpe-do-pix-por-telefone-volta-a-circular-no-whatsapp\/\" target=\"_blank\" rel=\"noreferrer noopener\">golpe <\/a><\/strong>nas redes sociais, simulando comunica\u00e7\u00e3o oficial do Governo Federal. As publica\u00e7\u00f5es anunciam falsos valores de indeniza\u00e7\u00e3o \u2014 como R$ 21.944,50 \u2014 mediante o pagamento de uma \u201ctaxa de imposto\u201d de aproximadamente R$ 39.<\/p>\n\n\n\n<p>Os golpistas usam cores, s\u00edmbolos e nomes semelhantes aos do governo, al\u00e9m de links que direcionam a sites fraudulentos que imitam o portal gov.br.<\/p>\n\n\n\n<h2 class=\"wp-block-heading\">Golpistas usam intelig\u00eancia artificial e deepfake para refor\u00e7ar a mentira<\/h2>\n\n\n\n<p>Para dar mais credibilidade \u00e0 fraude, criminosos usam v\u00eddeos manipulados com intelig\u00eancia artificial. J\u00e1 foram detectados v\u00eddeos falsos com o presidente <strong>Lula<\/strong> e o apresentador <strong>Ratinho<\/strong>, al\u00e9m de falsas reportagens com <strong>William Bonner<\/strong>, do Jornal Nacional, promovendo o golpe da suposta indeniza\u00e7\u00e3o.<\/p>\n\n\n\n<p>Esse tipo de conte\u00fado \u00e9 criado com deepfake, recurso que simula falas reais de figuras p\u00fablicas para enganar o p\u00fablico.<\/p>\n\n\n\n<h2 class=\"wp-block-heading\">Como funciona o golpe do \u201cdinheiro esquecido\u201d<\/h2>\n\n\n\n<p>O golpe se estrutura em tr\u00eas etapas:<\/p>\n\n\n\n<ol class=\"wp-block-list\">\n<li><strong>Usu\u00e1rio acessa o link falso<\/strong> com promessa de indeniza\u00e7\u00e3o.<\/li>\n\n\n\n<li><strong>Site pede o n\u00famero do CPF<\/strong> e trava logo ap\u00f3s a inser\u00e7\u00e3o dos dados.<\/li>\n\n\n\n<li>Em seguida, a v\u00edtima \u00e9 direcionada para um chat que cobra uma taxa para liberar o suposto valor.<\/li>\n<\/ol>\n\n\n\n<p>O objetivo principal \u00e9 roubar dados pessoais ou receber o pagamento da falsa taxa. Em ambos os casos, o preju\u00edzo \u00e9 do cidad\u00e3o.<\/p>\n\n\n\n<figure class=\"wp-block-image\"><img decoding=\"async\" src=\"https:\/\/www.em.com.br\/emfoco\/wp-content\/uploads\/2025\/04\/receber-mensagem_1743695085830-1024x576.jpg\" alt=\"\"\/><figcaption class=\"wp-element-caption\">Receber mensagem alerta &#8211; Cr\u00e9ditos: depositphotos.com \/ chayakorn.mm@gmail.com<\/figcaption><\/figure>\n\n\n\n<h2 class=\"wp-block-heading\">Como se proteger e identificar perfis falsos<\/h2>\n\n\n\n<ul class=\"wp-block-list\">\n<li><strong>Desconfie de promessas de dinheiro f\u00e1cil<\/strong> vinculadas a \u00f3rg\u00e3os p\u00fablicos.<\/li>\n\n\n\n<li><strong>Verifique a URL do site<\/strong>: dom\u00ednios oficiais do governo terminam sempre em <strong>\u201c.gov.br\u201d<\/strong>.<\/li>\n\n\n\n<li><strong>Erros ortogr\u00e1ficos<\/strong> em postagens s\u00e3o outro sinal de alerta. Exemplo: &#8220;indeniza\u00e7\u00e3o&#8221; escrita como \u201cidena\u00e7\u00e3o\u201d.<\/li>\n\n\n\n<li><strong>Evite clicar em links compartilhados por redes sociais<\/strong>, mesmo que pare\u00e7am confi\u00e1veis.<\/li>\n<\/ul>\n\n\n\n<p>Se tiver d\u00favidas, acesse diretamente o portal oficial:<strong> <a class=\"\" href=\"https:\/\/www.gov.br\">www.gov.br<\/a>.<\/strong><\/p>\n\n\n\n<h2 class=\"wp-block-heading\">Governo alerta: n\u00e3o h\u00e1 indeniza\u00e7\u00e3o e nem taxa para receb\u00ea-la<\/h2>\n\n\n\n<p>A <strong>Secretaria de Comunica\u00e7\u00e3o Social da Presid\u00eancia da Rep\u00fablica<\/strong> refor\u00e7ou, em nota, que n\u00e3o existe nenhum programa federal com indeniza\u00e7\u00e3o via CPF. Toda comunica\u00e7\u00e3o oficial ocorre exclusivamente pelos canais do governo com dom\u00ednio <strong>.gov.br<\/strong>.<\/p>\n\n\n\n<p>Caso voc\u00ea tenha compartilhado seus dados em um desses sites, procure orienta\u00e7\u00e3o jur\u00eddica e denuncie o perfil na rede social.<\/p>\n","protected":false},"excerpt":{"rendered":"<p>Perfis com nomes como \u201cGoverno Federal\u201d, \u201cUni\u00e3o Gov\u201d e \u201cPortal do Cidad\u00e3o\u201d est\u00e3o aplicando golpe nas redes sociais, simulando comunica\u00e7\u00e3o oficial do Governo Federal. As publica\u00e7\u00f5es anunciam falsos valores de indeniza\u00e7\u00e3o \u2014 como R$ 21.944,50 \u2014 mediante o pagamento de uma \u201ctaxa de imposto\u201d de aproximadamente R$ 39. Os golpistas usam cores, s\u00edmbolos e nomes [&hellip;]<\/p>\n","protected":false},"author":11,"featured_media":14635,"comment_status":"open","ping_status":"open","sticky":false,"template":"","format":"standard","meta":{"jnews-multi-image_gallery":[],"jnews_single_post":{"format":"standard"},"jnews_primary_category":[],"jnews_social_meta":[],"jnews_override_counter":[],"footnotes":""},"categories":[138,1],"tags":[749,7007,1337],"class_list":["post-37576","post","type-post","status-publish","format-standard","has-post-thumbnail","hentry","category-mundo","category-noticias","tag-golpe","tag-golpe-do-cpf","tag-golpe-online"],"yoast_head":"<!-- This site is optimized with the Yoast SEO plugin v23.8 - https:\/\/yoast.com\/wordpress\/plugins\/seo\/ -->\n<title>\u00c9 golpe! P\u00e1ginas se passam pelo Governo para roubar dados via CPF e taxa falsa - Estado de Minas - Em foco<\/title>\n<meta name=\"description\" content=\"Deepfakes, links falsos e cobran\u00e7a de taxas! Conhe\u00e7a a nova armadilha que circula no Facebook. Governo Federal emitiu alerta sobre golpe.\" \/>\n<meta name=\"robots\" content=\"index, follow, max-snippet:-1, max-image-preview:large, max-video-preview:-1\" \/>\n<link rel=\"canonical\" href=\"https:\/\/www.em.com.br\/emfoco\/2025\/04\/12\/e-golpe-paginas-se-passam-pelo-governo-para-roubar-dados-via-cpf-e-taxa-falsa\/\" \/>\n<meta property=\"og:locale\" content=\"pt_BR\" \/>\n<meta property=\"og:type\" content=\"article\" \/>\n<meta property=\"og:title\" content=\"\u00c9 golpe! P\u00e1ginas se passam pelo Governo para roubar dados via CPF e taxa falsa - Estado de Minas - Em foco\" \/>\n<meta property=\"og:description\" content=\"Deepfakes, links falsos e cobran\u00e7a de taxas! Conhe\u00e7a a nova armadilha que circula no Facebook. Governo Federal emitiu alerta sobre golpe.\" \/>\n<meta property=\"og:url\" content=\"https:\/\/www.em.com.br\/emfoco\/2025\/04\/12\/e-golpe-paginas-se-passam-pelo-governo-para-roubar-dados-via-cpf-e-taxa-falsa\/\" \/>\n<meta property=\"og:site_name\" content=\"Estado de Minas - Em foco\" \/>\n<meta property=\"article:published_time\" content=\"2025-04-12T16:00:00+00:00\" \/>\n<meta property=\"article:modified_time\" content=\"2025-04-12T16:31:27+00:00\" \/>\n<meta property=\"og:image\" content=\"https:\/\/www.em.com.br\/emfoco\/wp-content\/uploads\/2025\/01\/fraude-online_1738158243170.jpg\" \/>\n\t<meta property=\"og:image:width\" content=\"1280\" \/>\n\t<meta property=\"og:image:height\" content=\"720\" \/>\n\t<meta property=\"og:image:type\" content=\"image\/jpeg\" \/>\n<meta name=\"author\" content=\"Andre\u0301 Rangel\u00a0\" \/>\n<meta name=\"twitter:card\" content=\"summary_large_image\" \/>\n<meta name=\"twitter:label1\" content=\"Escrito por\" \/>\n\t<meta name=\"twitter:data1\" content=\"Andre\u0301 Rangel\u00a0\" \/>\n\t<meta name=\"twitter:label2\" content=\"Est. tempo de leitura\" \/>\n\t<meta name=\"twitter:data2\" content=\"3 minutos\" \/>\n<!-- \/ Yoast SEO plugin. -->","yoast_head_json":{"title":"\u00c9 golpe! P\u00e1ginas se passam pelo Governo para roubar dados via CPF e taxa falsa - Estado de Minas - Em foco","description":"Deepfakes, links falsos e cobran\u00e7a de taxas! Conhe\u00e7a a nova armadilha que circula no Facebook. Governo Federal emitiu alerta sobre golpe.","robots":{"index":"index","follow":"follow","max-snippet":"max-snippet:-1","max-image-preview":"max-image-preview:large","max-video-preview":"max-video-preview:-1"},"canonical":"https:\/\/www.em.com.br\/emfoco\/2025\/04\/12\/e-golpe-paginas-se-passam-pelo-governo-para-roubar-dados-via-cpf-e-taxa-falsa\/","og_locale":"pt_BR","og_type":"article","og_title":"\u00c9 golpe! P\u00e1ginas se passam pelo Governo para roubar dados via CPF e taxa falsa - Estado de Minas - Em foco","og_description":"Deepfakes, links falsos e cobran\u00e7a de taxas! Conhe\u00e7a a nova armadilha que circula no Facebook. Governo Federal emitiu alerta sobre golpe.","og_url":"https:\/\/www.em.com.br\/emfoco\/2025\/04\/12\/e-golpe-paginas-se-passam-pelo-governo-para-roubar-dados-via-cpf-e-taxa-falsa\/","og_site_name":"Estado de Minas - Em foco","article_published_time":"2025-04-12T16:00:00+00:00","article_modified_time":"2025-04-12T16:31:27+00:00","og_image":[{"width":1280,"height":720,"url":"https:\/\/www.em.com.br\/emfoco\/wp-content\/uploads\/2025\/01\/fraude-online_1738158243170.jpg","type":"image\/jpeg"}],"author":"Andre\u0301 Rangel\u00a0","twitter_card":"summary_large_image","twitter_misc":{"Escrito por":"Andre\u0301 Rangel\u00a0","Est. tempo de leitura":"3 minutos"},"schema":{"@context":"https:\/\/schema.org","@graph":[{"@type":"WebPage","@id":"https:\/\/www.em.com.br\/emfoco\/2025\/04\/12\/e-golpe-paginas-se-passam-pelo-governo-para-roubar-dados-via-cpf-e-taxa-falsa\/","url":"https:\/\/www.em.com.br\/emfoco\/2025\/04\/12\/e-golpe-paginas-se-passam-pelo-governo-para-roubar-dados-via-cpf-e-taxa-falsa\/","name":"\u00c9 golpe! P\u00e1ginas se passam pelo Governo para roubar dados via CPF e taxa falsa - Estado de Minas - Em foco","isPartOf":{"@id":"https:\/\/www.em.com.br\/emfoco\/#website"},"primaryImageOfPage":{"@id":"https:\/\/www.em.com.br\/emfoco\/2025\/04\/12\/e-golpe-paginas-se-passam-pelo-governo-para-roubar-dados-via-cpf-e-taxa-falsa\/#primaryimage"},"image":{"@id":"https:\/\/www.em.com.br\/emfoco\/2025\/04\/12\/e-golpe-paginas-se-passam-pelo-governo-para-roubar-dados-via-cpf-e-taxa-falsa\/#primaryimage"},"thumbnailUrl":"https:\/\/www.em.com.br\/emfoco\/wp-content\/uploads\/2025\/01\/fraude-online_1738158243170.jpg","datePublished":"2025-04-12T16:00:00+00:00","dateModified":"2025-04-12T16:31:27+00:00","author":{"@id":"https:\/\/www.em.com.br\/emfoco\/#\/schema\/person\/60eda09c1fedf0d6891f4cef4b60b8b8"},"description":"Deepfakes, links falsos e cobran\u00e7a de taxas! Conhe\u00e7a a nova armadilha que circula no Facebook. Governo Federal emitiu alerta sobre golpe.","breadcrumb":{"@id":"https:\/\/www.em.com.br\/emfoco\/2025\/04\/12\/e-golpe-paginas-se-passam-pelo-governo-para-roubar-dados-via-cpf-e-taxa-falsa\/#breadcrumb"},"inLanguage":"pt-BR","potentialAction":[{"@type":"ReadAction","target":["https:\/\/www.em.com.br\/emfoco\/2025\/04\/12\/e-golpe-paginas-se-passam-pelo-governo-para-roubar-dados-via-cpf-e-taxa-falsa\/"]}]},{"@type":"ImageObject","inLanguage":"pt-BR","@id":"https:\/\/www.em.com.br\/emfoco\/2025\/04\/12\/e-golpe-paginas-se-passam-pelo-governo-para-roubar-dados-via-cpf-e-taxa-falsa\/#primaryimage","url":"https:\/\/www.em.com.br\/emfoco\/wp-content\/uploads\/2025\/01\/fraude-online_1738158243170.jpg","contentUrl":"https:\/\/www.em.com.br\/emfoco\/wp-content\/uploads\/2025\/01\/fraude-online_1738158243170.jpg","width":1280,"height":720,"caption":"Imagem Ilustrativa de fraude online - Cr\u00e9ditos: depositphotos.com \/ heiko119"},{"@type":"BreadcrumbList","@id":"https:\/\/www.em.com.br\/emfoco\/2025\/04\/12\/e-golpe-paginas-se-passam-pelo-governo-para-roubar-dados-via-cpf-e-taxa-falsa\/#breadcrumb","itemListElement":[{"@type":"ListItem","position":1,"name":"In\u00edcio","item":"https:\/\/www.em.com.br\/emfoco\/"},{"@type":"ListItem","position":2,"name":"\u00c9 golpe! P\u00e1ginas se passam pelo Governo para roubar dados via CPF e taxa falsa"}]},{"@type":"WebSite","@id":"https:\/\/www.em.com.br\/emfoco\/#website","url":"https:\/\/www.em.com.br\/emfoco\/","name":"Estado de Minas - Em foco","description":"Acompanhe as \u00faltimas not\u00edcias e fique bem informado sobre tudo o que acontece em Minas Gerais, Brasil e no mundo.","potentialAction":[{"@type":"SearchAction","target":{"@type":"EntryPoint","urlTemplate":"https:\/\/www.em.com.br\/emfoco\/?s={search_term_string}"},"query-input":{"@type":"PropertyValueSpecification","valueRequired":true,"valueName":"search_term_string"}}],"inLanguage":"pt-BR"},{"@type":"Person","@id":"https:\/\/www.em.com.br\/emfoco\/#\/schema\/person\/60eda09c1fedf0d6891f4cef4b60b8b8","name":"Andre\u0301 Rangel\u00a0","image":{"@type":"ImageObject","inLanguage":"pt-BR","@id":"https:\/\/www.em.com.br\/emfoco\/#\/schema\/person\/image\/","url":"https:\/\/secure.gravatar.com\/avatar\/6234dc814c77c8ef6d8bba622c787efc?s=96&d=mm&r=g","contentUrl":"https:\/\/secure.gravatar.com\/avatar\/6234dc814c77c8ef6d8bba622c787efc?s=96&d=mm&r=g","caption":"Andre\u0301 Rangel\u00a0"},"url":"https:\/\/www.em.com.br\/emfoco\/author\/luizmyth\/"}]}},"_links":{"self":[{"href":"https:\/\/www.em.com.br\/emfoco\/wp-json\/wp\/v2\/posts\/37576","targetHints":{"allow":["GET"]}}],"collection":[{"href":"https:\/\/www.em.com.br\/emfoco\/wp-json\/wp\/v2\/posts"}],"about":[{"href":"https:\/\/www.em.com.br\/emfoco\/wp-json\/wp\/v2\/types\/post"}],"author":[{"embeddable":true,"href":"https:\/\/www.em.com.br\/emfoco\/wp-json\/wp\/v2\/users\/11"}],"replies":[{"embeddable":true,"href":"https:\/\/www.em.com.br\/emfoco\/wp-json\/wp\/v2\/comments?post=37576"}],"version-history":[{"count":4,"href":"https:\/\/www.em.com.br\/emfoco\/wp-json\/wp\/v2\/posts\/37576\/revisions"}],"predecessor-version":[{"id":37626,"href":"https:\/\/www.em.com.br\/emfoco\/wp-json\/wp\/v2\/posts\/37576\/revisions\/37626"}],"wp:featuredmedia":[{"embeddable":true,"href":"https:\/\/www.em.com.br\/emfoco\/wp-json\/wp\/v2\/media\/14635"}],"wp:attachment":[{"href":"https:\/\/www.em.com.br\/emfoco\/wp-json\/wp\/v2\/media?parent=37576"}],"wp:term":[{"taxonomy":"category","embeddable":true,"href":"https:\/\/www.em.com.br\/emfoco\/wp-json\/wp\/v2\/categories?post=37576"},{"taxonomy":"post_tag","embeddable":true,"href":"https:\/\/www.em.com.br\/emfoco\/wp-json\/wp\/v2\/tags?post=37576"}],"curies":[{"name":"wp","href":"https:\/\/api.w.org\/{rel}","templated":true}]}}