{"id":37514,"date":"2025-04-12T14:40:31","date_gmt":"2025-04-12T17:40:31","guid":{"rendered":"https:\/\/www.em.com.br\/emfoco\/?p=37514"},"modified":"2025-04-11T13:26:55","modified_gmt":"2025-04-11T16:26:55","slug":"usuarios-ganham-novas-funcoes-no-canva-sem-pagar-mais-por-isso","status":"publish","type":"post","link":"https:\/\/www.em.com.br\/emfoco\/2025\/04\/12\/usuarios-ganham-novas-funcoes-no-canva-sem-pagar-mais-por-isso\/","title":{"rendered":"Usu\u00e1rios ganham novas fun\u00e7\u00f5es no Canva sem pagar mais por isso"},"content":{"rendered":"\n<p>Recentemente, o <strong>Canva<\/strong> <a href=\"https:\/\/www.canva.com\/newsroom\/news\/canva-create-2025\/\" target=\"_blank\" rel=\"noopener\">anunciou<\/a> um conjunto significativo de atualiza\u00e7\u00f5es, marcando um dos maiores lan\u00e7amentos desde sua cria\u00e7\u00e3o em <strong>2012.<\/strong> Entre as novidades, destaca-se a introdu\u00e7\u00e3o do <strong>Canva Planilhas,<\/strong> uma ferramenta que permite a cria\u00e7\u00e3o e edi\u00e7\u00e3o colaborativa de planilhas diretamente na plataforma. Al\u00e9m disso, a empresa lan\u00e7ou uma intelig\u00eancia artificial generativa para desenvolver elementos interativos em sites.<\/p>\n\n\n\n<p>Essas inova\u00e7\u00f5es visam ampliar a competitividade do <strong>Canva<\/strong> no mercado de <strong>su\u00edtes de trabalho,<\/strong> tradicionalmente dominado por gigantes como <strong>Google<\/strong> e <a href=\"https:\/\/www.em.com.br\/emfoco\/2025\/04\/10\/microsoft-anuncia-bloqueio-de-aplicativo-em-versoes-desatualizadas\/\" target=\"_blank\" rel=\"noopener\">Microsoft.<\/a> A plataforma, no entanto, mant\u00e9m seu foco em profissionais de design e cria\u00e7\u00e3o de conte\u00fado, sem alterar os pre\u00e7os de seus servi\u00e7os.<\/p>\n\n\n\n<h2 class=\"wp-block-heading\">Explorando o Canva Planilhas<\/h2>\n\n\n\n<p>O Canva Planilhas surge como uma <strong>ferramenta<\/strong> que possibilita a <strong>cria\u00e7\u00e3o de planilhas<\/strong> de forma colaborativa, semelhante ao que \u00e9 oferecido por outras plataformas de produtividade. A novidade permite que m\u00faltiplos usu\u00e1rios editem documentos em tempo real, integrando-se ao ecossistema de design do Canva, que j\u00e1 \u00e9 amplamente utilizado por criadores de conte\u00fado e designers.<\/p>\n\n\n<div class=\"wp-block-image\">\n<figure class=\"aligncenter size-large\"><img loading=\"lazy\" decoding=\"async\" width=\"1024\" height=\"576\" src=\"https:\/\/www.em.com.br\/emfoco\/wp-content\/uploads\/2025\/04\/canva-site_1744388683538-1024x576.jpg\" alt=\"\" class=\"wp-image-37545\" srcset=\"https:\/\/www.em.com.br\/emfoco\/wp-content\/uploads\/2025\/04\/canva-site_1744388683538-1024x576.jpg 1024w, https:\/\/www.em.com.br\/emfoco\/wp-content\/uploads\/2025\/04\/canva-site_1744388683538-300x169.jpg 300w, https:\/\/www.em.com.br\/emfoco\/wp-content\/uploads\/2025\/04\/canva-site_1744388683538-768x432.jpg 768w, https:\/\/www.em.com.br\/emfoco\/wp-content\/uploads\/2025\/04\/canva-site_1744388683538-750x422.jpg 750w, https:\/\/www.em.com.br\/emfoco\/wp-content\/uploads\/2025\/04\/canva-site_1744388683538-1140x641.jpg 1140w, https:\/\/www.em.com.br\/emfoco\/wp-content\/uploads\/2025\/04\/canva-site_1744388683538.jpg 1280w\" sizes=\"auto, (max-width: 1024px) 100vw, 1024px\" \/><figcaption class=\"wp-element-caption\">Interdace Canva &#8211; Cr\u00e9ditos: depositphotos.com \/ emre03<\/figcaption><\/figure><\/div>\n\n\n<h2 class=\"wp-block-heading\">Quais s\u00e3o as novidades do Kit de Cria\u00e7\u00e3o Visual 2.0?<\/h2>\n\n\n\n<p>O <strong>Kit de Cria\u00e7\u00e3o Visual 2.0<\/strong> \u00e9 outra grande atualiza\u00e7\u00e3o que o Canva trouxe para seus usu\u00e1rios. Este kit melhora a produtividade ao permitir a cria\u00e7\u00e3o de diferentes tipos de conte\u00fado em uma \u00fanica interface, eliminando a necessidade de alternar entre v\u00e1rias abas. A inclus\u00e3o do Canva <strong>IA,<\/strong> uma ferramenta de intelig\u00eancia artificial, permite a gera\u00e7\u00e3o de conte\u00fado atrav\u00e9s de comandos de texto ou voz, embora atualmente dispon\u00edvel apenas em ingl\u00eas.<\/p>\n\n\n\n<p>As novas funcionalidades incluem:<\/p>\n\n\n\n<ul class=\"wp-block-list\">\n<li><strong>Gr\u00e1ficos M\u00e1gicos:<\/strong> Transforma\u00e7\u00e3o de dados em representa\u00e7\u00f5es visuais interativas.<\/li>\n\n\n\n<li><strong>Canva Programa\u00e7\u00e3o:<\/strong> Cria\u00e7\u00e3o de elementos interativos para sites utilizando intelig\u00eancia artificial.<\/li>\n\n\n\n<li><strong>Editor de Fotos com IA:<\/strong> Ferramenta simplificada para edi\u00e7\u00e3o de imagens.<\/li>\n<\/ul>\n\n\n\n<h2 class=\"wp-block-heading\">Por que o Brasil \u00e9 crucial para o canva?<\/h2>\n\n\n\n<p>O <strong>Brasil<\/strong> representa um mercado vital para o Canva, sendo o segundo maior em termos de usu\u00e1rios. Estat\u00edsticas mostram que uma parcela significativa dos internautas brasileiros utiliza a plataforma, colocando o pa\u00eds entre os principais consumidores de ferramentas como documentos, apresenta\u00e7\u00f5es e v\u00eddeos. Al\u00e9m disso, a ferramenta de redes sociais \u00e9 especialmente popular entre os brasileiros.<\/p>\n\n\n\n<h2 class=\"wp-block-heading\">Impacto das atualiza\u00e7\u00f5es para os usu\u00e1rios<\/h2>\n\n\n\n<p>As atualiza\u00e7\u00f5es recentes do Canva oferecem novos recursos sem custos adicionais para os usu\u00e1rios. As ferramentas de intelig\u00eancia artificial ter\u00e3o uso limitado para contas gratuitas, mas ainda assim, prometem enriquecer a experi\u00eancia do usu\u00e1rio. Desde seu lan\u00e7amento, o Canva j\u00e1 facilitou a cria\u00e7\u00e3o de bilh\u00f5es de designs, e as novas funcionalidades devem aumentar ainda mais esse n\u00famero.<\/p>\n","protected":false},"excerpt":{"rendered":"<p>Recentemente, o Canva anunciou um conjunto significativo de atualiza\u00e7\u00f5es, marcando um dos maiores lan\u00e7amentos desde sua cria\u00e7\u00e3o em 2012. Entre as novidades, destaca-se a introdu\u00e7\u00e3o do Canva Planilhas, uma ferramenta que permite a cria\u00e7\u00e3o e edi\u00e7\u00e3o colaborativa de planilhas diretamente na plataforma. Al\u00e9m disso, a empresa lan\u00e7ou uma intelig\u00eancia artificial generativa para desenvolver elementos interativos [&hellip;]<\/p>\n","protected":false},"author":9,"featured_media":37541,"comment_status":"open","ping_status":"open","sticky":false,"template":"","format":"standard","meta":{"jnews-multi-image_gallery":[],"jnews_single_post":{"format":"standard"},"jnews_primary_category":[],"jnews_social_meta":[],"jnews_override_counter":[],"footnotes":""},"categories":[1,4204],"tags":[7444,821,7445,1249],"class_list":["post-37514","post","type-post","status-publish","format-standard","has-post-thumbnail","hentry","category-noticias","category-tecnologia","tag-canva","tag-design","tag-ferramentas-de-produtividade","tag-inteligencia-artificial"],"yoast_head":"<!-- This site is optimized with the Yoast SEO plugin v23.8 - https:\/\/yoast.com\/wordpress\/plugins\/seo\/ -->\n<title>Usu\u00e1rios ganham novas fun\u00e7\u00f5es no Canva sem pagar mais por isso<\/title>\n<meta name=\"description\" content=\"Canva lan\u00e7a planilhas colaborativas, IA e novos recursos que refor\u00e7am sua posi\u00e7\u00e3o no mercado criativo sem alterar os pre\u00e7os.\" \/>\n<meta name=\"robots\" content=\"index, follow, max-snippet:-1, max-image-preview:large, max-video-preview:-1\" \/>\n<link rel=\"canonical\" href=\"https:\/\/www.em.com.br\/emfoco\/2025\/04\/12\/usuarios-ganham-novas-funcoes-no-canva-sem-pagar-mais-por-isso\/\" \/>\n<meta property=\"og:locale\" content=\"pt_BR\" \/>\n<meta property=\"og:type\" content=\"article\" \/>\n<meta property=\"og:title\" content=\"Usu\u00e1rios ganham novas fun\u00e7\u00f5es no Canva sem pagar mais por isso\" \/>\n<meta property=\"og:description\" content=\"Canva lan\u00e7a planilhas colaborativas, IA e novos recursos que refor\u00e7am sua posi\u00e7\u00e3o no mercado criativo sem alterar os pre\u00e7os.\" \/>\n<meta property=\"og:url\" content=\"https:\/\/www.em.com.br\/emfoco\/2025\/04\/12\/usuarios-ganham-novas-funcoes-no-canva-sem-pagar-mais-por-isso\/\" \/>\n<meta property=\"og:site_name\" content=\"Estado de Minas - Em foco\" \/>\n<meta property=\"article:published_time\" content=\"2025-04-12T17:40:31+00:00\" \/>\n<meta property=\"article:modified_time\" content=\"2025-04-11T16:26:55+00:00\" \/>\n<meta property=\"og:image\" content=\"https:\/\/www.em.com.br\/emfoco\/wp-content\/uploads\/2025\/04\/canva_1744388467193.jpg\" \/>\n\t<meta property=\"og:image:width\" content=\"1279\" \/>\n\t<meta property=\"og:image:height\" content=\"720\" \/>\n\t<meta property=\"og:image:type\" content=\"image\/jpeg\" \/>\n<meta name=\"author\" content=\"Daniely Cardoso\" \/>\n<meta name=\"twitter:card\" content=\"summary_large_image\" \/>\n<meta name=\"twitter:label1\" content=\"Escrito por\" \/>\n\t<meta name=\"twitter:data1\" content=\"Daniely Cardoso\" \/>\n\t<meta name=\"twitter:label2\" content=\"Est. tempo de leitura\" \/>\n\t<meta name=\"twitter:data2\" content=\"3 minutos\" \/>\n<!-- \/ Yoast SEO plugin. -->","yoast_head_json":{"title":"Usu\u00e1rios ganham novas fun\u00e7\u00f5es no Canva sem pagar mais por isso","description":"Canva lan\u00e7a planilhas colaborativas, IA e novos recursos que refor\u00e7am sua posi\u00e7\u00e3o no mercado criativo sem alterar os pre\u00e7os.","robots":{"index":"index","follow":"follow","max-snippet":"max-snippet:-1","max-image-preview":"max-image-preview:large","max-video-preview":"max-video-preview:-1"},"canonical":"https:\/\/www.em.com.br\/emfoco\/2025\/04\/12\/usuarios-ganham-novas-funcoes-no-canva-sem-pagar-mais-por-isso\/","og_locale":"pt_BR","og_type":"article","og_title":"Usu\u00e1rios ganham novas fun\u00e7\u00f5es no Canva sem pagar mais por isso","og_description":"Canva lan\u00e7a planilhas colaborativas, IA e novos recursos que refor\u00e7am sua posi\u00e7\u00e3o no mercado criativo sem alterar os pre\u00e7os.","og_url":"https:\/\/www.em.com.br\/emfoco\/2025\/04\/12\/usuarios-ganham-novas-funcoes-no-canva-sem-pagar-mais-por-isso\/","og_site_name":"Estado de Minas - Em foco","article_published_time":"2025-04-12T17:40:31+00:00","article_modified_time":"2025-04-11T16:26:55+00:00","og_image":[{"width":1279,"height":720,"url":"https:\/\/www.em.com.br\/emfoco\/wp-content\/uploads\/2025\/04\/canva_1744388467193.jpg","type":"image\/jpeg"}],"author":"Daniely Cardoso","twitter_card":"summary_large_image","twitter_misc":{"Escrito por":"Daniely Cardoso","Est. tempo de leitura":"3 minutos"},"schema":{"@context":"https:\/\/schema.org","@graph":[{"@type":"WebPage","@id":"https:\/\/www.em.com.br\/emfoco\/2025\/04\/12\/usuarios-ganham-novas-funcoes-no-canva-sem-pagar-mais-por-isso\/","url":"https:\/\/www.em.com.br\/emfoco\/2025\/04\/12\/usuarios-ganham-novas-funcoes-no-canva-sem-pagar-mais-por-isso\/","name":"Usu\u00e1rios ganham novas fun\u00e7\u00f5es no Canva sem pagar mais por isso","isPartOf":{"@id":"https:\/\/www.em.com.br\/emfoco\/#website"},"primaryImageOfPage":{"@id":"https:\/\/www.em.com.br\/emfoco\/2025\/04\/12\/usuarios-ganham-novas-funcoes-no-canva-sem-pagar-mais-por-isso\/#primaryimage"},"image":{"@id":"https:\/\/www.em.com.br\/emfoco\/2025\/04\/12\/usuarios-ganham-novas-funcoes-no-canva-sem-pagar-mais-por-isso\/#primaryimage"},"thumbnailUrl":"https:\/\/www.em.com.br\/emfoco\/wp-content\/uploads\/2025\/04\/canva_1744388467193.jpg","datePublished":"2025-04-12T17:40:31+00:00","dateModified":"2025-04-11T16:26:55+00:00","author":{"@id":"https:\/\/www.em.com.br\/emfoco\/#\/schema\/person\/0a8186d72f2c3a5c6276d90b41f271a0"},"description":"Canva lan\u00e7a planilhas colaborativas, IA e novos recursos que refor\u00e7am sua posi\u00e7\u00e3o no mercado criativo sem alterar os pre\u00e7os.","breadcrumb":{"@id":"https:\/\/www.em.com.br\/emfoco\/2025\/04\/12\/usuarios-ganham-novas-funcoes-no-canva-sem-pagar-mais-por-isso\/#breadcrumb"},"inLanguage":"pt-BR","potentialAction":[{"@type":"ReadAction","target":["https:\/\/www.em.com.br\/emfoco\/2025\/04\/12\/usuarios-ganham-novas-funcoes-no-canva-sem-pagar-mais-por-isso\/"]}]},{"@type":"ImageObject","inLanguage":"pt-BR","@id":"https:\/\/www.em.com.br\/emfoco\/2025\/04\/12\/usuarios-ganham-novas-funcoes-no-canva-sem-pagar-mais-por-isso\/#primaryimage","url":"https:\/\/www.em.com.br\/emfoco\/wp-content\/uploads\/2025\/04\/canva_1744388467193.jpg","contentUrl":"https:\/\/www.em.com.br\/emfoco\/wp-content\/uploads\/2025\/04\/canva_1744388467193.jpg","width":1279,"height":720,"caption":"Canva - Cr\u00e9ditos: depositphotos.com \/ wavemoviesmw"},{"@type":"BreadcrumbList","@id":"https:\/\/www.em.com.br\/emfoco\/2025\/04\/12\/usuarios-ganham-novas-funcoes-no-canva-sem-pagar-mais-por-isso\/#breadcrumb","itemListElement":[{"@type":"ListItem","position":1,"name":"In\u00edcio","item":"https:\/\/www.em.com.br\/emfoco\/"},{"@type":"ListItem","position":2,"name":"Usu\u00e1rios ganham novas fun\u00e7\u00f5es no Canva sem pagar mais por isso"}]},{"@type":"WebSite","@id":"https:\/\/www.em.com.br\/emfoco\/#website","url":"https:\/\/www.em.com.br\/emfoco\/","name":"Estado de Minas - Em foco","description":"Acompanhe as \u00faltimas not\u00edcias e fique bem informado sobre tudo o que acontece em Minas Gerais, Brasil e no mundo.","potentialAction":[{"@type":"SearchAction","target":{"@type":"EntryPoint","urlTemplate":"https:\/\/www.em.com.br\/emfoco\/?s={search_term_string}"},"query-input":{"@type":"PropertyValueSpecification","valueRequired":true,"valueName":"search_term_string"}}],"inLanguage":"pt-BR"},{"@type":"Person","@id":"https:\/\/www.em.com.br\/emfoco\/#\/schema\/person\/0a8186d72f2c3a5c6276d90b41f271a0","name":"Daniely Cardoso","image":{"@type":"ImageObject","inLanguage":"pt-BR","@id":"https:\/\/www.em.com.br\/emfoco\/#\/schema\/person\/image\/","url":"https:\/\/secure.gravatar.com\/avatar\/4b80ddbd124d1f071b626d52d62e5dff?s=96&d=mm&r=g","contentUrl":"https:\/\/secure.gravatar.com\/avatar\/4b80ddbd124d1f071b626d52d62e5dff?s=96&d=mm&r=g","caption":"Daniely Cardoso"},"url":"https:\/\/www.em.com.br\/emfoco\/author\/danielymyth\/"}]}},"_links":{"self":[{"href":"https:\/\/www.em.com.br\/emfoco\/wp-json\/wp\/v2\/posts\/37514","targetHints":{"allow":["GET"]}}],"collection":[{"href":"https:\/\/www.em.com.br\/emfoco\/wp-json\/wp\/v2\/posts"}],"about":[{"href":"https:\/\/www.em.com.br\/emfoco\/wp-json\/wp\/v2\/types\/post"}],"author":[{"embeddable":true,"href":"https:\/\/www.em.com.br\/emfoco\/wp-json\/wp\/v2\/users\/9"}],"replies":[{"embeddable":true,"href":"https:\/\/www.em.com.br\/emfoco\/wp-json\/wp\/v2\/comments?post=37514"}],"version-history":[{"count":2,"href":"https:\/\/www.em.com.br\/emfoco\/wp-json\/wp\/v2\/posts\/37514\/revisions"}],"predecessor-version":[{"id":37547,"href":"https:\/\/www.em.com.br\/emfoco\/wp-json\/wp\/v2\/posts\/37514\/revisions\/37547"}],"wp:featuredmedia":[{"embeddable":true,"href":"https:\/\/www.em.com.br\/emfoco\/wp-json\/wp\/v2\/media\/37541"}],"wp:attachment":[{"href":"https:\/\/www.em.com.br\/emfoco\/wp-json\/wp\/v2\/media?parent=37514"}],"wp:term":[{"taxonomy":"category","embeddable":true,"href":"https:\/\/www.em.com.br\/emfoco\/wp-json\/wp\/v2\/categories?post=37514"},{"taxonomy":"post_tag","embeddable":true,"href":"https:\/\/www.em.com.br\/emfoco\/wp-json\/wp\/v2\/tags?post=37514"}],"curies":[{"name":"wp","href":"https:\/\/api.w.org\/{rel}","templated":true}]}}