{"id":37330,"date":"2025-04-21T11:20:00","date_gmt":"2025-04-21T14:20:00","guid":{"rendered":"https:\/\/www.em.com.br\/emfoco\/?p=37330"},"modified":"2025-04-11T09:58:36","modified_gmt":"2025-04-11T12:58:36","slug":"atencao-meis-entenda-as-novas-exigencias-para-emissao-de-notas-fiscais-em-2025","status":"publish","type":"post","link":"https:\/\/www.em.com.br\/emfoco\/2025\/04\/21\/atencao-meis-entenda-as-novas-exigencias-para-emissao-de-notas-fiscais-em-2025\/","title":{"rendered":"Aten\u00e7\u00e3o MEIs! Entenda as novas exig\u00eancias para emiss\u00e3o de notas fiscais em 2025"},"content":{"rendered":"\n<p>Em 2025, uma nova exig\u00eancia fiscal entrou em vigor para os <strong>Microempreendedores Individuais<\/strong> (MEIs) no <strong>Brasil<\/strong>. Agora, \u00e9 obrigat\u00f3rio incluir o<strong> <a href=\"https:\/\/www.crt04.org.br\/\" target=\"_blank\" rel=\"noreferrer noopener\">C\u00f3digo de Regime Tribut\u00e1rio<\/a><\/strong> (CRT) 4 nas notas fiscais emitidas por essa categoria. Essa mudan\u00e7a visa facilitar a identifica\u00e7\u00e3o e a fiscaliza\u00e7\u00e3o das opera\u00e7\u00f5es realizadas por MEIs, diferenciando-os das demais empresas optantes pelo Simples Nacional.<\/p>\n\n\n\n<p>Anteriormente, os MEIs utilizavam o <strong>CRT 1<\/strong>, mas a introdu\u00e7\u00e3o do CRT 4 busca tornar o processo de monitoramento mais eficiente. Essa altera\u00e7\u00e3o foi anunciada em uma nota t\u00e9cnica publicada no portal oficial da <strong>Nota Fiscal Eletr\u00f4nica<\/strong>, e, ap\u00f3s um adiamento, passou a ser obrigat\u00f3ria a partir de abril de 2025.<\/p>\n\n\n\n<h2 class=\"wp-block-heading\">Por que o CRT 4 \u00e9 importante para os MEIs?<\/h2>\n\n\n\n<p>O CRT 4 foi criado para distinguir os MEIs das outras empresas do <strong>Simples Nacional<\/strong>, permitindo uma fiscaliza\u00e7\u00e3o mais precisa. Com essa diferencia\u00e7\u00e3o, os sistemas de monitoramento fiscal conseguem identificar rapidamente as particularidades das opera\u00e7\u00f5es dos MEIs, facilitando o controle e a fiscaliza\u00e7\u00e3o. Essa medida \u00e9 vista como um passo importante para a padroniza\u00e7\u00e3o e clareza nas opera\u00e7\u00f5es fiscais.<\/p>\n\n\n\n<p>\u00c9 importante que os MEIs estejam atentos a essa nova exig\u00eancia, pois a n\u00e3o inclus\u00e3o correta do CRT 4 pode resultar em dificuldades na emiss\u00e3o de notas fiscais, al\u00e9m de poss\u00edveis multas e complica\u00e7\u00f5es nas opera\u00e7\u00f5es empresariais.<\/p>\n\n\n\n<figure class=\"wp-block-image size-large\"><img loading=\"lazy\" decoding=\"async\" width=\"1024\" height=\"576\" src=\"https:\/\/www.em.com.br\/emfoco\/wp-content\/uploads\/2025\/04\/Nota-fiscal_1744376220831-1024x576.jpg\" alt=\"Nota Fiscal - Cr\u00e9ditos: depositphotos.com \/ leszekglasner\" class=\"wp-image-37338\" srcset=\"https:\/\/www.em.com.br\/emfoco\/wp-content\/uploads\/2025\/04\/Nota-fiscal_1744376220831-1024x576.jpg 1024w, https:\/\/www.em.com.br\/emfoco\/wp-content\/uploads\/2025\/04\/Nota-fiscal_1744376220831-300x169.jpg 300w, https:\/\/www.em.com.br\/emfoco\/wp-content\/uploads\/2025\/04\/Nota-fiscal_1744376220831-768x432.jpg 768w, https:\/\/www.em.com.br\/emfoco\/wp-content\/uploads\/2025\/04\/Nota-fiscal_1744376220831-750x422.jpg 750w, https:\/\/www.em.com.br\/emfoco\/wp-content\/uploads\/2025\/04\/Nota-fiscal_1744376220831-1140x641.jpg 1140w, https:\/\/www.em.com.br\/emfoco\/wp-content\/uploads\/2025\/04\/Nota-fiscal_1744376220831.jpg 1280w\" sizes=\"auto, (max-width: 1024px) 100vw, 1024px\" \/><figcaption class=\"wp-element-caption\">Imagem ilustrativa de Nota Fiscal &#8211; Cr\u00e9ditos: depositphotos.com \/ AndreyPopov<\/figcaption><\/figure>\n\n\n\n<h2 class=\"wp-block-heading\">Como emitir notas fiscais com o novo CRT?<\/h2>\n\n\n\n<p>Para emitir notas fiscais com o CRT 4, o MEI deve acessar o sistema de emiss\u00e3o de Nota Fiscal Eletr\u00f4nica (NF-e) de sua prefer\u00eancia. Algumas <strong>Secretarias Estaduais da Fazenda<\/strong> oferecem plataformas pr\u00f3prias, e o <strong>Sebrae <\/strong>disponibiliza um emissor gratuito. Ap\u00f3s acessar o sistema, \u00e9 necess\u00e1rio inserir o CRT 4 no campo apropriado, garantindo que o sistema esteja atualizado.<\/p>\n\n\n\n<p>Al\u00e9m disso, o MEI deve preencher corretamente os dados do destinat\u00e1rio, incluindo <strong>CNPJ <\/strong>ou <strong><a href=\"https:\/\/www.em.com.br\/emfoco\/2025\/04\/10\/cpf-na-nota-fiscal-beneficios-e-impactos-para-consumidores-e-sociedade\/\" target=\"_blank\" rel=\"noreferrer noopener\">CPF<\/a><\/strong>, endere\u00e7o completo e escolher o <strong>C\u00f3digo Fiscal de Opera\u00e7\u00f5es e de Presta\u00e7\u00f5es<\/strong> (CFOP) adequado para a opera\u00e7\u00e3o realizada. A descri\u00e7\u00e3o detalhada do produto, quantidade, valor unit\u00e1rio e total tamb\u00e9m devem ser inseridos antes de gerar e transmitir a nota fiscal.<\/p>\n\n\n\n<h2 class=\"wp-block-heading\">Quais s\u00e3o as consequ\u00eancias do descumprimento da regra?<\/h2>\n\n\n\n<p>O n\u00e3o cumprimento da inclus\u00e3o do CRT 4 pode resultar na impossibilidade de emiss\u00e3o da nota fiscal ou na invalida\u00e7\u00e3o da mesma. Em casos de fiscaliza\u00e7\u00e3o, o MEI pode enfrentar penalidades que variam conforme a gravidade do erro, podendo at\u00e9 ser desenquadrado da categoria de MEI.<\/p>\n\n\n\n<p>Emitir uma nota com um c\u00f3digo incorreto pode ser interpretado como um erro fiscal, levando a autua\u00e7\u00f5es ou exig\u00eancias de retifica\u00e7\u00f5es. Al\u00e9m disso, a empresa pode ser erroneamente classificada como uma empresa comum do Simples Nacional, o que pode impactar negativamente suas opera\u00e7\u00f5es e a comprova\u00e7\u00e3o do sistema de tributa\u00e7\u00e3o.<\/p>\n\n\n\n<h2 class=\"wp-block-heading\">Como os CFOPs afetam os MEIs?<\/h2>\n\n\n\n<p>Os CFOPs s\u00e3o essenciais para identificar o tipo de opera\u00e7\u00e3o realizada pela empresa. Com a nova regra, os CFOPs foram ajustados para distinguir as atividades dos MEIs de forma mais clara. Isso permite que o MEI detalhe se a opera\u00e7\u00e3o \u00e9 uma venda, devolu\u00e7\u00e3o, remessa ou outro tipo de lan\u00e7amento.<\/p>\n\n\n\n<p>A padroniza\u00e7\u00e3o dos CFOPs visa garantir que a nota fiscal reflita exatamente a atividade oferecida, proporcionando maior transpar\u00eancia e precis\u00e3o nas opera\u00e7\u00f5es fiscais dos MEIs.<\/p>\n","protected":false},"excerpt":{"rendered":"<p>Em 2025, uma nova exig\u00eancia fiscal entrou em vigor para os Microempreendedores Individuais (MEIs) no Brasil. Agora, \u00e9 obrigat\u00f3rio incluir o C\u00f3digo de Regime Tribut\u00e1rio (CRT) 4 nas notas fiscais emitidas por essa categoria. Essa mudan\u00e7a visa facilitar a identifica\u00e7\u00e3o e a fiscaliza\u00e7\u00e3o das opera\u00e7\u00f5es realizadas por MEIs, diferenciando-os das demais empresas optantes pelo Simples [&hellip;]<\/p>\n","protected":false},"author":13,"featured_media":37337,"comment_status":"open","ping_status":"open","sticky":false,"template":"","format":"standard","meta":{"jnews-multi-image_gallery":[],"jnews_single_post":{"format":"standard"},"jnews_primary_category":[],"jnews_social_meta":[],"jnews_override_counter":[],"footnotes":""},"categories":[28],"tags":[738,218,7366],"class_list":["post-37330","post","type-post","status-publish","format-standard","has-post-thumbnail","hentry","category-economia","tag-empreendedorismo","tag-mei","tag-nota-fiscal-eletronica"],"yoast_head":"<!-- This site is optimized with the Yoast SEO plugin v23.8 - https:\/\/yoast.com\/wordpress\/plugins\/seo\/ -->\n<title>Aten\u00e7\u00e3o MEIs! Entenda as novas exig\u00eancias para emiss\u00e3o de notas fiscais em 2025 - Estado de Minas - Em foco<\/title>\n<meta name=\"description\" content=\"Em 2025, MEIs precisam emitir notas fiscais com o novo CRT 4 para evitar problemas com a Receita e garantir validade fiscal.\" \/>\n<meta name=\"robots\" content=\"index, follow, max-snippet:-1, max-image-preview:large, max-video-preview:-1\" \/>\n<link rel=\"canonical\" href=\"https:\/\/www.em.com.br\/emfoco\/2025\/04\/21\/atencao-meis-entenda-as-novas-exigencias-para-emissao-de-notas-fiscais-em-2025\/\" \/>\n<meta property=\"og:locale\" content=\"pt_BR\" \/>\n<meta property=\"og:type\" content=\"article\" \/>\n<meta property=\"og:title\" content=\"Aten\u00e7\u00e3o MEIs! Entenda as novas exig\u00eancias para emiss\u00e3o de notas fiscais em 2025 - Estado de Minas - Em foco\" \/>\n<meta property=\"og:description\" content=\"Em 2025, MEIs precisam emitir notas fiscais com o novo CRT 4 para evitar problemas com a Receita e garantir validade fiscal.\" \/>\n<meta property=\"og:url\" content=\"https:\/\/www.em.com.br\/emfoco\/2025\/04\/21\/atencao-meis-entenda-as-novas-exigencias-para-emissao-de-notas-fiscais-em-2025\/\" \/>\n<meta property=\"og:site_name\" content=\"Estado de Minas - Em foco\" \/>\n<meta property=\"article:published_time\" content=\"2025-04-21T14:20:00+00:00\" \/>\n<meta property=\"article:modified_time\" content=\"2025-04-11T12:58:36+00:00\" \/>\n<meta property=\"og:image\" content=\"https:\/\/www.em.com.br\/emfoco\/wp-content\/uploads\/2025\/04\/Nota-fiscal_1744376193526.jpg\" \/>\n\t<meta property=\"og:image:width\" content=\"1279\" \/>\n\t<meta property=\"og:image:height\" content=\"720\" \/>\n\t<meta property=\"og:image:type\" content=\"image\/jpeg\" \/>\n<meta name=\"author\" content=\"Gabriel Martins\" \/>\n<meta name=\"twitter:card\" content=\"summary_large_image\" \/>\n<meta name=\"twitter:label1\" content=\"Escrito por\" \/>\n\t<meta name=\"twitter:data1\" content=\"Gabriel Martins\" \/>\n\t<meta name=\"twitter:label2\" content=\"Est. tempo de leitura\" \/>\n\t<meta name=\"twitter:data2\" content=\"4 minutos\" \/>\n<!-- \/ Yoast SEO plugin. -->","yoast_head_json":{"title":"Aten\u00e7\u00e3o MEIs! Entenda as novas exig\u00eancias para emiss\u00e3o de notas fiscais em 2025 - Estado de Minas - Em foco","description":"Em 2025, MEIs precisam emitir notas fiscais com o novo CRT 4 para evitar problemas com a Receita e garantir validade fiscal.","robots":{"index":"index","follow":"follow","max-snippet":"max-snippet:-1","max-image-preview":"max-image-preview:large","max-video-preview":"max-video-preview:-1"},"canonical":"https:\/\/www.em.com.br\/emfoco\/2025\/04\/21\/atencao-meis-entenda-as-novas-exigencias-para-emissao-de-notas-fiscais-em-2025\/","og_locale":"pt_BR","og_type":"article","og_title":"Aten\u00e7\u00e3o MEIs! Entenda as novas exig\u00eancias para emiss\u00e3o de notas fiscais em 2025 - Estado de Minas - Em foco","og_description":"Em 2025, MEIs precisam emitir notas fiscais com o novo CRT 4 para evitar problemas com a Receita e garantir validade fiscal.","og_url":"https:\/\/www.em.com.br\/emfoco\/2025\/04\/21\/atencao-meis-entenda-as-novas-exigencias-para-emissao-de-notas-fiscais-em-2025\/","og_site_name":"Estado de Minas - Em foco","article_published_time":"2025-04-21T14:20:00+00:00","article_modified_time":"2025-04-11T12:58:36+00:00","og_image":[{"width":1279,"height":720,"url":"https:\/\/www.em.com.br\/emfoco\/wp-content\/uploads\/2025\/04\/Nota-fiscal_1744376193526.jpg","type":"image\/jpeg"}],"author":"Gabriel Martins","twitter_card":"summary_large_image","twitter_misc":{"Escrito por":"Gabriel Martins","Est. tempo de leitura":"4 minutos"},"schema":{"@context":"https:\/\/schema.org","@graph":[{"@type":"WebPage","@id":"https:\/\/www.em.com.br\/emfoco\/2025\/04\/21\/atencao-meis-entenda-as-novas-exigencias-para-emissao-de-notas-fiscais-em-2025\/","url":"https:\/\/www.em.com.br\/emfoco\/2025\/04\/21\/atencao-meis-entenda-as-novas-exigencias-para-emissao-de-notas-fiscais-em-2025\/","name":"Aten\u00e7\u00e3o MEIs! Entenda as novas exig\u00eancias para emiss\u00e3o de notas fiscais em 2025 - Estado de Minas - Em foco","isPartOf":{"@id":"https:\/\/www.em.com.br\/emfoco\/#website"},"primaryImageOfPage":{"@id":"https:\/\/www.em.com.br\/emfoco\/2025\/04\/21\/atencao-meis-entenda-as-novas-exigencias-para-emissao-de-notas-fiscais-em-2025\/#primaryimage"},"image":{"@id":"https:\/\/www.em.com.br\/emfoco\/2025\/04\/21\/atencao-meis-entenda-as-novas-exigencias-para-emissao-de-notas-fiscais-em-2025\/#primaryimage"},"thumbnailUrl":"https:\/\/www.em.com.br\/emfoco\/wp-content\/uploads\/2025\/04\/Nota-fiscal_1744376193526.jpg","datePublished":"2025-04-21T14:20:00+00:00","dateModified":"2025-04-11T12:58:36+00:00","author":{"@id":"https:\/\/www.em.com.br\/emfoco\/#\/schema\/person\/1c9ddeab18b98abeffef834667bcf08a"},"description":"Em 2025, MEIs precisam emitir notas fiscais com o novo CRT 4 para evitar problemas com a Receita e garantir validade fiscal.","breadcrumb":{"@id":"https:\/\/www.em.com.br\/emfoco\/2025\/04\/21\/atencao-meis-entenda-as-novas-exigencias-para-emissao-de-notas-fiscais-em-2025\/#breadcrumb"},"inLanguage":"pt-BR","potentialAction":[{"@type":"ReadAction","target":["https:\/\/www.em.com.br\/emfoco\/2025\/04\/21\/atencao-meis-entenda-as-novas-exigencias-para-emissao-de-notas-fiscais-em-2025\/"]}]},{"@type":"ImageObject","inLanguage":"pt-BR","@id":"https:\/\/www.em.com.br\/emfoco\/2025\/04\/21\/atencao-meis-entenda-as-novas-exigencias-para-emissao-de-notas-fiscais-em-2025\/#primaryimage","url":"https:\/\/www.em.com.br\/emfoco\/wp-content\/uploads\/2025\/04\/Nota-fiscal_1744376193526.jpg","contentUrl":"https:\/\/www.em.com.br\/emfoco\/wp-content\/uploads\/2025\/04\/Nota-fiscal_1744376193526.jpg","width":1279,"height":720,"caption":"Imagem ilustrativa de Nota Fiscal - Cr\u00e9ditos: depositphotos.com \/ leszekglasner"},{"@type":"BreadcrumbList","@id":"https:\/\/www.em.com.br\/emfoco\/2025\/04\/21\/atencao-meis-entenda-as-novas-exigencias-para-emissao-de-notas-fiscais-em-2025\/#breadcrumb","itemListElement":[{"@type":"ListItem","position":1,"name":"In\u00edcio","item":"https:\/\/www.em.com.br\/emfoco\/"},{"@type":"ListItem","position":2,"name":"Aten\u00e7\u00e3o MEIs! Entenda as novas exig\u00eancias para emiss\u00e3o de notas fiscais em 2025"}]},{"@type":"WebSite","@id":"https:\/\/www.em.com.br\/emfoco\/#website","url":"https:\/\/www.em.com.br\/emfoco\/","name":"Estado de Minas - Em foco","description":"Acompanhe as \u00faltimas not\u00edcias e fique bem informado sobre tudo o que acontece em Minas Gerais, Brasil e no mundo.","potentialAction":[{"@type":"SearchAction","target":{"@type":"EntryPoint","urlTemplate":"https:\/\/www.em.com.br\/emfoco\/?s={search_term_string}"},"query-input":{"@type":"PropertyValueSpecification","valueRequired":true,"valueName":"search_term_string"}}],"inLanguage":"pt-BR"},{"@type":"Person","@id":"https:\/\/www.em.com.br\/emfoco\/#\/schema\/person\/1c9ddeab18b98abeffef834667bcf08a","name":"Gabriel Martins","image":{"@type":"ImageObject","inLanguage":"pt-BR","@id":"https:\/\/www.em.com.br\/emfoco\/#\/schema\/person\/image\/","url":"https:\/\/secure.gravatar.com\/avatar\/f0f1e2efdfd88f1ad2cb08c5c2731e50?s=96&d=mm&r=g","contentUrl":"https:\/\/secure.gravatar.com\/avatar\/f0f1e2efdfd88f1ad2cb08c5c2731e50?s=96&d=mm&r=g","caption":"Gabriel Martins"},"sameAs":["https:\/\/www.em.com.br\/emfoco\/"],"url":"https:\/\/www.em.com.br\/emfoco\/author\/gabrielmartinsmyth\/"}]}},"_links":{"self":[{"href":"https:\/\/www.em.com.br\/emfoco\/wp-json\/wp\/v2\/posts\/37330","targetHints":{"allow":["GET"]}}],"collection":[{"href":"https:\/\/www.em.com.br\/emfoco\/wp-json\/wp\/v2\/posts"}],"about":[{"href":"https:\/\/www.em.com.br\/emfoco\/wp-json\/wp\/v2\/types\/post"}],"author":[{"embeddable":true,"href":"https:\/\/www.em.com.br\/emfoco\/wp-json\/wp\/v2\/users\/13"}],"replies":[{"embeddable":true,"href":"https:\/\/www.em.com.br\/emfoco\/wp-json\/wp\/v2\/comments?post=37330"}],"version-history":[{"count":2,"href":"https:\/\/www.em.com.br\/emfoco\/wp-json\/wp\/v2\/posts\/37330\/revisions"}],"predecessor-version":[{"id":37339,"href":"https:\/\/www.em.com.br\/emfoco\/wp-json\/wp\/v2\/posts\/37330\/revisions\/37339"}],"wp:featuredmedia":[{"embeddable":true,"href":"https:\/\/www.em.com.br\/emfoco\/wp-json\/wp\/v2\/media\/37337"}],"wp:attachment":[{"href":"https:\/\/www.em.com.br\/emfoco\/wp-json\/wp\/v2\/media?parent=37330"}],"wp:term":[{"taxonomy":"category","embeddable":true,"href":"https:\/\/www.em.com.br\/emfoco\/wp-json\/wp\/v2\/categories?post=37330"},{"taxonomy":"post_tag","embeddable":true,"href":"https:\/\/www.em.com.br\/emfoco\/wp-json\/wp\/v2\/tags?post=37330"}],"curies":[{"name":"wp","href":"https:\/\/api.w.org\/{rel}","templated":true}]}}