{"id":37254,"date":"2025-04-10T16:42:44","date_gmt":"2025-04-10T19:42:44","guid":{"rendered":"https:\/\/www.em.com.br\/emfoco\/?p=37254"},"modified":"2025-04-10T16:42:45","modified_gmt":"2025-04-10T19:42:45","slug":"stf-toma-decisao-inedita-que-pode-afetar-milhoes-de-brasileiros","status":"publish","type":"post","link":"https:\/\/www.em.com.br\/emfoco\/2025\/04\/10\/stf-toma-decisao-inedita-que-pode-afetar-milhoes-de-brasileiros\/","title":{"rendered":"STF toma decis\u00e3o in\u00e9dita que pode afetar milh\u00f5es de brasileiros"},"content":{"rendered":"\n<p>O <strong>Supremo Tribunal Federal (STF)<\/strong> recentemente decidiu que a <strong>apreens\u00e3o de documentos como a Carteira Nacional de Habilita\u00e7\u00e3o (CNH) e o passaporte<\/strong> \u00e9 uma medida constitucional para pressionar devedores a quitarem suas d\u00edvidas. Esta decis\u00e3o se baseia no <strong><a href=\"https:\/\/www.jusbrasil.com.br\/topicos\/28895367\/inciso-iv-do-artigo-139-da-lei-n-13105-de-16-de-marco-de-2015\" target=\"_blank\" rel=\"noreferrer noopener\">artigo 139<\/a>, inciso IV, do C\u00f3digo de Processo Civil (CPC)<\/strong>, que permite ao juiz adotar medidas necess\u00e1rias para garantir o cumprimento de decis\u00f5es judiciais, especialmente em casos de inadimpl\u00eancia.<\/p>\n\n\n\n<p>Com essa decis\u00e3o, os tribunais brasileiros agora t\u00eam uma ferramenta adicional para lidar com devedores que n\u00e3o cumprem suas obriga\u00e7\u00f5es financeiras. No entanto, a aplica\u00e7\u00e3o dessa medida n\u00e3o \u00e9 autom\u00e1tica e deve ser cuidadosamente avaliada em cada caso, considerando a situa\u00e7\u00e3o espec\u00edfica do devedor e sua capacidade de pagamento.<\/p>\n\n\n\n<h2 class=\"wp-block-heading\">Como a medida \u00e9 aplicada?<\/h2>\n\n\n\n<p>Antes de decidir pela apreens\u00e3o de documentos, a Justi\u00e7a deve analisar a situa\u00e7\u00e3o de cada devedor. \u00c9 importante garantir que essa medida n\u00e3o interfira no direito de locomo\u00e7\u00e3o do indiv\u00edduo. Por exemplo, se a CNH \u00e9 essencial para o trabalho do devedor, a reten\u00e7\u00e3o pode ser revista. Al\u00e9m disso, a medida pode impedir a participa\u00e7\u00e3o em concursos p\u00fablicos e licita\u00e7\u00f5es.<\/p>\n\n\n\n<p>O uso dessa pr\u00e1tica deve ser equilibrado, evitando abusos. A Justi\u00e7a precisa identificar se h\u00e1 evid\u00eancias de que o devedor est\u00e1 deliberadamente evitando o pagamento. Em casos de oculta\u00e7\u00e3o de bens ou tentativa de fraude, a apreens\u00e3o de documentos pode ser uma estrat\u00e9gia eficaz para incentivar o pagamento da d\u00edvida.<\/p>\n\n\n\n<figure class=\"wp-block-image size-large\"><img loading=\"lazy\" decoding=\"async\" width=\"1024\" height=\"576\" src=\"https:\/\/www.em.com.br\/emfoco\/wp-content\/uploads\/2024\/12\/CNH_1735224744666-1024x576.jpg\" alt=\"\" class=\"wp-image-6736\" srcset=\"https:\/\/www.em.com.br\/emfoco\/wp-content\/uploads\/2024\/12\/CNH_1735224744666-1024x576.jpg 1024w, https:\/\/www.em.com.br\/emfoco\/wp-content\/uploads\/2024\/12\/CNH_1735224744666-300x169.jpg 300w, https:\/\/www.em.com.br\/emfoco\/wp-content\/uploads\/2024\/12\/CNH_1735224744666-768x432.jpg 768w, https:\/\/www.em.com.br\/emfoco\/wp-content\/uploads\/2024\/12\/CNH_1735224744666-750x422.jpg 750w, https:\/\/www.em.com.br\/emfoco\/wp-content\/uploads\/2024\/12\/CNH_1735224744666-1140x641.jpg 1140w, https:\/\/www.em.com.br\/emfoco\/wp-content\/uploads\/2024\/12\/CNH_1735224744666.jpg 1280w\" sizes=\"auto, (max-width: 1024px) 100vw, 1024px\" \/><figcaption class=\"wp-element-caption\">Carteira de Habilita\u00e7\u00e3o &#8211; Cr\u00e9ditos: depositphotos.com \/ rafapress<\/figcaption><\/figure>\n\n\n\n<h2 class=\"wp-block-heading\">Impactos da decis\u00e3o no sistema jur\u00eddico<\/h2>\n\n\n\n<p>A decis\u00e3o do STF trouxe uma uniformidade ao tratamento de devedores no Brasil, padronizando a aplica\u00e7\u00e3o da apreens\u00e3o de documentos. Antes, a pr\u00e1tica variava entre diferentes tribunais, gerando inconsist\u00eancias. Agora, a medida \u00e9 vista como uma ferramenta leg\u00edtima para garantir que devedores cumpram suas obriga\u00e7\u00f5es financeiras.<\/p>\n\n\n\n<p>No entanto, \u00e9 essencial que a aplica\u00e7\u00e3o da medida seja feita com cautela, evitando restri\u00e7\u00f5es indevidas. A decis\u00e3o do STF enfatiza a necessidade de uma an\u00e1lise detalhada do comportamento do devedor, garantindo que a medida seja proporcional e justa. Apesar disso, a decis\u00e3o ainda gera debates sobre seus limites e o impacto nos direitos fundamentais dos cidad\u00e3os.<\/p>\n\n\n\n<h2 class=\"wp-block-heading\">Quais s\u00e3o as implica\u00e7\u00f5es para os devedores?<\/h2>\n\n\n\n<p>Para os devedores, a decis\u00e3o do STF implica em poss\u00edveis restri\u00e7\u00f5es adicionais caso n\u00e3o cumpram suas obriga\u00e7\u00f5es financeiras. A apreens\u00e3o de documentos pode servir como um incentivo para que regularizem suas d\u00edvidas, mas tamb\u00e9m pode representar uma press\u00e3o significativa, especialmente se a CNH ou o passaporte forem essenciais para suas atividades di\u00e1rias.<\/p>\n\n\n\n<p>\u00c9 importante que os devedores estejam cientes de suas responsabilidades e busquem solu\u00e7\u00f5es para evitar medidas coercitivas. A decis\u00e3o do STF refor\u00e7a a import\u00e2ncia de um comportamento financeiro respons\u00e1vel, incentivando o pagamento das d\u00edvidas de forma justa e dentro das possibilidades de cada indiv\u00edduo.<\/p>\n","protected":false},"excerpt":{"rendered":"<p>O Supremo Tribunal Federal (STF) recentemente decidiu que a apreens\u00e3o de documentos como a Carteira Nacional de Habilita\u00e7\u00e3o (CNH) e o passaporte \u00e9 uma medida constitucional para pressionar devedores a quitarem suas d\u00edvidas. Esta decis\u00e3o se baseia no artigo 139, inciso IV, do C\u00f3digo de Processo Civil (CPC), que permite ao juiz adotar medidas necess\u00e1rias [&hellip;]<\/p>\n","protected":false},"author":5,"featured_media":8135,"comment_status":"open","ping_status":"open","sticky":false,"template":"","format":"standard","meta":{"jnews-multi-image_gallery":[],"jnews_single_post":{"format":"standard"},"jnews_primary_category":[],"jnews_social_meta":[],"jnews_override_counter":[],"footnotes":""},"categories":[28,1],"tags":[7052,830,925,173],"class_list":["post-37254","post","type-post","status-publish","format-standard","has-post-thumbnail","hentry","category-economia","category-noticias","tag-apreensao-de-documentos","tag-cnh","tag-dividas","tag-stf"],"yoast_head":"<!-- This site is optimized with the Yoast SEO plugin v23.8 - https:\/\/yoast.com\/wordpress\/plugins\/seo\/ -->\n<title>STF toma decis\u00e3o in\u00e9dita que pode afetar milh\u00f5es de brasileiros - Estado de Minas - Em foco<\/title>\n<meta name=\"description\" content=\"Devedores podem perder CNH e passaporte se n\u00e3o pagarem d\u00edvidas, conforme decis\u00e3o do STF. Saiba como funciona a nova regra!\" \/>\n<meta name=\"robots\" content=\"index, follow, max-snippet:-1, max-image-preview:large, max-video-preview:-1\" \/>\n<link rel=\"canonical\" href=\"https:\/\/www.em.com.br\/emfoco\/2025\/04\/10\/stf-toma-decisao-inedita-que-pode-afetar-milhoes-de-brasileiros\/\" \/>\n<meta property=\"og:locale\" content=\"pt_BR\" \/>\n<meta property=\"og:type\" content=\"article\" \/>\n<meta property=\"og:title\" content=\"STF toma decis\u00e3o in\u00e9dita que pode afetar milh\u00f5es de brasileiros - Estado de Minas - Em foco\" \/>\n<meta property=\"og:description\" content=\"Devedores podem perder CNH e passaporte se n\u00e3o pagarem d\u00edvidas, conforme decis\u00e3o do STF. Saiba como funciona a nova regra!\" \/>\n<meta property=\"og:url\" content=\"https:\/\/www.em.com.br\/emfoco\/2025\/04\/10\/stf-toma-decisao-inedita-que-pode-afetar-milhoes-de-brasileiros\/\" \/>\n<meta property=\"og:site_name\" content=\"Estado de Minas - Em foco\" \/>\n<meta property=\"article:published_time\" content=\"2025-04-10T19:42:44+00:00\" \/>\n<meta property=\"article:modified_time\" content=\"2025-04-10T19:42:45+00:00\" \/>\n<meta property=\"og:image\" content=\"https:\/\/www.em.com.br\/emfoco\/wp-content\/uploads\/2025\/01\/STF_1735858972497.jpg\" \/>\n\t<meta property=\"og:image:width\" content=\"1280\" \/>\n\t<meta property=\"og:image:height\" content=\"720\" \/>\n\t<meta property=\"og:image:type\" content=\"image\/jpeg\" \/>\n<meta name=\"author\" content=\"N\u00fabia Rangel\" \/>\n<meta name=\"twitter:card\" content=\"summary_large_image\" \/>\n<meta name=\"twitter:label1\" content=\"Escrito por\" \/>\n\t<meta name=\"twitter:data1\" content=\"N\u00fabia Rangel\" \/>\n\t<meta name=\"twitter:label2\" content=\"Est. tempo de leitura\" \/>\n\t<meta name=\"twitter:data2\" content=\"3 minutos\" \/>\n<!-- \/ Yoast SEO plugin. -->","yoast_head_json":{"title":"STF toma decis\u00e3o in\u00e9dita que pode afetar milh\u00f5es de brasileiros - Estado de Minas - Em foco","description":"Devedores podem perder CNH e passaporte se n\u00e3o pagarem d\u00edvidas, conforme decis\u00e3o do STF. Saiba como funciona a nova regra!","robots":{"index":"index","follow":"follow","max-snippet":"max-snippet:-1","max-image-preview":"max-image-preview:large","max-video-preview":"max-video-preview:-1"},"canonical":"https:\/\/www.em.com.br\/emfoco\/2025\/04\/10\/stf-toma-decisao-inedita-que-pode-afetar-milhoes-de-brasileiros\/","og_locale":"pt_BR","og_type":"article","og_title":"STF toma decis\u00e3o in\u00e9dita que pode afetar milh\u00f5es de brasileiros - Estado de Minas - Em foco","og_description":"Devedores podem perder CNH e passaporte se n\u00e3o pagarem d\u00edvidas, conforme decis\u00e3o do STF. Saiba como funciona a nova regra!","og_url":"https:\/\/www.em.com.br\/emfoco\/2025\/04\/10\/stf-toma-decisao-inedita-que-pode-afetar-milhoes-de-brasileiros\/","og_site_name":"Estado de Minas - Em foco","article_published_time":"2025-04-10T19:42:44+00:00","article_modified_time":"2025-04-10T19:42:45+00:00","og_image":[{"width":1280,"height":720,"url":"https:\/\/www.em.com.br\/emfoco\/wp-content\/uploads\/2025\/01\/STF_1735858972497.jpg","type":"image\/jpeg"}],"author":"N\u00fabia Rangel","twitter_card":"summary_large_image","twitter_misc":{"Escrito por":"N\u00fabia Rangel","Est. tempo de leitura":"3 minutos"},"schema":{"@context":"https:\/\/schema.org","@graph":[{"@type":"WebPage","@id":"https:\/\/www.em.com.br\/emfoco\/2025\/04\/10\/stf-toma-decisao-inedita-que-pode-afetar-milhoes-de-brasileiros\/","url":"https:\/\/www.em.com.br\/emfoco\/2025\/04\/10\/stf-toma-decisao-inedita-que-pode-afetar-milhoes-de-brasileiros\/","name":"STF toma decis\u00e3o in\u00e9dita que pode afetar milh\u00f5es de brasileiros - Estado de Minas - Em foco","isPartOf":{"@id":"https:\/\/www.em.com.br\/emfoco\/#website"},"primaryImageOfPage":{"@id":"https:\/\/www.em.com.br\/emfoco\/2025\/04\/10\/stf-toma-decisao-inedita-que-pode-afetar-milhoes-de-brasileiros\/#primaryimage"},"image":{"@id":"https:\/\/www.em.com.br\/emfoco\/2025\/04\/10\/stf-toma-decisao-inedita-que-pode-afetar-milhoes-de-brasileiros\/#primaryimage"},"thumbnailUrl":"https:\/\/www.em.com.br\/emfoco\/wp-content\/uploads\/2025\/01\/STF_1735858972497.jpg","datePublished":"2025-04-10T19:42:44+00:00","dateModified":"2025-04-10T19:42:45+00:00","author":{"@id":"https:\/\/www.em.com.br\/emfoco\/#\/schema\/person\/524437ef54f8a5d32591b143307f2e20"},"description":"Devedores podem perder CNH e passaporte se n\u00e3o pagarem d\u00edvidas, conforme decis\u00e3o do STF. Saiba como funciona a nova regra!","breadcrumb":{"@id":"https:\/\/www.em.com.br\/emfoco\/2025\/04\/10\/stf-toma-decisao-inedita-que-pode-afetar-milhoes-de-brasileiros\/#breadcrumb"},"inLanguage":"pt-BR","potentialAction":[{"@type":"ReadAction","target":["https:\/\/www.em.com.br\/emfoco\/2025\/04\/10\/stf-toma-decisao-inedita-que-pode-afetar-milhoes-de-brasileiros\/"]}]},{"@type":"ImageObject","inLanguage":"pt-BR","@id":"https:\/\/www.em.com.br\/emfoco\/2025\/04\/10\/stf-toma-decisao-inedita-que-pode-afetar-milhoes-de-brasileiros\/#primaryimage","url":"https:\/\/www.em.com.br\/emfoco\/wp-content\/uploads\/2025\/01\/STF_1735858972497.jpg","contentUrl":"https:\/\/www.em.com.br\/emfoco\/wp-content\/uploads\/2025\/01\/STF_1735858972497.jpg","width":1280,"height":720,"caption":"STF - Cr\u00e9ditos: depositphotos.com \/ diegograndi"},{"@type":"BreadcrumbList","@id":"https:\/\/www.em.com.br\/emfoco\/2025\/04\/10\/stf-toma-decisao-inedita-que-pode-afetar-milhoes-de-brasileiros\/#breadcrumb","itemListElement":[{"@type":"ListItem","position":1,"name":"In\u00edcio","item":"https:\/\/www.em.com.br\/emfoco\/"},{"@type":"ListItem","position":2,"name":"STF toma decis\u00e3o in\u00e9dita que pode afetar milh\u00f5es de brasileiros"}]},{"@type":"WebSite","@id":"https:\/\/www.em.com.br\/emfoco\/#website","url":"https:\/\/www.em.com.br\/emfoco\/","name":"Estado de Minas - Em foco","description":"Acompanhe as \u00faltimas not\u00edcias e fique bem informado sobre tudo o que acontece em Minas Gerais, Brasil e no mundo.","potentialAction":[{"@type":"SearchAction","target":{"@type":"EntryPoint","urlTemplate":"https:\/\/www.em.com.br\/emfoco\/?s={search_term_string}"},"query-input":{"@type":"PropertyValueSpecification","valueRequired":true,"valueName":"search_term_string"}}],"inLanguage":"pt-BR"},{"@type":"Person","@id":"https:\/\/www.em.com.br\/emfoco\/#\/schema\/person\/524437ef54f8a5d32591b143307f2e20","name":"N\u00fabia Rangel","image":{"@type":"ImageObject","inLanguage":"pt-BR","@id":"https:\/\/www.em.com.br\/emfoco\/#\/schema\/person\/image\/","url":"https:\/\/secure.gravatar.com\/avatar\/47cff2827a5ba23c37e8068c86817ea4?s=96&d=mm&r=g","contentUrl":"https:\/\/secure.gravatar.com\/avatar\/47cff2827a5ba23c37e8068c86817ea4?s=96&d=mm&r=g","caption":"N\u00fabia Rangel"},"sameAs":["https:\/\/www.em.com.br\/emfoco\/"],"url":"https:\/\/www.em.com.br\/emfoco\/author\/nubiamyth\/"}]}},"_links":{"self":[{"href":"https:\/\/www.em.com.br\/emfoco\/wp-json\/wp\/v2\/posts\/37254","targetHints":{"allow":["GET"]}}],"collection":[{"href":"https:\/\/www.em.com.br\/emfoco\/wp-json\/wp\/v2\/posts"}],"about":[{"href":"https:\/\/www.em.com.br\/emfoco\/wp-json\/wp\/v2\/types\/post"}],"author":[{"embeddable":true,"href":"https:\/\/www.em.com.br\/emfoco\/wp-json\/wp\/v2\/users\/5"}],"replies":[{"embeddable":true,"href":"https:\/\/www.em.com.br\/emfoco\/wp-json\/wp\/v2\/comments?post=37254"}],"version-history":[{"count":2,"href":"https:\/\/www.em.com.br\/emfoco\/wp-json\/wp\/v2\/posts\/37254\/revisions"}],"predecessor-version":[{"id":37257,"href":"https:\/\/www.em.com.br\/emfoco\/wp-json\/wp\/v2\/posts\/37254\/revisions\/37257"}],"wp:featuredmedia":[{"embeddable":true,"href":"https:\/\/www.em.com.br\/emfoco\/wp-json\/wp\/v2\/media\/8135"}],"wp:attachment":[{"href":"https:\/\/www.em.com.br\/emfoco\/wp-json\/wp\/v2\/media?parent=37254"}],"wp:term":[{"taxonomy":"category","embeddable":true,"href":"https:\/\/www.em.com.br\/emfoco\/wp-json\/wp\/v2\/categories?post=37254"},{"taxonomy":"post_tag","embeddable":true,"href":"https:\/\/www.em.com.br\/emfoco\/wp-json\/wp\/v2\/tags?post=37254"}],"curies":[{"name":"wp","href":"https:\/\/api.w.org\/{rel}","templated":true}]}}