{"id":3713,"date":"2024-12-07T08:38:07","date_gmt":"2024-12-07T11:38:07","guid":{"rendered":"https:\/\/www.em.com.br\/emfoco\/?p=3713"},"modified":"2024-12-07T08:38:08","modified_gmt":"2024-12-07T11:38:08","slug":"comunicado-07-12-para-brasileiros-que-vao-receber-o-bolsa-familia-em-dezembro","status":"publish","type":"post","link":"https:\/\/www.em.com.br\/emfoco\/2024\/12\/07\/comunicado-07-12-para-brasileiros-que-vao-receber-o-bolsa-familia-em-dezembro\/","title":{"rendered":"Comunicado 07\/12 para brasileiros que v\u00e3o receber o Bolsa Fam\u00edlia em dezembro"},"content":{"rendered":"\n<p>O governo federal anunciou uma s\u00e9rie de mudan\u00e7as para o programa Bolsa Fam\u00edlia a partir de 2024, com o objetivo de otimizar a distribui\u00e7\u00e3o dos recursos e garantir que o aux\u00edlio chegue a quem realmente precisa. Uma das principais a\u00e7\u00f5es inclui a an\u00e1lise detalhada dos cadastros dos benefici\u00e1rios para garantir a conformidade com as regras do programa.<\/p>\n\n\n\n<p>As atualiza\u00e7\u00f5es nos cadastros podem identificar inconsist\u00eancias, como rendimentos familiares acima do permitido, o que pode levar \u00e0 suspens\u00e3o tempor\u00e1ria do benef\u00edcio. Essas a\u00e7\u00f5es s\u00e3o necess\u00e1rias para manter a integridade do programa, assegurando que apenas fam\u00edlias qualificadas recebam o aux\u00edlio.<\/p>\n\n\n\n<h2 class=\"wp-block-heading\">Manuten\u00e7\u00e3o do Benef\u00edcio: Quais Passos Devem Ser Seguidos?<\/h2>\n\n\n\n<p>Para assegurar que o benef\u00edcio do <a href=\"https:\/\/www.gov.br\/mds\/pt-br\/acoes-e-programas\/bolsa-familia\" target=\"_blank\">Bolsa Fam\u00edlia<\/a> continue sem interrup\u00e7\u00f5es, as fam\u00edlias devem se certificar de que suas informa\u00e7\u00f5es est\u00e3o devidamente atualizadas nos sistemas governamentais. As etapas a seguir s\u00e3o essenciais:<\/p>\n\n\n\n<ul class=\"wp-block-list\">\n<li>Dirigir-se ao Centro de Refer\u00eancia de Assist\u00eancia Social (CRAS) mais pr\u00f3ximo.<\/li>\n\n\n\n<li>Apresentar documentos atualizados de todos os membros da fam\u00edlia.<\/li>\n\n\n\n<li>Realizar a atualiza\u00e7\u00e3o do cadastro completo.<\/li>\n\n\n\n<li>Participar de entrevistas com assistentes sociais, se necess\u00e1rio.<\/li>\n<\/ul>\n\n\n\n<p>Dessa forma, \u00e9 garantido que as fam\u00edlias se mantenham dentro dos crit\u00e9rios exigidos pelo programa, evitando poss\u00edveis suspens\u00f5es.<\/p>\n\n\n\n<h2 class=\"wp-block-heading\">Impacto da Suspens\u00e3o do Bolsa Fam\u00edlia no Dia a Dia das Fam\u00edlias<\/h2>\n\n\n\n<p>A suspens\u00e3o do benef\u00edcio pode trazer desafios significativos para as fam\u00edlias, que podem ter que revisar seus or\u00e7amentos e buscar novas formas de apoio financeiro. No entanto, o governo justifica que essas a\u00e7\u00f5es s\u00e3o necess\u00e1rias para assegurar a perenidade do programa e um uso mais eficiente dos recursos p\u00fablicos.<\/p>\n\n\n\n<figure class=\"wp-block-image size-large\"><img loading=\"lazy\" decoding=\"async\" width=\"1024\" height=\"576\" src=\"https:\/\/www.em.com.br\/emfoco\/wp-content\/uploads\/2024\/11\/Bolsa-familia_1732875413139-1024x576.jpg\" alt=\"\" class=\"wp-image-2184\" srcset=\"https:\/\/www.em.com.br\/emfoco\/wp-content\/uploads\/2024\/11\/Bolsa-familia_1732875413139-1024x576.jpg 1024w, https:\/\/www.em.com.br\/emfoco\/wp-content\/uploads\/2024\/11\/Bolsa-familia_1732875413139-300x169.jpg 300w, https:\/\/www.em.com.br\/emfoco\/wp-content\/uploads\/2024\/11\/Bolsa-familia_1732875413139-768x432.jpg 768w, https:\/\/www.em.com.br\/emfoco\/wp-content\/uploads\/2024\/11\/Bolsa-familia_1732875413139-750x422.jpg 750w, https:\/\/www.em.com.br\/emfoco\/wp-content\/uploads\/2024\/11\/Bolsa-familia_1732875413139-1140x641.jpg 1140w, https:\/\/www.em.com.br\/emfoco\/wp-content\/uploads\/2024\/11\/Bolsa-familia_1732875413139.jpg 1280w\" sizes=\"auto, (max-width: 1024px) 100vw, 1024px\" \/><figcaption class=\"wp-element-caption\">Bolsa Familia &#8211; Cr\u00e9ditos: depositphotos.com \/ joasouza<\/figcaption><\/figure>\n\n\n\n<h2 class=\"wp-block-heading\">An\u00e1lise Detalhada do Cadastro \u00danico: Novas Medidas<\/h2>\n\n\n\n<p>O Cadastro \u00danico, base de dados essencial para a gest\u00e3o de programas sociais, ser\u00e1 submetido a processos de verifica\u00e7\u00e3o mais rigorosos. O uso de tecnologias avan\u00e7adas visa identificar poss\u00edveis fraudes e assegurar que os recursos sejam destinados a quem realmente se enquadra nos crit\u00e9rios do <a href=\"https:\/\/www.em.com.br\/emfoco\/categoria\/economia\/\" target=\"_blank\">Bolsa Fam\u00edlia<\/a>. Casos em que existem v\u00ednculos empregat\u00edcios formais dentro das fam\u00edlias ser\u00e3o avaliados para garantir a transpar\u00eancia na concess\u00e3o do benef\u00edcio.<\/p>\n\n\n\n<p>A previs\u00e3o \u00e9 que, at\u00e9 2025, o programa passe por ajustes que incluem a diminui\u00e7\u00e3o do n\u00famero de benefici\u00e1rios e mudan\u00e7as no financiamento. As fam\u00edlias s\u00e3o incentivadas a buscar qualifica\u00e7\u00e3o profissional e a manter seus cadastros atualizados para garantir a continuidade dos benef\u00edcios.<\/p>\n\n\n\n<h2 class=\"wp-block-heading\">Calend\u00e1rio de Pagamento do Bolsa Fam\u00edlia para Dezembro de 2024<\/h2>\n\n\n\n<p>Foi divulgado o calend\u00e1rio de pagamentos do Bolsa Fam\u00edlia para dezembro de 2024, com datas definidas de acordo com o \u00faltimo d\u00edgito do N\u00famero de Identifica\u00e7\u00e3o Social (NIS). As datas s\u00e3o:<\/p>\n\n\n\n<ul class=\"wp-block-list\">\n<li>NIS final 1: 10 de dezembro<\/li>\n\n\n\n<li>NIS final 2: 11 de dezembro<\/li>\n\n\n\n<li>NIS final 3: 12 de dezembro<\/li>\n\n\n\n<li>NIS final 4: 13 de dezembro<\/li>\n\n\n\n<li>NIS final 5: 16 de dezembro<\/li>\n\n\n\n<li>NIS final 6: 17 de dezembro<\/li>\n\n\n\n<li>NIS final 7: 18 de dezembro<\/li>\n\n\n\n<li>NIS final 8: 19 de dezembro<\/li>\n\n\n\n<li>NIS final 9: 20 de dezembro<\/li>\n\n\n\n<li>NIS final 0: 23 de dezembro<\/li>\n<\/ul>\n\n\n\n<p>\u00c9 crucial que os benefici\u00e1rios observem essas datas para garantir o recebimento do benef\u00edcio sem dificuldades, contribuindo para uma melhor gest\u00e3o do or\u00e7amento familiar.<\/p>\n","protected":false},"excerpt":{"rendered":"<p>O governo federal anunciou uma s\u00e9rie de mudan\u00e7as para o programa Bolsa Fam\u00edlia a partir de 2024, com o objetivo de otimizar a distribui\u00e7\u00e3o dos recursos e garantir que o aux\u00edlio chegue a quem realmente precisa.<\/p>\n","protected":false},"author":2,"featured_media":973,"comment_status":"open","ping_status":"open","sticky":false,"template":"","format":"standard","meta":{"jnews-multi-image_gallery":[],"jnews_single_post":{"format":"standard"},"jnews_primary_category":[],"jnews_social_meta":[],"jnews_override_counter":[],"footnotes":""},"categories":[28,1],"tags":[446,209,656,757,622,164],"class_list":["post-3713","post","type-post","status-publish","format-standard","has-post-thumbnail","hentry","category-economia","category-noticias","tag-auxilio-financeiro","tag-bolsa-familia","tag-cadastro-unico","tag-cras","tag-governo-federal","tag-programas-sociais"],"yoast_head":"<!-- This site is optimized with the Yoast SEO plugin v23.8 - https:\/\/yoast.com\/wordpress\/plugins\/seo\/ -->\n<title>Comunicado 07\/12 para brasileiros que v\u00e3o receber o Bolsa Fam\u00edlia em dezembro - Estado de Minas - Em foco<\/title>\n<meta name=\"description\" content=\"O governo federal anunciou uma s\u00e9rie de mudan\u00e7as para o programa Bolsa Fam\u00edlia a partir de 2024, com o objetivo de otimizar a distribui\u00e7\u00e3o dos recursos e garantir que o aux\u00edlio chegue a quem realmente precisa.\" \/>\n<meta name=\"robots\" content=\"index, follow, max-snippet:-1, max-image-preview:large, max-video-preview:-1\" \/>\n<link rel=\"canonical\" href=\"https:\/\/www.em.com.br\/emfoco\/2024\/12\/07\/comunicado-07-12-para-brasileiros-que-vao-receber-o-bolsa-familia-em-dezembro\/\" \/>\n<meta property=\"og:locale\" content=\"pt_BR\" \/>\n<meta property=\"og:type\" content=\"article\" \/>\n<meta property=\"og:title\" content=\"Comunicado 07\/12 para brasileiros que v\u00e3o receber o Bolsa Fam\u00edlia em dezembro - Estado de Minas - Em foco\" \/>\n<meta property=\"og:description\" content=\"O governo federal anunciou uma s\u00e9rie de mudan\u00e7as para o programa Bolsa Fam\u00edlia a partir de 2024, com o objetivo de otimizar a distribui\u00e7\u00e3o dos recursos e garantir que o aux\u00edlio chegue a quem realmente precisa.\" \/>\n<meta property=\"og:url\" content=\"https:\/\/www.em.com.br\/emfoco\/2024\/12\/07\/comunicado-07-12-para-brasileiros-que-vao-receber-o-bolsa-familia-em-dezembro\/\" \/>\n<meta property=\"og:site_name\" content=\"Estado de Minas - Em foco\" \/>\n<meta property=\"article:published_time\" content=\"2024-12-07T11:38:07+00:00\" \/>\n<meta property=\"article:modified_time\" content=\"2024-12-07T11:38:08+00:00\" \/>\n<meta property=\"og:image\" content=\"https:\/\/www.em.com.br\/emfoco\/wp-content\/uploads\/2024\/11\/9eb50021-0f30-47a9-aeb6-126280885817.jpeg\" \/>\n\t<meta property=\"og:image:width\" content=\"1280\" \/>\n\t<meta property=\"og:image:height\" content=\"720\" \/>\n\t<meta property=\"og:image:type\" content=\"image\/jpeg\" \/>\n<meta name=\"author\" content=\"Guilherme\" \/>\n<meta name=\"twitter:card\" content=\"summary_large_image\" \/>\n<meta name=\"twitter:label1\" content=\"Escrito por\" \/>\n\t<meta name=\"twitter:data1\" content=\"Guilherme\" \/>\n\t<meta name=\"twitter:label2\" content=\"Est. tempo de leitura\" \/>\n\t<meta name=\"twitter:data2\" content=\"4 minutos\" \/>\n<!-- \/ Yoast SEO plugin. -->","yoast_head_json":{"title":"Comunicado 07\/12 para brasileiros que v\u00e3o receber o Bolsa Fam\u00edlia em dezembro - Estado de Minas - Em foco","description":"O governo federal anunciou uma s\u00e9rie de mudan\u00e7as para o programa Bolsa Fam\u00edlia a partir de 2024, com o objetivo de otimizar a distribui\u00e7\u00e3o dos recursos e garantir que o aux\u00edlio chegue a quem realmente precisa.","robots":{"index":"index","follow":"follow","max-snippet":"max-snippet:-1","max-image-preview":"max-image-preview:large","max-video-preview":"max-video-preview:-1"},"canonical":"https:\/\/www.em.com.br\/emfoco\/2024\/12\/07\/comunicado-07-12-para-brasileiros-que-vao-receber-o-bolsa-familia-em-dezembro\/","og_locale":"pt_BR","og_type":"article","og_title":"Comunicado 07\/12 para brasileiros que v\u00e3o receber o Bolsa Fam\u00edlia em dezembro - Estado de Minas - Em foco","og_description":"O governo federal anunciou uma s\u00e9rie de mudan\u00e7as para o programa Bolsa Fam\u00edlia a partir de 2024, com o objetivo de otimizar a distribui\u00e7\u00e3o dos recursos e garantir que o aux\u00edlio chegue a quem realmente precisa.","og_url":"https:\/\/www.em.com.br\/emfoco\/2024\/12\/07\/comunicado-07-12-para-brasileiros-que-vao-receber-o-bolsa-familia-em-dezembro\/","og_site_name":"Estado de Minas - Em foco","article_published_time":"2024-12-07T11:38:07+00:00","article_modified_time":"2024-12-07T11:38:08+00:00","og_image":[{"width":1280,"height":720,"url":"https:\/\/www.em.com.br\/emfoco\/wp-content\/uploads\/2024\/11\/9eb50021-0f30-47a9-aeb6-126280885817.jpeg","type":"image\/jpeg"}],"author":"Guilherme","twitter_card":"summary_large_image","twitter_misc":{"Escrito por":"Guilherme","Est. tempo de leitura":"4 minutos"},"schema":{"@context":"https:\/\/schema.org","@graph":[{"@type":"WebPage","@id":"https:\/\/www.em.com.br\/emfoco\/2024\/12\/07\/comunicado-07-12-para-brasileiros-que-vao-receber-o-bolsa-familia-em-dezembro\/","url":"https:\/\/www.em.com.br\/emfoco\/2024\/12\/07\/comunicado-07-12-para-brasileiros-que-vao-receber-o-bolsa-familia-em-dezembro\/","name":"Comunicado 07\/12 para brasileiros que v\u00e3o receber o Bolsa Fam\u00edlia em dezembro - Estado de Minas - Em foco","isPartOf":{"@id":"https:\/\/www.em.com.br\/emfoco\/#website"},"primaryImageOfPage":{"@id":"https:\/\/www.em.com.br\/emfoco\/2024\/12\/07\/comunicado-07-12-para-brasileiros-que-vao-receber-o-bolsa-familia-em-dezembro\/#primaryimage"},"image":{"@id":"https:\/\/www.em.com.br\/emfoco\/2024\/12\/07\/comunicado-07-12-para-brasileiros-que-vao-receber-o-bolsa-familia-em-dezembro\/#primaryimage"},"thumbnailUrl":"https:\/\/www.em.com.br\/emfoco\/wp-content\/uploads\/2024\/11\/9eb50021-0f30-47a9-aeb6-126280885817.jpeg","datePublished":"2024-12-07T11:38:07+00:00","dateModified":"2024-12-07T11:38:08+00:00","author":{"@id":"https:\/\/www.em.com.br\/emfoco\/#\/schema\/person\/097c4a57cc4dc96be3b74aaf7185dd84"},"description":"O governo federal anunciou uma s\u00e9rie de mudan\u00e7as para o programa Bolsa Fam\u00edlia a partir de 2024, com o objetivo de otimizar a distribui\u00e7\u00e3o dos recursos e garantir que o aux\u00edlio chegue a quem realmente precisa.","breadcrumb":{"@id":"https:\/\/www.em.com.br\/emfoco\/2024\/12\/07\/comunicado-07-12-para-brasileiros-que-vao-receber-o-bolsa-familia-em-dezembro\/#breadcrumb"},"inLanguage":"pt-BR","potentialAction":[{"@type":"ReadAction","target":["https:\/\/www.em.com.br\/emfoco\/2024\/12\/07\/comunicado-07-12-para-brasileiros-que-vao-receber-o-bolsa-familia-em-dezembro\/"]}]},{"@type":"ImageObject","inLanguage":"pt-BR","@id":"https:\/\/www.em.com.br\/emfoco\/2024\/12\/07\/comunicado-07-12-para-brasileiros-que-vao-receber-o-bolsa-familia-em-dezembro\/#primaryimage","url":"https:\/\/www.em.com.br\/emfoco\/wp-content\/uploads\/2024\/11\/9eb50021-0f30-47a9-aeb6-126280885817.jpeg","contentUrl":"https:\/\/www.em.com.br\/emfoco\/wp-content\/uploads\/2024\/11\/9eb50021-0f30-47a9-aeb6-126280885817.jpeg","width":1280,"height":720,"caption":"Bolsa Fam\u00edlia 19\/11 emitiu comunicado para todos os NIS Cr\u00e9ditos: depositphotos.com \/ joasouza"},{"@type":"BreadcrumbList","@id":"https:\/\/www.em.com.br\/emfoco\/2024\/12\/07\/comunicado-07-12-para-brasileiros-que-vao-receber-o-bolsa-familia-em-dezembro\/#breadcrumb","itemListElement":[{"@type":"ListItem","position":1,"name":"In\u00edcio","item":"https:\/\/www.em.com.br\/emfoco\/"},{"@type":"ListItem","position":2,"name":"Comunicado 07\/12 para brasileiros que v\u00e3o receber o Bolsa Fam\u00edlia em dezembro"}]},{"@type":"WebSite","@id":"https:\/\/www.em.com.br\/emfoco\/#website","url":"https:\/\/www.em.com.br\/emfoco\/","name":"Estado de Minas - Em foco","description":"Acompanhe as \u00faltimas not\u00edcias e fique bem informado sobre tudo o que acontece em Minas Gerais, Brasil e no mundo.","potentialAction":[{"@type":"SearchAction","target":{"@type":"EntryPoint","urlTemplate":"https:\/\/www.em.com.br\/emfoco\/?s={search_term_string}"},"query-input":{"@type":"PropertyValueSpecification","valueRequired":true,"valueName":"search_term_string"}}],"inLanguage":"pt-BR"},{"@type":"Person","@id":"https:\/\/www.em.com.br\/emfoco\/#\/schema\/person\/097c4a57cc4dc96be3b74aaf7185dd84","name":"Guilherme","image":{"@type":"ImageObject","inLanguage":"pt-BR","@id":"https:\/\/www.em.com.br\/emfoco\/#\/schema\/person\/image\/","url":"https:\/\/secure.gravatar.com\/avatar\/6a059d20d980bdeb1d1d6b0fa2b4633c?s=96&d=mm&r=g","contentUrl":"https:\/\/secure.gravatar.com\/avatar\/6a059d20d980bdeb1d1d6b0fa2b4633c?s=96&d=mm&r=g","caption":"Guilherme"},"url":"https:\/\/www.em.com.br\/emfoco\/author\/guilhermemyth\/"}]}},"_links":{"self":[{"href":"https:\/\/www.em.com.br\/emfoco\/wp-json\/wp\/v2\/posts\/3713","targetHints":{"allow":["GET"]}}],"collection":[{"href":"https:\/\/www.em.com.br\/emfoco\/wp-json\/wp\/v2\/posts"}],"about":[{"href":"https:\/\/www.em.com.br\/emfoco\/wp-json\/wp\/v2\/types\/post"}],"author":[{"embeddable":true,"href":"https:\/\/www.em.com.br\/emfoco\/wp-json\/wp\/v2\/users\/2"}],"replies":[{"embeddable":true,"href":"https:\/\/www.em.com.br\/emfoco\/wp-json\/wp\/v2\/comments?post=3713"}],"version-history":[{"count":3,"href":"https:\/\/www.em.com.br\/emfoco\/wp-json\/wp\/v2\/posts\/3713\/revisions"}],"predecessor-version":[{"id":3716,"href":"https:\/\/www.em.com.br\/emfoco\/wp-json\/wp\/v2\/posts\/3713\/revisions\/3716"}],"wp:featuredmedia":[{"embeddable":true,"href":"https:\/\/www.em.com.br\/emfoco\/wp-json\/wp\/v2\/media\/973"}],"wp:attachment":[{"href":"https:\/\/www.em.com.br\/emfoco\/wp-json\/wp\/v2\/media?parent=3713"}],"wp:term":[{"taxonomy":"category","embeddable":true,"href":"https:\/\/www.em.com.br\/emfoco\/wp-json\/wp\/v2\/categories?post=3713"},{"taxonomy":"post_tag","embeddable":true,"href":"https:\/\/www.em.com.br\/emfoco\/wp-json\/wp\/v2\/tags?post=3713"}],"curies":[{"name":"wp","href":"https:\/\/api.w.org\/{rel}","templated":true}]}}