{"id":37122,"date":"2025-04-11T17:00:00","date_gmt":"2025-04-11T20:00:00","guid":{"rendered":"https:\/\/www.em.com.br\/emfoco\/?p=37122"},"modified":"2025-04-10T15:42:11","modified_gmt":"2025-04-10T18:42:11","slug":"bpc-em-risco-inss-vai-revisar-800-mil-cadastros-e-cortar-quem-nao-estiver-regular","status":"publish","type":"post","link":"https:\/\/www.em.com.br\/emfoco\/2025\/04\/11\/bpc-em-risco-inss-vai-revisar-800-mil-cadastros-e-cortar-quem-nao-estiver-regular\/","title":{"rendered":"BPC em risco! INSS vai revisar 800 mil cadastros e cortar quem n\u00e3o estiver regular"},"content":{"rendered":"\n<p>A partir de 2025, o <strong><a href=\"https:\/\/www.em.com.br\/emfoco\/2025\/04\/09\/valor-foi-devolvido-ao-inss-saiba-como-recuperar-sem-sair-de-casa\/\" target=\"_blank\" rel=\"noreferrer noopener\">Instituto Nacional do Seguro Social (INSS)<\/a><\/strong> iniciar\u00e1 uma ampla opera\u00e7\u00e3o de revis\u00e3o no <strong>Benef\u00edcio de Presta\u00e7\u00e3o Continuada (BPC)<\/strong>, o que poder\u00e1 resultar na suspens\u00e3o de pagamentos a cerca de 800 mil benefici\u00e1rios em todo o <strong>Brasil<\/strong>. O principal objetivo da reavalia\u00e7\u00e3o \u00e9 garantir que os recursos p\u00fablicos sejam direcionados apenas a quem realmente atende aos crit\u00e9rios legais do benef\u00edcio assistencial.<\/p>\n\n\n\n<h2 class=\"wp-block-heading\">Revis\u00e3o abrangente ter\u00e1 foco em dados e condi\u00e7\u00f5es m\u00e9dicas<\/h2>\n\n\n\n<p>Conhecida como &#8220;pente-fino&#8221;, a revis\u00e3o vai analisar detalhadamente informa\u00e7\u00f5es cadastrais e m\u00e9dicas dos benefici\u00e1rios. O INSS utilizar\u00e1 cruzamento de dados, exigir\u00e1 documentos atualizados e poder\u00e1 suspender o benef\u00edcio de quem estiver com o <strong><a href=\"https:\/\/www.gov.br\/pt-br\/servicos\/consultar-dados-do-cadastro-unico-cadunico\" target=\"_blank\" rel=\"noreferrer noopener\">Cadastro \u00danico (Cad\u00danico)<\/a><\/strong> desatualizado ou sem laudos m\u00e9dicos recentes que comprovem a defici\u00eancia.<\/p>\n\n\n\n<h2 class=\"wp-block-heading\">Quem tem direito ao BPC e precisa ficar atento<\/h2>\n\n\n\n<p>O BPC \u00e9 garantido pela <strong>Lei Org\u00e2nica da Assist\u00eancia Social (LOAS)<\/strong> e atende dois grupos espec\u00edficos: idosos a partir de 65 anos e pessoas com defici\u00eancia. Para manter o benef\u00edcio, \u00e9 necess\u00e1rio ter renda familiar per capita inferior a 1\/4 do sal\u00e1rio m\u00ednimo (R$ 353 em 2025), estar com o Cad\u00danico atualizado e, no caso de defici\u00eancia, apresentar documenta\u00e7\u00e3o m\u00e9dica v\u00e1lida.<\/p>\n\n\n\n<figure class=\"wp-block-image\"><img decoding=\"async\" src=\"https:\/\/www.em.com.br\/emfoco\/wp-content\/uploads\/2025\/03\/bpc-carrossel-1024x576.jpg\" alt=\"\"\/><figcaption class=\"wp-element-caption\">BPC &#8211; Cr\u00e9ditos: Divulga\u00e7\u00e3o\/Gov.br<\/figcaption><\/figure>\n\n\n\n<h2 class=\"wp-block-heading\">Outros benef\u00edcios tamb\u00e9m est\u00e3o na mira da revis\u00e3o<\/h2>\n\n\n\n<p>Al\u00e9m do BPC, o pente-fino do INSS incluir\u00e1 aux\u00edlio-doen\u00e7a e aposentadoria por invalidez. A prioridade ser\u00e1 revisar benef\u00edcios mantidos h\u00e1 mais de dois anos sem per\u00edcia ou com cadastros desatualizados h\u00e1 mais de quatro anos, para evitar fraudes e desperd\u00edcios.<\/p>\n\n\n\n<h2 class=\"wp-block-heading\">Como evitar a suspens\u00e3o do benef\u00edcio<\/h2>\n\n\n\n<p>Os benefici\u00e1rios convocados ser\u00e3o notificados por carta, SMS ou mensagens no extrato banc\u00e1rio. Quem receber o aviso deve acessar o portal <strong>Meu INSS<\/strong>, agendar uma per\u00edcia e comparecer com laudos e exames atualizados. A regulariza\u00e7\u00e3o do Cad\u00danico deve ser feita em um CRAS. O n\u00e3o cumprimento dos prazos pode levar ao bloqueio ou cancelamento do benef\u00edcio.<\/p>\n","protected":false},"excerpt":{"rendered":"<p>A partir de 2025, o Instituto Nacional do Seguro Social (INSS) iniciar\u00e1 uma ampla opera\u00e7\u00e3o de revis\u00e3o no Benef\u00edcio de Presta\u00e7\u00e3o Continuada (BPC), o que poder\u00e1 resultar na suspens\u00e3o de pagamentos a cerca de 800 mil benefici\u00e1rios em todo o Brasil. O principal objetivo da reavalia\u00e7\u00e3o \u00e9 garantir que os recursos p\u00fablicos sejam direcionados apenas [&hellip;]<\/p>\n","protected":false},"author":11,"featured_media":24973,"comment_status":"open","ping_status":"open","sticky":false,"template":"","format":"standard","meta":{"jnews-multi-image_gallery":[],"jnews_single_post":{"format":"standard"},"jnews_primary_category":[],"jnews_social_meta":[],"jnews_override_counter":[],"footnotes":""},"categories":[28,1],"tags":[257,7392,7260],"class_list":["post-37122","post","type-post","status-publish","format-standard","has-post-thumbnail","hentry","category-economia","category-noticias","tag-bpc","tag-bpc-2025","tag-cadastro-unico-bpc"],"yoast_head":"<!-- This site is optimized with the Yoast SEO plugin v23.8 - https:\/\/yoast.com\/wordpress\/plugins\/seo\/ -->\n<title>BPC em risco! INSS vai revisar 800 mil cadastros e cortar quem n\u00e3o estiver regular - Estado de Minas - Em foco<\/title>\n<meta name=\"description\" content=\"Benefici\u00e1rios ser\u00e3o notificados por SMS, carta ou extrato. Falta de atualiza\u00e7\u00e3o pode levar ao corte do BPC.\" \/>\n<meta name=\"robots\" content=\"index, follow, max-snippet:-1, max-image-preview:large, max-video-preview:-1\" \/>\n<link rel=\"canonical\" href=\"https:\/\/www.em.com.br\/emfoco\/2025\/04\/11\/bpc-em-risco-inss-vai-revisar-800-mil-cadastros-e-cortar-quem-nao-estiver-regular\/\" \/>\n<meta property=\"og:locale\" content=\"pt_BR\" \/>\n<meta property=\"og:type\" content=\"article\" \/>\n<meta property=\"og:title\" content=\"BPC em risco! INSS vai revisar 800 mil cadastros e cortar quem n\u00e3o estiver regular - Estado de Minas - Em foco\" \/>\n<meta property=\"og:description\" content=\"Benefici\u00e1rios ser\u00e3o notificados por SMS, carta ou extrato. Falta de atualiza\u00e7\u00e3o pode levar ao corte do BPC.\" \/>\n<meta property=\"og:url\" content=\"https:\/\/www.em.com.br\/emfoco\/2025\/04\/11\/bpc-em-risco-inss-vai-revisar-800-mil-cadastros-e-cortar-quem-nao-estiver-regular\/\" \/>\n<meta property=\"og:site_name\" content=\"Estado de Minas - Em foco\" \/>\n<meta property=\"article:published_time\" content=\"2025-04-11T20:00:00+00:00\" \/>\n<meta property=\"article:modified_time\" content=\"2025-04-10T18:42:11+00:00\" \/>\n<meta property=\"og:image\" content=\"https:\/\/www.em.com.br\/emfoco\/wp-content\/uploads\/2025\/03\/idosos-com-dinheiro_1741098418131.jpg\" \/>\n\t<meta property=\"og:image:width\" content=\"1280\" \/>\n\t<meta property=\"og:image:height\" content=\"720\" \/>\n\t<meta property=\"og:image:type\" content=\"image\/jpeg\" \/>\n<meta name=\"author\" content=\"Andre\u0301 Rangel\u00a0\" \/>\n<meta name=\"twitter:card\" content=\"summary_large_image\" \/>\n<meta name=\"twitter:label1\" content=\"Escrito por\" \/>\n\t<meta name=\"twitter:data1\" content=\"Andre\u0301 Rangel\u00a0\" \/>\n\t<meta name=\"twitter:label2\" content=\"Est. tempo de leitura\" \/>\n\t<meta name=\"twitter:data2\" content=\"3 minutos\" \/>\n<!-- \/ Yoast SEO plugin. -->","yoast_head_json":{"title":"BPC em risco! INSS vai revisar 800 mil cadastros e cortar quem n\u00e3o estiver regular - Estado de Minas - Em foco","description":"Benefici\u00e1rios ser\u00e3o notificados por SMS, carta ou extrato. Falta de atualiza\u00e7\u00e3o pode levar ao corte do BPC.","robots":{"index":"index","follow":"follow","max-snippet":"max-snippet:-1","max-image-preview":"max-image-preview:large","max-video-preview":"max-video-preview:-1"},"canonical":"https:\/\/www.em.com.br\/emfoco\/2025\/04\/11\/bpc-em-risco-inss-vai-revisar-800-mil-cadastros-e-cortar-quem-nao-estiver-regular\/","og_locale":"pt_BR","og_type":"article","og_title":"BPC em risco! INSS vai revisar 800 mil cadastros e cortar quem n\u00e3o estiver regular - Estado de Minas - Em foco","og_description":"Benefici\u00e1rios ser\u00e3o notificados por SMS, carta ou extrato. Falta de atualiza\u00e7\u00e3o pode levar ao corte do BPC.","og_url":"https:\/\/www.em.com.br\/emfoco\/2025\/04\/11\/bpc-em-risco-inss-vai-revisar-800-mil-cadastros-e-cortar-quem-nao-estiver-regular\/","og_site_name":"Estado de Minas - Em foco","article_published_time":"2025-04-11T20:00:00+00:00","article_modified_time":"2025-04-10T18:42:11+00:00","og_image":[{"width":1280,"height":720,"url":"https:\/\/www.em.com.br\/emfoco\/wp-content\/uploads\/2025\/03\/idosos-com-dinheiro_1741098418131.jpg","type":"image\/jpeg"}],"author":"Andre\u0301 Rangel\u00a0","twitter_card":"summary_large_image","twitter_misc":{"Escrito por":"Andre\u0301 Rangel\u00a0","Est. tempo de leitura":"3 minutos"},"schema":{"@context":"https:\/\/schema.org","@graph":[{"@type":"WebPage","@id":"https:\/\/www.em.com.br\/emfoco\/2025\/04\/11\/bpc-em-risco-inss-vai-revisar-800-mil-cadastros-e-cortar-quem-nao-estiver-regular\/","url":"https:\/\/www.em.com.br\/emfoco\/2025\/04\/11\/bpc-em-risco-inss-vai-revisar-800-mil-cadastros-e-cortar-quem-nao-estiver-regular\/","name":"BPC em risco! INSS vai revisar 800 mil cadastros e cortar quem n\u00e3o estiver regular - Estado de Minas - Em foco","isPartOf":{"@id":"https:\/\/www.em.com.br\/emfoco\/#website"},"primaryImageOfPage":{"@id":"https:\/\/www.em.com.br\/emfoco\/2025\/04\/11\/bpc-em-risco-inss-vai-revisar-800-mil-cadastros-e-cortar-quem-nao-estiver-regular\/#primaryimage"},"image":{"@id":"https:\/\/www.em.com.br\/emfoco\/2025\/04\/11\/bpc-em-risco-inss-vai-revisar-800-mil-cadastros-e-cortar-quem-nao-estiver-regular\/#primaryimage"},"thumbnailUrl":"https:\/\/www.em.com.br\/emfoco\/wp-content\/uploads\/2025\/03\/idosos-com-dinheiro_1741098418131.jpg","datePublished":"2025-04-11T20:00:00+00:00","dateModified":"2025-04-10T18:42:11+00:00","author":{"@id":"https:\/\/www.em.com.br\/emfoco\/#\/schema\/person\/60eda09c1fedf0d6891f4cef4b60b8b8"},"description":"Benefici\u00e1rios ser\u00e3o notificados por SMS, carta ou extrato. Falta de atualiza\u00e7\u00e3o pode levar ao corte do BPC.","breadcrumb":{"@id":"https:\/\/www.em.com.br\/emfoco\/2025\/04\/11\/bpc-em-risco-inss-vai-revisar-800-mil-cadastros-e-cortar-quem-nao-estiver-regular\/#breadcrumb"},"inLanguage":"pt-BR","potentialAction":[{"@type":"ReadAction","target":["https:\/\/www.em.com.br\/emfoco\/2025\/04\/11\/bpc-em-risco-inss-vai-revisar-800-mil-cadastros-e-cortar-quem-nao-estiver-regular\/"]}]},{"@type":"ImageObject","inLanguage":"pt-BR","@id":"https:\/\/www.em.com.br\/emfoco\/2025\/04\/11\/bpc-em-risco-inss-vai-revisar-800-mil-cadastros-e-cortar-quem-nao-estiver-regular\/#primaryimage","url":"https:\/\/www.em.com.br\/emfoco\/wp-content\/uploads\/2025\/03\/idosos-com-dinheiro_1741098418131.jpg","contentUrl":"https:\/\/www.em.com.br\/emfoco\/wp-content\/uploads\/2025\/03\/idosos-com-dinheiro_1741098418131.jpg","width":1280,"height":720,"caption":"Novo projeto garante cr\u00e9dito igual para idosos no pa\u00eds - Cr\u00e9ditos: depositphotos.com \/ AndrewLozovyi"},{"@type":"BreadcrumbList","@id":"https:\/\/www.em.com.br\/emfoco\/2025\/04\/11\/bpc-em-risco-inss-vai-revisar-800-mil-cadastros-e-cortar-quem-nao-estiver-regular\/#breadcrumb","itemListElement":[{"@type":"ListItem","position":1,"name":"In\u00edcio","item":"https:\/\/www.em.com.br\/emfoco\/"},{"@type":"ListItem","position":2,"name":"BPC em risco! INSS vai revisar 800 mil cadastros e cortar quem n\u00e3o estiver regular"}]},{"@type":"WebSite","@id":"https:\/\/www.em.com.br\/emfoco\/#website","url":"https:\/\/www.em.com.br\/emfoco\/","name":"Estado de Minas - Em foco","description":"Acompanhe as \u00faltimas not\u00edcias e fique bem informado sobre tudo o que acontece em Minas Gerais, Brasil e no mundo.","potentialAction":[{"@type":"SearchAction","target":{"@type":"EntryPoint","urlTemplate":"https:\/\/www.em.com.br\/emfoco\/?s={search_term_string}"},"query-input":{"@type":"PropertyValueSpecification","valueRequired":true,"valueName":"search_term_string"}}],"inLanguage":"pt-BR"},{"@type":"Person","@id":"https:\/\/www.em.com.br\/emfoco\/#\/schema\/person\/60eda09c1fedf0d6891f4cef4b60b8b8","name":"Andre\u0301 Rangel\u00a0","image":{"@type":"ImageObject","inLanguage":"pt-BR","@id":"https:\/\/www.em.com.br\/emfoco\/#\/schema\/person\/image\/","url":"https:\/\/secure.gravatar.com\/avatar\/6234dc814c77c8ef6d8bba622c787efc?s=96&d=mm&r=g","contentUrl":"https:\/\/secure.gravatar.com\/avatar\/6234dc814c77c8ef6d8bba622c787efc?s=96&d=mm&r=g","caption":"Andre\u0301 Rangel\u00a0"},"url":"https:\/\/www.em.com.br\/emfoco\/author\/luizmyth\/"}]}},"_links":{"self":[{"href":"https:\/\/www.em.com.br\/emfoco\/wp-json\/wp\/v2\/posts\/37122","targetHints":{"allow":["GET"]}}],"collection":[{"href":"https:\/\/www.em.com.br\/emfoco\/wp-json\/wp\/v2\/posts"}],"about":[{"href":"https:\/\/www.em.com.br\/emfoco\/wp-json\/wp\/v2\/types\/post"}],"author":[{"embeddable":true,"href":"https:\/\/www.em.com.br\/emfoco\/wp-json\/wp\/v2\/users\/11"}],"replies":[{"embeddable":true,"href":"https:\/\/www.em.com.br\/emfoco\/wp-json\/wp\/v2\/comments?post=37122"}],"version-history":[{"count":4,"href":"https:\/\/www.em.com.br\/emfoco\/wp-json\/wp\/v2\/posts\/37122\/revisions"}],"predecessor-version":[{"id":37244,"href":"https:\/\/www.em.com.br\/emfoco\/wp-json\/wp\/v2\/posts\/37122\/revisions\/37244"}],"wp:featuredmedia":[{"embeddable":true,"href":"https:\/\/www.em.com.br\/emfoco\/wp-json\/wp\/v2\/media\/24973"}],"wp:attachment":[{"href":"https:\/\/www.em.com.br\/emfoco\/wp-json\/wp\/v2\/media?parent=37122"}],"wp:term":[{"taxonomy":"category","embeddable":true,"href":"https:\/\/www.em.com.br\/emfoco\/wp-json\/wp\/v2\/categories?post=37122"},{"taxonomy":"post_tag","embeddable":true,"href":"https:\/\/www.em.com.br\/emfoco\/wp-json\/wp\/v2\/tags?post=37122"}],"curies":[{"name":"wp","href":"https:\/\/api.w.org\/{rel}","templated":true}]}}