{"id":36820,"date":"2025-04-10T21:00:36","date_gmt":"2025-04-11T00:00:36","guid":{"rendered":"https:\/\/www.em.com.br\/emfoco\/?p=36820"},"modified":"2025-04-09T14:11:11","modified_gmt":"2025-04-09T17:11:11","slug":"cuidados-essenciais-para-manter-seus-cachos-saudaveis-e-brilhantes","status":"publish","type":"post","link":"https:\/\/www.em.com.br\/emfoco\/2025\/04\/10\/cuidados-essenciais-para-manter-seus-cachos-saudaveis-e-brilhantes\/","title":{"rendered":"Cuidados essenciais para manter seus cachos saud\u00e1veis e brilhantes"},"content":{"rendered":"\n<p><strong>Cabelos cacheados<\/strong> exigem uma aten\u00e7\u00e3o diferenciada devido \u00e0 sua estrutura em espiral, que dificulta a distribui\u00e7\u00e3o uniforme dos<strong> \u00f3leos naturais do couro cabeludo<\/strong>. Essa caracter\u00edstica faz com que os fios sejam mais suscet\u00edveis ao ressecamento. Portanto, <strong>adotar<\/strong> uma rotina de cuidados espec\u00edfica \u00e9 essencial para manter a sa\u00fade e a beleza dos cachos.<\/p>\n\n\n\n<p>Para garantir que os cachos permane\u00e7am bem definidos e saud\u00e1veis, \u00e9 importante escolher produtos que atendam \u00e0s suas necessidades espec\u00edficas e adotar t\u00e9cnicas de manuten\u00e7\u00e3o que ajudem a controlar o <a href=\"https:\/\/www.em.com.br\/emfoco\/2025\/04\/07\/dicas-infaliveis-para-manter-seus-cabelos-lisos-sem-frizz-e-radiantes\/\" target=\"_blank\" rel=\"noopener\">frizz<\/a> e o volume.<\/p>\n\n\n\n<h2 class=\"wp-block-heading\">Por que a hidrata\u00e7\u00e3o \u00e9 essencial para cabelos cacheados?<\/h2>\n\n\n\n<p>A hidrata\u00e7\u00e3o desempenha um papel crucial no cuidado dos cabelos cacheados. Devido \u00e0 forma espiralada dos fios, a umidade natural n\u00e3o consegue se espalhar facilmente, resultando em cabelos secos. M\u00e1scaras hidratantes com ingredientes como <strong>manteiga de karit\u00e9<\/strong> e<a href=\"https:\/\/www.tuasaude.com\/beneficios-do-aloe-vera\/\" target=\"_blank\" rel=\"noopener\"> aloe vera<\/a> s\u00e3o eficazes para repor a umidade e melhorar a elasticidade dos fios.<\/p>\n\n\n\n<p>Manter uma rotina de <strong>hidrata\u00e7\u00e3o regular<\/strong> n\u00e3o s\u00f3 melhora a textura dos cachos, mas tamb\u00e9m os torna mais resistentes a danos ambientais, garantindo que permane\u00e7am macios e com uma apar\u00eancia saud\u00e1vel.<\/p>\n\n\n\n<h2 class=\"wp-block-heading\">Quais produtos s\u00e3o indicados para cabelos cacheados?<\/h2>\n\n\n\n<p>Escolher os produtos adequados \u00e9 fundamental para a manuten\u00e7\u00e3o dos cabelos cacheados. <strong>Shampoos sem sulfato<\/strong> s\u00e3o recomendados, pois limpam os fios sem remover os \u00f3leos naturais essenciais. Condicionadores ricos em emolientes ajudam a desembara\u00e7ar e nutrir os cabelos.<\/p>\n\n\n\n<p>Al\u00e9m disso, cremes e g\u00e9is modeladores espec\u00edficos para cachos s\u00e3o \u00fateis para definir e controlar o <strong>frizz.<\/strong> Optar por produtos com ingredientes naturais pode oferecer melhores resultados, j\u00e1 que s\u00e3o menos agressivos para os fios.<\/p>\n\n\n\n<h2 class=\"wp-block-heading\">Como destacar e definir os cachos?<\/h2>\n\n\n\n<p>Para alcan\u00e7ar cachos bem definidos, algumas t\u00e9cnicas podem ser bastante eficazes. A <strong>fitagem,<\/strong> por exemplo, envolve a aplica\u00e7\u00e3o de um creme modelador em pequenas se\u00e7\u00f5es do cabelo, garantindo que cada fio receba aten\u00e7\u00e3o. Outra t\u00e9cnica popular \u00e9 o twist, que consiste em torcer as mechas \u00famidas e solt\u00e1-las ap\u00f3s secas, resultando em cachos definidos e volumosos.<\/p>\n\n\n\n<p>Essas t\u00e9cnicas s\u00e3o eficazes para real\u00e7ar a beleza natural dos <strong>cachos,<\/strong> proporcionando um visual mais organizado e atraente.<\/p>\n\n\n<div class=\"wp-block-image\">\n<figure class=\"aligncenter size-large\"><img loading=\"lazy\" decoding=\"async\" width=\"1024\" height=\"576\" src=\"https:\/\/www.em.com.br\/emfoco\/wp-content\/uploads\/2025\/04\/cachos_1744218583233-1024x576.jpg\" alt=\"\" class=\"wp-image-36831\" srcset=\"https:\/\/www.em.com.br\/emfoco\/wp-content\/uploads\/2025\/04\/cachos_1744218583233-1024x576.jpg 1024w, https:\/\/www.em.com.br\/emfoco\/wp-content\/uploads\/2025\/04\/cachos_1744218583233-300x169.jpg 300w, https:\/\/www.em.com.br\/emfoco\/wp-content\/uploads\/2025\/04\/cachos_1744218583233-768x432.jpg 768w, https:\/\/www.em.com.br\/emfoco\/wp-content\/uploads\/2025\/04\/cachos_1744218583233-750x422.jpg 750w, https:\/\/www.em.com.br\/emfoco\/wp-content\/uploads\/2025\/04\/cachos_1744218583233-1140x641.jpg 1140w, https:\/\/www.em.com.br\/emfoco\/wp-content\/uploads\/2025\/04\/cachos_1744218583233.jpg 1280w\" sizes=\"auto, (max-width: 1024px) 100vw, 1024px\" \/><figcaption class=\"wp-element-caption\">Cabelo cacheado &#8211; Cr\u00e9ditos: depositphotos.com \/ IgorVetushko<\/figcaption><\/figure><\/div>\n\n\n<h2 class=\"wp-block-heading\">O que \u00e9 co-wash e quais s\u00e3o seus benef\u00edcios?<\/h2>\n\n\n\n<p>O <strong>co-wash<\/strong> \u00e9 uma t\u00e9cnica de limpeza que utiliza apenas condicionador, sendo <strong>menos agressiva<\/strong> para os cabelos cacheados. Essa abordagem \u00e9 ideal para quem sofre com o ressecamento causado pelo uso frequente de shampoos tradicionais. O co-wash ajuda a manter a umidade e a suavidade dos fios, preservando os \u00f3leos essenciais.<\/p>\n\n\n\n<p>Para adotar o co-wash, \u00e9 importante escolher um condicionador livre de silicones e <strong>parabenos,<\/strong> garantindo uma limpeza suave e eficaz. Essa pr\u00e1tica promove um cabelo mais saud\u00e1vel e flex\u00edvel.<\/p>\n\n\n\n<h2 class=\"wp-block-heading\">Como proteger os cachos do calor?<\/h2>\n\n\n\n<p>Quando o uso de calor \u00e9 necess\u00e1rio, como na secagem, \u00e9 essencial aplicar um protetor t\u00e9rmico para minimizar os danos. O uso de um difusor no secador pode ajudar a manter a defini\u00e7\u00e3o dos cachos, evitando o excesso de calor direto nos fios. \u00c9 recomend\u00e1vel usar o secador em temperatura m\u00e9dia ou baixa para preservar a integridade do cabelo.<\/p>\n\n\n\n<ul class=\"wp-block-list\">\n<li>Utilize fronhas de seda ou cetim para reduzir o atrito durante o sono.<\/li>\n\n\n\n<li>Realize cortes regulares para evitar pontas duplas e manter o formato dos cachos.<\/li>\n\n\n\n<li>Inclua \u00f3leos naturais na rotina para garantir nutri\u00e7\u00e3o e brilho.<\/li>\n<\/ul>\n\n\n\n<p>Essas pr\u00e1ticas asseguram que os cachos permane\u00e7am saud\u00e1veis e bonitos, mantendo sua forma e vitalidade ao longo do tempo.<\/p>\n","protected":false},"excerpt":{"rendered":"<p>Cabelos cacheados exigem uma aten\u00e7\u00e3o diferenciada devido \u00e0 sua estrutura em espiral, que dificulta a distribui\u00e7\u00e3o uniforme dos \u00f3leos naturais do couro cabeludo. Essa caracter\u00edstica faz com que os fios sejam mais suscet\u00edveis ao ressecamento. Portanto, adotar uma rotina de cuidados espec\u00edfica \u00e9 essencial para manter a sa\u00fade e a beleza dos cachos. Para garantir [&hellip;]<\/p>\n","protected":false},"author":9,"featured_media":36829,"comment_status":"open","ping_status":"open","sticky":false,"template":"","format":"standard","meta":{"jnews-multi-image_gallery":[],"jnews_single_post":{"format":"standard"},"jnews_primary_category":[],"jnews_social_meta":[],"jnews_override_counter":[],"footnotes":""},"categories":[29,1],"tags":[4886,5692,4941],"class_list":["post-36820","post","type-post","status-publish","format-standard","has-post-thumbnail","hentry","category-entretenimento","category-noticias","tag-cabelos-cacheados","tag-co-wash","tag-hidratacao"],"yoast_head":"<!-- This site is optimized with the Yoast SEO plugin v23.8 - https:\/\/yoast.com\/wordpress\/plugins\/seo\/ -->\n<title>Cuidados essenciais para manter seus cachos saud\u00e1veis e brilhantes<\/title>\n<meta name=\"description\" content=\"Mantenha seus cabelos cacheados saud\u00e1veis e definidos com hidrata\u00e7\u00e3o, produtos adequados e t\u00e9cnicas como fitagem e co-wash.\" \/>\n<meta name=\"robots\" content=\"index, follow, max-snippet:-1, max-image-preview:large, max-video-preview:-1\" \/>\n<link rel=\"canonical\" href=\"https:\/\/www.em.com.br\/emfoco\/2025\/04\/10\/cuidados-essenciais-para-manter-seus-cachos-saudaveis-e-brilhantes\/\" \/>\n<meta property=\"og:locale\" content=\"pt_BR\" \/>\n<meta property=\"og:type\" content=\"article\" \/>\n<meta property=\"og:title\" content=\"Cuidados essenciais para manter seus cachos saud\u00e1veis e brilhantes\" \/>\n<meta property=\"og:description\" content=\"Mantenha seus cabelos cacheados saud\u00e1veis e definidos com hidrata\u00e7\u00e3o, produtos adequados e t\u00e9cnicas como fitagem e co-wash.\" \/>\n<meta property=\"og:url\" content=\"https:\/\/www.em.com.br\/emfoco\/2025\/04\/10\/cuidados-essenciais-para-manter-seus-cachos-saudaveis-e-brilhantes\/\" \/>\n<meta property=\"og:site_name\" content=\"Estado de Minas - Em foco\" \/>\n<meta property=\"article:published_time\" content=\"2025-04-11T00:00:36+00:00\" \/>\n<meta property=\"article:modified_time\" content=\"2025-04-09T17:11:11+00:00\" \/>\n<meta property=\"og:image\" content=\"https:\/\/www.em.com.br\/emfoco\/wp-content\/uploads\/2025\/04\/cachos_1744218549974.jpg\" \/>\n\t<meta property=\"og:image:width\" content=\"1280\" \/>\n\t<meta property=\"og:image:height\" content=\"720\" \/>\n\t<meta property=\"og:image:type\" content=\"image\/jpeg\" \/>\n<meta name=\"author\" content=\"Daniely Cardoso\" \/>\n<meta name=\"twitter:card\" content=\"summary_large_image\" \/>\n<meta name=\"twitter:label1\" content=\"Escrito por\" \/>\n\t<meta name=\"twitter:data1\" content=\"Daniely Cardoso\" \/>\n\t<meta name=\"twitter:label2\" content=\"Est. tempo de leitura\" \/>\n\t<meta name=\"twitter:data2\" content=\"4 minutos\" \/>\n<!-- \/ Yoast SEO plugin. -->","yoast_head_json":{"title":"Cuidados essenciais para manter seus cachos saud\u00e1veis e brilhantes","description":"Mantenha seus cabelos cacheados saud\u00e1veis e definidos com hidrata\u00e7\u00e3o, produtos adequados e t\u00e9cnicas como fitagem e co-wash.","robots":{"index":"index","follow":"follow","max-snippet":"max-snippet:-1","max-image-preview":"max-image-preview:large","max-video-preview":"max-video-preview:-1"},"canonical":"https:\/\/www.em.com.br\/emfoco\/2025\/04\/10\/cuidados-essenciais-para-manter-seus-cachos-saudaveis-e-brilhantes\/","og_locale":"pt_BR","og_type":"article","og_title":"Cuidados essenciais para manter seus cachos saud\u00e1veis e brilhantes","og_description":"Mantenha seus cabelos cacheados saud\u00e1veis e definidos com hidrata\u00e7\u00e3o, produtos adequados e t\u00e9cnicas como fitagem e co-wash.","og_url":"https:\/\/www.em.com.br\/emfoco\/2025\/04\/10\/cuidados-essenciais-para-manter-seus-cachos-saudaveis-e-brilhantes\/","og_site_name":"Estado de Minas - Em foco","article_published_time":"2025-04-11T00:00:36+00:00","article_modified_time":"2025-04-09T17:11:11+00:00","og_image":[{"width":1280,"height":720,"url":"https:\/\/www.em.com.br\/emfoco\/wp-content\/uploads\/2025\/04\/cachos_1744218549974.jpg","type":"image\/jpeg"}],"author":"Daniely Cardoso","twitter_card":"summary_large_image","twitter_misc":{"Escrito por":"Daniely Cardoso","Est. tempo de leitura":"4 minutos"},"schema":{"@context":"https:\/\/schema.org","@graph":[{"@type":"WebPage","@id":"https:\/\/www.em.com.br\/emfoco\/2025\/04\/10\/cuidados-essenciais-para-manter-seus-cachos-saudaveis-e-brilhantes\/","url":"https:\/\/www.em.com.br\/emfoco\/2025\/04\/10\/cuidados-essenciais-para-manter-seus-cachos-saudaveis-e-brilhantes\/","name":"Cuidados essenciais para manter seus cachos saud\u00e1veis e brilhantes","isPartOf":{"@id":"https:\/\/www.em.com.br\/emfoco\/#website"},"primaryImageOfPage":{"@id":"https:\/\/www.em.com.br\/emfoco\/2025\/04\/10\/cuidados-essenciais-para-manter-seus-cachos-saudaveis-e-brilhantes\/#primaryimage"},"image":{"@id":"https:\/\/www.em.com.br\/emfoco\/2025\/04\/10\/cuidados-essenciais-para-manter-seus-cachos-saudaveis-e-brilhantes\/#primaryimage"},"thumbnailUrl":"https:\/\/www.em.com.br\/emfoco\/wp-content\/uploads\/2025\/04\/cachos_1744218549974.jpg","datePublished":"2025-04-11T00:00:36+00:00","dateModified":"2025-04-09T17:11:11+00:00","author":{"@id":"https:\/\/www.em.com.br\/emfoco\/#\/schema\/person\/0a8186d72f2c3a5c6276d90b41f271a0"},"description":"Mantenha seus cabelos cacheados saud\u00e1veis e definidos com hidrata\u00e7\u00e3o, produtos adequados e t\u00e9cnicas como fitagem e co-wash.","breadcrumb":{"@id":"https:\/\/www.em.com.br\/emfoco\/2025\/04\/10\/cuidados-essenciais-para-manter-seus-cachos-saudaveis-e-brilhantes\/#breadcrumb"},"inLanguage":"pt-BR","potentialAction":[{"@type":"ReadAction","target":["https:\/\/www.em.com.br\/emfoco\/2025\/04\/10\/cuidados-essenciais-para-manter-seus-cachos-saudaveis-e-brilhantes\/"]}]},{"@type":"ImageObject","inLanguage":"pt-BR","@id":"https:\/\/www.em.com.br\/emfoco\/2025\/04\/10\/cuidados-essenciais-para-manter-seus-cachos-saudaveis-e-brilhantes\/#primaryimage","url":"https:\/\/www.em.com.br\/emfoco\/wp-content\/uploads\/2025\/04\/cachos_1744218549974.jpg","contentUrl":"https:\/\/www.em.com.br\/emfoco\/wp-content\/uploads\/2025\/04\/cachos_1744218549974.jpg","width":1280,"height":720,"caption":"Saber como secar o cabelo \u00e9 fundamental para preservar a forma e sa\u00fade dos cachos - Cr\u00e9ditos: depositphotos.com \/ AllaSerebrina"},{"@type":"BreadcrumbList","@id":"https:\/\/www.em.com.br\/emfoco\/2025\/04\/10\/cuidados-essenciais-para-manter-seus-cachos-saudaveis-e-brilhantes\/#breadcrumb","itemListElement":[{"@type":"ListItem","position":1,"name":"In\u00edcio","item":"https:\/\/www.em.com.br\/emfoco\/"},{"@type":"ListItem","position":2,"name":"Cuidados essenciais para manter seus cachos saud\u00e1veis e brilhantes"}]},{"@type":"WebSite","@id":"https:\/\/www.em.com.br\/emfoco\/#website","url":"https:\/\/www.em.com.br\/emfoco\/","name":"Estado de Minas - Em foco","description":"Acompanhe as \u00faltimas not\u00edcias e fique bem informado sobre tudo o que acontece em Minas Gerais, Brasil e no mundo.","potentialAction":[{"@type":"SearchAction","target":{"@type":"EntryPoint","urlTemplate":"https:\/\/www.em.com.br\/emfoco\/?s={search_term_string}"},"query-input":{"@type":"PropertyValueSpecification","valueRequired":true,"valueName":"search_term_string"}}],"inLanguage":"pt-BR"},{"@type":"Person","@id":"https:\/\/www.em.com.br\/emfoco\/#\/schema\/person\/0a8186d72f2c3a5c6276d90b41f271a0","name":"Daniely Cardoso","image":{"@type":"ImageObject","inLanguage":"pt-BR","@id":"https:\/\/www.em.com.br\/emfoco\/#\/schema\/person\/image\/","url":"https:\/\/secure.gravatar.com\/avatar\/4b80ddbd124d1f071b626d52d62e5dff?s=96&d=mm&r=g","contentUrl":"https:\/\/secure.gravatar.com\/avatar\/4b80ddbd124d1f071b626d52d62e5dff?s=96&d=mm&r=g","caption":"Daniely Cardoso"},"url":"https:\/\/www.em.com.br\/emfoco\/author\/danielymyth\/"}]}},"_links":{"self":[{"href":"https:\/\/www.em.com.br\/emfoco\/wp-json\/wp\/v2\/posts\/36820","targetHints":{"allow":["GET"]}}],"collection":[{"href":"https:\/\/www.em.com.br\/emfoco\/wp-json\/wp\/v2\/posts"}],"about":[{"href":"https:\/\/www.em.com.br\/emfoco\/wp-json\/wp\/v2\/types\/post"}],"author":[{"embeddable":true,"href":"https:\/\/www.em.com.br\/emfoco\/wp-json\/wp\/v2\/users\/9"}],"replies":[{"embeddable":true,"href":"https:\/\/www.em.com.br\/emfoco\/wp-json\/wp\/v2\/comments?post=36820"}],"version-history":[{"count":2,"href":"https:\/\/www.em.com.br\/emfoco\/wp-json\/wp\/v2\/posts\/36820\/revisions"}],"predecessor-version":[{"id":36832,"href":"https:\/\/www.em.com.br\/emfoco\/wp-json\/wp\/v2\/posts\/36820\/revisions\/36832"}],"wp:featuredmedia":[{"embeddable":true,"href":"https:\/\/www.em.com.br\/emfoco\/wp-json\/wp\/v2\/media\/36829"}],"wp:attachment":[{"href":"https:\/\/www.em.com.br\/emfoco\/wp-json\/wp\/v2\/media?parent=36820"}],"wp:term":[{"taxonomy":"category","embeddable":true,"href":"https:\/\/www.em.com.br\/emfoco\/wp-json\/wp\/v2\/categories?post=36820"},{"taxonomy":"post_tag","embeddable":true,"href":"https:\/\/www.em.com.br\/emfoco\/wp-json\/wp\/v2\/tags?post=36820"}],"curies":[{"name":"wp","href":"https:\/\/api.w.org\/{rel}","templated":true}]}}