{"id":36750,"date":"2025-04-10T17:20:36","date_gmt":"2025-04-10T20:20:36","guid":{"rendered":"https:\/\/www.em.com.br\/emfoco\/?p=36750"},"modified":"2025-04-09T13:15:41","modified_gmt":"2025-04-09T16:15:41","slug":"os-perigos-de-carregar-o-celular-em-locais-publicos-e-como-se-proteger","status":"publish","type":"post","link":"https:\/\/www.em.com.br\/emfoco\/2025\/04\/10\/os-perigos-de-carregar-o-celular-em-locais-publicos-e-como-se-proteger\/","title":{"rendered":"Os perigos de carregar o celular em locais p\u00fablicos e como se proteger"},"content":{"rendered":"\n<p><strong>Conectar<\/strong> <strong>o <\/strong><a href=\"https:\/\/www.em.com.br\/emfoco\/2025\/04\/06\/celular-cheio-demais-veja-como-liberar-espaco-sem-apagar-nada\/\" target=\"_blank\" rel=\"noopener\">celular <\/a>em terminais de recarga p\u00fablicos, como aqueles encontrados em aeroportos e cafeterias, pode parecer uma solu\u00e7\u00e3o pr\u00e1tica para muitos. No entanto, essa pr\u00e1tica esconde perigos significativos que podem comprometer a seguran\u00e7a dos dados pessoais dos usu\u00e1rios. A empresa de seguran\u00e7a <strong>Kaspersky Lab<\/strong> alerta que, ao conectar dispositivos a esses pontos, ocorre um processo conhecido como<strong> &#8220;aperto de m\u00e3o&#8221;<\/strong>, onde informa\u00e7\u00f5es confidenciais podem ser transmitidas sem o conhecimento do usu\u00e1rio.<\/p>\n\n\n\n<p>Durante esse processo, o dispositivo pode compartilhar, atrav\u00e9s do <strong>cabo USB,<\/strong> detalhes como n\u00famero de s\u00e9rie, arquivos e at\u00e9 <strong>dados banc\u00e1rios.<\/strong> Isso acontece porque muitos desses <strong>terminais<\/strong> n\u00e3o s\u00e3o apenas carregadores, mas tamb\u00e9m portas de dados, o que permite a transfer\u00eancia de informa\u00e7\u00f5es entre o dispositivo e o terminal. Essa <strong>vulnerabilidade pode ser explorada por hackers,<\/strong> transformando uma simples recarga em um grave risco de seguran\u00e7a.<\/p>\n\n\n\n<h2 class=\"wp-block-heading\">Quais s\u00e3o os riscos de conectar em terminais p\u00fablicos?<\/h2>\n\n\n\n<p>Os riscos associados ao uso de terminais de recarga p\u00fablicos s\u00e3o variados e podem ter consequ\u00eancias s\u00e9rias. Durante o processo de carga, o aparelho pode ser alvo de <strong>invas\u00f5es<\/strong> e <strong>instala\u00e7\u00e3o de v\u00edrus<\/strong> que bloqueiam o acesso do propriet\u00e1rio. <a href=\"https:\/\/brasilescola.uol.com.br\/informatica\/o-que-e-hacker.htm\" target=\"_blank\" rel=\"noopener\">Hackers<\/a> conseguem baixar aplicativos que manipulam informa\u00e7\u00f5es privadas, como senhas e dados banc\u00e1rios, sem qualquer aviso ao usu\u00e1rio.<\/p>\n\n\n\n<p>Os dados roubados costumam ser usados pelos criminosos para solicitar resgates ou redefinir senhas de plataformas, inclusive aplicativos banc\u00e1rios. Mesmo ap\u00f3s a resolu\u00e7\u00e3o desses incidentes, os propriet\u00e1rios dos dispositivos permanecem vulner\u00e1veis, j\u00e1 que c\u00f3pias desses dados frequentemente s\u00e3o mantidas pelos hackers. Assim, o simples ato de carregar o celular em um terminal p\u00fablico pode resultar em perda financeira e comprometimento da privacidade.<\/p>\n\n\n<div class=\"wp-block-image\">\n<figure class=\"aligncenter size-large\"><img loading=\"lazy\" decoding=\"async\" width=\"1024\" height=\"576\" src=\"https:\/\/www.em.com.br\/emfoco\/wp-content\/uploads\/2025\/04\/pessoa-celular_1744127975493-1024x576.jpg\" alt=\"Os perigos de carregar o celular em locais p\u00fablicos e como se proteger\" class=\"wp-image-36352\" srcset=\"https:\/\/www.em.com.br\/emfoco\/wp-content\/uploads\/2025\/04\/pessoa-celular_1744127975493-1024x576.jpg 1024w, https:\/\/www.em.com.br\/emfoco\/wp-content\/uploads\/2025\/04\/pessoa-celular_1744127975493-300x169.jpg 300w, https:\/\/www.em.com.br\/emfoco\/wp-content\/uploads\/2025\/04\/pessoa-celular_1744127975493-768x432.jpg 768w, https:\/\/www.em.com.br\/emfoco\/wp-content\/uploads\/2025\/04\/pessoa-celular_1744127975493-750x422.jpg 750w, https:\/\/www.em.com.br\/emfoco\/wp-content\/uploads\/2025\/04\/pessoa-celular_1744127975493-1140x641.jpg 1140w, https:\/\/www.em.com.br\/emfoco\/wp-content\/uploads\/2025\/04\/pessoa-celular_1744127975493.jpg 1280w\" sizes=\"auto, (max-width: 1024px) 100vw, 1024px\" \/><figcaption class=\"wp-element-caption\">Celular &#8211; Cr\u00e9ditos: depositphotos.com \/ diego_cervo<\/figcaption><\/figure><\/div>\n\n\n<h2 class=\"wp-block-heading\">Como proteger seu celular ao recarregar em locais p\u00fablicos?<\/h2>\n\n\n\n<p>Para evitar problemas e proteger os dados no seu aparelho, \u00e9 fundamental adotar algumas medidas de seguran\u00e7a. Primeiramente, \u00e9 recomend\u00e1vel ativar fun\u00e7\u00f5es de <strong>encripta\u00e7\u00e3o e autentica\u00e7\u00e3o<\/strong> nos aplicativos para proteger seus dados. Al\u00e9m disso, confiar em sistemas de <strong>antiv\u00edrus confi\u00e1veis<\/strong> e mant\u00ea-los atualizados pode ajudar a detectar e neutralizar amea\u00e7as.<\/p>\n\n\n\n<p>Outra alternativa segura \u00e9 o uso de <strong>carregadores port\u00e1teis<\/strong>, que eliminam a necessidade de conectar o dispositivo a terminais p\u00fablicos. Al\u00e9m disso, optar por cabos originais e evitar o uso de cabos USB desconhecidos ou a conex\u00e3o com computadores alheios pode reduzir significativamente os riscos de exposi\u00e7\u00e3o.<\/p>\n\n\n\n<h2 class=\"wp-block-heading\">Dicas adicionais para carregar corretamente o celular<\/h2>\n\n\n\n<p>Al\u00e9m das medidas de seguran\u00e7a, adotar h\u00e1bitos de carregamento saud\u00e1veis pode proteger os dados e prolongar a vida \u00fatil do dispositivo. Recomenda-se evitar carregar o celular at\u00e9 <strong>100%<\/strong> ou deixar a bateria zerar. Desconectar o celular da tomada quando a carga atingir entre <strong>80%<\/strong> e <strong>90%<\/strong> e remover a capa para evitar superaquecimento s\u00e3o pr\u00e1ticas recomendadas.<\/p>\n\n\n\n<p>Carregar o dispositivo em temperatura ambiente e usar carregadores de qualidade tamb\u00e9m s\u00e3o dicas importantes. Essas pr\u00e1ticas n\u00e3o apenas garantem a seguran\u00e7a dos dados, mas tamb\u00e9m ajudam a manter o bom funcionamento do aparelho por mais tempo.<\/p>\n\n\n\n<p>Em resumo, embora os terminais de recarga p\u00fablicos ofere\u00e7am conveni\u00eancia, os riscos associados ao seu uso s\u00e3o significativos. Proteger os dados pessoais e adotar h\u00e1bitos de carregamento seguros s\u00e3o essenciais para evitar problemas e garantir a seguran\u00e7a do dispositivo.<\/p>\n","protected":false},"excerpt":{"rendered":"<p>Conectar o celular em terminais de recarga p\u00fablicos, como aqueles encontrados em aeroportos e cafeterias, pode parecer uma solu\u00e7\u00e3o pr\u00e1tica para muitos. No entanto, essa pr\u00e1tica esconde perigos significativos que podem comprometer a seguran\u00e7a dos dados pessoais dos usu\u00e1rios. A empresa de seguran\u00e7a Kaspersky Lab alerta que, ao conectar dispositivos a esses pontos, ocorre um [&hellip;]<\/p>\n","protected":false},"author":9,"featured_media":36782,"comment_status":"open","ping_status":"open","sticky":false,"template":"","format":"standard","meta":{"jnews-multi-image_gallery":[],"jnews_single_post":{"format":"standard"},"jnews_primary_category":[],"jnews_social_meta":[],"jnews_override_counter":[],"footnotes":""},"categories":[1,4204],"tags":[7344,2580,1483,1586],"class_list":["post-36750","post","type-post","status-publish","format-standard","has-post-thumbnail","hentry","category-noticias","category-tecnologia","tag-carregadores-publicos","tag-celular","tag-dados-pessoais","tag-seguranca-digital"],"yoast_head":"<!-- This site is optimized with the Yoast SEO plugin v23.8 - https:\/\/yoast.com\/wordpress\/plugins\/seo\/ -->\n<title>Os perigos de carregar o celular em locais p\u00fablicos e como se proteger<\/title>\n<meta name=\"description\" content=\"Conectar o celular em terminais p\u00fablicos pode expor seus dados. Saiba como se proteger de hackers e riscos de seguran\u00e7a.\" \/>\n<meta name=\"robots\" content=\"index, follow, max-snippet:-1, max-image-preview:large, max-video-preview:-1\" \/>\n<link rel=\"canonical\" href=\"https:\/\/www.em.com.br\/emfoco\/2025\/04\/10\/os-perigos-de-carregar-o-celular-em-locais-publicos-e-como-se-proteger\/\" \/>\n<meta property=\"og:locale\" content=\"pt_BR\" \/>\n<meta property=\"og:type\" content=\"article\" \/>\n<meta property=\"og:title\" content=\"Os perigos de carregar o celular em locais p\u00fablicos e como se proteger\" \/>\n<meta property=\"og:description\" content=\"Conectar o celular em terminais p\u00fablicos pode expor seus dados. Saiba como se proteger de hackers e riscos de seguran\u00e7a.\" \/>\n<meta property=\"og:url\" content=\"https:\/\/www.em.com.br\/emfoco\/2025\/04\/10\/os-perigos-de-carregar-o-celular-em-locais-publicos-e-como-se-proteger\/\" \/>\n<meta property=\"og:site_name\" content=\"Estado de Minas - Em foco\" \/>\n<meta property=\"article:published_time\" content=\"2025-04-10T20:20:36+00:00\" \/>\n<meta property=\"article:modified_time\" content=\"2025-04-09T16:15:41+00:00\" \/>\n<meta property=\"og:image\" content=\"https:\/\/www.em.com.br\/emfoco\/wp-content\/uploads\/2025\/04\/celular-publico_1744215022937.jpg\" \/>\n\t<meta property=\"og:image:width\" content=\"1280\" \/>\n\t<meta property=\"og:image:height\" content=\"720\" \/>\n\t<meta property=\"og:image:type\" content=\"image\/jpeg\" \/>\n<meta name=\"author\" content=\"Daniely Cardoso\" \/>\n<meta name=\"twitter:card\" content=\"summary_large_image\" \/>\n<meta name=\"twitter:label1\" content=\"Escrito por\" \/>\n\t<meta name=\"twitter:data1\" content=\"Daniely Cardoso\" \/>\n\t<meta name=\"twitter:label2\" content=\"Est. tempo de leitura\" \/>\n\t<meta name=\"twitter:data2\" content=\"4 minutos\" \/>\n<!-- \/ Yoast SEO plugin. -->","yoast_head_json":{"title":"Os perigos de carregar o celular em locais p\u00fablicos e como se proteger","description":"Conectar o celular em terminais p\u00fablicos pode expor seus dados. Saiba como se proteger de hackers e riscos de seguran\u00e7a.","robots":{"index":"index","follow":"follow","max-snippet":"max-snippet:-1","max-image-preview":"max-image-preview:large","max-video-preview":"max-video-preview:-1"},"canonical":"https:\/\/www.em.com.br\/emfoco\/2025\/04\/10\/os-perigos-de-carregar-o-celular-em-locais-publicos-e-como-se-proteger\/","og_locale":"pt_BR","og_type":"article","og_title":"Os perigos de carregar o celular em locais p\u00fablicos e como se proteger","og_description":"Conectar o celular em terminais p\u00fablicos pode expor seus dados. Saiba como se proteger de hackers e riscos de seguran\u00e7a.","og_url":"https:\/\/www.em.com.br\/emfoco\/2025\/04\/10\/os-perigos-de-carregar-o-celular-em-locais-publicos-e-como-se-proteger\/","og_site_name":"Estado de Minas - Em foco","article_published_time":"2025-04-10T20:20:36+00:00","article_modified_time":"2025-04-09T16:15:41+00:00","og_image":[{"width":1280,"height":720,"url":"https:\/\/www.em.com.br\/emfoco\/wp-content\/uploads\/2025\/04\/celular-publico_1744215022937.jpg","type":"image\/jpeg"}],"author":"Daniely Cardoso","twitter_card":"summary_large_image","twitter_misc":{"Escrito por":"Daniely Cardoso","Est. tempo de leitura":"4 minutos"},"schema":{"@context":"https:\/\/schema.org","@graph":[{"@type":"WebPage","@id":"https:\/\/www.em.com.br\/emfoco\/2025\/04\/10\/os-perigos-de-carregar-o-celular-em-locais-publicos-e-como-se-proteger\/","url":"https:\/\/www.em.com.br\/emfoco\/2025\/04\/10\/os-perigos-de-carregar-o-celular-em-locais-publicos-e-como-se-proteger\/","name":"Os perigos de carregar o celular em locais p\u00fablicos e como se proteger","isPartOf":{"@id":"https:\/\/www.em.com.br\/emfoco\/#website"},"primaryImageOfPage":{"@id":"https:\/\/www.em.com.br\/emfoco\/2025\/04\/10\/os-perigos-de-carregar-o-celular-em-locais-publicos-e-como-se-proteger\/#primaryimage"},"image":{"@id":"https:\/\/www.em.com.br\/emfoco\/2025\/04\/10\/os-perigos-de-carregar-o-celular-em-locais-publicos-e-como-se-proteger\/#primaryimage"},"thumbnailUrl":"https:\/\/www.em.com.br\/emfoco\/wp-content\/uploads\/2025\/04\/celular-publico_1744215022937.jpg","datePublished":"2025-04-10T20:20:36+00:00","dateModified":"2025-04-09T16:15:41+00:00","author":{"@id":"https:\/\/www.em.com.br\/emfoco\/#\/schema\/person\/0a8186d72f2c3a5c6276d90b41f271a0"},"description":"Conectar o celular em terminais p\u00fablicos pode expor seus dados. Saiba como se proteger de hackers e riscos de seguran\u00e7a.","breadcrumb":{"@id":"https:\/\/www.em.com.br\/emfoco\/2025\/04\/10\/os-perigos-de-carregar-o-celular-em-locais-publicos-e-como-se-proteger\/#breadcrumb"},"inLanguage":"pt-BR","potentialAction":[{"@type":"ReadAction","target":["https:\/\/www.em.com.br\/emfoco\/2025\/04\/10\/os-perigos-de-carregar-o-celular-em-locais-publicos-e-como-se-proteger\/"]}]},{"@type":"ImageObject","inLanguage":"pt-BR","@id":"https:\/\/www.em.com.br\/emfoco\/2025\/04\/10\/os-perigos-de-carregar-o-celular-em-locais-publicos-e-como-se-proteger\/#primaryimage","url":"https:\/\/www.em.com.br\/emfoco\/wp-content\/uploads\/2025\/04\/celular-publico_1744215022937.jpg","contentUrl":"https:\/\/www.em.com.br\/emfoco\/wp-content\/uploads\/2025\/04\/celular-publico_1744215022937.jpg","width":1280,"height":720,"caption":"Carregamento de celular em local p\u00fablico - Cr\u00e9ditos: depositphotos.com \/ wittayayut"},{"@type":"BreadcrumbList","@id":"https:\/\/www.em.com.br\/emfoco\/2025\/04\/10\/os-perigos-de-carregar-o-celular-em-locais-publicos-e-como-se-proteger\/#breadcrumb","itemListElement":[{"@type":"ListItem","position":1,"name":"In\u00edcio","item":"https:\/\/www.em.com.br\/emfoco\/"},{"@type":"ListItem","position":2,"name":"Os perigos de carregar o celular em locais p\u00fablicos e como se proteger"}]},{"@type":"WebSite","@id":"https:\/\/www.em.com.br\/emfoco\/#website","url":"https:\/\/www.em.com.br\/emfoco\/","name":"Estado de Minas - Em foco","description":"Acompanhe as \u00faltimas not\u00edcias e fique bem informado sobre tudo o que acontece em Minas Gerais, Brasil e no mundo.","potentialAction":[{"@type":"SearchAction","target":{"@type":"EntryPoint","urlTemplate":"https:\/\/www.em.com.br\/emfoco\/?s={search_term_string}"},"query-input":{"@type":"PropertyValueSpecification","valueRequired":true,"valueName":"search_term_string"}}],"inLanguage":"pt-BR"},{"@type":"Person","@id":"https:\/\/www.em.com.br\/emfoco\/#\/schema\/person\/0a8186d72f2c3a5c6276d90b41f271a0","name":"Daniely Cardoso","image":{"@type":"ImageObject","inLanguage":"pt-BR","@id":"https:\/\/www.em.com.br\/emfoco\/#\/schema\/person\/image\/","url":"https:\/\/secure.gravatar.com\/avatar\/4b80ddbd124d1f071b626d52d62e5dff?s=96&d=mm&r=g","contentUrl":"https:\/\/secure.gravatar.com\/avatar\/4b80ddbd124d1f071b626d52d62e5dff?s=96&d=mm&r=g","caption":"Daniely Cardoso"},"url":"https:\/\/www.em.com.br\/emfoco\/author\/danielymyth\/"}]}},"_links":{"self":[{"href":"https:\/\/www.em.com.br\/emfoco\/wp-json\/wp\/v2\/posts\/36750","targetHints":{"allow":["GET"]}}],"collection":[{"href":"https:\/\/www.em.com.br\/emfoco\/wp-json\/wp\/v2\/posts"}],"about":[{"href":"https:\/\/www.em.com.br\/emfoco\/wp-json\/wp\/v2\/types\/post"}],"author":[{"embeddable":true,"href":"https:\/\/www.em.com.br\/emfoco\/wp-json\/wp\/v2\/users\/9"}],"replies":[{"embeddable":true,"href":"https:\/\/www.em.com.br\/emfoco\/wp-json\/wp\/v2\/comments?post=36750"}],"version-history":[{"count":2,"href":"https:\/\/www.em.com.br\/emfoco\/wp-json\/wp\/v2\/posts\/36750\/revisions"}],"predecessor-version":[{"id":36786,"href":"https:\/\/www.em.com.br\/emfoco\/wp-json\/wp\/v2\/posts\/36750\/revisions\/36786"}],"wp:featuredmedia":[{"embeddable":true,"href":"https:\/\/www.em.com.br\/emfoco\/wp-json\/wp\/v2\/media\/36782"}],"wp:attachment":[{"href":"https:\/\/www.em.com.br\/emfoco\/wp-json\/wp\/v2\/media?parent=36750"}],"wp:term":[{"taxonomy":"category","embeddable":true,"href":"https:\/\/www.em.com.br\/emfoco\/wp-json\/wp\/v2\/categories?post=36750"},{"taxonomy":"post_tag","embeddable":true,"href":"https:\/\/www.em.com.br\/emfoco\/wp-json\/wp\/v2\/tags?post=36750"}],"curies":[{"name":"wp","href":"https:\/\/api.w.org\/{rel}","templated":true}]}}