{"id":36676,"date":"2025-04-10T11:00:57","date_gmt":"2025-04-10T14:00:57","guid":{"rendered":"https:\/\/www.em.com.br\/emfoco\/?p=36676"},"modified":"2025-04-09T12:18:12","modified_gmt":"2025-04-09T15:18:12","slug":"apple-lanca-atualizacao-urgente-para-modelos-antigos","status":"publish","type":"post","link":"https:\/\/www.em.com.br\/emfoco\/2025\/04\/10\/apple-lanca-atualizacao-urgente-para-modelos-antigos\/","title":{"rendered":"Apple lan\u00e7a atualiza\u00e7\u00e3o urgente para modelos antigos"},"content":{"rendered":"\n<p>A <strong>Apple<\/strong> lan\u00e7ou <a href=\"https:\/\/support.apple.com\/pt-br\/122345\" target=\"_blank\" rel=\"noopener\">recentemente<\/a> uma atualiza\u00e7\u00e3o de seguran\u00e7a para <strong>iPhones<\/strong> e <strong>iPads<\/strong> mais antigos, que n\u00e3o recebem novas vers\u00f5es do sistema operacional h\u00e1 algum tempo. Esta atualiza\u00e7\u00e3o, denominada<strong> iOS 15.8.4 e iPadOS 15.8.4<\/strong>, visa corrigir duas vulnerabilidades cr\u00edticas de seguran\u00e7a. Entre os dispositivos compat\u00edveis est\u00e3o modelos como o <strong>iPhone 6s,<\/strong> lan\u00e7ado em <strong>2015,<\/strong> e o<strong> iPad Air 2, de 2014<\/strong>.<\/p>\n\n\n\n<p>Esses dispositivos, apesar de n\u00e3o serem mais contemplados com as vers\u00f5es mais recentes do <a href=\"https:\/\/www.em.com.br\/emfoco\/2025\/04\/01\/nova-atualizacao-do-iphone-traz-o-whatsapp-como-app-padrao-entenda\/\" target=\"_blank\" rel=\"noopener\"><strong>iOS,<\/strong><\/a> continuam a receber atualiza\u00e7\u00f5es de seguran\u00e7a espor\u00e1dicas. A \u00faltima atualiza\u00e7\u00e3o desse tipo havia sido disponibilizada em <strong>julho<\/strong> <strong>de<\/strong> <strong>2024.<\/strong> A Apple mant\u00e9m o compromisso de garantir a seguran\u00e7a dos usu\u00e1rios, mesmo em dispositivos mais antigos.<\/p>\n\n\n\n<h2 class=\"wp-block-heading\">Quais dispositivos s\u00e3o compat\u00edveis com a atualiza\u00e7\u00e3o?<\/h2>\n\n\n\n<p>A atualiza\u00e7\u00e3o iOS 15.8.4 e iPadOS 15.8.4 est\u00e1 dispon\u00edvel para uma gama espec\u00edfica de dispositivos que n\u00e3o receberam o iOS 16. Os modelos contemplados incluem:<\/p>\n\n\n\n<ul class=\"wp-block-list\">\n<li><strong>iPhone 6s<\/strong> (todos os modelos)<\/li>\n\n\n\n<li><strong>iPhone 7<\/strong> (todos os modelos)<\/li>\n\n\n\n<li><strong>iPhone SE<\/strong> (1\u00aa gera\u00e7\u00e3o)<\/li>\n\n\n\n<li><strong>iPad Air 2<\/strong><\/li>\n\n\n\n<li><strong>iPad Mini<\/strong> (4\u00aa gera\u00e7\u00e3o)<\/li>\n\n\n\n<li><strong>iPod Touch<\/strong> (7\u00aa gera\u00e7\u00e3o)<\/li>\n<\/ul>\n\n\n\n<p>Esses dispositivos foram lan\u00e7ados entre 2014 e 2019 e, embora n\u00e3o recebam as atualiza\u00e7\u00f5es mais recentes do sistema operacional, ainda s\u00e3o suportados em termos de seguran\u00e7a.<\/p>\n\n\n<div class=\"wp-block-image\">\n<figure class=\"aligncenter size-large\"><img loading=\"lazy\" decoding=\"async\" width=\"1024\" height=\"576\" src=\"https:\/\/www.em.com.br\/emfoco\/wp-content\/uploads\/2025\/02\/iphone-13_1739285245441-1024x576.jpg\" alt=\"Qual o melhor iPhone custo-benef\u00edcio de 2025? Descubra o modelo ideal\" class=\"wp-image-18594\" srcset=\"https:\/\/www.em.com.br\/emfoco\/wp-content\/uploads\/2025\/02\/iphone-13_1739285245441-1024x576.jpg 1024w, https:\/\/www.em.com.br\/emfoco\/wp-content\/uploads\/2025\/02\/iphone-13_1739285245441-300x169.jpg 300w, https:\/\/www.em.com.br\/emfoco\/wp-content\/uploads\/2025\/02\/iphone-13_1739285245441-768x432.jpg 768w, https:\/\/www.em.com.br\/emfoco\/wp-content\/uploads\/2025\/02\/iphone-13_1739285245441-750x422.jpg 750w, https:\/\/www.em.com.br\/emfoco\/wp-content\/uploads\/2025\/02\/iphone-13_1739285245441-1140x641.jpg 1140w, https:\/\/www.em.com.br\/emfoco\/wp-content\/uploads\/2025\/02\/iphone-13_1739285245441.jpg 1280w\" sizes=\"auto, (max-width: 1024px) 100vw, 1024px\" \/><figcaption class=\"wp-element-caption\">Iphone 13 &#8211; Cr\u00e9ditos: depositphotos.com \/ nycruss<\/figcaption><\/figure><\/div>\n\n\n<h2 class=\"wp-block-heading\">Quais falhas de seguran\u00e7a foram corrigidas?<\/h2>\n\n\n\n<p>A atualiza\u00e7\u00e3o aborda duas falhas de seguran\u00e7a significativas, identificadas pelos c\u00f3digos <strong>CVE-2025-24200<\/strong> e <strong>CVE-2025-24201.<\/strong> A primeira falha, <strong>CVE-2025-24200,<\/strong> foi revelada em <strong>fevereiro<\/strong> de <strong>2025<\/strong> e permitia que um agente malicioso desativasse o <strong>Modo Restrito da USB<\/strong> usando recursos de acessibilidade. Isso possibilitava o acesso ao armazenamento do dispositivo, mesmo quando bloqueado, sendo classificada como uma amea\u00e7a sofisticada.<\/p>\n\n\n\n<p>A segunda falha, <strong>CVE-2025-24201<\/strong>, est\u00e1 relacionada ao <strong>WebKit,<\/strong> a engine utilizada no <strong>Safari<\/strong> e outros navegadores do <strong>iOS\/iPadOS.<\/strong> Essa vulnerabilidade permitia que conte\u00fado web malicioso executasse a\u00e7\u00f5es no dispositivo sem a autoriza\u00e7\u00e3o do usu\u00e1rio. Em vers\u00f5es mais recentes do <strong>iOS,<\/strong> como o <strong>iOS 17<\/strong> e <strong>iOS 18,<\/strong> essas falhas j\u00e1 haviam sido corrigidas.<\/p>\n\n\n\n<h2 class=\"wp-block-heading\">Como atualizar seu iPhone ou iPad?<\/h2>\n\n\n\n<p>Para garantir que seu dispositivo esteja protegido, \u00e9 importante realizar a atualiza\u00e7\u00e3o para a vers\u00e3o mais recente do sistema. Normalmente, os <strong>iPhones<\/strong> e <strong>iPads<\/strong> est\u00e3o configurados para atualizar automaticamente. No entanto, se isso n\u00e3o ocorrer, \u00e9 poss\u00edvel realizar a atualiza\u00e7\u00e3o manualmente seguindo os passos abaixo:<\/p>\n\n\n\n<ol class=\"wp-block-list\">\n<li>Acesse os <strong>Ajustes<\/strong> do dispositivo.<\/li>\n\n\n\n<li>Selecione a op\u00e7\u00e3o <strong>Geral<\/strong>.<\/li>\n\n\n\n<li>Toque em <strong>Atualiza\u00e7\u00e3o de Software<\/strong>.<\/li>\n\n\n\n<li>A vers\u00e3o mais recente deve aparecer na tela; selecione <strong>Atualizar Agora<\/strong>.<\/li>\n<\/ol>\n\n\n\n<p>Com essa atualiza\u00e7\u00e3o, a Apple refor\u00e7a seu compromisso com a seguran\u00e7a dos usu\u00e1rios, garantindo que mesmo dispositivos mais antigos continuem protegidos contra amea\u00e7as emergentes.<\/p>\n","protected":false},"excerpt":{"rendered":"<p>A Apple lan\u00e7ou recentemente uma atualiza\u00e7\u00e3o de seguran\u00e7a para iPhones e iPads mais antigos, que n\u00e3o recebem novas vers\u00f5es do sistema operacional h\u00e1 algum tempo. Esta atualiza\u00e7\u00e3o, denominada iOS 15.8.4 e iPadOS 15.8.4, visa corrigir duas vulnerabilidades cr\u00edticas de seguran\u00e7a. Entre os dispositivos compat\u00edveis est\u00e3o modelos como o iPhone 6s, lan\u00e7ado em 2015, e o [&hellip;]<\/p>\n","protected":false},"author":9,"featured_media":16613,"comment_status":"open","ping_status":"open","sticky":false,"template":"","format":"standard","meta":{"jnews-multi-image_gallery":[],"jnews_single_post":{"format":"standard"},"jnews_primary_category":[],"jnews_social_meta":[],"jnews_override_counter":[],"footnotes":""},"categories":[1,4204],"tags":[3662,3857,4032,3608],"class_list":["post-36676","post","type-post","status-publish","format-standard","has-post-thumbnail","hentry","category-noticias","category-tecnologia","tag-apple","tag-ios","tag-ipad","tag-iphone"],"yoast_head":"<!-- This site is optimized with the Yoast SEO plugin v23.8 - https:\/\/yoast.com\/wordpress\/plugins\/seo\/ -->\n<title>Apple lan\u00e7a atualiza\u00e7\u00e3o urgente para modelos antigos<\/title>\n<meta name=\"description\" content=\"Apple lan\u00e7a iOS 15.8.4 para iPhones antigos com corre\u00e7\u00f5es cr\u00edticas; veja dispositivos compat\u00edveis e como atualizar.\" \/>\n<meta name=\"robots\" content=\"index, follow, max-snippet:-1, max-image-preview:large, max-video-preview:-1\" \/>\n<link rel=\"canonical\" href=\"https:\/\/www.em.com.br\/emfoco\/2025\/04\/10\/apple-lanca-atualizacao-urgente-para-modelos-antigos\/\" \/>\n<meta property=\"og:locale\" content=\"pt_BR\" \/>\n<meta property=\"og:type\" content=\"article\" \/>\n<meta property=\"og:title\" content=\"Apple lan\u00e7a atualiza\u00e7\u00e3o urgente para modelos antigos\" \/>\n<meta property=\"og:description\" content=\"Apple lan\u00e7a iOS 15.8.4 para iPhones antigos com corre\u00e7\u00f5es cr\u00edticas; veja dispositivos compat\u00edveis e como atualizar.\" \/>\n<meta property=\"og:url\" content=\"https:\/\/www.em.com.br\/emfoco\/2025\/04\/10\/apple-lanca-atualizacao-urgente-para-modelos-antigos\/\" \/>\n<meta property=\"og:site_name\" content=\"Estado de Minas - Em foco\" \/>\n<meta property=\"article:published_time\" content=\"2025-04-10T14:00:57+00:00\" \/>\n<meta property=\"article:modified_time\" content=\"2025-04-09T15:18:12+00:00\" \/>\n<meta property=\"og:image\" content=\"https:\/\/www.em.com.br\/emfoco\/wp-content\/uploads\/2025\/02\/iphone-16_1738687400627.jpg\" \/>\n\t<meta property=\"og:image:width\" content=\"1280\" \/>\n\t<meta property=\"og:image:height\" content=\"720\" \/>\n\t<meta property=\"og:image:type\" content=\"image\/jpeg\" \/>\n<meta name=\"author\" content=\"Daniely Cardoso\" \/>\n<meta name=\"twitter:card\" content=\"summary_large_image\" \/>\n<meta name=\"twitter:label1\" content=\"Escrito por\" \/>\n\t<meta name=\"twitter:data1\" content=\"Daniely Cardoso\" \/>\n\t<meta name=\"twitter:label2\" content=\"Est. tempo de leitura\" \/>\n\t<meta name=\"twitter:data2\" content=\"3 minutos\" \/>\n<!-- \/ Yoast SEO plugin. -->","yoast_head_json":{"title":"Apple lan\u00e7a atualiza\u00e7\u00e3o urgente para modelos antigos","description":"Apple lan\u00e7a iOS 15.8.4 para iPhones antigos com corre\u00e7\u00f5es cr\u00edticas; veja dispositivos compat\u00edveis e como atualizar.","robots":{"index":"index","follow":"follow","max-snippet":"max-snippet:-1","max-image-preview":"max-image-preview:large","max-video-preview":"max-video-preview:-1"},"canonical":"https:\/\/www.em.com.br\/emfoco\/2025\/04\/10\/apple-lanca-atualizacao-urgente-para-modelos-antigos\/","og_locale":"pt_BR","og_type":"article","og_title":"Apple lan\u00e7a atualiza\u00e7\u00e3o urgente para modelos antigos","og_description":"Apple lan\u00e7a iOS 15.8.4 para iPhones antigos com corre\u00e7\u00f5es cr\u00edticas; veja dispositivos compat\u00edveis e como atualizar.","og_url":"https:\/\/www.em.com.br\/emfoco\/2025\/04\/10\/apple-lanca-atualizacao-urgente-para-modelos-antigos\/","og_site_name":"Estado de Minas - Em foco","article_published_time":"2025-04-10T14:00:57+00:00","article_modified_time":"2025-04-09T15:18:12+00:00","og_image":[{"width":1280,"height":720,"url":"https:\/\/www.em.com.br\/emfoco\/wp-content\/uploads\/2025\/02\/iphone-16_1738687400627.jpg","type":"image\/jpeg"}],"author":"Daniely Cardoso","twitter_card":"summary_large_image","twitter_misc":{"Escrito por":"Daniely Cardoso","Est. tempo de leitura":"3 minutos"},"schema":{"@context":"https:\/\/schema.org","@graph":[{"@type":"WebPage","@id":"https:\/\/www.em.com.br\/emfoco\/2025\/04\/10\/apple-lanca-atualizacao-urgente-para-modelos-antigos\/","url":"https:\/\/www.em.com.br\/emfoco\/2025\/04\/10\/apple-lanca-atualizacao-urgente-para-modelos-antigos\/","name":"Apple lan\u00e7a atualiza\u00e7\u00e3o urgente para modelos antigos","isPartOf":{"@id":"https:\/\/www.em.com.br\/emfoco\/#website"},"primaryImageOfPage":{"@id":"https:\/\/www.em.com.br\/emfoco\/2025\/04\/10\/apple-lanca-atualizacao-urgente-para-modelos-antigos\/#primaryimage"},"image":{"@id":"https:\/\/www.em.com.br\/emfoco\/2025\/04\/10\/apple-lanca-atualizacao-urgente-para-modelos-antigos\/#primaryimage"},"thumbnailUrl":"https:\/\/www.em.com.br\/emfoco\/wp-content\/uploads\/2025\/02\/iphone-16_1738687400627.jpg","datePublished":"2025-04-10T14:00:57+00:00","dateModified":"2025-04-09T15:18:12+00:00","author":{"@id":"https:\/\/www.em.com.br\/emfoco\/#\/schema\/person\/0a8186d72f2c3a5c6276d90b41f271a0"},"description":"Apple lan\u00e7a iOS 15.8.4 para iPhones antigos com corre\u00e7\u00f5es cr\u00edticas; veja dispositivos compat\u00edveis e como atualizar.","breadcrumb":{"@id":"https:\/\/www.em.com.br\/emfoco\/2025\/04\/10\/apple-lanca-atualizacao-urgente-para-modelos-antigos\/#breadcrumb"},"inLanguage":"pt-BR","potentialAction":[{"@type":"ReadAction","target":["https:\/\/www.em.com.br\/emfoco\/2025\/04\/10\/apple-lanca-atualizacao-urgente-para-modelos-antigos\/"]}]},{"@type":"ImageObject","inLanguage":"pt-BR","@id":"https:\/\/www.em.com.br\/emfoco\/2025\/04\/10\/apple-lanca-atualizacao-urgente-para-modelos-antigos\/#primaryimage","url":"https:\/\/www.em.com.br\/emfoco\/wp-content\/uploads\/2025\/02\/iphone-16_1738687400627.jpg","contentUrl":"https:\/\/www.em.com.br\/emfoco\/wp-content\/uploads\/2025\/02\/iphone-16_1738687400627.jpg","width":1280,"height":720,"caption":"Imagem ilustrativa do iPhone - Cr\u00e9ditos: depositphotos.com \/ Mojahid_Mottakin"},{"@type":"BreadcrumbList","@id":"https:\/\/www.em.com.br\/emfoco\/2025\/04\/10\/apple-lanca-atualizacao-urgente-para-modelos-antigos\/#breadcrumb","itemListElement":[{"@type":"ListItem","position":1,"name":"In\u00edcio","item":"https:\/\/www.em.com.br\/emfoco\/"},{"@type":"ListItem","position":2,"name":"Apple lan\u00e7a atualiza\u00e7\u00e3o urgente para modelos antigos"}]},{"@type":"WebSite","@id":"https:\/\/www.em.com.br\/emfoco\/#website","url":"https:\/\/www.em.com.br\/emfoco\/","name":"Estado de Minas - Em foco","description":"Acompanhe as \u00faltimas not\u00edcias e fique bem informado sobre tudo o que acontece em Minas Gerais, Brasil e no mundo.","potentialAction":[{"@type":"SearchAction","target":{"@type":"EntryPoint","urlTemplate":"https:\/\/www.em.com.br\/emfoco\/?s={search_term_string}"},"query-input":{"@type":"PropertyValueSpecification","valueRequired":true,"valueName":"search_term_string"}}],"inLanguage":"pt-BR"},{"@type":"Person","@id":"https:\/\/www.em.com.br\/emfoco\/#\/schema\/person\/0a8186d72f2c3a5c6276d90b41f271a0","name":"Daniely Cardoso","image":{"@type":"ImageObject","inLanguage":"pt-BR","@id":"https:\/\/www.em.com.br\/emfoco\/#\/schema\/person\/image\/","url":"https:\/\/secure.gravatar.com\/avatar\/4b80ddbd124d1f071b626d52d62e5dff?s=96&d=mm&r=g","contentUrl":"https:\/\/secure.gravatar.com\/avatar\/4b80ddbd124d1f071b626d52d62e5dff?s=96&d=mm&r=g","caption":"Daniely Cardoso"},"url":"https:\/\/www.em.com.br\/emfoco\/author\/danielymyth\/"}]}},"_links":{"self":[{"href":"https:\/\/www.em.com.br\/emfoco\/wp-json\/wp\/v2\/posts\/36676","targetHints":{"allow":["GET"]}}],"collection":[{"href":"https:\/\/www.em.com.br\/emfoco\/wp-json\/wp\/v2\/posts"}],"about":[{"href":"https:\/\/www.em.com.br\/emfoco\/wp-json\/wp\/v2\/types\/post"}],"author":[{"embeddable":true,"href":"https:\/\/www.em.com.br\/emfoco\/wp-json\/wp\/v2\/users\/9"}],"replies":[{"embeddable":true,"href":"https:\/\/www.em.com.br\/emfoco\/wp-json\/wp\/v2\/comments?post=36676"}],"version-history":[{"count":2,"href":"https:\/\/www.em.com.br\/emfoco\/wp-json\/wp\/v2\/posts\/36676\/revisions"}],"predecessor-version":[{"id":36725,"href":"https:\/\/www.em.com.br\/emfoco\/wp-json\/wp\/v2\/posts\/36676\/revisions\/36725"}],"wp:featuredmedia":[{"embeddable":true,"href":"https:\/\/www.em.com.br\/emfoco\/wp-json\/wp\/v2\/media\/16613"}],"wp:attachment":[{"href":"https:\/\/www.em.com.br\/emfoco\/wp-json\/wp\/v2\/media?parent=36676"}],"wp:term":[{"taxonomy":"category","embeddable":true,"href":"https:\/\/www.em.com.br\/emfoco\/wp-json\/wp\/v2\/categories?post=36676"},{"taxonomy":"post_tag","embeddable":true,"href":"https:\/\/www.em.com.br\/emfoco\/wp-json\/wp\/v2\/tags?post=36676"}],"curies":[{"name":"wp","href":"https:\/\/api.w.org\/{rel}","templated":true}]}}