{"id":36671,"date":"2025-04-10T09:00:18","date_gmt":"2025-04-10T12:00:18","guid":{"rendered":"https:\/\/www.em.com.br\/emfoco\/?p=36671"},"modified":"2025-04-09T12:06:15","modified_gmt":"2025-04-09T15:06:15","slug":"microsoft-anuncia-bloqueio-de-aplicativo-em-versoes-desatualizadas","status":"publish","type":"post","link":"https:\/\/www.em.com.br\/emfoco\/2025\/04\/10\/microsoft-anuncia-bloqueio-de-aplicativo-em-versoes-desatualizadas\/","title":{"rendered":"Microsoft anuncia bloqueio de aplicativo em vers\u00f5es desatualizadas"},"content":{"rendered":"\n<p>A <strong>Microsoft<\/strong> <a href=\"https:\/\/www.neowin.net\/news\/microsoft-shares-details-on-teams-block-if-app-is-not-updated-after-90-days\/\" target=\"_blank\" rel=\"noopener\">anunciou<\/a> que bloquear\u00e1 o uso do<strong> Microsoft Teams<\/strong> em vers\u00f5es que n\u00e3o forem atualizadas por mais de <strong>90 dias.<\/strong> Esta medida visa aumentar a seguran\u00e7a dos usu\u00e1rios e ser\u00e1 implementada em diferentes datas para sistemas <strong>Windows, Mac<\/strong> e ambientes de desktops virtualizados (VDI).<\/p>\n\n\n\n<p>Por padr\u00e3o, o <strong>Microsoft Teams<\/strong> \u00e9 configurado para atualizar automaticamente. No entanto, problemas podem ocorrer, especialmente em redes corporativas onde pol\u00edticas de seguran\u00e7a podem impedir atualiza\u00e7\u00f5es autom\u00e1ticas. A partir de <strong>abril de 2025,<\/strong> a <a href=\"https:\/\/www.em.com.br\/emfoco\/2025\/04\/06\/em-ano-de-comemoracao-microsoft-traz-novidades-importantes-para-o-copilot\/\" target=\"_blank\" rel=\"noopener\">Microsoft<\/a> come\u00e7ar\u00e1 a bloquear vers\u00f5es desatualizadas do <strong>Teams,<\/strong> exigindo que os usu\u00e1rios mantenham o aplicativo atualizado para continuar usando-o.<\/p>\n\n\n\n<h2 class=\"wp-block-heading\">Como funcionar\u00e1 o bloqueio do Microsoft Teams?<\/h2>\n\n\n\n<p>O bloqueio do Microsoft Teams desatualizado ser\u00e1 implementado em etapas, come\u00e7ando em <strong>11 de abril de 2025<\/strong> para usu\u00e1rios de <strong>Windows.<\/strong> Para usu\u00e1rios em ambientes VDI, o bloqueio come\u00e7ar\u00e1 em <strong>6 de maio de<\/strong> <strong>2025,<\/strong> e para usu\u00e1rios de <strong>Mac,<\/strong> em <strong>15 de maio de 2025<\/strong>. Antes do bloqueio, os usu\u00e1rios receber\u00e3o alertas de que a atualiza\u00e7\u00e3o \u00e9 necess\u00e1ria.<\/p>\n\n\n\n<p>Os alertas aparecer\u00e3o entre 30 e 90 dias antes do bloqueio para usu\u00e1rios comuns, e entre <strong>60 e 90 dias para ambientes VDI<\/strong>. Caso o aplicativo n\u00e3o seja atualizado dentro desse per\u00edodo, o usu\u00e1rio ver\u00e1 uma tela de bloqueio ao tentar acessar o Teams, com op\u00e7\u00f5es para atualizar o aplicativo ou contatar o administrador de TI.<\/p>\n\n\n<div class=\"wp-block-image\">\n<figure class=\"aligncenter size-large\"><img loading=\"lazy\" decoding=\"async\" width=\"1024\" height=\"576\" src=\"https:\/\/www.em.com.br\/emfoco\/wp-content\/uploads\/2025\/01\/microsoft_1737515180202-1024x576.jpg\" alt=\"\" class=\"wp-image-12523\" srcset=\"https:\/\/www.em.com.br\/emfoco\/wp-content\/uploads\/2025\/01\/microsoft_1737515180202-1024x576.jpg 1024w, https:\/\/www.em.com.br\/emfoco\/wp-content\/uploads\/2025\/01\/microsoft_1737515180202-300x169.jpg 300w, https:\/\/www.em.com.br\/emfoco\/wp-content\/uploads\/2025\/01\/microsoft_1737515180202-768x432.jpg 768w, https:\/\/www.em.com.br\/emfoco\/wp-content\/uploads\/2025\/01\/microsoft_1737515180202-750x422.jpg 750w, https:\/\/www.em.com.br\/emfoco\/wp-content\/uploads\/2025\/01\/microsoft_1737515180202-1140x641.jpg 1140w, https:\/\/www.em.com.br\/emfoco\/wp-content\/uploads\/2025\/01\/microsoft_1737515180202.jpg 1280w\" sizes=\"auto, (max-width: 1024px) 100vw, 1024px\" \/><figcaption class=\"wp-element-caption\">Imagem ilustrativa do pr\u00e9dio da Microsoft &#8211; Cr\u00e9ditos: depositphotos.com \/ 1000Words<\/figcaption><\/figure><\/div>\n\n\n<h2 class=\"wp-block-heading\">Quais s\u00e3o as alternativas para usu\u00e1rios do Microsoft Teams?<\/h2>\n\n\n\n<p>Para aqueles que n\u00e3o conseguirem atualizar o aplicativo, a Microsoft recomenda o uso da vers\u00e3o web do Microsoft Teams. Esta vers\u00e3o n\u00e3o requer instala\u00e7\u00e3o e \u00e9 atualizada automaticamente, eliminando a preocupa\u00e7\u00e3o com atualiza\u00e7\u00f5es manuais. A vers\u00e3o web pode ser acessada diretamente atrav\u00e9s de navegadores, oferecendo uma solu\u00e7\u00e3o pr\u00e1tica e imediata.<\/p>\n\n\n\n<p>Para verificar se o <strong>Microsoft Teams<\/strong> est\u00e1 atualizado, os usu\u00e1rios devem acessar a op\u00e7\u00e3o <strong>&#8220;Sobre o Microsoft Teams&#8221;<\/strong> no aplicativo. Esta se\u00e7\u00e3o informar\u00e1 a vers\u00e3o atual e se h\u00e1 atualiza\u00e7\u00f5es dispon\u00edveis. Manter o aplicativo atualizado \u00e9 crucial para garantir a seguran\u00e7a e o funcionamento adequado da ferramenta.<\/p>\n\n\n\n<h2 class=\"wp-block-heading\">Por que a Microsoft est\u00e1 implementando este bloqueio?<\/h2>\n\n\n\n<p>A decis\u00e3o da Microsoft de bloquear vers\u00f5es desatualizadas do Teams est\u00e1 alinhada com suas preocupa\u00e7\u00f5es de seguran\u00e7a. Aplicativos desatualizados podem ser vulner\u00e1veis a amea\u00e7as de seguran\u00e7a, colocando em risco dados sens\u00edveis dos usu\u00e1rios. Ao garantir que todos os usu\u00e1rios estejam em vers\u00f5es atualizadas, a Microsoft busca minimizar esses riscos.<\/p>\n\n\n\n<p>Al\u00e9m disso, manter o aplicativo atualizado garante que os usu\u00e1rios tenham acesso \u00e0s \u00faltimas funcionalidades e melhorias de desempenho, proporcionando uma experi\u00eancia de uso mais eficiente e segura.<\/p>\n\n\n\n<p>Com essas medidas, a Microsoft refor\u00e7a seu compromisso com a seguran\u00e7a e a efici\u00eancia de suas ferramentas, incentivando os usu\u00e1rios a adotarem pr\u00e1ticas de atualiza\u00e7\u00e3o regular para evitar interrup\u00e7\u00f5es no uso do Microsoft Teams.<\/p>\n","protected":false},"excerpt":{"rendered":"<p>A Microsoft anunciou que bloquear\u00e1 o uso do Microsoft Teams em vers\u00f5es que n\u00e3o forem atualizadas por mais de 90 dias. Esta medida visa aumentar a seguran\u00e7a dos usu\u00e1rios e ser\u00e1 implementada em diferentes datas para sistemas Windows, Mac e ambientes de desktops virtualizados (VDI). Por padr\u00e3o, o Microsoft Teams \u00e9 configurado para atualizar automaticamente. [&hellip;]<\/p>\n","protected":false},"author":9,"featured_media":12523,"comment_status":"open","ping_status":"open","sticky":false,"template":"","format":"standard","meta":{"jnews-multi-image_gallery":[],"jnews_single_post":{"format":"standard"},"jnews_primary_category":[],"jnews_social_meta":[],"jnews_override_counter":[],"footnotes":""},"categories":[1,4204],"tags":[1413,7340,182,3703],"class_list":["post-36671","post","type-post","status-publish","format-standard","has-post-thumbnail","hentry","category-noticias","category-tecnologia","tag-atualizacoes","tag-microsoft-teams","tag-seguranca","tag-software"],"yoast_head":"<!-- This site is optimized with the Yoast SEO plugin v23.8 - https:\/\/yoast.com\/wordpress\/plugins\/seo\/ -->\n<title>Microsoft anuncia bloqueio de aplicativo em vers\u00f5es desatualizadas<\/title>\n<meta name=\"description\" content=\"Microsoft bloquear\u00e1 uso do Teams sem atualiza\u00e7\u00e3o h\u00e1 90 dias. Veja prazos, como evitar o bloqueio e usar a vers\u00e3o web.\" \/>\n<meta name=\"robots\" content=\"index, follow, max-snippet:-1, max-image-preview:large, max-video-preview:-1\" \/>\n<link rel=\"canonical\" href=\"https:\/\/www.em.com.br\/emfoco\/2025\/04\/10\/microsoft-anuncia-bloqueio-de-aplicativo-em-versoes-desatualizadas\/\" \/>\n<meta property=\"og:locale\" content=\"pt_BR\" \/>\n<meta property=\"og:type\" content=\"article\" \/>\n<meta property=\"og:title\" content=\"Microsoft anuncia bloqueio de aplicativo em vers\u00f5es desatualizadas\" \/>\n<meta property=\"og:description\" content=\"Microsoft bloquear\u00e1 uso do Teams sem atualiza\u00e7\u00e3o h\u00e1 90 dias. Veja prazos, como evitar o bloqueio e usar a vers\u00e3o web.\" \/>\n<meta property=\"og:url\" content=\"https:\/\/www.em.com.br\/emfoco\/2025\/04\/10\/microsoft-anuncia-bloqueio-de-aplicativo-em-versoes-desatualizadas\/\" \/>\n<meta property=\"og:site_name\" content=\"Estado de Minas - Em foco\" \/>\n<meta property=\"article:published_time\" content=\"2025-04-10T12:00:18+00:00\" \/>\n<meta property=\"article:modified_time\" content=\"2025-04-09T15:06:15+00:00\" \/>\n<meta property=\"og:image\" content=\"https:\/\/www.em.com.br\/emfoco\/wp-content\/uploads\/2025\/01\/microsoft_1737515180202.jpg\" \/>\n\t<meta property=\"og:image:width\" content=\"1280\" \/>\n\t<meta property=\"og:image:height\" content=\"720\" \/>\n\t<meta property=\"og:image:type\" content=\"image\/jpeg\" \/>\n<meta name=\"author\" content=\"Daniely Cardoso\" \/>\n<meta name=\"twitter:card\" content=\"summary_large_image\" \/>\n<meta name=\"twitter:label1\" content=\"Escrito por\" \/>\n\t<meta name=\"twitter:data1\" content=\"Daniely Cardoso\" \/>\n\t<meta name=\"twitter:label2\" content=\"Est. tempo de leitura\" \/>\n\t<meta name=\"twitter:data2\" content=\"3 minutos\" \/>\n<!-- \/ Yoast SEO plugin. -->","yoast_head_json":{"title":"Microsoft anuncia bloqueio de aplicativo em vers\u00f5es desatualizadas","description":"Microsoft bloquear\u00e1 uso do Teams sem atualiza\u00e7\u00e3o h\u00e1 90 dias. Veja prazos, como evitar o bloqueio e usar a vers\u00e3o web.","robots":{"index":"index","follow":"follow","max-snippet":"max-snippet:-1","max-image-preview":"max-image-preview:large","max-video-preview":"max-video-preview:-1"},"canonical":"https:\/\/www.em.com.br\/emfoco\/2025\/04\/10\/microsoft-anuncia-bloqueio-de-aplicativo-em-versoes-desatualizadas\/","og_locale":"pt_BR","og_type":"article","og_title":"Microsoft anuncia bloqueio de aplicativo em vers\u00f5es desatualizadas","og_description":"Microsoft bloquear\u00e1 uso do Teams sem atualiza\u00e7\u00e3o h\u00e1 90 dias. Veja prazos, como evitar o bloqueio e usar a vers\u00e3o web.","og_url":"https:\/\/www.em.com.br\/emfoco\/2025\/04\/10\/microsoft-anuncia-bloqueio-de-aplicativo-em-versoes-desatualizadas\/","og_site_name":"Estado de Minas - Em foco","article_published_time":"2025-04-10T12:00:18+00:00","article_modified_time":"2025-04-09T15:06:15+00:00","og_image":[{"width":1280,"height":720,"url":"https:\/\/www.em.com.br\/emfoco\/wp-content\/uploads\/2025\/01\/microsoft_1737515180202.jpg","type":"image\/jpeg"}],"author":"Daniely Cardoso","twitter_card":"summary_large_image","twitter_misc":{"Escrito por":"Daniely Cardoso","Est. tempo de leitura":"3 minutos"},"schema":{"@context":"https:\/\/schema.org","@graph":[{"@type":"WebPage","@id":"https:\/\/www.em.com.br\/emfoco\/2025\/04\/10\/microsoft-anuncia-bloqueio-de-aplicativo-em-versoes-desatualizadas\/","url":"https:\/\/www.em.com.br\/emfoco\/2025\/04\/10\/microsoft-anuncia-bloqueio-de-aplicativo-em-versoes-desatualizadas\/","name":"Microsoft anuncia bloqueio de aplicativo em vers\u00f5es desatualizadas","isPartOf":{"@id":"https:\/\/www.em.com.br\/emfoco\/#website"},"primaryImageOfPage":{"@id":"https:\/\/www.em.com.br\/emfoco\/2025\/04\/10\/microsoft-anuncia-bloqueio-de-aplicativo-em-versoes-desatualizadas\/#primaryimage"},"image":{"@id":"https:\/\/www.em.com.br\/emfoco\/2025\/04\/10\/microsoft-anuncia-bloqueio-de-aplicativo-em-versoes-desatualizadas\/#primaryimage"},"thumbnailUrl":"https:\/\/www.em.com.br\/emfoco\/wp-content\/uploads\/2025\/01\/microsoft_1737515180202.jpg","datePublished":"2025-04-10T12:00:18+00:00","dateModified":"2025-04-09T15:06:15+00:00","author":{"@id":"https:\/\/www.em.com.br\/emfoco\/#\/schema\/person\/0a8186d72f2c3a5c6276d90b41f271a0"},"description":"Microsoft bloquear\u00e1 uso do Teams sem atualiza\u00e7\u00e3o h\u00e1 90 dias. Veja prazos, como evitar o bloqueio e usar a vers\u00e3o web.","breadcrumb":{"@id":"https:\/\/www.em.com.br\/emfoco\/2025\/04\/10\/microsoft-anuncia-bloqueio-de-aplicativo-em-versoes-desatualizadas\/#breadcrumb"},"inLanguage":"pt-BR","potentialAction":[{"@type":"ReadAction","target":["https:\/\/www.em.com.br\/emfoco\/2025\/04\/10\/microsoft-anuncia-bloqueio-de-aplicativo-em-versoes-desatualizadas\/"]}]},{"@type":"ImageObject","inLanguage":"pt-BR","@id":"https:\/\/www.em.com.br\/emfoco\/2025\/04\/10\/microsoft-anuncia-bloqueio-de-aplicativo-em-versoes-desatualizadas\/#primaryimage","url":"https:\/\/www.em.com.br\/emfoco\/wp-content\/uploads\/2025\/01\/microsoft_1737515180202.jpg","contentUrl":"https:\/\/www.em.com.br\/emfoco\/wp-content\/uploads\/2025\/01\/microsoft_1737515180202.jpg","width":1280,"height":720,"caption":"Imagem ilustrativa do pr\u00e9dio da Microsoft - Cr\u00e9ditos: depositphotos.com \/ 1000Words"},{"@type":"BreadcrumbList","@id":"https:\/\/www.em.com.br\/emfoco\/2025\/04\/10\/microsoft-anuncia-bloqueio-de-aplicativo-em-versoes-desatualizadas\/#breadcrumb","itemListElement":[{"@type":"ListItem","position":1,"name":"In\u00edcio","item":"https:\/\/www.em.com.br\/emfoco\/"},{"@type":"ListItem","position":2,"name":"Microsoft anuncia bloqueio de aplicativo em vers\u00f5es desatualizadas"}]},{"@type":"WebSite","@id":"https:\/\/www.em.com.br\/emfoco\/#website","url":"https:\/\/www.em.com.br\/emfoco\/","name":"Estado de Minas - Em foco","description":"Acompanhe as \u00faltimas not\u00edcias e fique bem informado sobre tudo o que acontece em Minas Gerais, Brasil e no mundo.","potentialAction":[{"@type":"SearchAction","target":{"@type":"EntryPoint","urlTemplate":"https:\/\/www.em.com.br\/emfoco\/?s={search_term_string}"},"query-input":{"@type":"PropertyValueSpecification","valueRequired":true,"valueName":"search_term_string"}}],"inLanguage":"pt-BR"},{"@type":"Person","@id":"https:\/\/www.em.com.br\/emfoco\/#\/schema\/person\/0a8186d72f2c3a5c6276d90b41f271a0","name":"Daniely Cardoso","image":{"@type":"ImageObject","inLanguage":"pt-BR","@id":"https:\/\/www.em.com.br\/emfoco\/#\/schema\/person\/image\/","url":"https:\/\/secure.gravatar.com\/avatar\/4b80ddbd124d1f071b626d52d62e5dff?s=96&d=mm&r=g","contentUrl":"https:\/\/secure.gravatar.com\/avatar\/4b80ddbd124d1f071b626d52d62e5dff?s=96&d=mm&r=g","caption":"Daniely Cardoso"},"url":"https:\/\/www.em.com.br\/emfoco\/author\/danielymyth\/"}]}},"_links":{"self":[{"href":"https:\/\/www.em.com.br\/emfoco\/wp-json\/wp\/v2\/posts\/36671","targetHints":{"allow":["GET"]}}],"collection":[{"href":"https:\/\/www.em.com.br\/emfoco\/wp-json\/wp\/v2\/posts"}],"about":[{"href":"https:\/\/www.em.com.br\/emfoco\/wp-json\/wp\/v2\/types\/post"}],"author":[{"embeddable":true,"href":"https:\/\/www.em.com.br\/emfoco\/wp-json\/wp\/v2\/users\/9"}],"replies":[{"embeddable":true,"href":"https:\/\/www.em.com.br\/emfoco\/wp-json\/wp\/v2\/comments?post=36671"}],"version-history":[{"count":3,"href":"https:\/\/www.em.com.br\/emfoco\/wp-json\/wp\/v2\/posts\/36671\/revisions"}],"predecessor-version":[{"id":36709,"href":"https:\/\/www.em.com.br\/emfoco\/wp-json\/wp\/v2\/posts\/36671\/revisions\/36709"}],"wp:featuredmedia":[{"embeddable":true,"href":"https:\/\/www.em.com.br\/emfoco\/wp-json\/wp\/v2\/media\/12523"}],"wp:attachment":[{"href":"https:\/\/www.em.com.br\/emfoco\/wp-json\/wp\/v2\/media?parent=36671"}],"wp:term":[{"taxonomy":"category","embeddable":true,"href":"https:\/\/www.em.com.br\/emfoco\/wp-json\/wp\/v2\/categories?post=36671"},{"taxonomy":"post_tag","embeddable":true,"href":"https:\/\/www.em.com.br\/emfoco\/wp-json\/wp\/v2\/tags?post=36671"}],"curies":[{"name":"wp","href":"https:\/\/api.w.org\/{rel}","templated":true}]}}