{"id":36625,"date":"2025-04-09T16:15:15","date_gmt":"2025-04-09T19:15:15","guid":{"rendered":"https:\/\/www.em.com.br\/emfoco\/?p=36625"},"modified":"2025-04-09T16:15:16","modified_gmt":"2025-04-09T19:15:16","slug":"comunicado-para-aqueles-que-informam-o-cpf-ao-fazer-compras-em-mercados","status":"publish","type":"post","link":"https:\/\/www.em.com.br\/emfoco\/2025\/04\/09\/comunicado-para-aqueles-que-informam-o-cpf-ao-fazer-compras-em-mercados\/","title":{"rendered":"Comunicado para aqueles que informam o CPF ao fazer compras em mercados"},"content":{"rendered":"\n<p><strong>A Nota Fiscal Paulista \u00e9 um programa criado pelo governo do estado de S\u00e3o Paulo em 2007<\/strong>. Seu principal objetivo \u00e9 incentivar os consumidores a pedirem a inclus\u00e3o do CPF nas notas fiscais ao realizarem compras. Com isso, o programa busca promover a cidadania fiscal e aumentar a transpar\u00eancia na arrecada\u00e7\u00e3o de impostos. Ao fazer isso, os consumidores podem receber cr\u00e9ditos e participar de sorteios, tornando o processo de pagamento de impostos mais vis\u00edvel e participativo.<\/p>\n\n\n\n<p>Al\u00e9m de combater a sonega\u00e7\u00e3o fiscal, a Nota Fiscal Paulista ajuda a formalizar as transa\u00e7\u00f5es comerciais, beneficiando tanto o governo quanto os consumidores. Com o passar dos anos, tornou-se uma ferramenta importante para garantir que as transa\u00e7\u00f5es comerciais sejam registradas de forma adequada.<\/p>\n\n\n\n<h2 class=\"wp-block-heading\">Como funcionam os sorteios da Nota Fiscal Paulista?<\/h2>\n\n\n\n<p><strong>Os sorteios da Nota Fiscal Paulista s\u00e3o realizados mensalmente e oferecem pr\u00eamios em dinheiro<\/strong>. Para participar, os consumidores precisam acumular bilhetes eletr\u00f4nicos, que s\u00e3o gerados automaticamente a cada R$ 100 em compras registradas com o CPF na nota fiscal. Essa mec\u00e2nica permite que todos os consumidores tenham a chance de participar, independentemente do valor de suas compras.<\/p>\n\n\n\n<p>Os pr\u00eamios variam em valor, <strong>come\u00e7ando em R$ 1 mil e podendo chegar a R$ 2 milh\u00f5es<\/strong> em sorteios especiais. Al\u00e9m do pr\u00eamio principal, existem v\u00e1rias faixas de premia\u00e7\u00e3o, aumentando as chances de ganho para os participantes e incentivando a ades\u00e3o cont\u00ednua ao programa.<\/p>\n\n\n\n<figure class=\"wp-block-image size-large\"><img loading=\"lazy\" decoding=\"async\" width=\"1024\" height=\"576\" src=\"https:\/\/www.em.com.br\/emfoco\/wp-content\/uploads\/2024\/12\/cpf_1735328477976-1024x576.jpg\" alt=\"CPF na nota: muito mais que um simples comprovante, descubra todos os benef\u00edcios\" class=\"wp-image-7091\" srcset=\"https:\/\/www.em.com.br\/emfoco\/wp-content\/uploads\/2024\/12\/cpf_1735328477976-1024x576.jpg 1024w, https:\/\/www.em.com.br\/emfoco\/wp-content\/uploads\/2024\/12\/cpf_1735328477976-300x169.jpg 300w, https:\/\/www.em.com.br\/emfoco\/wp-content\/uploads\/2024\/12\/cpf_1735328477976-768x432.jpg 768w, https:\/\/www.em.com.br\/emfoco\/wp-content\/uploads\/2024\/12\/cpf_1735328477976-750x422.jpg 750w, https:\/\/www.em.com.br\/emfoco\/wp-content\/uploads\/2024\/12\/cpf_1735328477976-1140x641.jpg 1140w, https:\/\/www.em.com.br\/emfoco\/wp-content\/uploads\/2024\/12\/cpf_1735328477976.jpg 1280w\" sizes=\"auto, (max-width: 1024px) 100vw, 1024px\" \/><figcaption class=\"wp-element-caption\">Imagem Ilustrativa de Nota Fiscal &#8211; Cr\u00e9ditos: depositphotos.com \/ Mehaniq<\/figcaption><\/figure>\n\n\n\n<h2 class=\"wp-block-heading\">Qual \u00e9 o impacto econ\u00f4mico do programa?<\/h2>\n\n\n\n<p>O impacto econ\u00f4mico da Nota Fiscal Paulista \u00e9 significativo. <strong>Ao incentivar a emiss\u00e3o de notas fiscais, o programa contribui para o aumento da arrecada\u00e7\u00e3o de impostos<\/strong>. Parte do ICMS arrecadado \u00e9 devolvida aos consumidores, o que fortalece a economia local e promove a participa\u00e7\u00e3o cidad\u00e3. Desde o in\u00edcio do programa, bilh\u00f5es de reais j\u00e1 foram repassados aos consumidores, o que tem ajudado a melhorar a transpar\u00eancia fiscal e o desenvolvimento econ\u00f4mico do estado.<\/p>\n\n\n\n<p>Os cr\u00e9ditos acumulados pelos consumidores podem ser utilizados de diversas formas, como para abater o valor do IPVA ou serem transferidos para contas banc\u00e1rias. Al\u00e9m disso, o programa promove a conscientiza\u00e7\u00e3o sobre a import\u00e2ncia de exigir a nota fiscal, impactando positivamente a arrecada\u00e7\u00e3o estadual.<\/p>\n\n\n\n<h2 class=\"wp-block-heading\">Como se cadastrar e participar do programa?<\/h2>\n\n\n\n<p><strong>Para se inscrever na Nota Fiscal Paulista, \u00e9 necess\u00e1rio acessar o site oficial do programa <a href=\"https:\/\/portal.fazenda.sp.gov.br\/servicos\/nfp\" target=\"_blank\" rel=\"noreferrer noopener\">clicando aqui <\/a>e realizar o cadastro<\/strong>. Ap\u00f3s essa etapa, basta solicitar a inclus\u00e3o do CPF na nota fiscal ao realizar compras em estabelecimentos no estado de S\u00e3o Paulo. Esse procedimento simples habilita o consumidor a participar automaticamente dos sorteios mensais.<\/p>\n\n\n\n<p>Os consumidores devem se cadastrar at\u00e9 o dia 25 de cada m\u00eas para estarem eleg\u00edveis para o sorteio do m\u00eas seguinte. A facilidade de participa\u00e7\u00e3o torna o programa acess\u00edvel a todos os cidad\u00e3os do estado, incentivando uma maior ades\u00e3o e engajamento no processo fiscal.<\/p>\n\n\n\n<h2 class=\"wp-block-heading\">Como utilizar os cr\u00e9ditos acumulados?<\/h2>\n\n\n\n<p><strong>Os cr\u00e9ditos obtidos atrav\u00e9s da Nota Fiscal Paulista podem ser utilizados de v\u00e1rias maneiras<\/strong>. Uma das op\u00e7\u00f5es mais populares \u00e9 o abatimento do valor do IPVA, o que representa um al\u00edvio financeiro significativo para muitos consumidores. Outra alternativa \u00e9 a transfer\u00eancia dos valores para uma conta banc\u00e1ria, permitindo acesso direto ao dinheiro.<\/p>\n\n\n\n<p>Al\u00e9m disso, os consumidores t\u00eam a op\u00e7\u00e3o de doar seus cr\u00e9ditos para institui\u00e7\u00f5es sem fins lucrativos. Essa a\u00e7\u00e3o solid\u00e1ria ajuda a financiar organiza\u00e7\u00f5es que atuam em \u00e1reas como sa\u00fade, educa\u00e7\u00e3o e assist\u00eancia social, contribuindo para o desenvolvimento de projetos importantes no estado de S\u00e3o Paulo. Dessa forma, o programa n\u00e3o s\u00f3 beneficia os consumidores individualmente, mas tamb\u00e9m promove o bem-estar coletivo.<\/p>\n","protected":false},"excerpt":{"rendered":"<p>A Nota Fiscal Paulista \u00e9 um programa criado pelo governo do estado de S\u00e3o Paulo em 2007. Seu principal objetivo \u00e9 incentivar os consumidores a pedirem a inclus\u00e3o do CPF nas notas fiscais ao realizarem compras. Com isso, o programa busca promover a cidadania fiscal e aumentar a transpar\u00eancia na arrecada\u00e7\u00e3o de impostos. Ao fazer [&hellip;]<\/p>\n","protected":false},"author":5,"featured_media":13855,"comment_status":"open","ping_status":"open","sticky":false,"template":"","format":"standard","meta":{"jnews-multi-image_gallery":[],"jnews_single_post":{"format":"standard"},"jnews_primary_category":[],"jnews_social_meta":[],"jnews_override_counter":[],"footnotes":""},"categories":[28,1],"tags":[1333,5303,941,1425],"class_list":["post-36625","post","type-post","status-publish","format-standard","has-post-thumbnail","hentry","category-economia","category-noticias","tag-consumidor","tag-icms","tag-imposto","tag-sorteio"],"yoast_head":"<!-- This site is optimized with the Yoast SEO plugin v23.8 - https:\/\/yoast.com\/wordpress\/plugins\/seo\/ -->\n<title>Comunicado para aqueles que informam o CPF ao fazer compras em mercados - Estado de Minas - Em foco<\/title>\n<meta name=\"description\" content=\"Saiba como acumular cr\u00e9ditos com a nota fiscal paulista e utiliz\u00e1-los para abater o IPVA ou transferir para sua conta banc\u00e1ria.\" \/>\n<meta name=\"robots\" content=\"index, follow, max-snippet:-1, max-image-preview:large, max-video-preview:-1\" \/>\n<link rel=\"canonical\" href=\"https:\/\/www.em.com.br\/emfoco\/2025\/04\/09\/comunicado-para-aqueles-que-informam-o-cpf-ao-fazer-compras-em-mercados\/\" \/>\n<meta property=\"og:locale\" content=\"pt_BR\" \/>\n<meta property=\"og:type\" content=\"article\" \/>\n<meta property=\"og:title\" content=\"Comunicado para aqueles que informam o CPF ao fazer compras em mercados - Estado de Minas - Em foco\" \/>\n<meta property=\"og:description\" content=\"Saiba como acumular cr\u00e9ditos com a nota fiscal paulista e utiliz\u00e1-los para abater o IPVA ou transferir para sua conta banc\u00e1ria.\" \/>\n<meta property=\"og:url\" content=\"https:\/\/www.em.com.br\/emfoco\/2025\/04\/09\/comunicado-para-aqueles-que-informam-o-cpf-ao-fazer-compras-em-mercados\/\" \/>\n<meta property=\"og:site_name\" content=\"Estado de Minas - Em foco\" \/>\n<meta property=\"article:published_time\" content=\"2025-04-09T19:15:15+00:00\" \/>\n<meta property=\"article:modified_time\" content=\"2025-04-09T19:15:16+00:00\" \/>\n<meta property=\"og:image\" content=\"https:\/\/www.em.com.br\/emfoco\/wp-content\/uploads\/2025\/01\/recibo_1737909879571.jpg\" \/>\n\t<meta property=\"og:image:width\" content=\"1279\" \/>\n\t<meta property=\"og:image:height\" content=\"720\" \/>\n\t<meta property=\"og:image:type\" content=\"image\/jpeg\" \/>\n<meta name=\"author\" content=\"N\u00fabia Rangel\" \/>\n<meta name=\"twitter:card\" content=\"summary_large_image\" \/>\n<meta name=\"twitter:label1\" content=\"Escrito por\" \/>\n\t<meta name=\"twitter:data1\" content=\"N\u00fabia Rangel\" \/>\n\t<meta name=\"twitter:label2\" content=\"Est. tempo de leitura\" \/>\n\t<meta name=\"twitter:data2\" content=\"4 minutos\" \/>\n<!-- \/ Yoast SEO plugin. -->","yoast_head_json":{"title":"Comunicado para aqueles que informam o CPF ao fazer compras em mercados - Estado de Minas - Em foco","description":"Saiba como acumular cr\u00e9ditos com a nota fiscal paulista e utiliz\u00e1-los para abater o IPVA ou transferir para sua conta banc\u00e1ria.","robots":{"index":"index","follow":"follow","max-snippet":"max-snippet:-1","max-image-preview":"max-image-preview:large","max-video-preview":"max-video-preview:-1"},"canonical":"https:\/\/www.em.com.br\/emfoco\/2025\/04\/09\/comunicado-para-aqueles-que-informam-o-cpf-ao-fazer-compras-em-mercados\/","og_locale":"pt_BR","og_type":"article","og_title":"Comunicado para aqueles que informam o CPF ao fazer compras em mercados - Estado de Minas - Em foco","og_description":"Saiba como acumular cr\u00e9ditos com a nota fiscal paulista e utiliz\u00e1-los para abater o IPVA ou transferir para sua conta banc\u00e1ria.","og_url":"https:\/\/www.em.com.br\/emfoco\/2025\/04\/09\/comunicado-para-aqueles-que-informam-o-cpf-ao-fazer-compras-em-mercados\/","og_site_name":"Estado de Minas - Em foco","article_published_time":"2025-04-09T19:15:15+00:00","article_modified_time":"2025-04-09T19:15:16+00:00","og_image":[{"width":1279,"height":720,"url":"https:\/\/www.em.com.br\/emfoco\/wp-content\/uploads\/2025\/01\/recibo_1737909879571.jpg","type":"image\/jpeg"}],"author":"N\u00fabia Rangel","twitter_card":"summary_large_image","twitter_misc":{"Escrito por":"N\u00fabia Rangel","Est. tempo de leitura":"4 minutos"},"schema":{"@context":"https:\/\/schema.org","@graph":[{"@type":"WebPage","@id":"https:\/\/www.em.com.br\/emfoco\/2025\/04\/09\/comunicado-para-aqueles-que-informam-o-cpf-ao-fazer-compras-em-mercados\/","url":"https:\/\/www.em.com.br\/emfoco\/2025\/04\/09\/comunicado-para-aqueles-que-informam-o-cpf-ao-fazer-compras-em-mercados\/","name":"Comunicado para aqueles que informam o CPF ao fazer compras em mercados - Estado de Minas - Em foco","isPartOf":{"@id":"https:\/\/www.em.com.br\/emfoco\/#website"},"primaryImageOfPage":{"@id":"https:\/\/www.em.com.br\/emfoco\/2025\/04\/09\/comunicado-para-aqueles-que-informam-o-cpf-ao-fazer-compras-em-mercados\/#primaryimage"},"image":{"@id":"https:\/\/www.em.com.br\/emfoco\/2025\/04\/09\/comunicado-para-aqueles-que-informam-o-cpf-ao-fazer-compras-em-mercados\/#primaryimage"},"thumbnailUrl":"https:\/\/www.em.com.br\/emfoco\/wp-content\/uploads\/2025\/01\/recibo_1737909879571.jpg","datePublished":"2025-04-09T19:15:15+00:00","dateModified":"2025-04-09T19:15:16+00:00","author":{"@id":"https:\/\/www.em.com.br\/emfoco\/#\/schema\/person\/524437ef54f8a5d32591b143307f2e20"},"description":"Saiba como acumular cr\u00e9ditos com a nota fiscal paulista e utiliz\u00e1-los para abater o IPVA ou transferir para sua conta banc\u00e1ria.","breadcrumb":{"@id":"https:\/\/www.em.com.br\/emfoco\/2025\/04\/09\/comunicado-para-aqueles-que-informam-o-cpf-ao-fazer-compras-em-mercados\/#breadcrumb"},"inLanguage":"pt-BR","potentialAction":[{"@type":"ReadAction","target":["https:\/\/www.em.com.br\/emfoco\/2025\/04\/09\/comunicado-para-aqueles-que-informam-o-cpf-ao-fazer-compras-em-mercados\/"]}]},{"@type":"ImageObject","inLanguage":"pt-BR","@id":"https:\/\/www.em.com.br\/emfoco\/2025\/04\/09\/comunicado-para-aqueles-que-informam-o-cpf-ao-fazer-compras-em-mercados\/#primaryimage","url":"https:\/\/www.em.com.br\/emfoco\/wp-content\/uploads\/2025\/01\/recibo_1737909879571.jpg","contentUrl":"https:\/\/www.em.com.br\/emfoco\/wp-content\/uploads\/2025\/01\/recibo_1737909879571.jpg","width":1279,"height":720,"caption":"Imagem Ilustrativa de Nota Fiscal - Cr\u00e9ditos: depositphotos.com \/ quackersnaps"},{"@type":"BreadcrumbList","@id":"https:\/\/www.em.com.br\/emfoco\/2025\/04\/09\/comunicado-para-aqueles-que-informam-o-cpf-ao-fazer-compras-em-mercados\/#breadcrumb","itemListElement":[{"@type":"ListItem","position":1,"name":"In\u00edcio","item":"https:\/\/www.em.com.br\/emfoco\/"},{"@type":"ListItem","position":2,"name":"Comunicado para aqueles que informam o CPF ao fazer compras em mercados"}]},{"@type":"WebSite","@id":"https:\/\/www.em.com.br\/emfoco\/#website","url":"https:\/\/www.em.com.br\/emfoco\/","name":"Estado de Minas - Em foco","description":"Acompanhe as \u00faltimas not\u00edcias e fique bem informado sobre tudo o que acontece em Minas Gerais, Brasil e no mundo.","potentialAction":[{"@type":"SearchAction","target":{"@type":"EntryPoint","urlTemplate":"https:\/\/www.em.com.br\/emfoco\/?s={search_term_string}"},"query-input":{"@type":"PropertyValueSpecification","valueRequired":true,"valueName":"search_term_string"}}],"inLanguage":"pt-BR"},{"@type":"Person","@id":"https:\/\/www.em.com.br\/emfoco\/#\/schema\/person\/524437ef54f8a5d32591b143307f2e20","name":"N\u00fabia Rangel","image":{"@type":"ImageObject","inLanguage":"pt-BR","@id":"https:\/\/www.em.com.br\/emfoco\/#\/schema\/person\/image\/","url":"https:\/\/secure.gravatar.com\/avatar\/47cff2827a5ba23c37e8068c86817ea4?s=96&d=mm&r=g","contentUrl":"https:\/\/secure.gravatar.com\/avatar\/47cff2827a5ba23c37e8068c86817ea4?s=96&d=mm&r=g","caption":"N\u00fabia Rangel"},"sameAs":["https:\/\/www.em.com.br\/emfoco\/"],"url":"https:\/\/www.em.com.br\/emfoco\/author\/nubiamyth\/"}]}},"_links":{"self":[{"href":"https:\/\/www.em.com.br\/emfoco\/wp-json\/wp\/v2\/posts\/36625","targetHints":{"allow":["GET"]}}],"collection":[{"href":"https:\/\/www.em.com.br\/emfoco\/wp-json\/wp\/v2\/posts"}],"about":[{"href":"https:\/\/www.em.com.br\/emfoco\/wp-json\/wp\/v2\/types\/post"}],"author":[{"embeddable":true,"href":"https:\/\/www.em.com.br\/emfoco\/wp-json\/wp\/v2\/users\/5"}],"replies":[{"embeddable":true,"href":"https:\/\/www.em.com.br\/emfoco\/wp-json\/wp\/v2\/comments?post=36625"}],"version-history":[{"count":4,"href":"https:\/\/www.em.com.br\/emfoco\/wp-json\/wp\/v2\/posts\/36625\/revisions"}],"predecessor-version":[{"id":36634,"href":"https:\/\/www.em.com.br\/emfoco\/wp-json\/wp\/v2\/posts\/36625\/revisions\/36634"}],"wp:featuredmedia":[{"embeddable":true,"href":"https:\/\/www.em.com.br\/emfoco\/wp-json\/wp\/v2\/media\/13855"}],"wp:attachment":[{"href":"https:\/\/www.em.com.br\/emfoco\/wp-json\/wp\/v2\/media?parent=36625"}],"wp:term":[{"taxonomy":"category","embeddable":true,"href":"https:\/\/www.em.com.br\/emfoco\/wp-json\/wp\/v2\/categories?post=36625"},{"taxonomy":"post_tag","embeddable":true,"href":"https:\/\/www.em.com.br\/emfoco\/wp-json\/wp\/v2\/tags?post=36625"}],"curies":[{"name":"wp","href":"https:\/\/api.w.org\/{rel}","templated":true}]}}