{"id":36586,"date":"2025-04-11T12:20:00","date_gmt":"2025-04-11T15:20:00","guid":{"rendered":"https:\/\/www.em.com.br\/emfoco\/?p=36586"},"modified":"2025-04-10T06:28:58","modified_gmt":"2025-04-10T09:28:58","slug":"o-segredo-por-tras-do-visual-clean-que-esta-conquistando-2025","status":"publish","type":"post","link":"https:\/\/www.em.com.br\/emfoco\/2025\/04\/11\/o-segredo-por-tras-do-visual-clean-que-esta-conquistando-2025\/","title":{"rendered":"O segredo por tr\u00e1s do visual clean que est\u00e1 conquistando 2025"},"content":{"rendered":"\n<p>O conceito de beleza minimalista, ou estilo clean, est\u00e1 centrado na ideia de que menos \u00e9 mais. Em 2025, essa abordagem continua a ganhar popularidade, destacando-se pela simplicidade e pela \u00eanfase na naturalidade. O estilo clean n\u00e3o se limita apenas \u00e0 quantidade de produtos utilizados, mas tamb\u00e9m \u00e0 qualidade e \u00e0 funcionalidade de cada item. A escolha de produtos multifuncionais e de alta qualidade \u00e9 essencial para manter a pele saud\u00e1vel e radiante, sem excessos. Al\u00e9m disso, o minimalismo na beleza est\u00e1 intimamente ligado ao movimento de bem-estar hol\u00edstico, que busca integrar aspectos f\u00edsicos, mentais e emocionais em uma abordagem unificada de autocuidado.<\/p>\n\n\n\n<p>Al\u00e9m disso, a beleza minimalista promove um autocuidado consciente, onde a praticidade e a efici\u00eancia s\u00e3o priorizadas. A ideia \u00e9 simplificar a <a href=\"https:\/\/www.em.com.br\/emfoco\/2025\/03\/31\/nova-rotina-de-skincare-masculina-promete-rejuvenescer-e-ja-e-sucesso\/\" target=\"_blank\" rel=\"noreferrer noopener\">rotina <\/a>de beleza, eliminando passos desnecess\u00e1rios e focando em cuidados que realmente fazem a diferen\u00e7a. Este movimento reflete uma mudan\u00e7a cultural em dire\u00e7\u00e3o a um consumo mais sustent\u00e1vel e consciente, onde a beleza \u00e9 vista como uma extens\u00e3o do bem-estar pessoal. Assim, a escolha informada e consciente de cosm\u00e9ticos n\u00e3o apenas reduz o impacto ambiental, mas tamb\u00e9m promove uma conex\u00e3o mais profunda com a pr\u00f3pria sa\u00fade e apar\u00eancia.<\/p>\n\n\n\n<h2 class=\"wp-block-heading\">Tend\u00eancias de beleza clean para 2025<\/h2>\n\n\n\n<p>Em 2025, as tend\u00eancias de beleza clean est\u00e3o fortemente ligadas \u00e0 sustentabilidade e \u00e0 inova\u00e7\u00e3o. Produtos que combinam ingredientes naturais com tecnologia avan\u00e7ada est\u00e3o em alta, oferecendo solu\u00e7\u00f5es eficazes sem comprometer o meio ambiente. Al\u00e9m disso, embalagens recicl\u00e1veis e refis s\u00e3o cada vez mais comuns, refletindo a preocupa\u00e7\u00e3o crescente com a redu\u00e7\u00e3o de res\u00edduos. A ind\u00fastria tamb\u00e9m est\u00e1 investindo em pesquisa para desenvolver alternativas mais sustent\u00e1veis aos ingredientes sint\u00e9ticos, aumentando a transpar\u00eancia sobre as fontes e os processos de fabrica\u00e7\u00e3o.<\/p>\n\n\n\n<p>Outra tend\u00eancia marcante \u00e9 a personaliza\u00e7\u00e3o dos cuidados de beleza. Marcas est\u00e3o investindo em produtos que podem ser adaptados \u00e0s necessidades individuais de cada pessoa, promovendo uma experi\u00eancia de autocuidado mais personalizada e eficaz. A beleza clean tamb\u00e9m est\u00e1 se expandindo para incluir pr\u00e1ticas de bem-estar, como medita\u00e7\u00e3o e yoga, que complementam a rotina de cuidados com a pele e o corpo. Isso se alinha ao movimento crescente de produtos de beleza como parte de um estilo de vida mais saud\u00e1vel e equilibrado.<\/p>\n\n\n\n<h2 class=\"wp-block-heading\">Como montar uma rotina de cuidados minimalista<\/h2>\n\n\n\n<p>Para adotar uma rotina de cuidados minimalista, \u00e9 importante come\u00e7ar pela avalia\u00e7\u00e3o dos produtos que realmente s\u00e3o necess\u00e1rios. Priorize aqueles que oferecem m\u00faltiplos benef\u00edcios, como hidratantes com prote\u00e7\u00e3o solar ou s\u00e9runs antioxidantes. A limpeza da pele deve ser suave, utilizando produtos que respeitem o equil\u00edbrio natural da pele. Al\u00e9m disso, \u00e9 importante considerar o tipo de pele e suas necessidades espec\u00edficas ao escolher produtos, garantindo que cada item da rotina tenha um prop\u00f3sito claro e efetivo.<\/p>\n\n\n\n<p>Outro aspecto fundamental \u00e9 a hidrata\u00e7\u00e3o. Escolha produtos que mantenham a pele hidratada ao longo do dia, sem a necessidade de reaplica\u00e7\u00f5es constantes. O uso de \u00f3leos naturais pode ser uma excelente op\u00e7\u00e3o para nutrir a pele e proporcionar um brilho saud\u00e1vel. A ideia \u00e9 manter a simplicidade, sem abrir m\u00e3o da efic\u00e1cia e do cuidado. \u00c9 v\u00e1lido tamb\u00e9m investir em t\u00e9cnicas como a massagem facial durante a aplica\u00e7\u00e3o dos produtos para aumentar a circula\u00e7\u00e3o e promover uma apar\u00eancia mais revitalizada e jovem.<\/p>\n\n\n\n<h2 class=\"wp-block-heading\">Estilo clean na maquiagem, naturalidade em foco<\/h2>\n\n\n\n<figure class=\"wp-block-image size-large\"><img loading=\"lazy\" decoding=\"async\" width=\"1024\" height=\"576\" src=\"https:\/\/www.em.com.br\/emfoco\/wp-content\/uploads\/2025\/04\/beleza-clean_1744204133366-1024x576.jpg\" alt=\"O segredo por tr\u00e1s do visual clean que est\u00e1 conquistando 2025\" class=\"wp-image-36601\" srcset=\"https:\/\/www.em.com.br\/emfoco\/wp-content\/uploads\/2025\/04\/beleza-clean_1744204133366-1024x576.jpg 1024w, https:\/\/www.em.com.br\/emfoco\/wp-content\/uploads\/2025\/04\/beleza-clean_1744204133366-300x169.jpg 300w, https:\/\/www.em.com.br\/emfoco\/wp-content\/uploads\/2025\/04\/beleza-clean_1744204133366-768x432.jpg 768w, https:\/\/www.em.com.br\/emfoco\/wp-content\/uploads\/2025\/04\/beleza-clean_1744204133366-750x422.jpg 750w, https:\/\/www.em.com.br\/emfoco\/wp-content\/uploads\/2025\/04\/beleza-clean_1744204133366-1140x641.jpg 1140w, https:\/\/www.em.com.br\/emfoco\/wp-content\/uploads\/2025\/04\/beleza-clean_1744204133366.jpg 1280w\" sizes=\"auto, (max-width: 1024px) 100vw, 1024px\" \/><figcaption class=\"wp-element-caption\"> Mulher segurando um produto para a pele-Cr\u00e9ditos: depositphotos.com \/ IgorVetushko<\/figcaption><\/figure>\n\n\n\n<p>No universo da maquiagem, o <a href=\"https:\/\/stealthelook.com.br\/precisamos-falar-sobre-a-tendencia-clean-girl-look\/\" target=\"_blank\" rel=\"noreferrer noopener\">estilo clean<\/a> se traduz em um visual natural e luminoso. Em 2025, a tend\u00eancia \u00e9 usar produtos que realcem a beleza natural, como bases leves, blushes em tons suaves e iluminadores discretos. A ideia \u00e9 criar um look que pare\u00e7a sem esfor\u00e7o, mas que realce os tra\u00e7os individuais de cada pessoa. As texturas cremosas s\u00e3o particularmente populares por sua capacidade de fundir-se com a pele, proporcionando um acabamento suave e uniforme.<\/p>\n\n\n\n<p>Os l\u00e1bios tamb\u00e9m seguem essa linha, com batons em tons nude ou levemente rosados, que complementam o visual sem chamar muita aten\u00e7\u00e3o. O uso de m\u00e1scaras de c\u00edlios e delineadores \u00e9 feito de forma sutil, apenas para definir o olhar. A maquiagem clean \u00e9 sobre destacar a beleza natural, sem excessos. Produtos \u00e0 prova de falhas, de longa dura\u00e7\u00e3o e formulados com ingredientes nutritivos tamb\u00e9m s\u00e3o componentes essenciais nesta est\u00e9tica, garantindo que o visual permane\u00e7a fresco e resistente o dia todo.<\/p>\n\n\n\n<h2 class=\"wp-block-heading\">A influ\u00eancia do estilo de vida no visual clean<\/h2>\n\n\n\n<p>O estilo de vida tem um impacto significativo no visual clean. H\u00e1 uma crescente conscientiza\u00e7\u00e3o sobre a import\u00e2ncia de h\u00e1bitos saud\u00e1veis, como uma alimenta\u00e7\u00e3o equilibrada e a pr\u00e1tica regular de exerc\u00edcios f\u00edsicos, que refletem diretamente na apar\u00eancia da pele e do cabelo. Em <strong>S\u00e3o Paulo<\/strong>, por exemplo, muitas pessoas est\u00e3o adotando um estilo de vida mais saud\u00e1vel, o que se reflete em suas escolhas de beleza. Este movimento tamb\u00e9m est\u00e1 promovendo um aumento na conscientiza\u00e7\u00e3o sobre a ingest\u00e3o de subst\u00e2ncias t\u00f3xicas, levando a uma maior aten\u00e7\u00e3o \u00e0 leitura de r\u00f3tulos e composi\u00e7\u00e3o de produtos.<\/p>\n\n\n\n<p>Al\u00e9m disso, o gerenciamento do estresse e a qualidade do sono s\u00e3o fatores que influenciam diretamente a apar\u00eancia. Pr\u00e1ticas como medita\u00e7\u00e3o e mindfulness est\u00e3o se tornando parte integrante da rotina de beleza, ajudando a manter o equil\u00edbrio entre corpo e mente. O visual clean \u00e9, portanto, uma extens\u00e3o de um estilo de vida consciente e equilibrado. Incorporar esses h\u00e1bitos n\u00e3o apenas melhora a sa\u00fade f\u00edsica, mas tamb\u00e9m promove uma sensa\u00e7\u00e3o de paz mental, que se reflete na apar\u00eancia externa.<\/p>\n\n\n\n<h2 class=\"wp-block-heading\">Como adaptar o estilo clean ao seu dia a dia<\/h2>\n\n\n\n<p>Adotar o estilo clean no dia a dia pode ser um processo gradual. Comece avaliando os produtos que voc\u00ea j\u00e1 possui e substitua-os por op\u00e7\u00f5es mais sustent\u00e1veis e multifuncionais. Em <strong>Rio de Janeiro<\/strong>, muitas pessoas est\u00e3o optando por marcas locais que oferecem produtos naturais e embalagens recicl\u00e1veis, promovendo um consumo mais consciente. Essa transi\u00e7\u00e3o tamb\u00e9m pode incluir a busca por tutoriais e recursos educacionais que ajudam a entender melhor a rela\u00e7\u00e3o entre beleza e sustentabilidade.<\/p>\n\n\n\n<p>Incorporar o estilo clean \u00e0 sua rotina tamb\u00e9m envolve uma mudan\u00e7a de mentalidade. Valorize a simplicidade e a autenticidade, focando em cuidados que realmente fazem a diferen\u00e7a. Lembre-se de que a beleza minimalista \u00e9 sobre se sentir bem consigo mesmo, respeitando suas caracter\u00edsticas \u00fanicas e adotando pr\u00e1ticas que promovam o bem-estar geral. Esta mudan\u00e7a de paradigma n\u00e3o s\u00f3 beneficia o meio ambiente, mas tamb\u00e9m apoia um senso mais profundo de satisfa\u00e7\u00e3o pessoal e autoestima.<\/p>\n","protected":false},"excerpt":{"rendered":"<p>O conceito de beleza minimalista, ou estilo clean, est\u00e1 centrado na ideia de que menos \u00e9 mais. Em 2025, essa abordagem continua a ganhar popularidade, destacando-se pela simplicidade e pela \u00eanfase na naturalidade. O estilo clean n\u00e3o se limita apenas \u00e0 quantidade de produtos utilizados, mas tamb\u00e9m \u00e0 qualidade e \u00e0 funcionalidade de cada item. [&hellip;]<\/p>\n","protected":false},"author":12,"featured_media":36593,"comment_status":"open","ping_status":"open","sticky":false,"template":"","format":"standard","meta":{"jnews-multi-image_gallery":[],"jnews_single_post":{"format":"standard"},"jnews_primary_category":[],"jnews_social_meta":[],"jnews_override_counter":[],"footnotes":""},"categories":[29],"tags":[712,7329,7330,7331],"class_list":["post-36586","post","type-post","status-publish","format-standard","has-post-thumbnail","hentry","category-entretenimento","tag-autocuidado","tag-beleza-clean","tag-tendencia-de-beleza-2025","tag-visual-natural"],"yoast_head":"<!-- This site is optimized with the Yoast SEO plugin v23.8 - https:\/\/yoast.com\/wordpress\/plugins\/seo\/ -->\n<title>O segredo por tr\u00e1s do visual clean que est\u00e1 conquistando 2025 - Estado de Minas - Em foco<\/title>\n<meta name=\"description\" content=\"Beleza minimalista em 2025, saiba como adotar o estilo clean com produtos multifuncionais, autocuidado consciente e pr\u00e1ticas sustent\u00e1veis.\" \/>\n<meta name=\"robots\" content=\"index, follow, max-snippet:-1, max-image-preview:large, max-video-preview:-1\" \/>\n<link rel=\"canonical\" href=\"https:\/\/www.em.com.br\/emfoco\/2025\/04\/11\/o-segredo-por-tras-do-visual-clean-que-esta-conquistando-2025\/\" \/>\n<meta property=\"og:locale\" content=\"pt_BR\" \/>\n<meta property=\"og:type\" content=\"article\" \/>\n<meta property=\"og:title\" content=\"O segredo por tr\u00e1s do visual clean que est\u00e1 conquistando 2025 - Estado de Minas - Em foco\" \/>\n<meta property=\"og:description\" content=\"Beleza minimalista em 2025, saiba como adotar o estilo clean com produtos multifuncionais, autocuidado consciente e pr\u00e1ticas sustent\u00e1veis.\" \/>\n<meta property=\"og:url\" content=\"https:\/\/www.em.com.br\/emfoco\/2025\/04\/11\/o-segredo-por-tras-do-visual-clean-que-esta-conquistando-2025\/\" \/>\n<meta property=\"og:site_name\" content=\"Estado de Minas - Em foco\" \/>\n<meta property=\"article:published_time\" content=\"2025-04-11T15:20:00+00:00\" \/>\n<meta property=\"article:modified_time\" content=\"2025-04-10T09:28:58+00:00\" \/>\n<meta property=\"og:image\" content=\"https:\/\/www.em.com.br\/emfoco\/wp-content\/uploads\/2025\/04\/beleza-clean_1744203487432.jpg\" \/>\n\t<meta property=\"og:image:width\" content=\"1280\" \/>\n\t<meta property=\"og:image:height\" content=\"720\" \/>\n\t<meta property=\"og:image:type\" content=\"image\/jpeg\" \/>\n<meta name=\"author\" content=\"Keren Ester\" \/>\n<meta name=\"twitter:card\" content=\"summary_large_image\" \/>\n<meta name=\"twitter:label1\" content=\"Escrito por\" \/>\n\t<meta name=\"twitter:data1\" content=\"Keren Ester\" \/>\n\t<meta name=\"twitter:label2\" content=\"Est. tempo de leitura\" \/>\n\t<meta name=\"twitter:data2\" content=\"7 minutos\" \/>\n<!-- \/ Yoast SEO plugin. -->","yoast_head_json":{"title":"O segredo por tr\u00e1s do visual clean que est\u00e1 conquistando 2025 - Estado de Minas - Em foco","description":"Beleza minimalista em 2025, saiba como adotar o estilo clean com produtos multifuncionais, autocuidado consciente e pr\u00e1ticas sustent\u00e1veis.","robots":{"index":"index","follow":"follow","max-snippet":"max-snippet:-1","max-image-preview":"max-image-preview:large","max-video-preview":"max-video-preview:-1"},"canonical":"https:\/\/www.em.com.br\/emfoco\/2025\/04\/11\/o-segredo-por-tras-do-visual-clean-que-esta-conquistando-2025\/","og_locale":"pt_BR","og_type":"article","og_title":"O segredo por tr\u00e1s do visual clean que est\u00e1 conquistando 2025 - Estado de Minas - Em foco","og_description":"Beleza minimalista em 2025, saiba como adotar o estilo clean com produtos multifuncionais, autocuidado consciente e pr\u00e1ticas sustent\u00e1veis.","og_url":"https:\/\/www.em.com.br\/emfoco\/2025\/04\/11\/o-segredo-por-tras-do-visual-clean-que-esta-conquistando-2025\/","og_site_name":"Estado de Minas - Em foco","article_published_time":"2025-04-11T15:20:00+00:00","article_modified_time":"2025-04-10T09:28:58+00:00","og_image":[{"width":1280,"height":720,"url":"https:\/\/www.em.com.br\/emfoco\/wp-content\/uploads\/2025\/04\/beleza-clean_1744203487432.jpg","type":"image\/jpeg"}],"author":"Keren Ester","twitter_card":"summary_large_image","twitter_misc":{"Escrito por":"Keren Ester","Est. tempo de leitura":"7 minutos"},"schema":{"@context":"https:\/\/schema.org","@graph":[{"@type":"WebPage","@id":"https:\/\/www.em.com.br\/emfoco\/2025\/04\/11\/o-segredo-por-tras-do-visual-clean-que-esta-conquistando-2025\/","url":"https:\/\/www.em.com.br\/emfoco\/2025\/04\/11\/o-segredo-por-tras-do-visual-clean-que-esta-conquistando-2025\/","name":"O segredo por tr\u00e1s do visual clean que est\u00e1 conquistando 2025 - Estado de Minas - Em foco","isPartOf":{"@id":"https:\/\/www.em.com.br\/emfoco\/#website"},"primaryImageOfPage":{"@id":"https:\/\/www.em.com.br\/emfoco\/2025\/04\/11\/o-segredo-por-tras-do-visual-clean-que-esta-conquistando-2025\/#primaryimage"},"image":{"@id":"https:\/\/www.em.com.br\/emfoco\/2025\/04\/11\/o-segredo-por-tras-do-visual-clean-que-esta-conquistando-2025\/#primaryimage"},"thumbnailUrl":"https:\/\/www.em.com.br\/emfoco\/wp-content\/uploads\/2025\/04\/beleza-clean_1744203487432.jpg","datePublished":"2025-04-11T15:20:00+00:00","dateModified":"2025-04-10T09:28:58+00:00","author":{"@id":"https:\/\/www.em.com.br\/emfoco\/#\/schema\/person\/2e06e19826e476d778787245c8ef334d"},"description":"Beleza minimalista em 2025, saiba como adotar o estilo clean com produtos multifuncionais, autocuidado consciente e pr\u00e1ticas sustent\u00e1veis.","breadcrumb":{"@id":"https:\/\/www.em.com.br\/emfoco\/2025\/04\/11\/o-segredo-por-tras-do-visual-clean-que-esta-conquistando-2025\/#breadcrumb"},"inLanguage":"pt-BR","potentialAction":[{"@type":"ReadAction","target":["https:\/\/www.em.com.br\/emfoco\/2025\/04\/11\/o-segredo-por-tras-do-visual-clean-que-esta-conquistando-2025\/"]}]},{"@type":"ImageObject","inLanguage":"pt-BR","@id":"https:\/\/www.em.com.br\/emfoco\/2025\/04\/11\/o-segredo-por-tras-do-visual-clean-que-esta-conquistando-2025\/#primaryimage","url":"https:\/\/www.em.com.br\/emfoco\/wp-content\/uploads\/2025\/04\/beleza-clean_1744203487432.jpg","contentUrl":"https:\/\/www.em.com.br\/emfoco\/wp-content\/uploads\/2025\/04\/beleza-clean_1744203487432.jpg","width":1280,"height":720,"caption":"Mulher aplicando produtos de cuidados com a pele-Cr\u00e9ditos: depositphotos.com \/ IgorVetushko"},{"@type":"BreadcrumbList","@id":"https:\/\/www.em.com.br\/emfoco\/2025\/04\/11\/o-segredo-por-tras-do-visual-clean-que-esta-conquistando-2025\/#breadcrumb","itemListElement":[{"@type":"ListItem","position":1,"name":"In\u00edcio","item":"https:\/\/www.em.com.br\/emfoco\/"},{"@type":"ListItem","position":2,"name":"O segredo por tr\u00e1s do visual clean que est\u00e1 conquistando 2025"}]},{"@type":"WebSite","@id":"https:\/\/www.em.com.br\/emfoco\/#website","url":"https:\/\/www.em.com.br\/emfoco\/","name":"Estado de Minas - Em foco","description":"Acompanhe as \u00faltimas not\u00edcias e fique bem informado sobre tudo o que acontece em Minas Gerais, Brasil e no mundo.","potentialAction":[{"@type":"SearchAction","target":{"@type":"EntryPoint","urlTemplate":"https:\/\/www.em.com.br\/emfoco\/?s={search_term_string}"},"query-input":{"@type":"PropertyValueSpecification","valueRequired":true,"valueName":"search_term_string"}}],"inLanguage":"pt-BR"},{"@type":"Person","@id":"https:\/\/www.em.com.br\/emfoco\/#\/schema\/person\/2e06e19826e476d778787245c8ef334d","name":"Keren Ester","image":{"@type":"ImageObject","inLanguage":"pt-BR","@id":"https:\/\/www.em.com.br\/emfoco\/#\/schema\/person\/image\/","url":"https:\/\/secure.gravatar.com\/avatar\/b3d0f2b934f7fab59c611ea63b5cf4b1?s=96&d=mm&r=g","contentUrl":"https:\/\/secure.gravatar.com\/avatar\/b3d0f2b934f7fab59c611ea63b5cf4b1?s=96&d=mm&r=g","caption":"Keren Ester"},"url":"https:\/\/www.em.com.br\/emfoco\/author\/kerenmyth\/"}]}},"_links":{"self":[{"href":"https:\/\/www.em.com.br\/emfoco\/wp-json\/wp\/v2\/posts\/36586","targetHints":{"allow":["GET"]}}],"collection":[{"href":"https:\/\/www.em.com.br\/emfoco\/wp-json\/wp\/v2\/posts"}],"about":[{"href":"https:\/\/www.em.com.br\/emfoco\/wp-json\/wp\/v2\/types\/post"}],"author":[{"embeddable":true,"href":"https:\/\/www.em.com.br\/emfoco\/wp-json\/wp\/v2\/users\/12"}],"replies":[{"embeddable":true,"href":"https:\/\/www.em.com.br\/emfoco\/wp-json\/wp\/v2\/comments?post=36586"}],"version-history":[{"count":4,"href":"https:\/\/www.em.com.br\/emfoco\/wp-json\/wp\/v2\/posts\/36586\/revisions"}],"predecessor-version":[{"id":36940,"href":"https:\/\/www.em.com.br\/emfoco\/wp-json\/wp\/v2\/posts\/36586\/revisions\/36940"}],"wp:featuredmedia":[{"embeddable":true,"href":"https:\/\/www.em.com.br\/emfoco\/wp-json\/wp\/v2\/media\/36593"}],"wp:attachment":[{"href":"https:\/\/www.em.com.br\/emfoco\/wp-json\/wp\/v2\/media?parent=36586"}],"wp:term":[{"taxonomy":"category","embeddable":true,"href":"https:\/\/www.em.com.br\/emfoco\/wp-json\/wp\/v2\/categories?post=36586"},{"taxonomy":"post_tag","embeddable":true,"href":"https:\/\/www.em.com.br\/emfoco\/wp-json\/wp\/v2\/tags?post=36586"}],"curies":[{"name":"wp","href":"https:\/\/api.w.org\/{rel}","templated":true}]}}