{"id":36529,"date":"2025-04-10T16:20:00","date_gmt":"2025-04-10T19:20:00","guid":{"rendered":"https:\/\/www.em.com.br\/emfoco\/?p=36529"},"modified":"2025-04-08T17:58:17","modified_gmt":"2025-04-08T20:58:17","slug":"cpf-na-nota-fiscal-beneficios-e-impactos-para-consumidores-e-sociedade","status":"publish","type":"post","link":"https:\/\/www.em.com.br\/emfoco\/2025\/04\/10\/cpf-na-nota-fiscal-beneficios-e-impactos-para-consumidores-e-sociedade\/","title":{"rendered":"CPF na nota fiscal, benef\u00edcios e impactos para consumidores e sociedade"},"content":{"rendered":"\n<p>No Brasil, diversos estados t\u00eam implementado programas que incentivam os consumidores a incluir o CPF na nota fiscal. Essa pr\u00e1tica visa combater a sonega\u00e7\u00e3o de impostos, garantindo que os estabelecimentos comerciais emitam o documento fiscal corretamente. Ao solicitar a inclus\u00e3o do <a href=\"https:\/\/g1.globo.com\/jornal-nacional\/noticia\/2025\/02\/06\/cpf-na-nota-governos-estaduais-premiam-pessoas-que-ajudam-a-combater-fraudes-tributarias.ghtml\" target=\"_blank\" rel=\"noreferrer noopener\">CPF na nota<\/a>, o consumidor contribui para a transpar\u00eancia tribut\u00e1ria e, em contrapartida, pode receber benef\u00edcios como descontos em impostos ou participa\u00e7\u00e3o em sorteios.<\/p>\n\n\n\n<p>O estado de S\u00e3o Paulo foi pioneiro nesse tipo de iniciativa com o lan\u00e7amento do programa Nota Fiscal Paulista em 2007. Desde ent\u00e3o, outros estados seguiram o exemplo, e atualmente, pelo menos 17 estados e o Distrito Federal adotaram programas semelhantes. Esses programas t\u00eam se mostrado eficazes n\u00e3o apenas na redu\u00e7\u00e3o da sonega\u00e7\u00e3o fiscal, mas tamb\u00e9m na conscientiza\u00e7\u00e3o da popula\u00e7\u00e3o sobre a import\u00e2ncia da emiss\u00e3o de notas fiscais.<\/p>\n\n\n\n<h2 class=\"wp-block-heading\">Quais s\u00e3o os benef\u00edcios de incluir o CPF na nota?<\/h2>\n\n\n\n<p>Ao incluir o CPF na nota fiscal, os consumidores podem usufruir de diversos benef\u00edcios. Entre eles, destacam-se os descontos em impostos como o IPVA e o <a href=\"https:\/\/www.em.com.br\/emfoco\/2025\/01\/18\/iptu-e-ipva-em-atraso-saiba-como-evitar-multas-e-juros\/\" target=\"_blank\" rel=\"noreferrer noopener\">IPTU<\/a>, al\u00e9m da possibilidade de participar de sorteios que oferecem pr\u00eamios em dinheiro. Um exemplo not\u00e1vel \u00e9 o caso de uma moradora de Ponte Nova, em Minas Gerais, que ganhou R$ 1 milh\u00e3o ao participar do programa estadual ap\u00f3s realizar uma compra de apenas     R$ 73.<\/p>\n\n\n\n<p>Al\u00e9m dos benef\u00edcios diretos aos consumidores, os programas de incentivo tamb\u00e9m t\u00eam um impacto positivo em institui\u00e7\u00f5es de caridade. Em Minas Gerais, por exemplo, os participantes do programa Nota Fiscal Mineira podem indicar institui\u00e7\u00f5es para receberem pr\u00eamios em dinheiro. A APAE de Ponte Nova foi uma das beneficiadas, recebendo R$ 30 mil, valor que chegou em um momento oportuno para a institui\u00e7\u00e3o.<\/p>\n\n\n\n<h2 class=\"wp-block-heading\">Como os programas de incentivo est\u00e3o impactando a sociedade?<\/h2>\n\n\n\n<p>Os programas de incentivo ao CPF na nota t\u00eam gerado um aumento significativo na emiss\u00e3o de documentos fiscais. Segundo Luiz Cl\u00e1udio Gomes, secret\u00e1rio de Estado da Fazenda de Minas Gerais, o programa tem conscientizado a sociedade sobre a import\u00e2ncia da emiss\u00e3o de notas fiscais e do pagamento de tributos. Essa conscientiza\u00e7\u00e3o \u00e9 essencial para a manuten\u00e7\u00e3o de um sistema tribut\u00e1rio justo e eficiente.<\/p>\n\n\n\n<p>O h\u00e1bito de solicitar a inclus\u00e3o do CPF na nota est\u00e1 se tornando cada vez mais comum entre os consumidores. Pessoas como o professor Leonardo Oliveira Pacheco e a auxiliar de limpeza Maria das Gra\u00e7as Rosa da Cunha destacam a import\u00e2ncia de ter a nota fiscal como comprovante de suas compras, refor\u00e7ando a legalidade das transa\u00e7\u00f5es comerciais.<\/p>\n\n\n\n<h2 class=\"wp-block-heading\">Por que os programas de incentivo s\u00e3o importantes?<\/h2>\n\n\n\n<figure class=\"wp-block-image size-large\"><img loading=\"lazy\" decoding=\"async\" width=\"1024\" height=\"576\" src=\"https:\/\/www.em.com.br\/emfoco\/wp-content\/uploads\/2025\/04\/documento-fiscal_1744144942919-1024x576.jpg\" alt=\"\" class=\"wp-image-36536\" srcset=\"https:\/\/www.em.com.br\/emfoco\/wp-content\/uploads\/2025\/04\/documento-fiscal_1744144942919-1024x576.jpg 1024w, https:\/\/www.em.com.br\/emfoco\/wp-content\/uploads\/2025\/04\/documento-fiscal_1744144942919-300x169.jpg 300w, https:\/\/www.em.com.br\/emfoco\/wp-content\/uploads\/2025\/04\/documento-fiscal_1744144942919-768x432.jpg 768w, https:\/\/www.em.com.br\/emfoco\/wp-content\/uploads\/2025\/04\/documento-fiscal_1744144942919-750x422.jpg 750w, https:\/\/www.em.com.br\/emfoco\/wp-content\/uploads\/2025\/04\/documento-fiscal_1744144942919-1140x641.jpg 1140w, https:\/\/www.em.com.br\/emfoco\/wp-content\/uploads\/2025\/04\/documento-fiscal_1744144942919.jpg 1280w\" sizes=\"auto, (max-width: 1024px) 100vw, 1024px\" \/><figcaption class=\"wp-element-caption\">Notas fiscais-Cr\u00e9ditos: depositphotos.com \/ VadimVasenin<\/figcaption><\/figure>\n\n\n\n<p>Os programas de incentivo ao CPF na nota desempenham um papel crucial na luta contra a sonega\u00e7\u00e3o fiscal. Ao garantir que os estabelecimentos emitam notas fiscais, eles promovem a transpar\u00eancia e a legalidade nas transa\u00e7\u00f5es comerciais. Al\u00e9m disso, os benef\u00edcios oferecidos aos consumidores incentivam a participa\u00e7\u00e3o no programa, criando um ciclo virtuoso de conscientiza\u00e7\u00e3o e cumprimento das obriga\u00e7\u00f5es tribut\u00e1rias.<\/p>\n\n\n\n<p>Em suma, essas iniciativas n\u00e3o apenas beneficiam os consumidores e institui\u00e7\u00f5es de caridade, mas tamb\u00e9m fortalecem o sistema tribut\u00e1rio brasileiro, contribuindo para uma sociedade mais justa e equitativa. \u00c0 medida que mais estados adotam esses programas, espera-se que o impacto positivo continue a crescer, promovendo uma cultura de responsabilidade fiscal em todo o pa\u00eds.<\/p>\n","protected":false},"excerpt":{"rendered":"<p>No Brasil, diversos estados t\u00eam implementado programas que incentivam os consumidores a incluir o CPF na nota fiscal. Essa pr\u00e1tica visa combater a sonega\u00e7\u00e3o de impostos, garantindo que os estabelecimentos comerciais emitam o documento fiscal corretamente. Ao solicitar a inclus\u00e3o do CPF na nota, o consumidor contribui para a transpar\u00eancia tribut\u00e1ria e, em contrapartida, pode [&hellip;]<\/p>\n","protected":false},"author":12,"featured_media":36535,"comment_status":"open","ping_status":"open","sticky":false,"template":"","format":"standard","meta":{"jnews-multi-image_gallery":[],"jnews_single_post":{"format":"standard"},"jnews_primary_category":[],"jnews_social_meta":[],"jnews_override_counter":[],"footnotes":""},"categories":[28,1],"tags":[2677,7320,7321,7319],"class_list":["post-36529","post","type-post","status-publish","format-standard","has-post-thumbnail","hentry","category-economia","category-noticias","tag-nota-fiscal-paulista","tag-sonegacao-de-impostos","tag-sorteios-nota-fiscal","tag-transparencia-tributaria"],"yoast_head":"<!-- This site is optimized with the Yoast SEO plugin v23.8 - https:\/\/yoast.com\/wordpress\/plugins\/seo\/ -->\n<title>CPF na nota fiscal, benef\u00edcios e impactos para consumidores e sociedade - Estado de Minas - Em foco<\/title>\n<meta name=\"description\" content=\"Benef\u00edcios dos programas que incentivam a inclus\u00e3o do CPF na nota fiscal. Contribua para a transpar\u00eancia fiscal e ganhe pr\u00eamios e descontos.\" \/>\n<meta name=\"robots\" content=\"index, follow, max-snippet:-1, max-image-preview:large, max-video-preview:-1\" \/>\n<link rel=\"canonical\" href=\"https:\/\/www.em.com.br\/emfoco\/2025\/04\/10\/cpf-na-nota-fiscal-beneficios-e-impactos-para-consumidores-e-sociedade\/\" \/>\n<meta property=\"og:locale\" content=\"pt_BR\" \/>\n<meta property=\"og:type\" content=\"article\" \/>\n<meta property=\"og:title\" content=\"CPF na nota fiscal, benef\u00edcios e impactos para consumidores e sociedade - Estado de Minas - Em foco\" \/>\n<meta property=\"og:description\" content=\"Benef\u00edcios dos programas que incentivam a inclus\u00e3o do CPF na nota fiscal. Contribua para a transpar\u00eancia fiscal e ganhe pr\u00eamios e descontos.\" \/>\n<meta property=\"og:url\" content=\"https:\/\/www.em.com.br\/emfoco\/2025\/04\/10\/cpf-na-nota-fiscal-beneficios-e-impactos-para-consumidores-e-sociedade\/\" \/>\n<meta property=\"og:site_name\" content=\"Estado de Minas - Em foco\" \/>\n<meta property=\"article:published_time\" content=\"2025-04-10T19:20:00+00:00\" \/>\n<meta property=\"article:modified_time\" content=\"2025-04-08T20:58:17+00:00\" \/>\n<meta property=\"og:image\" content=\"https:\/\/www.em.com.br\/emfoco\/wp-content\/uploads\/2025\/04\/notinha-fiscal_1744144631572.jpg\" \/>\n\t<meta property=\"og:image:width\" content=\"1280\" \/>\n\t<meta property=\"og:image:height\" content=\"720\" \/>\n\t<meta property=\"og:image:type\" content=\"image\/jpeg\" \/>\n<meta name=\"author\" content=\"Keren Ester\" \/>\n<meta name=\"twitter:card\" content=\"summary_large_image\" \/>\n<meta name=\"twitter:label1\" content=\"Escrito por\" \/>\n\t<meta name=\"twitter:data1\" content=\"Keren Ester\" \/>\n\t<meta name=\"twitter:label2\" content=\"Est. tempo de leitura\" \/>\n\t<meta name=\"twitter:data2\" content=\"4 minutos\" \/>\n<!-- \/ Yoast SEO plugin. -->","yoast_head_json":{"title":"CPF na nota fiscal, benef\u00edcios e impactos para consumidores e sociedade - Estado de Minas - Em foco","description":"Benef\u00edcios dos programas que incentivam a inclus\u00e3o do CPF na nota fiscal. Contribua para a transpar\u00eancia fiscal e ganhe pr\u00eamios e descontos.","robots":{"index":"index","follow":"follow","max-snippet":"max-snippet:-1","max-image-preview":"max-image-preview:large","max-video-preview":"max-video-preview:-1"},"canonical":"https:\/\/www.em.com.br\/emfoco\/2025\/04\/10\/cpf-na-nota-fiscal-beneficios-e-impactos-para-consumidores-e-sociedade\/","og_locale":"pt_BR","og_type":"article","og_title":"CPF na nota fiscal, benef\u00edcios e impactos para consumidores e sociedade - Estado de Minas - Em foco","og_description":"Benef\u00edcios dos programas que incentivam a inclus\u00e3o do CPF na nota fiscal. Contribua para a transpar\u00eancia fiscal e ganhe pr\u00eamios e descontos.","og_url":"https:\/\/www.em.com.br\/emfoco\/2025\/04\/10\/cpf-na-nota-fiscal-beneficios-e-impactos-para-consumidores-e-sociedade\/","og_site_name":"Estado de Minas - Em foco","article_published_time":"2025-04-10T19:20:00+00:00","article_modified_time":"2025-04-08T20:58:17+00:00","og_image":[{"width":1280,"height":720,"url":"https:\/\/www.em.com.br\/emfoco\/wp-content\/uploads\/2025\/04\/notinha-fiscal_1744144631572.jpg","type":"image\/jpeg"}],"author":"Keren Ester","twitter_card":"summary_large_image","twitter_misc":{"Escrito por":"Keren Ester","Est. tempo de leitura":"4 minutos"},"schema":{"@context":"https:\/\/schema.org","@graph":[{"@type":"WebPage","@id":"https:\/\/www.em.com.br\/emfoco\/2025\/04\/10\/cpf-na-nota-fiscal-beneficios-e-impactos-para-consumidores-e-sociedade\/","url":"https:\/\/www.em.com.br\/emfoco\/2025\/04\/10\/cpf-na-nota-fiscal-beneficios-e-impactos-para-consumidores-e-sociedade\/","name":"CPF na nota fiscal, benef\u00edcios e impactos para consumidores e sociedade - Estado de Minas - Em foco","isPartOf":{"@id":"https:\/\/www.em.com.br\/emfoco\/#website"},"primaryImageOfPage":{"@id":"https:\/\/www.em.com.br\/emfoco\/2025\/04\/10\/cpf-na-nota-fiscal-beneficios-e-impactos-para-consumidores-e-sociedade\/#primaryimage"},"image":{"@id":"https:\/\/www.em.com.br\/emfoco\/2025\/04\/10\/cpf-na-nota-fiscal-beneficios-e-impactos-para-consumidores-e-sociedade\/#primaryimage"},"thumbnailUrl":"https:\/\/www.em.com.br\/emfoco\/wp-content\/uploads\/2025\/04\/notinha-fiscal_1744144631572.jpg","datePublished":"2025-04-10T19:20:00+00:00","dateModified":"2025-04-08T20:58:17+00:00","author":{"@id":"https:\/\/www.em.com.br\/emfoco\/#\/schema\/person\/2e06e19826e476d778787245c8ef334d"},"description":"Benef\u00edcios dos programas que incentivam a inclus\u00e3o do CPF na nota fiscal. Contribua para a transpar\u00eancia fiscal e ganhe pr\u00eamios e descontos.","breadcrumb":{"@id":"https:\/\/www.em.com.br\/emfoco\/2025\/04\/10\/cpf-na-nota-fiscal-beneficios-e-impactos-para-consumidores-e-sociedade\/#breadcrumb"},"inLanguage":"pt-BR","potentialAction":[{"@type":"ReadAction","target":["https:\/\/www.em.com.br\/emfoco\/2025\/04\/10\/cpf-na-nota-fiscal-beneficios-e-impactos-para-consumidores-e-sociedade\/"]}]},{"@type":"ImageObject","inLanguage":"pt-BR","@id":"https:\/\/www.em.com.br\/emfoco\/2025\/04\/10\/cpf-na-nota-fiscal-beneficios-e-impactos-para-consumidores-e-sociedade\/#primaryimage","url":"https:\/\/www.em.com.br\/emfoco\/wp-content\/uploads\/2025\/04\/notinha-fiscal_1744144631572.jpg","contentUrl":"https:\/\/www.em.com.br\/emfoco\/wp-content\/uploads\/2025\/04\/notinha-fiscal_1744144631572.jpg","width":1280,"height":720,"caption":"Homem com notas fiscais-Cr\u00e9ditos: depositphotos.com \/ shisuka"},{"@type":"BreadcrumbList","@id":"https:\/\/www.em.com.br\/emfoco\/2025\/04\/10\/cpf-na-nota-fiscal-beneficios-e-impactos-para-consumidores-e-sociedade\/#breadcrumb","itemListElement":[{"@type":"ListItem","position":1,"name":"In\u00edcio","item":"https:\/\/www.em.com.br\/emfoco\/"},{"@type":"ListItem","position":2,"name":"CPF na nota fiscal, benef\u00edcios e impactos para consumidores e sociedade"}]},{"@type":"WebSite","@id":"https:\/\/www.em.com.br\/emfoco\/#website","url":"https:\/\/www.em.com.br\/emfoco\/","name":"Estado de Minas - Em foco","description":"Acompanhe as \u00faltimas not\u00edcias e fique bem informado sobre tudo o que acontece em Minas Gerais, Brasil e no mundo.","potentialAction":[{"@type":"SearchAction","target":{"@type":"EntryPoint","urlTemplate":"https:\/\/www.em.com.br\/emfoco\/?s={search_term_string}"},"query-input":{"@type":"PropertyValueSpecification","valueRequired":true,"valueName":"search_term_string"}}],"inLanguage":"pt-BR"},{"@type":"Person","@id":"https:\/\/www.em.com.br\/emfoco\/#\/schema\/person\/2e06e19826e476d778787245c8ef334d","name":"Keren Ester","image":{"@type":"ImageObject","inLanguage":"pt-BR","@id":"https:\/\/www.em.com.br\/emfoco\/#\/schema\/person\/image\/","url":"https:\/\/secure.gravatar.com\/avatar\/b3d0f2b934f7fab59c611ea63b5cf4b1?s=96&d=mm&r=g","contentUrl":"https:\/\/secure.gravatar.com\/avatar\/b3d0f2b934f7fab59c611ea63b5cf4b1?s=96&d=mm&r=g","caption":"Keren Ester"},"url":"https:\/\/www.em.com.br\/emfoco\/author\/kerenmyth\/"}]}},"_links":{"self":[{"href":"https:\/\/www.em.com.br\/emfoco\/wp-json\/wp\/v2\/posts\/36529","targetHints":{"allow":["GET"]}}],"collection":[{"href":"https:\/\/www.em.com.br\/emfoco\/wp-json\/wp\/v2\/posts"}],"about":[{"href":"https:\/\/www.em.com.br\/emfoco\/wp-json\/wp\/v2\/types\/post"}],"author":[{"embeddable":true,"href":"https:\/\/www.em.com.br\/emfoco\/wp-json\/wp\/v2\/users\/12"}],"replies":[{"embeddable":true,"href":"https:\/\/www.em.com.br\/emfoco\/wp-json\/wp\/v2\/comments?post=36529"}],"version-history":[{"count":3,"href":"https:\/\/www.em.com.br\/emfoco\/wp-json\/wp\/v2\/posts\/36529\/revisions"}],"predecessor-version":[{"id":36539,"href":"https:\/\/www.em.com.br\/emfoco\/wp-json\/wp\/v2\/posts\/36529\/revisions\/36539"}],"wp:featuredmedia":[{"embeddable":true,"href":"https:\/\/www.em.com.br\/emfoco\/wp-json\/wp\/v2\/media\/36535"}],"wp:attachment":[{"href":"https:\/\/www.em.com.br\/emfoco\/wp-json\/wp\/v2\/media?parent=36529"}],"wp:term":[{"taxonomy":"category","embeddable":true,"href":"https:\/\/www.em.com.br\/emfoco\/wp-json\/wp\/v2\/categories?post=36529"},{"taxonomy":"post_tag","embeddable":true,"href":"https:\/\/www.em.com.br\/emfoco\/wp-json\/wp\/v2\/tags?post=36529"}],"curies":[{"name":"wp","href":"https:\/\/api.w.org\/{rel}","templated":true}]}}