{"id":36205,"date":"2025-04-10T10:00:08","date_gmt":"2025-04-10T13:00:08","guid":{"rendered":"https:\/\/www.em.com.br\/emfoco\/?p=36205"},"modified":"2025-04-10T10:00:09","modified_gmt":"2025-04-10T13:00:09","slug":"governo-autorizou-devolucao-do-ipva-em-2025-e-surpreende-donos-de-veiculos","status":"publish","type":"post","link":"https:\/\/www.em.com.br\/emfoco\/2025\/04\/10\/governo-autorizou-devolucao-do-ipva-em-2025-e-surpreende-donos-de-veiculos\/","title":{"rendered":"Governo autorizou devolu\u00e7\u00e3o do IPVA em 2025 e surpreende donos de ve\u00edculos"},"content":{"rendered":"\n<p>Em 2024, o estado do Rio Grande do Sul enfrentou enchentes devastadoras que causaram preju\u00edzos significativos a muitos propriet\u00e1rios de ve\u00edculos. Em resposta a essa situa\u00e7\u00e3o, o governo estadual criou um programa para reembolsar parte do Imposto sobre a Propriedade de Ve\u00edculos Automotores (IPVA) para aqueles cujos ve\u00edculos foram danificados al\u00e9m do reparo.<\/p>\n\n\n\n<p>Essa iniciativa visa oferecer um al\u00edvio financeiro essencial para os cidad\u00e3os que n\u00e3o possuem seguro, ajudando-os a lidar com as perdas inesperadas. A a\u00e7\u00e3o destaca o compromisso do governo em prestar assist\u00eancia em tempos de crise.<\/p>\n\n\n\n<h2 class=\"wp-block-heading\">Qual \u00e9 o processo para obter o reembolso do IPVA?<\/h2>\n\n\n\n<p>O programa de reembolso foi desenvolvido para propriet\u00e1rios de ve\u00edculos que sofreram perda total devido \u00e0s enchentes. Para participar, \u00e9 necess\u00e1rio apresentar documenta\u00e7\u00e3o oficial que comprove o dano irrepar\u00e1vel. <strong>Este benef\u00edcio \u00e9 exclusivo para ve\u00edculos que n\u00e3o t\u00eam seguro contra enchentes<\/strong>.<\/p>\n\n\n\n<p><strong>A Secretaria da Fazenda do estado \u00e9 encarregada de revisar cada solicita\u00e7\u00e3o<\/strong>, confirmando a elegibilidade e determinando o valor do reembolso, que ser\u00e1 proporcional aos meses restantes do ano fiscal ap\u00f3s a data da perda total do ve\u00edculo, devidamente comprovada pela baixa no Detran-RS. O processo \u00e9 conduzido online, facilitando o acesso e a rapidez na resposta.<\/p>\n\n\n\n<figure class=\"wp-block-image size-large\"><img loading=\"lazy\" decoding=\"async\" width=\"1024\" height=\"576\" src=\"https:\/\/www.em.com.br\/emfoco\/wp-content\/uploads\/2024\/12\/IPVA_1735329115737-1024x576.jpg\" alt=\"Voc\u00ea pode ser isento do IPVA! Solicite agora\" class=\"wp-image-7102\" srcset=\"https:\/\/www.em.com.br\/emfoco\/wp-content\/uploads\/2024\/12\/IPVA_1735329115737-1024x576.jpg 1024w, https:\/\/www.em.com.br\/emfoco\/wp-content\/uploads\/2024\/12\/IPVA_1735329115737-300x169.jpg 300w, https:\/\/www.em.com.br\/emfoco\/wp-content\/uploads\/2024\/12\/IPVA_1735329115737-768x432.jpg 768w, https:\/\/www.em.com.br\/emfoco\/wp-content\/uploads\/2024\/12\/IPVA_1735329115737-750x422.jpg 750w, https:\/\/www.em.com.br\/emfoco\/wp-content\/uploads\/2024\/12\/IPVA_1735329115737-1140x641.jpg 1140w, https:\/\/www.em.com.br\/emfoco\/wp-content\/uploads\/2024\/12\/IPVA_1735329115737.jpg 1280w\" sizes=\"auto, (max-width: 1024px) 100vw, 1024px\" \/><figcaption class=\"wp-element-caption\">Imagem Ilustrativas de Carros &#8211; Cr\u00e9ditos: depositphotos.com \/ joasouza<\/figcaption><\/figure>\n\n\n\n<h2 class=\"wp-block-heading\">Documenta\u00e7\u00e3o necess\u00e1ria para solicitar o reembolso<\/h2>\n\n\n\n<p>Para iniciar o pedido de reembolso, os propriet\u00e1rios devem reunir e enviar uma s\u00e9rie de documentos essenciais. A apresenta\u00e7\u00e3o correta e atualizada desses documentos \u00e9 crucial para evitar atrasos. Os documentos incluem:<\/p>\n\n\n\n<ul class=\"wp-block-list\">\n<li><strong>Identifica\u00e7\u00e3o pessoal:<\/strong> RG e CPF<\/li>\n\n\n\n<li><strong>Comprovante de resid\u00eancia recente<\/strong><\/li>\n\n\n\n<li><strong>Documenta\u00e7\u00e3o do ve\u00edculo:<\/strong> Certificado de Registro e Licenciamento<\/li>\n\n\n\n<li><strong>Prova de baixa do ve\u00edculo no Detran-RS<\/strong><\/li>\n<\/ul>\n\n\n\n<p>Os propriet\u00e1rios de ve\u00edculos afetados t\u00eam at\u00e9 o dia 30 de junho de 2025 para realizar a solicita\u00e7\u00e3o do reembolso do IPVA referente ao ano de 2024.<\/p>\n\n\n\n<h2 class=\"wp-block-heading\">Por que ve\u00edculos com seguro n\u00e3o s\u00e3o inclu\u00eddos?<\/h2>\n\n\n\n<p>Os ve\u00edculos que possuem seguro contra enchentes n\u00e3o s\u00e3o eleg\u00edveis para o reembolso do IPVA, <strong>pois o seguro j\u00e1 cobre os danos<\/strong>. Essa pol\u00edtica garante que os recursos p\u00fablicos sejam direcionados para aqueles que realmente precisam de assist\u00eancia financeira, permitindo que o governo apoie diretamente os mais afetados.<\/p>\n\n\n\n<h2 class=\"wp-block-heading\">Como monitorar o andamento da solicita\u00e7\u00e3o?<\/h2>\n\n\n\n<p><strong>Os propriet\u00e1rios podem verificar o status de suas solicita\u00e7\u00f5es atrav\u00e9s do portal da Secretaria da Fazenda<\/strong>. O sistema online oferece atualiza\u00e7\u00f5es cont\u00ednuas sobre o progresso do pedido e fornece informa\u00e7\u00f5es adicionais sobre prazos e etapas futuras. Para mais detalhes, os interessados devem acessar o site oficial da Secretaria da Fazenda do Rio Grande do Sul.<\/p>\n","protected":false},"excerpt":{"rendered":"<p>Em 2024, o estado do Rio Grande do Sul enfrentou enchentes devastadoras que causaram preju\u00edzos significativos a muitos propriet\u00e1rios de ve\u00edculos. Em resposta a essa situa\u00e7\u00e3o, o governo estadual criou um programa para reembolsar parte do Imposto sobre a Propriedade de Ve\u00edculos Automotores (IPVA) para aqueles cujos ve\u00edculos foram danificados al\u00e9m do reparo. Essa iniciativa [&hellip;]<\/p>\n","protected":false},"author":5,"featured_media":7786,"comment_status":"open","ping_status":"open","sticky":false,"template":"","format":"standard","meta":{"jnews-multi-image_gallery":[],"jnews_single_post":{"format":"standard"},"jnews_primary_category":[],"jnews_social_meta":[],"jnews_override_counter":[],"footnotes":""},"categories":[27,1],"tags":[2024,762,4498,1506],"class_list":["post-36205","post","type-post","status-publish","format-standard","has-post-thumbnail","hentry","category-carros","category-noticias","tag-enchentes","tag-ipva","tag-reembolso","tag-rio-grande-do-sul"],"yoast_head":"<!-- This site is optimized with the Yoast SEO plugin v23.8 - https:\/\/yoast.com\/wordpress\/plugins\/seo\/ -->\n<title>Governo autorizou devolu\u00e7\u00e3o do IPVA em 2025 e surpreende donos de ve\u00edculos - Estado de Minas - Em foco<\/title>\n<meta name=\"description\" content=\"Veja como funciona a devolu\u00e7\u00e3o do ipva e quais documentos s\u00e3o necess\u00e1rios para o pedido. N\u00e3o perca essa oportunidade!\" \/>\n<meta name=\"robots\" content=\"index, follow, max-snippet:-1, max-image-preview:large, max-video-preview:-1\" \/>\n<link rel=\"canonical\" href=\"https:\/\/www.em.com.br\/emfoco\/2025\/04\/10\/governo-autorizou-devolucao-do-ipva-em-2025-e-surpreende-donos-de-veiculos\/\" \/>\n<meta property=\"og:locale\" content=\"pt_BR\" \/>\n<meta property=\"og:type\" content=\"article\" \/>\n<meta property=\"og:title\" content=\"Governo autorizou devolu\u00e7\u00e3o do IPVA em 2025 e surpreende donos de ve\u00edculos - Estado de Minas - Em foco\" \/>\n<meta property=\"og:description\" content=\"Veja como funciona a devolu\u00e7\u00e3o do ipva e quais documentos s\u00e3o necess\u00e1rios para o pedido. N\u00e3o perca essa oportunidade!\" \/>\n<meta property=\"og:url\" content=\"https:\/\/www.em.com.br\/emfoco\/2025\/04\/10\/governo-autorizou-devolucao-do-ipva-em-2025-e-surpreende-donos-de-veiculos\/\" \/>\n<meta property=\"og:site_name\" content=\"Estado de Minas - Em foco\" \/>\n<meta property=\"article:published_time\" content=\"2025-04-10T13:00:08+00:00\" \/>\n<meta property=\"article:modified_time\" content=\"2025-04-10T13:00:09+00:00\" \/>\n<meta property=\"og:image\" content=\"https:\/\/www.em.com.br\/emfoco\/wp-content\/uploads\/2024\/12\/ipva_1735650653009.jpg\" \/>\n\t<meta property=\"og:image:width\" content=\"1280\" \/>\n\t<meta property=\"og:image:height\" content=\"720\" \/>\n\t<meta property=\"og:image:type\" content=\"image\/jpeg\" \/>\n<meta name=\"author\" content=\"N\u00fabia Rangel\" \/>\n<meta name=\"twitter:card\" content=\"summary_large_image\" \/>\n<meta name=\"twitter:label1\" content=\"Escrito por\" \/>\n\t<meta name=\"twitter:data1\" content=\"N\u00fabia Rangel\" \/>\n\t<meta name=\"twitter:label2\" content=\"Est. tempo de leitura\" \/>\n\t<meta name=\"twitter:data2\" content=\"3 minutos\" \/>\n<!-- \/ Yoast SEO plugin. -->","yoast_head_json":{"title":"Governo autorizou devolu\u00e7\u00e3o do IPVA em 2025 e surpreende donos de ve\u00edculos - Estado de Minas - Em foco","description":"Veja como funciona a devolu\u00e7\u00e3o do ipva e quais documentos s\u00e3o necess\u00e1rios para o pedido. N\u00e3o perca essa oportunidade!","robots":{"index":"index","follow":"follow","max-snippet":"max-snippet:-1","max-image-preview":"max-image-preview:large","max-video-preview":"max-video-preview:-1"},"canonical":"https:\/\/www.em.com.br\/emfoco\/2025\/04\/10\/governo-autorizou-devolucao-do-ipva-em-2025-e-surpreende-donos-de-veiculos\/","og_locale":"pt_BR","og_type":"article","og_title":"Governo autorizou devolu\u00e7\u00e3o do IPVA em 2025 e surpreende donos de ve\u00edculos - Estado de Minas - Em foco","og_description":"Veja como funciona a devolu\u00e7\u00e3o do ipva e quais documentos s\u00e3o necess\u00e1rios para o pedido. N\u00e3o perca essa oportunidade!","og_url":"https:\/\/www.em.com.br\/emfoco\/2025\/04\/10\/governo-autorizou-devolucao-do-ipva-em-2025-e-surpreende-donos-de-veiculos\/","og_site_name":"Estado de Minas - Em foco","article_published_time":"2025-04-10T13:00:08+00:00","article_modified_time":"2025-04-10T13:00:09+00:00","og_image":[{"width":1280,"height":720,"url":"https:\/\/www.em.com.br\/emfoco\/wp-content\/uploads\/2024\/12\/ipva_1735650653009.jpg","type":"image\/jpeg"}],"author":"N\u00fabia Rangel","twitter_card":"summary_large_image","twitter_misc":{"Escrito por":"N\u00fabia Rangel","Est. tempo de leitura":"3 minutos"},"schema":{"@context":"https:\/\/schema.org","@graph":[{"@type":"WebPage","@id":"https:\/\/www.em.com.br\/emfoco\/2025\/04\/10\/governo-autorizou-devolucao-do-ipva-em-2025-e-surpreende-donos-de-veiculos\/","url":"https:\/\/www.em.com.br\/emfoco\/2025\/04\/10\/governo-autorizou-devolucao-do-ipva-em-2025-e-surpreende-donos-de-veiculos\/","name":"Governo autorizou devolu\u00e7\u00e3o do IPVA em 2025 e surpreende donos de ve\u00edculos - Estado de Minas - Em foco","isPartOf":{"@id":"https:\/\/www.em.com.br\/emfoco\/#website"},"primaryImageOfPage":{"@id":"https:\/\/www.em.com.br\/emfoco\/2025\/04\/10\/governo-autorizou-devolucao-do-ipva-em-2025-e-surpreende-donos-de-veiculos\/#primaryimage"},"image":{"@id":"https:\/\/www.em.com.br\/emfoco\/2025\/04\/10\/governo-autorizou-devolucao-do-ipva-em-2025-e-surpreende-donos-de-veiculos\/#primaryimage"},"thumbnailUrl":"https:\/\/www.em.com.br\/emfoco\/wp-content\/uploads\/2024\/12\/ipva_1735650653009.jpg","datePublished":"2025-04-10T13:00:08+00:00","dateModified":"2025-04-10T13:00:09+00:00","author":{"@id":"https:\/\/www.em.com.br\/emfoco\/#\/schema\/person\/524437ef54f8a5d32591b143307f2e20"},"description":"Veja como funciona a devolu\u00e7\u00e3o do ipva e quais documentos s\u00e3o necess\u00e1rios para o pedido. N\u00e3o perca essa oportunidade!","breadcrumb":{"@id":"https:\/\/www.em.com.br\/emfoco\/2025\/04\/10\/governo-autorizou-devolucao-do-ipva-em-2025-e-surpreende-donos-de-veiculos\/#breadcrumb"},"inLanguage":"pt-BR","potentialAction":[{"@type":"ReadAction","target":["https:\/\/www.em.com.br\/emfoco\/2025\/04\/10\/governo-autorizou-devolucao-do-ipva-em-2025-e-surpreende-donos-de-veiculos\/"]}]},{"@type":"ImageObject","inLanguage":"pt-BR","@id":"https:\/\/www.em.com.br\/emfoco\/2025\/04\/10\/governo-autorizou-devolucao-do-ipva-em-2025-e-surpreende-donos-de-veiculos\/#primaryimage","url":"https:\/\/www.em.com.br\/emfoco\/wp-content\/uploads\/2024\/12\/ipva_1735650653009.jpg","contentUrl":"https:\/\/www.em.com.br\/emfoco\/wp-content\/uploads\/2024\/12\/ipva_1735650653009.jpg","width":1280,"height":720,"caption":"Imagem Ilustrativa de IPVA - Cr\u00e9ditos: depositphotos.com \/ rafapress"},{"@type":"BreadcrumbList","@id":"https:\/\/www.em.com.br\/emfoco\/2025\/04\/10\/governo-autorizou-devolucao-do-ipva-em-2025-e-surpreende-donos-de-veiculos\/#breadcrumb","itemListElement":[{"@type":"ListItem","position":1,"name":"In\u00edcio","item":"https:\/\/www.em.com.br\/emfoco\/"},{"@type":"ListItem","position":2,"name":"Governo autorizou devolu\u00e7\u00e3o do IPVA em 2025 e surpreende donos de ve\u00edculos"}]},{"@type":"WebSite","@id":"https:\/\/www.em.com.br\/emfoco\/#website","url":"https:\/\/www.em.com.br\/emfoco\/","name":"Estado de Minas - Em foco","description":"Acompanhe as \u00faltimas not\u00edcias e fique bem informado sobre tudo o que acontece em Minas Gerais, Brasil e no mundo.","potentialAction":[{"@type":"SearchAction","target":{"@type":"EntryPoint","urlTemplate":"https:\/\/www.em.com.br\/emfoco\/?s={search_term_string}"},"query-input":{"@type":"PropertyValueSpecification","valueRequired":true,"valueName":"search_term_string"}}],"inLanguage":"pt-BR"},{"@type":"Person","@id":"https:\/\/www.em.com.br\/emfoco\/#\/schema\/person\/524437ef54f8a5d32591b143307f2e20","name":"N\u00fabia Rangel","image":{"@type":"ImageObject","inLanguage":"pt-BR","@id":"https:\/\/www.em.com.br\/emfoco\/#\/schema\/person\/image\/","url":"https:\/\/secure.gravatar.com\/avatar\/47cff2827a5ba23c37e8068c86817ea4?s=96&d=mm&r=g","contentUrl":"https:\/\/secure.gravatar.com\/avatar\/47cff2827a5ba23c37e8068c86817ea4?s=96&d=mm&r=g","caption":"N\u00fabia Rangel"},"sameAs":["https:\/\/www.em.com.br\/emfoco\/"],"url":"https:\/\/www.em.com.br\/emfoco\/author\/nubiamyth\/"}]}},"_links":{"self":[{"href":"https:\/\/www.em.com.br\/emfoco\/wp-json\/wp\/v2\/posts\/36205","targetHints":{"allow":["GET"]}}],"collection":[{"href":"https:\/\/www.em.com.br\/emfoco\/wp-json\/wp\/v2\/posts"}],"about":[{"href":"https:\/\/www.em.com.br\/emfoco\/wp-json\/wp\/v2\/types\/post"}],"author":[{"embeddable":true,"href":"https:\/\/www.em.com.br\/emfoco\/wp-json\/wp\/v2\/users\/5"}],"replies":[{"embeddable":true,"href":"https:\/\/www.em.com.br\/emfoco\/wp-json\/wp\/v2\/comments?post=36205"}],"version-history":[{"count":3,"href":"https:\/\/www.em.com.br\/emfoco\/wp-json\/wp\/v2\/posts\/36205\/revisions"}],"predecessor-version":[{"id":36210,"href":"https:\/\/www.em.com.br\/emfoco\/wp-json\/wp\/v2\/posts\/36205\/revisions\/36210"}],"wp:featuredmedia":[{"embeddable":true,"href":"https:\/\/www.em.com.br\/emfoco\/wp-json\/wp\/v2\/media\/7786"}],"wp:attachment":[{"href":"https:\/\/www.em.com.br\/emfoco\/wp-json\/wp\/v2\/media?parent=36205"}],"wp:term":[{"taxonomy":"category","embeddable":true,"href":"https:\/\/www.em.com.br\/emfoco\/wp-json\/wp\/v2\/categories?post=36205"},{"taxonomy":"post_tag","embeddable":true,"href":"https:\/\/www.em.com.br\/emfoco\/wp-json\/wp\/v2\/tags?post=36205"}],"curies":[{"name":"wp","href":"https:\/\/api.w.org\/{rel}","templated":true}]}}