{"id":36131,"date":"2025-04-09T16:20:00","date_gmt":"2025-04-09T19:20:00","guid":{"rendered":"https:\/\/www.em.com.br\/emfoco\/?p=36131"},"modified":"2025-04-08T06:19:38","modified_gmt":"2025-04-08T09:19:38","slug":"nota-da-gente-2025-relanca-premio-de-r-1-milhao-e-surpreende-consumidores-sergipanos","status":"publish","type":"post","link":"https:\/\/www.em.com.br\/emfoco\/2025\/04\/09\/nota-da-gente-2025-relanca-premio-de-r-1-milhao-e-surpreende-consumidores-sergipanos\/","title":{"rendered":"Nota da Gente 2025 relan\u00e7a pr\u00eamio de R$ 1 milh\u00e3o e surpreende consumidores sergipanos"},"content":{"rendered":"\n<p>O Nota da Gente \u00e9 uma iniciativa criada pela Secretaria de Estado da Fazenda de <strong><a href=\"https:\/\/www.em.com.br\/emfoco\/2025\/03\/03\/sergipe-e-o-programa-que-transforma-notas-fiscais-em-premios\/\" target=\"_blank\" rel=\"noreferrer noopener\">Sergipe <\/a><\/strong>(Sefaz) com o intuito de promover a cidadania fiscal e incentivar os consumidores a exigirem a nota fiscal com CPF. Relan\u00e7ado em 2025, o programa oferece pr\u00eamios em dinheiro para aqueles que participam, com um pr\u00eamio principal de R$ 1 milh\u00e3o.<\/p>\n\n\n\n<h2 class=\"wp-block-heading\">Como funciona a participa\u00e7\u00e3o no programa?<\/h2>\n\n\n\n<p>Para participar do Nota da Gente, \u00e9 necess\u00e1rio que o consumidor realize um cadastro no site oficial do programa. Aqueles que j\u00e1 participaram anteriormente precisam apenas atualizar suas informa\u00e7\u00f5es. Ap\u00f3s o cadastro, o consumidor deve solicitar a inclus\u00e3o do CPF em todas as notas fiscais de compras realizadas em Sergipe. Cada nota registrada gera um bilhete eletr\u00f4nico, aumentando as chances de ganhar pr\u00eamios conforme o n\u00famero de compras realizadas.<\/p>\n\n\n\n<h2 class=\"wp-block-heading\">Quais s\u00e3o os pr\u00eamios dispon\u00edveis?<\/h2>\n\n\n\n<p>O programa oferece uma variedade de pr\u00eamios, come\u00e7ando com o grande pr\u00eamio de R$ 1 milh\u00e3o. Al\u00e9m disso, h\u00e1 um pr\u00eamio adicional de R$ 250 mil para outro participante sorteado. Uma parte interessante do programa \u00e9 a possibilidade de destinar R$ 25 mil a institui\u00e7\u00f5es beneficentes, escolhidas pelos pr\u00f3prios participantes. Essa doa\u00e7\u00e3o \u00e9 feita quando o consumidor indica uma entidade no momento do cadastro, refor\u00e7ando o car\u00e1ter social do programa.<\/p>\n\n\n\n<h2 class=\"wp-block-heading\">Por que o Nota da Gente \u00e9 importante?<\/h2>\n\n\n\n<figure class=\"wp-block-image size-large\"><img loading=\"lazy\" decoding=\"async\" width=\"1024\" height=\"576\" src=\"https:\/\/www.em.com.br\/emfoco\/wp-content\/uploads\/2025\/04\/nota-mercado_1744056001240-1024x576.jpg\" alt=\"\" class=\"wp-image-36134\" srcset=\"https:\/\/www.em.com.br\/emfoco\/wp-content\/uploads\/2025\/04\/nota-mercado_1744056001240-1024x576.jpg 1024w, https:\/\/www.em.com.br\/emfoco\/wp-content\/uploads\/2025\/04\/nota-mercado_1744056001240-300x169.jpg 300w, https:\/\/www.em.com.br\/emfoco\/wp-content\/uploads\/2025\/04\/nota-mercado_1744056001240-768x432.jpg 768w, https:\/\/www.em.com.br\/emfoco\/wp-content\/uploads\/2025\/04\/nota-mercado_1744056001240-750x422.jpg 750w, https:\/\/www.em.com.br\/emfoco\/wp-content\/uploads\/2025\/04\/nota-mercado_1744056001240-1140x641.jpg 1140w, https:\/\/www.em.com.br\/emfoco\/wp-content\/uploads\/2025\/04\/nota-mercado_1744056001240.jpg 1280w\" sizes=\"auto, (max-width: 1024px) 100vw, 1024px\" \/><figcaption class=\"wp-element-caption\">Recibo de pagamento-Cr\u00e9ditos: depositphotos.com \/ OlenaShevchenko<\/figcaption><\/figure>\n\n\n\n<p>O Nota da Gente desempenha um papel fundamental na promo\u00e7\u00e3o da cidadania fiscal em Sergipe. Ao solicitar a nota fiscal com o CPF, os consumidores ajudam a combater a sonega\u00e7\u00e3o fiscal, o que contribui para o aumento da arrecada\u00e7\u00e3o de impostos. Esses recursos adicionais s\u00e3o essenciais para investimentos em \u00e1reas como sa\u00fade, educa\u00e7\u00e3o e infraestrutura. Al\u00e9m disso, o programa incentiva o consumo em estabelecimentos locais, beneficiando o com\u00e9rcio regional.<\/p>\n\n\n\n<h2 class=\"wp-block-heading\">Como aumentar as chances de ganhar?<\/h2>\n\n\n\n<p>Para maximizar as chances de ganhar no <a href=\"https:\/\/terrabrasilnoticias.com\/2025\/04\/concorra-a-r-1-milhao-apenas-adicionando-o-cpf-na-nota\/\" target=\"_blank\" rel=\"noreferrer noopener\">Nota da Gente<\/a>, \u00e9 recomend\u00e1vel adotar algumas estrat\u00e9gias. Realizar compras frequentes em estabelecimentos locais e sempre pedir a nota fiscal com o CPF \u00e9 fundamental. \u00c9 importante verificar no site do programa se as notas est\u00e3o sendo registradas corretamente. Al\u00e9m disso, escolher uma entidade beneficente para concorrer ao pr\u00eamio extra de R$ 25 mil pode ser uma boa estrat\u00e9gia. A regularidade nas compras ao longo do per\u00edodo de validade do programa \u00e9 crucial para acumular mais bilhetes e aumentar as chances de ser sorteado.<\/p>\n\n\n\n<h2 class=\"wp-block-heading\">Impactos do programa em Sergipe<\/h2>\n\n\n\n<p>Desde seu relan\u00e7amento, o Nota da Gente tem gerado impactos positivos em Sergipe. O aumento na ades\u00e3o dos consumidores tem levado a um crescimento na emiss\u00e3o de notas fiscais, refletindo uma maior conscientiza\u00e7\u00e3o sobre a import\u00e2ncia da regulariza\u00e7\u00e3o fiscal. Para os pequenos comerciantes, o programa \u00e9 uma oportunidade de fidelizar clientes, integrando a inclus\u00e3o do CPF na nota ao cotidiano das vendas. As entidades beneficentes participantes aguardam ansiosamente os resultados dos sorteios, pois as doa\u00e7\u00f5es podem fazer uma diferen\u00e7a significativa em seus projetos.<\/p>\n","protected":false},"excerpt":{"rendered":"<p>O Nota da Gente \u00e9 uma iniciativa criada pela Secretaria de Estado da Fazenda de Sergipe (Sefaz) com o intuito de promover a cidadania fiscal e incentivar os consumidores a exigirem a nota fiscal com CPF. Relan\u00e7ado em 2025, o programa oferece pr\u00eamios em dinheiro para aqueles que participam, com um pr\u00eamio principal de R$ [&hellip;]<\/p>\n","protected":false},"author":12,"featured_media":36133,"comment_status":"open","ping_status":"open","sticky":false,"template":"","format":"standard","meta":{"jnews-multi-image_gallery":[],"jnews_single_post":{"format":"standard"},"jnews_primary_category":[],"jnews_social_meta":[],"jnews_override_counter":[],"footnotes":""},"categories":[28,1],"tags":[7127,402,7258,1425],"class_list":["post-36131","post","type-post","status-publish","format-standard","has-post-thumbnail","hentry","category-economia","category-noticias","tag-nota-fiscal-com-cpf","tag-premios","tag-programa-nota-da-gente","tag-sorteio"],"yoast_head":"<!-- This site is optimized with the Yoast SEO plugin v23.8 - https:\/\/yoast.com\/wordpress\/plugins\/seo\/ -->\n<title>Nota da Gente 2025 relan\u00e7a pr\u00eamio de R$ 1 milh\u00e3o e surpreende consumidores sergipanos - Estado de Minas - Em foco<\/title>\n<meta name=\"description\" content=\"Participe do Nota da Gente 2025 em Sergipe e concorra a pr\u00eamios de at\u00e9 R$ 1 milh\u00e3o apenas pedindo CPF na nota fiscal.\" \/>\n<meta name=\"robots\" content=\"index, follow, max-snippet:-1, max-image-preview:large, max-video-preview:-1\" \/>\n<link rel=\"canonical\" href=\"https:\/\/www.em.com.br\/emfoco\/2025\/04\/09\/nota-da-gente-2025-relanca-premio-de-r-1-milhao-e-surpreende-consumidores-sergipanos\/\" \/>\n<meta property=\"og:locale\" content=\"pt_BR\" \/>\n<meta property=\"og:type\" content=\"article\" \/>\n<meta property=\"og:title\" content=\"Nota da Gente 2025 relan\u00e7a pr\u00eamio de R$ 1 milh\u00e3o e surpreende consumidores sergipanos - Estado de Minas - Em foco\" \/>\n<meta property=\"og:description\" content=\"Participe do Nota da Gente 2025 em Sergipe e concorra a pr\u00eamios de at\u00e9 R$ 1 milh\u00e3o apenas pedindo CPF na nota fiscal.\" \/>\n<meta property=\"og:url\" content=\"https:\/\/www.em.com.br\/emfoco\/2025\/04\/09\/nota-da-gente-2025-relanca-premio-de-r-1-milhao-e-surpreende-consumidores-sergipanos\/\" \/>\n<meta property=\"og:site_name\" content=\"Estado de Minas - Em foco\" \/>\n<meta property=\"article:published_time\" content=\"2025-04-09T19:20:00+00:00\" \/>\n<meta property=\"article:modified_time\" content=\"2025-04-08T09:19:38+00:00\" \/>\n<meta property=\"og:image\" content=\"https:\/\/www.em.com.br\/emfoco\/wp-content\/uploads\/2025\/04\/dinherio-real_1744055752849.jpg\" \/>\n\t<meta property=\"og:image:width\" content=\"1280\" \/>\n\t<meta property=\"og:image:height\" content=\"720\" \/>\n\t<meta property=\"og:image:type\" content=\"image\/jpeg\" \/>\n<meta name=\"author\" content=\"Keren Ester\" \/>\n<meta name=\"twitter:card\" content=\"summary_large_image\" \/>\n<meta name=\"twitter:label1\" content=\"Escrito por\" \/>\n\t<meta name=\"twitter:data1\" content=\"Keren Ester\" \/>\n\t<meta name=\"twitter:label2\" content=\"Est. tempo de leitura\" \/>\n\t<meta name=\"twitter:data2\" content=\"4 minutos\" \/>\n<!-- \/ Yoast SEO plugin. -->","yoast_head_json":{"title":"Nota da Gente 2025 relan\u00e7a pr\u00eamio de R$ 1 milh\u00e3o e surpreende consumidores sergipanos - Estado de Minas - Em foco","description":"Participe do Nota da Gente 2025 em Sergipe e concorra a pr\u00eamios de at\u00e9 R$ 1 milh\u00e3o apenas pedindo CPF na nota fiscal.","robots":{"index":"index","follow":"follow","max-snippet":"max-snippet:-1","max-image-preview":"max-image-preview:large","max-video-preview":"max-video-preview:-1"},"canonical":"https:\/\/www.em.com.br\/emfoco\/2025\/04\/09\/nota-da-gente-2025-relanca-premio-de-r-1-milhao-e-surpreende-consumidores-sergipanos\/","og_locale":"pt_BR","og_type":"article","og_title":"Nota da Gente 2025 relan\u00e7a pr\u00eamio de R$ 1 milh\u00e3o e surpreende consumidores sergipanos - Estado de Minas - Em foco","og_description":"Participe do Nota da Gente 2025 em Sergipe e concorra a pr\u00eamios de at\u00e9 R$ 1 milh\u00e3o apenas pedindo CPF na nota fiscal.","og_url":"https:\/\/www.em.com.br\/emfoco\/2025\/04\/09\/nota-da-gente-2025-relanca-premio-de-r-1-milhao-e-surpreende-consumidores-sergipanos\/","og_site_name":"Estado de Minas - Em foco","article_published_time":"2025-04-09T19:20:00+00:00","article_modified_time":"2025-04-08T09:19:38+00:00","og_image":[{"width":1280,"height":720,"url":"https:\/\/www.em.com.br\/emfoco\/wp-content\/uploads\/2025\/04\/dinherio-real_1744055752849.jpg","type":"image\/jpeg"}],"author":"Keren Ester","twitter_card":"summary_large_image","twitter_misc":{"Escrito por":"Keren Ester","Est. tempo de leitura":"4 minutos"},"schema":{"@context":"https:\/\/schema.org","@graph":[{"@type":"WebPage","@id":"https:\/\/www.em.com.br\/emfoco\/2025\/04\/09\/nota-da-gente-2025-relanca-premio-de-r-1-milhao-e-surpreende-consumidores-sergipanos\/","url":"https:\/\/www.em.com.br\/emfoco\/2025\/04\/09\/nota-da-gente-2025-relanca-premio-de-r-1-milhao-e-surpreende-consumidores-sergipanos\/","name":"Nota da Gente 2025 relan\u00e7a pr\u00eamio de R$ 1 milh\u00e3o e surpreende consumidores sergipanos - Estado de Minas - Em foco","isPartOf":{"@id":"https:\/\/www.em.com.br\/emfoco\/#website"},"primaryImageOfPage":{"@id":"https:\/\/www.em.com.br\/emfoco\/2025\/04\/09\/nota-da-gente-2025-relanca-premio-de-r-1-milhao-e-surpreende-consumidores-sergipanos\/#primaryimage"},"image":{"@id":"https:\/\/www.em.com.br\/emfoco\/2025\/04\/09\/nota-da-gente-2025-relanca-premio-de-r-1-milhao-e-surpreende-consumidores-sergipanos\/#primaryimage"},"thumbnailUrl":"https:\/\/www.em.com.br\/emfoco\/wp-content\/uploads\/2025\/04\/dinherio-real_1744055752849.jpg","datePublished":"2025-04-09T19:20:00+00:00","dateModified":"2025-04-08T09:19:38+00:00","author":{"@id":"https:\/\/www.em.com.br\/emfoco\/#\/schema\/person\/2e06e19826e476d778787245c8ef334d"},"description":"Participe do Nota da Gente 2025 em Sergipe e concorra a pr\u00eamios de at\u00e9 R$ 1 milh\u00e3o apenas pedindo CPF na nota fiscal.","breadcrumb":{"@id":"https:\/\/www.em.com.br\/emfoco\/2025\/04\/09\/nota-da-gente-2025-relanca-premio-de-r-1-milhao-e-surpreende-consumidores-sergipanos\/#breadcrumb"},"inLanguage":"pt-BR","potentialAction":[{"@type":"ReadAction","target":["https:\/\/www.em.com.br\/emfoco\/2025\/04\/09\/nota-da-gente-2025-relanca-premio-de-r-1-milhao-e-surpreende-consumidores-sergipanos\/"]}]},{"@type":"ImageObject","inLanguage":"pt-BR","@id":"https:\/\/www.em.com.br\/emfoco\/2025\/04\/09\/nota-da-gente-2025-relanca-premio-de-r-1-milhao-e-surpreende-consumidores-sergipanos\/#primaryimage","url":"https:\/\/www.em.com.br\/emfoco\/wp-content\/uploads\/2025\/04\/dinherio-real_1744055752849.jpg","contentUrl":"https:\/\/www.em.com.br\/emfoco\/wp-content\/uploads\/2025\/04\/dinherio-real_1744055752849.jpg","width":1280,"height":720,"caption":"Notas de cinquenta e cem reais caindo-Cr\u00e9ditos: depositphotos.com \/ robertohunger"},{"@type":"BreadcrumbList","@id":"https:\/\/www.em.com.br\/emfoco\/2025\/04\/09\/nota-da-gente-2025-relanca-premio-de-r-1-milhao-e-surpreende-consumidores-sergipanos\/#breadcrumb","itemListElement":[{"@type":"ListItem","position":1,"name":"In\u00edcio","item":"https:\/\/www.em.com.br\/emfoco\/"},{"@type":"ListItem","position":2,"name":"Nota da Gente 2025 relan\u00e7a pr\u00eamio de R$ 1 milh\u00e3o e surpreende consumidores sergipanos"}]},{"@type":"WebSite","@id":"https:\/\/www.em.com.br\/emfoco\/#website","url":"https:\/\/www.em.com.br\/emfoco\/","name":"Estado de Minas - Em foco","description":"Acompanhe as \u00faltimas not\u00edcias e fique bem informado sobre tudo o que acontece em Minas Gerais, Brasil e no mundo.","potentialAction":[{"@type":"SearchAction","target":{"@type":"EntryPoint","urlTemplate":"https:\/\/www.em.com.br\/emfoco\/?s={search_term_string}"},"query-input":{"@type":"PropertyValueSpecification","valueRequired":true,"valueName":"search_term_string"}}],"inLanguage":"pt-BR"},{"@type":"Person","@id":"https:\/\/www.em.com.br\/emfoco\/#\/schema\/person\/2e06e19826e476d778787245c8ef334d","name":"Keren Ester","image":{"@type":"ImageObject","inLanguage":"pt-BR","@id":"https:\/\/www.em.com.br\/emfoco\/#\/schema\/person\/image\/","url":"https:\/\/secure.gravatar.com\/avatar\/b3d0f2b934f7fab59c611ea63b5cf4b1?s=96&d=mm&r=g","contentUrl":"https:\/\/secure.gravatar.com\/avatar\/b3d0f2b934f7fab59c611ea63b5cf4b1?s=96&d=mm&r=g","caption":"Keren Ester"},"url":"https:\/\/www.em.com.br\/emfoco\/author\/kerenmyth\/"}]}},"_links":{"self":[{"href":"https:\/\/www.em.com.br\/emfoco\/wp-json\/wp\/v2\/posts\/36131","targetHints":{"allow":["GET"]}}],"collection":[{"href":"https:\/\/www.em.com.br\/emfoco\/wp-json\/wp\/v2\/posts"}],"about":[{"href":"https:\/\/www.em.com.br\/emfoco\/wp-json\/wp\/v2\/types\/post"}],"author":[{"embeddable":true,"href":"https:\/\/www.em.com.br\/emfoco\/wp-json\/wp\/v2\/users\/12"}],"replies":[{"embeddable":true,"href":"https:\/\/www.em.com.br\/emfoco\/wp-json\/wp\/v2\/comments?post=36131"}],"version-history":[{"count":2,"href":"https:\/\/www.em.com.br\/emfoco\/wp-json\/wp\/v2\/posts\/36131\/revisions"}],"predecessor-version":[{"id":36137,"href":"https:\/\/www.em.com.br\/emfoco\/wp-json\/wp\/v2\/posts\/36131\/revisions\/36137"}],"wp:featuredmedia":[{"embeddable":true,"href":"https:\/\/www.em.com.br\/emfoco\/wp-json\/wp\/v2\/media\/36133"}],"wp:attachment":[{"href":"https:\/\/www.em.com.br\/emfoco\/wp-json\/wp\/v2\/media?parent=36131"}],"wp:term":[{"taxonomy":"category","embeddable":true,"href":"https:\/\/www.em.com.br\/emfoco\/wp-json\/wp\/v2\/categories?post=36131"},{"taxonomy":"post_tag","embeddable":true,"href":"https:\/\/www.em.com.br\/emfoco\/wp-json\/wp\/v2\/tags?post=36131"}],"curies":[{"name":"wp","href":"https:\/\/api.w.org\/{rel}","templated":true}]}}