{"id":36045,"date":"2025-04-13T22:20:00","date_gmt":"2025-04-14T01:20:00","guid":{"rendered":"https:\/\/www.em.com.br\/emfoco\/?p=36045"},"modified":"2025-04-10T16:51:30","modified_gmt":"2025-04-10T19:51:30","slug":"elon-musk-enfrenta-resistencia-no-brasil-e-o-motivo-e-surpreendente","status":"publish","type":"post","link":"https:\/\/www.em.com.br\/emfoco\/2025\/04\/13\/elon-musk-enfrenta-resistencia-no-brasil-e-o-motivo-e-surpreendente\/","title":{"rendered":"Elon Musk enfrenta resist\u00eancia no Brasil e o motivo \u00e9 surpreendente"},"content":{"rendered":"\n<p>A <strong>Starlink<\/strong>, empresa de internet via sat\u00e9lite liderada por <strong>Elon Musk<\/strong>, busca expandir sua presen\u00e7a no <strong>Brasil <\/strong>com o aumento de sua constela\u00e7\u00e3o de sat\u00e9lites. A proposta visa adicionar 7.500 novos sat\u00e9lites \u00e0s 4.400 unidades j\u00e1 em opera\u00e7\u00e3o, melhorando a cobertura e a velocidade de conex\u00e3o, especialmente em \u00e1reas remotas. No entanto, a <strong><a href=\"https:\/\/www.gov.br\/anatel\/pt-br\" target=\"_blank\" rel=\"noreferrer noopener\">Ag\u00eancia Nacional de Telecomunica\u00e7\u00f5es<\/a><\/strong> (Anatel) decidiu adiar a decis\u00e3o sobre este pedido por 120 dias, destacando a complexidade t\u00e9cnica e as preocupa\u00e7\u00f5es com a soberania nacional.<\/p>\n\n\n\n<p>O adiamento foi decidido por unanimidade durante uma reuni\u00e3o do <strong>Conselho Diretor da Anatel<\/strong>. O conselheiro<strong> Alexandre Freire<\/strong>, relator do caso, solicitou mais tempo para uma an\u00e1lise detalhada, citando quest\u00f5es t\u00e9cnicas complexas e disputas concorrenciais. Este atraso visa garantir que todos os aspectos do pedido sejam cuidadosamente avaliados antes de uma decis\u00e3o final.<\/p>\n\n\n\n<h2 class=\"wp-block-heading\">Por que a Anatel adiou a decis\u00e3o?<\/h2>\n\n\n\n<p>A decis\u00e3o de adiar a an\u00e1lise do pedido da Starlink est\u00e1 ligada a v\u00e1rias preocupa\u00e7\u00f5es. Primeiramente, h\u00e1 quest\u00f5es t\u00e9cnicas significativas a serem consideradas, incluindo a potencial interfer\u00eancia dos novos sat\u00e9lites em servi\u00e7os existentes. Al\u00e9m disso, a Anatel est\u00e1 preocupada com a soberania nacional, uma vez que o tr\u00e1fego de dados pode ser roteado fora do Brasil, dificultando a fiscaliza\u00e7\u00e3o e a prote\u00e7\u00e3o dos dados dos cidad\u00e3os.<\/p>\n\n\n\n<p>Outro ponto de destaque \u00e9 a disputa entre a Starlink e seus concorrentes. O <strong>Sindicato das Empresas de Telecomunica\u00e7\u00f5es por Sat\u00e9lite<\/strong> (Sindisat) e outras operadoras alegam que a expans\u00e3o da Starlink representa um novo servi\u00e7o, exigindo um processo de licenciamento separado. Eles tamb\u00e9m expressam preocupa\u00e7\u00f5es sobre a poss\u00edvel interfer\u00eancia nos servi\u00e7os de sat\u00e9lites geoestacion\u00e1rios.<\/p>\n\n\n\n<figure class=\"wp-block-image size-large\"><img loading=\"lazy\" decoding=\"async\" width=\"1024\" height=\"576\" src=\"https:\/\/www.em.com.br\/emfoco\/wp-content\/uploads\/2025\/04\/Starlink_1744046270627-1024x576.jpg\" alt=\"Elon Musk - Cr\u00e9ditos: depositphotos.com \/ Image Press Agency\" class=\"wp-image-36050\" srcset=\"https:\/\/www.em.com.br\/emfoco\/wp-content\/uploads\/2025\/04\/Starlink_1744046270627-1024x576.jpg 1024w, https:\/\/www.em.com.br\/emfoco\/wp-content\/uploads\/2025\/04\/Starlink_1744046270627-300x169.jpg 300w, https:\/\/www.em.com.br\/emfoco\/wp-content\/uploads\/2025\/04\/Starlink_1744046270627-768x432.jpg 768w, https:\/\/www.em.com.br\/emfoco\/wp-content\/uploads\/2025\/04\/Starlink_1744046270627-750x422.jpg 750w, https:\/\/www.em.com.br\/emfoco\/wp-content\/uploads\/2025\/04\/Starlink_1744046270627-1140x641.jpg 1140w, https:\/\/www.em.com.br\/emfoco\/wp-content\/uploads\/2025\/04\/Starlink_1744046270627.jpg 1280w\" sizes=\"auto, (max-width: 1024px) 100vw, 1024px\" \/><figcaption class=\"wp-element-caption\">Starlink &#8211; Cr\u00e9ditos: depositphotos.com \/ rossandhelen<\/figcaption><\/figure>\n\n\n\n<h2 class=\"wp-block-heading\">Como a Starlink se difere de seus concorrentes?<\/h2>\n\n\n\n<p>A principal diferen\u00e7a entre a Starlink e outras empresas de internet via sat\u00e9lite, como <strong>ViaSat <\/strong>e <strong>HughesNet<\/strong>, est\u00e1 na altitude de opera\u00e7\u00e3o dos sat\u00e9lites. A <strong><a href=\"https:\/\/www.em.com.br\/emfoco\/2025\/03\/04\/vale-a-pena-assinar-starlink-saiba-se-a-internet-via-satelite-e-a-melhor-opcao-para-voce\/\" target=\"_blank\" rel=\"noreferrer noopener\">Starlink<\/a><\/strong> utiliza sat\u00e9lites em \u00f3rbita baixa (LEO), a cerca de 550 km da <strong>Terra<\/strong>, o que proporciona menor lat\u00eancia e maior velocidade de conex\u00e3o. Em contraste, os concorrentes operam sat\u00e9lites geoestacion\u00e1rios a 35.786 km, resultando em maior lat\u00eancia e velocidades mais baixas.<\/p>\n\n\n\n<p>Essa diferen\u00e7a tecnol\u00f3gica permite \u00e0 Starlink oferecer servi\u00e7os mais r\u00e1pidos e eficientes em \u00e1reas sem infraestrutura terrestre, como regi\u00f5es rurais e comunidades isoladas. No entanto, essa vantagem tamb\u00e9m levanta preocupa\u00e7\u00f5es sobre a concorr\u00eancia desleal, uma vez que a Starlink \u00e9 verticalmente integrada, enquanto outras operadoras dependem de sat\u00e9lites de terceiros.<\/p>\n\n\n\n<h2 class=\"wp-block-heading\">Quais s\u00e3o os pr\u00f3ximos passos para a Starlink no Brasil?<\/h2>\n\n\n\n<p>Com o adiamento da decis\u00e3o, a Anatel continuar\u00e1 a analisar o pedido da Starlink nos pr\u00f3ximos quatro meses. Durante esse per\u00edodo, a ag\u00eancia avaliar\u00e1 os aspectos t\u00e9cnicos dos novos sat\u00e9lites, ouvir\u00e1 representantes do setor e verificar\u00e1 as implica\u00e7\u00f5es legais e fiscais. A Starlink, por sua vez, continuar\u00e1 operando com os sat\u00e9lites j\u00e1 autorizados, mantendo sua posi\u00e7\u00e3o de lideran\u00e7a no mercado brasileiro de internet via sat\u00e9lite.<\/p>\n\n\n\n<p>Espera-se que a decis\u00e3o final da Anatel leve em considera\u00e7\u00e3o n\u00e3o apenas os benef\u00edcios tecnol\u00f3gicos e econ\u00f4micos da expans\u00e3o da Starlink, mas tamb\u00e9m as preocupa\u00e7\u00f5es com a soberania nacional e a concorr\u00eancia justa. O resultado desse processo pode ter implica\u00e7\u00f5es significativas para o futuro da internet via sat\u00e9lite no Brasil.<\/p>\n","protected":false},"excerpt":{"rendered":"<p>A Starlink, empresa de internet via sat\u00e9lite liderada por Elon Musk, busca expandir sua presen\u00e7a no Brasil com o aumento de sua constela\u00e7\u00e3o de sat\u00e9lites. A proposta visa adicionar 7.500 novos sat\u00e9lites \u00e0s 4.400 unidades j\u00e1 em opera\u00e7\u00e3o, melhorando a cobertura e a velocidade de conex\u00e3o, especialmente em \u00e1reas remotas. No entanto, a Ag\u00eancia Nacional [&hellip;]<\/p>\n","protected":false},"author":13,"featured_media":36049,"comment_status":"open","ping_status":"open","sticky":false,"template":"","format":"standard","meta":{"jnews-multi-image_gallery":[],"jnews_single_post":{"format":"standard"},"jnews_primary_category":[],"jnews_social_meta":[],"jnews_override_counter":[],"footnotes":""},"categories":[4204],"tags":[4447,437,3610,3852],"class_list":["post-36045","post","type-post","status-publish","format-standard","has-post-thumbnail","hentry","category-tecnologia","tag-anatel","tag-elon-musk","tag-satelite","tag-starlink"],"yoast_head":"<!-- This site is optimized with the Yoast SEO plugin v23.8 - https:\/\/yoast.com\/wordpress\/plugins\/seo\/ -->\n<title>Elon Musk enfrenta resist\u00eancia no Brasil e o motivo \u00e9 surpreendente - Estado de Minas - Em foco<\/title>\n<meta name=\"description\" content=\"Com proposta de expans\u00e3o no Brasil, Starlink enfrentam resist\u00eancia da Anatel que cita soberania e interfer\u00eancia de sinal.\" \/>\n<meta name=\"robots\" content=\"index, follow, max-snippet:-1, max-image-preview:large, max-video-preview:-1\" \/>\n<link rel=\"canonical\" href=\"https:\/\/www.em.com.br\/emfoco\/2025\/04\/13\/elon-musk-enfrenta-resistencia-no-brasil-e-o-motivo-e-surpreendente\/\" \/>\n<meta property=\"og:locale\" content=\"pt_BR\" \/>\n<meta property=\"og:type\" content=\"article\" \/>\n<meta property=\"og:title\" content=\"Elon Musk enfrenta resist\u00eancia no Brasil e o motivo \u00e9 surpreendente - Estado de Minas - Em foco\" \/>\n<meta property=\"og:description\" content=\"Com proposta de expans\u00e3o no Brasil, Starlink enfrentam resist\u00eancia da Anatel que cita soberania e interfer\u00eancia de sinal.\" \/>\n<meta property=\"og:url\" content=\"https:\/\/www.em.com.br\/emfoco\/2025\/04\/13\/elon-musk-enfrenta-resistencia-no-brasil-e-o-motivo-e-surpreendente\/\" \/>\n<meta property=\"og:site_name\" content=\"Estado de Minas - Em foco\" \/>\n<meta property=\"article:published_time\" content=\"2025-04-14T01:20:00+00:00\" \/>\n<meta property=\"article:modified_time\" content=\"2025-04-10T19:51:30+00:00\" \/>\n<meta property=\"og:image\" content=\"https:\/\/www.em.com.br\/emfoco\/wp-content\/uploads\/2025\/04\/Elon-Musk_1744046222201.jpg\" \/>\n\t<meta property=\"og:image:width\" content=\"1280\" \/>\n\t<meta property=\"og:image:height\" content=\"720\" \/>\n\t<meta property=\"og:image:type\" content=\"image\/jpeg\" \/>\n<meta name=\"author\" content=\"Gabriel Martins\" \/>\n<meta name=\"twitter:card\" content=\"summary_large_image\" \/>\n<meta name=\"twitter:label1\" content=\"Escrito por\" \/>\n\t<meta name=\"twitter:data1\" content=\"Gabriel Martins\" \/>\n\t<meta name=\"twitter:label2\" content=\"Est. tempo de leitura\" \/>\n\t<meta name=\"twitter:data2\" content=\"4 minutos\" \/>\n<!-- \/ Yoast SEO plugin. -->","yoast_head_json":{"title":"Elon Musk enfrenta resist\u00eancia no Brasil e o motivo \u00e9 surpreendente - Estado de Minas - Em foco","description":"Com proposta de expans\u00e3o no Brasil, Starlink enfrentam resist\u00eancia da Anatel que cita soberania e interfer\u00eancia de sinal.","robots":{"index":"index","follow":"follow","max-snippet":"max-snippet:-1","max-image-preview":"max-image-preview:large","max-video-preview":"max-video-preview:-1"},"canonical":"https:\/\/www.em.com.br\/emfoco\/2025\/04\/13\/elon-musk-enfrenta-resistencia-no-brasil-e-o-motivo-e-surpreendente\/","og_locale":"pt_BR","og_type":"article","og_title":"Elon Musk enfrenta resist\u00eancia no Brasil e o motivo \u00e9 surpreendente - Estado de Minas - Em foco","og_description":"Com proposta de expans\u00e3o no Brasil, Starlink enfrentam resist\u00eancia da Anatel que cita soberania e interfer\u00eancia de sinal.","og_url":"https:\/\/www.em.com.br\/emfoco\/2025\/04\/13\/elon-musk-enfrenta-resistencia-no-brasil-e-o-motivo-e-surpreendente\/","og_site_name":"Estado de Minas - Em foco","article_published_time":"2025-04-14T01:20:00+00:00","article_modified_time":"2025-04-10T19:51:30+00:00","og_image":[{"width":1280,"height":720,"url":"https:\/\/www.em.com.br\/emfoco\/wp-content\/uploads\/2025\/04\/Elon-Musk_1744046222201.jpg","type":"image\/jpeg"}],"author":"Gabriel Martins","twitter_card":"summary_large_image","twitter_misc":{"Escrito por":"Gabriel Martins","Est. tempo de leitura":"4 minutos"},"schema":{"@context":"https:\/\/schema.org","@graph":[{"@type":"WebPage","@id":"https:\/\/www.em.com.br\/emfoco\/2025\/04\/13\/elon-musk-enfrenta-resistencia-no-brasil-e-o-motivo-e-surpreendente\/","url":"https:\/\/www.em.com.br\/emfoco\/2025\/04\/13\/elon-musk-enfrenta-resistencia-no-brasil-e-o-motivo-e-surpreendente\/","name":"Elon Musk enfrenta resist\u00eancia no Brasil e o motivo \u00e9 surpreendente - Estado de Minas - Em foco","isPartOf":{"@id":"https:\/\/www.em.com.br\/emfoco\/#website"},"primaryImageOfPage":{"@id":"https:\/\/www.em.com.br\/emfoco\/2025\/04\/13\/elon-musk-enfrenta-resistencia-no-brasil-e-o-motivo-e-surpreendente\/#primaryimage"},"image":{"@id":"https:\/\/www.em.com.br\/emfoco\/2025\/04\/13\/elon-musk-enfrenta-resistencia-no-brasil-e-o-motivo-e-surpreendente\/#primaryimage"},"thumbnailUrl":"https:\/\/www.em.com.br\/emfoco\/wp-content\/uploads\/2025\/04\/Elon-Musk_1744046222201.jpg","datePublished":"2025-04-14T01:20:00+00:00","dateModified":"2025-04-10T19:51:30+00:00","author":{"@id":"https:\/\/www.em.com.br\/emfoco\/#\/schema\/person\/1c9ddeab18b98abeffef834667bcf08a"},"description":"Com proposta de expans\u00e3o no Brasil, Starlink enfrentam resist\u00eancia da Anatel que cita soberania e interfer\u00eancia de sinal.","breadcrumb":{"@id":"https:\/\/www.em.com.br\/emfoco\/2025\/04\/13\/elon-musk-enfrenta-resistencia-no-brasil-e-o-motivo-e-surpreendente\/#breadcrumb"},"inLanguage":"pt-BR","potentialAction":[{"@type":"ReadAction","target":["https:\/\/www.em.com.br\/emfoco\/2025\/04\/13\/elon-musk-enfrenta-resistencia-no-brasil-e-o-motivo-e-surpreendente\/"]}]},{"@type":"ImageObject","inLanguage":"pt-BR","@id":"https:\/\/www.em.com.br\/emfoco\/2025\/04\/13\/elon-musk-enfrenta-resistencia-no-brasil-e-o-motivo-e-surpreendente\/#primaryimage","url":"https:\/\/www.em.com.br\/emfoco\/wp-content\/uploads\/2025\/04\/Elon-Musk_1744046222201.jpg","contentUrl":"https:\/\/www.em.com.br\/emfoco\/wp-content\/uploads\/2025\/04\/Elon-Musk_1744046222201.jpg","width":1280,"height":720,"caption":"Elon Musk - Cr\u00e9ditos: depositphotos.com \/ Image Press Agency"},{"@type":"BreadcrumbList","@id":"https:\/\/www.em.com.br\/emfoco\/2025\/04\/13\/elon-musk-enfrenta-resistencia-no-brasil-e-o-motivo-e-surpreendente\/#breadcrumb","itemListElement":[{"@type":"ListItem","position":1,"name":"In\u00edcio","item":"https:\/\/www.em.com.br\/emfoco\/"},{"@type":"ListItem","position":2,"name":"Elon Musk enfrenta resist\u00eancia no Brasil e o motivo \u00e9 surpreendente"}]},{"@type":"WebSite","@id":"https:\/\/www.em.com.br\/emfoco\/#website","url":"https:\/\/www.em.com.br\/emfoco\/","name":"Estado de Minas - Em foco","description":"Acompanhe as \u00faltimas not\u00edcias e fique bem informado sobre tudo o que acontece em Minas Gerais, Brasil e no mundo.","potentialAction":[{"@type":"SearchAction","target":{"@type":"EntryPoint","urlTemplate":"https:\/\/www.em.com.br\/emfoco\/?s={search_term_string}"},"query-input":{"@type":"PropertyValueSpecification","valueRequired":true,"valueName":"search_term_string"}}],"inLanguage":"pt-BR"},{"@type":"Person","@id":"https:\/\/www.em.com.br\/emfoco\/#\/schema\/person\/1c9ddeab18b98abeffef834667bcf08a","name":"Gabriel Martins","image":{"@type":"ImageObject","inLanguage":"pt-BR","@id":"https:\/\/www.em.com.br\/emfoco\/#\/schema\/person\/image\/","url":"https:\/\/secure.gravatar.com\/avatar\/f0f1e2efdfd88f1ad2cb08c5c2731e50?s=96&d=mm&r=g","contentUrl":"https:\/\/secure.gravatar.com\/avatar\/f0f1e2efdfd88f1ad2cb08c5c2731e50?s=96&d=mm&r=g","caption":"Gabriel Martins"},"sameAs":["https:\/\/www.em.com.br\/emfoco\/"],"url":"https:\/\/www.em.com.br\/emfoco\/author\/gabrielmartinsmyth\/"}]}},"_links":{"self":[{"href":"https:\/\/www.em.com.br\/emfoco\/wp-json\/wp\/v2\/posts\/36045","targetHints":{"allow":["GET"]}}],"collection":[{"href":"https:\/\/www.em.com.br\/emfoco\/wp-json\/wp\/v2\/posts"}],"about":[{"href":"https:\/\/www.em.com.br\/emfoco\/wp-json\/wp\/v2\/types\/post"}],"author":[{"embeddable":true,"href":"https:\/\/www.em.com.br\/emfoco\/wp-json\/wp\/v2\/users\/13"}],"replies":[{"embeddable":true,"href":"https:\/\/www.em.com.br\/emfoco\/wp-json\/wp\/v2\/comments?post=36045"}],"version-history":[{"count":2,"href":"https:\/\/www.em.com.br\/emfoco\/wp-json\/wp\/v2\/posts\/36045\/revisions"}],"predecessor-version":[{"id":36051,"href":"https:\/\/www.em.com.br\/emfoco\/wp-json\/wp\/v2\/posts\/36045\/revisions\/36051"}],"wp:featuredmedia":[{"embeddable":true,"href":"https:\/\/www.em.com.br\/emfoco\/wp-json\/wp\/v2\/media\/36049"}],"wp:attachment":[{"href":"https:\/\/www.em.com.br\/emfoco\/wp-json\/wp\/v2\/media?parent=36045"}],"wp:term":[{"taxonomy":"category","embeddable":true,"href":"https:\/\/www.em.com.br\/emfoco\/wp-json\/wp\/v2\/categories?post=36045"},{"taxonomy":"post_tag","embeddable":true,"href":"https:\/\/www.em.com.br\/emfoco\/wp-json\/wp\/v2\/tags?post=36045"}],"curies":[{"name":"wp","href":"https:\/\/api.w.org\/{rel}","templated":true}]}}