{"id":36017,"date":"2025-04-12T21:20:00","date_gmt":"2025-04-13T00:20:00","guid":{"rendered":"https:\/\/www.em.com.br\/emfoco\/?p=36017"},"modified":"2025-04-10T16:46:57","modified_gmt":"2025-04-10T19:46:57","slug":"a-cidade-que-conserva-sua-historia-milenar-a-cada-esquina","status":"publish","type":"post","link":"https:\/\/www.em.com.br\/emfoco\/2025\/04\/12\/a-cidade-que-conserva-sua-historia-milenar-a-cada-esquina\/","title":{"rendered":"A cidade que conserva sua hist\u00f3ria milenar a cada esquina"},"content":{"rendered":"\n<p><strong>Kyoto<\/strong>, localizada na regi\u00e3o central do <strong>Jap\u00e3o<\/strong>, \u00e9 uma cidade que harmoniza perfeitamente a tradi\u00e7\u00e3o com a modernidade. Conhecida por seus templos antigos, jardins zen e cerim\u00f4nias de ch\u00e1, Kyoto tamb\u00e9m \u00e9 um centro de inova\u00e7\u00e3o e cultura contempor\u00e2nea. Com uma popula\u00e7\u00e3o de aproximadamente 1,5 milh\u00e3o de habitantes em 2025, a cidade continua a ser um dos destinos mais visitados do Jap\u00e3o.<\/p>\n\n\n\n<p>Fundada em 794, Kyoto foi a capital do Jap\u00e3o por mais de mil anos. Durante esse per\u00edodo, a cidade desenvolveu uma rica heran\u00e7a cultural que ainda hoje atrai turistas de todo o mundo. Al\u00e9m de sua import\u00e2ncia hist\u00f3rica, Kyoto \u00e9 reconhecida por sua qualidade de vida, sistema educacional de excel\u00eancia e atra\u00e7\u00f5es tur\u00edsticas \u00fanicas.<\/p>\n\n\n\n<h2 class=\"wp-block-heading\">Qualidade de vida em Kyoto<\/h2>\n\n\n\n<p>Kyoto \u00e9 frequentemente elogiada por sua alta qualidade de vida. A cidade oferece um ambiente seguro e limpo, com um sistema de transporte p\u00fablico eficiente que facilita a mobilidade dos residentes. A infraestrutura urbana \u00e9 bem planejada, garantindo acesso f\u00e1cil a servi\u00e7os essenciais e \u00e1reas de lazer.<\/p>\n\n\n\n<p>Os moradores de Kyoto desfrutam de um equil\u00edbrio entre a vida urbana e a natureza. Com parques e \u00e1reas verdes espalhadas pela cidade, como o famoso <strong><a href=\"https:\/\/www.japan.travel\/pt\/spot\/1177\/\" target=\"_blank\" rel=\"noreferrer noopener\">Parque Maruyama<\/a><\/strong>, os habitantes t\u00eam a oportunidade de relaxar e se conectar com a natureza, mesmo em um ambiente urbano.<\/p>\n\n\n\n<figure class=\"wp-block-image size-large\"><img loading=\"lazy\" decoding=\"async\" width=\"1024\" height=\"576\" src=\"https:\/\/www.em.com.br\/emfoco\/wp-content\/uploads\/2025\/04\/Kyoto_1744045520817-1024x576.jpg\" alt=\"A cidade que conserva sua hist\u00f3ria milenar a cada esquina\" class=\"wp-image-36038\" srcset=\"https:\/\/www.em.com.br\/emfoco\/wp-content\/uploads\/2025\/04\/Kyoto_1744045520817-1024x576.jpg 1024w, https:\/\/www.em.com.br\/emfoco\/wp-content\/uploads\/2025\/04\/Kyoto_1744045520817-300x169.jpg 300w, https:\/\/www.em.com.br\/emfoco\/wp-content\/uploads\/2025\/04\/Kyoto_1744045520817-768x432.jpg 768w, https:\/\/www.em.com.br\/emfoco\/wp-content\/uploads\/2025\/04\/Kyoto_1744045520817-750x422.jpg 750w, https:\/\/www.em.com.br\/emfoco\/wp-content\/uploads\/2025\/04\/Kyoto_1744045520817-1140x641.jpg 1140w, https:\/\/www.em.com.br\/emfoco\/wp-content\/uploads\/2025\/04\/Kyoto_1744045520817.jpg 1280w\" sizes=\"auto, (max-width: 1024px) 100vw, 1024px\" \/><figcaption class=\"wp-element-caption\">Kyoto, Jap\u00e3o &#8211; Cr\u00e9ditos: depositphotos.com \/ ake1150sb<\/figcaption><\/figure>\n\n\n\n<h2 class=\"wp-block-heading\">Educa\u00e7\u00e3o de excel\u00eancia<\/h2>\n\n\n\n<p>O sistema educacional de Kyoto \u00e9 um dos melhores do Jap\u00e3o. A cidade abriga algumas das universidades mais prestigiadas do pa\u00eds, como a Universidade de Kyoto, conhecida por sua pesquisa de ponta e ensino de alta qualidade. As escolas de ensino fundamental e m\u00e9dio tamb\u00e9m s\u00e3o reconhecidas por seus altos padr\u00f5es acad\u00eamicos.<\/p>\n\n\n\n<p>Al\u00e9m das institui\u00e7\u00f5es formais, Kyoto oferece uma variedade de programas educacionais voltados para a preserva\u00e7\u00e3o da cultura tradicional japonesa. Oficinas de artesanato, caligrafia e m\u00fasica tradicional s\u00e3o amplamente dispon\u00edveis, proporcionando aos estudantes uma educa\u00e7\u00e3o rica e diversificada.<\/p>\n\n\n\n<h2 class=\"wp-block-heading\">Turismo em Kyoto: o que ver e fazer?<\/h2>\n\n\n\n<p>Kyoto \u00e9 um destino tur\u00edstico de renome mundial, famoso por seus templos e santu\u00e1rios hist\u00f3ricos. Entre os mais ic\u00f4nicos est\u00e3o o <strong>Templo Kinkaku-ji<\/strong>, com seu pavilh\u00e3o dourado, e o <strong>Templo Kiyomizu-dera<\/strong>, conhecido por sua varanda de madeira com vista panor\u00e2mica da cidade.<\/p>\n\n\n\n<p>Al\u00e9m dos templos, Kyoto oferece uma variedade de experi\u00eancias culturais. Os visitantes podem participar de cerim\u00f4nias de ch\u00e1 tradicionais, explorar os bairros hist\u00f3ricos de <strong>Gion <\/strong>e <strong>Higashiyama<\/strong>, ou assistir a apresenta\u00e7\u00f5es de teatro <strong>Noh <\/strong>e <strong>Kabuki<\/strong>.<\/p>\n\n\n\n<h2 class=\"wp-block-heading\">Como Kyoto preserva suas tradi\u00e7\u00f5es?<\/h2>\n\n\n\n<p>Kyoto \u00e9 um exemplo de como uma cidade pode preservar suas tradi\u00e7\u00f5es enquanto abra\u00e7a a modernidade. A cidade implementa pol\u00edticas rigorosas de conserva\u00e7\u00e3o para proteger seus edif\u00edcios hist\u00f3ricos e paisagens culturais. Al\u00e9m disso, eventos culturais e festivais, como o <strong>Gion Matsuri<\/strong>, desempenham um papel crucial na manuten\u00e7\u00e3o das tradi\u00e7\u00f5es locais.<\/p>\n\n\n\n<p>Os artes\u00e3os de Kyoto continuam a praticar t\u00e9cnicas tradicionais de artesanato, como a produ\u00e7\u00e3o de quimonos e cer\u00e2mica <strong>Kyo-yaki<\/strong>, passando essas habilidades para as gera\u00e7\u00f5es futuras. Essa dedica\u00e7\u00e3o \u00e0 preserva\u00e7\u00e3o cultural faz de Kyoto um tesouro vivo da hist\u00f3ria japonesa.<\/p>\n\n\n\n<h2 class=\"wp-block-heading\">Kyoto e a sustentabilidade<\/h2>\n\n\n\n<p>Nos \u00faltimos anos, Kyoto tem se destacado como uma cidade comprometida com a sustentabilidade. A cidade implementou diversas iniciativas para reduzir a pegada de carbono e promover pr\u00e1ticas ecol\u00f3gicas. Programas de reciclagem, uso de energia renov\u00e1vel e transporte sustent\u00e1vel s\u00e3o algumas das medidas adotadas para proteger o meio ambiente.<\/p>\n\n\n\n<p>Kyoto tamb\u00e9m incentiva o turismo sustent\u00e1vel, promovendo visitas a \u00e1reas menos conhecidas e incentivando os turistas a respeitarem a cultura e o ambiente locais. Essas a\u00e7\u00f5es visam garantir que a cidade continue a ser um destino vibrante e sustent\u00e1vel para as futuras gera\u00e7\u00f5es.<\/p>\n\n\n\n<h2 class=\"wp-block-heading\">Kyoto: um futuro promissor<\/h2>\n\n\n\n<p>Com uma rica heran\u00e7a cultural, um sistema educacional de excel\u00eancia e um compromisso com a <strong><a href=\"https:\/\/www.em.com.br\/emfoco\/2025\/04\/05\/cidade-se-destaca-pela-qualidade-de-vida-e-sustentabilidade-em-2025\/\" target=\"_blank\" rel=\"noreferrer noopener\">sustentabilidade<\/a><\/strong>, Kyoto est\u00e1 bem posicionada para enfrentar os desafios do futuro. A cidade continua a atrair visitantes e novos residentes, mantendo-se como um centro de inova\u00e7\u00e3o e tradi\u00e7\u00e3o.<\/p>\n\n\n\n<p>Kyoto \u00e9 um exemplo de como uma cidade pode evoluir sem perder sua identidade cultural. \u00c0 medida que avan\u00e7a para o futuro, Kyoto permanece fiel \u00e0s suas ra\u00edzes, oferecendo uma qualidade de vida excepcional e uma experi\u00eancia cultural \u00fanica para todos que a visitam.<\/p>\n","protected":false},"excerpt":{"rendered":"<p>Kyoto, localizada na regi\u00e3o central do Jap\u00e3o, \u00e9 uma cidade que harmoniza perfeitamente a tradi\u00e7\u00e3o com a modernidade. Conhecida por seus templos antigos, jardins zen e cerim\u00f4nias de ch\u00e1, Kyoto tamb\u00e9m \u00e9 um centro de inova\u00e7\u00e3o e cultura contempor\u00e2nea. Com uma popula\u00e7\u00e3o de aproximadamente 1,5 milh\u00e3o de habitantes em 2025, a cidade continua a ser [&hellip;]<\/p>\n","protected":false},"author":13,"featured_media":36037,"comment_status":"open","ping_status":"open","sticky":false,"template":"","format":"standard","meta":{"jnews-multi-image_gallery":[],"jnews_single_post":{"format":"standard"},"jnews_primary_category":[],"jnews_social_meta":[],"jnews_override_counter":[],"footnotes":""},"categories":[26],"tags":[4664,2088,3042,157],"class_list":["post-36017","post","type-post","status-publish","format-standard","has-post-thumbnail","hentry","category-cidades","tag-cultura-japonesa","tag-japao","tag-kyoto","tag-turismo"],"yoast_head":"<!-- This site is optimized with the Yoast SEO plugin v23.8 - https:\/\/yoast.com\/wordpress\/plugins\/seo\/ -->\n<title>A cidade que conserva sua hist\u00f3ria milenar a cada esquina - Estado de Minas - Em foco<\/title>\n<meta name=\"description\" content=\"Essa cidade japonesa \u00e9 um exemplo de como tradi\u00e7\u00e3o e inova\u00e7\u00e3o podem caminhar juntas sem perder sua identidade.\" \/>\n<meta name=\"robots\" content=\"index, follow, max-snippet:-1, max-image-preview:large, max-video-preview:-1\" \/>\n<link rel=\"canonical\" href=\"https:\/\/www.em.com.br\/emfoco\/2025\/04\/12\/a-cidade-que-conserva-sua-historia-milenar-a-cada-esquina\/\" \/>\n<meta property=\"og:locale\" content=\"pt_BR\" \/>\n<meta property=\"og:type\" content=\"article\" \/>\n<meta property=\"og:title\" content=\"A cidade que conserva sua hist\u00f3ria milenar a cada esquina - Estado de Minas - Em foco\" \/>\n<meta property=\"og:description\" content=\"Essa cidade japonesa \u00e9 um exemplo de como tradi\u00e7\u00e3o e inova\u00e7\u00e3o podem caminhar juntas sem perder sua identidade.\" \/>\n<meta property=\"og:url\" content=\"https:\/\/www.em.com.br\/emfoco\/2025\/04\/12\/a-cidade-que-conserva-sua-historia-milenar-a-cada-esquina\/\" \/>\n<meta property=\"og:site_name\" content=\"Estado de Minas - Em foco\" \/>\n<meta property=\"article:published_time\" content=\"2025-04-13T00:20:00+00:00\" \/>\n<meta property=\"article:modified_time\" content=\"2025-04-10T19:46:57+00:00\" \/>\n<meta property=\"og:image\" content=\"https:\/\/www.em.com.br\/emfoco\/wp-content\/uploads\/2025\/04\/Kyoto_1744045485309.jpg\" \/>\n\t<meta property=\"og:image:width\" content=\"1280\" \/>\n\t<meta property=\"og:image:height\" content=\"720\" \/>\n\t<meta property=\"og:image:type\" content=\"image\/jpeg\" \/>\n<meta name=\"author\" content=\"Gabriel Martins\" \/>\n<meta name=\"twitter:card\" content=\"summary_large_image\" \/>\n<meta name=\"twitter:label1\" content=\"Escrito por\" \/>\n\t<meta name=\"twitter:data1\" content=\"Gabriel Martins\" \/>\n\t<meta name=\"twitter:label2\" content=\"Est. tempo de leitura\" \/>\n\t<meta name=\"twitter:data2\" content=\"5 minutos\" \/>\n<!-- \/ Yoast SEO plugin. -->","yoast_head_json":{"title":"A cidade que conserva sua hist\u00f3ria milenar a cada esquina - Estado de Minas - Em foco","description":"Essa cidade japonesa \u00e9 um exemplo de como tradi\u00e7\u00e3o e inova\u00e7\u00e3o podem caminhar juntas sem perder sua identidade.","robots":{"index":"index","follow":"follow","max-snippet":"max-snippet:-1","max-image-preview":"max-image-preview:large","max-video-preview":"max-video-preview:-1"},"canonical":"https:\/\/www.em.com.br\/emfoco\/2025\/04\/12\/a-cidade-que-conserva-sua-historia-milenar-a-cada-esquina\/","og_locale":"pt_BR","og_type":"article","og_title":"A cidade que conserva sua hist\u00f3ria milenar a cada esquina - Estado de Minas - Em foco","og_description":"Essa cidade japonesa \u00e9 um exemplo de como tradi\u00e7\u00e3o e inova\u00e7\u00e3o podem caminhar juntas sem perder sua identidade.","og_url":"https:\/\/www.em.com.br\/emfoco\/2025\/04\/12\/a-cidade-que-conserva-sua-historia-milenar-a-cada-esquina\/","og_site_name":"Estado de Minas - Em foco","article_published_time":"2025-04-13T00:20:00+00:00","article_modified_time":"2025-04-10T19:46:57+00:00","og_image":[{"width":1280,"height":720,"url":"https:\/\/www.em.com.br\/emfoco\/wp-content\/uploads\/2025\/04\/Kyoto_1744045485309.jpg","type":"image\/jpeg"}],"author":"Gabriel Martins","twitter_card":"summary_large_image","twitter_misc":{"Escrito por":"Gabriel Martins","Est. tempo de leitura":"5 minutos"},"schema":{"@context":"https:\/\/schema.org","@graph":[{"@type":"WebPage","@id":"https:\/\/www.em.com.br\/emfoco\/2025\/04\/12\/a-cidade-que-conserva-sua-historia-milenar-a-cada-esquina\/","url":"https:\/\/www.em.com.br\/emfoco\/2025\/04\/12\/a-cidade-que-conserva-sua-historia-milenar-a-cada-esquina\/","name":"A cidade que conserva sua hist\u00f3ria milenar a cada esquina - Estado de Minas - Em foco","isPartOf":{"@id":"https:\/\/www.em.com.br\/emfoco\/#website"},"primaryImageOfPage":{"@id":"https:\/\/www.em.com.br\/emfoco\/2025\/04\/12\/a-cidade-que-conserva-sua-historia-milenar-a-cada-esquina\/#primaryimage"},"image":{"@id":"https:\/\/www.em.com.br\/emfoco\/2025\/04\/12\/a-cidade-que-conserva-sua-historia-milenar-a-cada-esquina\/#primaryimage"},"thumbnailUrl":"https:\/\/www.em.com.br\/emfoco\/wp-content\/uploads\/2025\/04\/Kyoto_1744045485309.jpg","datePublished":"2025-04-13T00:20:00+00:00","dateModified":"2025-04-10T19:46:57+00:00","author":{"@id":"https:\/\/www.em.com.br\/emfoco\/#\/schema\/person\/1c9ddeab18b98abeffef834667bcf08a"},"description":"Essa cidade japonesa \u00e9 um exemplo de como tradi\u00e7\u00e3o e inova\u00e7\u00e3o podem caminhar juntas sem perder sua identidade.","breadcrumb":{"@id":"https:\/\/www.em.com.br\/emfoco\/2025\/04\/12\/a-cidade-que-conserva-sua-historia-milenar-a-cada-esquina\/#breadcrumb"},"inLanguage":"pt-BR","potentialAction":[{"@type":"ReadAction","target":["https:\/\/www.em.com.br\/emfoco\/2025\/04\/12\/a-cidade-que-conserva-sua-historia-milenar-a-cada-esquina\/"]}]},{"@type":"ImageObject","inLanguage":"pt-BR","@id":"https:\/\/www.em.com.br\/emfoco\/2025\/04\/12\/a-cidade-que-conserva-sua-historia-milenar-a-cada-esquina\/#primaryimage","url":"https:\/\/www.em.com.br\/emfoco\/wp-content\/uploads\/2025\/04\/Kyoto_1744045485309.jpg","contentUrl":"https:\/\/www.em.com.br\/emfoco\/wp-content\/uploads\/2025\/04\/Kyoto_1744045485309.jpg","width":1280,"height":720,"caption":"Kyoto, Jap\u00e3o - Cr\u00e9ditos: depositphotos.com \/ sepavone"},{"@type":"BreadcrumbList","@id":"https:\/\/www.em.com.br\/emfoco\/2025\/04\/12\/a-cidade-que-conserva-sua-historia-milenar-a-cada-esquina\/#breadcrumb","itemListElement":[{"@type":"ListItem","position":1,"name":"In\u00edcio","item":"https:\/\/www.em.com.br\/emfoco\/"},{"@type":"ListItem","position":2,"name":"A cidade que conserva sua hist\u00f3ria milenar a cada esquina"}]},{"@type":"WebSite","@id":"https:\/\/www.em.com.br\/emfoco\/#website","url":"https:\/\/www.em.com.br\/emfoco\/","name":"Estado de Minas - Em foco","description":"Acompanhe as \u00faltimas not\u00edcias e fique bem informado sobre tudo o que acontece em Minas Gerais, Brasil e no mundo.","potentialAction":[{"@type":"SearchAction","target":{"@type":"EntryPoint","urlTemplate":"https:\/\/www.em.com.br\/emfoco\/?s={search_term_string}"},"query-input":{"@type":"PropertyValueSpecification","valueRequired":true,"valueName":"search_term_string"}}],"inLanguage":"pt-BR"},{"@type":"Person","@id":"https:\/\/www.em.com.br\/emfoco\/#\/schema\/person\/1c9ddeab18b98abeffef834667bcf08a","name":"Gabriel Martins","image":{"@type":"ImageObject","inLanguage":"pt-BR","@id":"https:\/\/www.em.com.br\/emfoco\/#\/schema\/person\/image\/","url":"https:\/\/secure.gravatar.com\/avatar\/f0f1e2efdfd88f1ad2cb08c5c2731e50?s=96&d=mm&r=g","contentUrl":"https:\/\/secure.gravatar.com\/avatar\/f0f1e2efdfd88f1ad2cb08c5c2731e50?s=96&d=mm&r=g","caption":"Gabriel Martins"},"sameAs":["https:\/\/www.em.com.br\/emfoco\/"],"url":"https:\/\/www.em.com.br\/emfoco\/author\/gabrielmartinsmyth\/"}]}},"_links":{"self":[{"href":"https:\/\/www.em.com.br\/emfoco\/wp-json\/wp\/v2\/posts\/36017","targetHints":{"allow":["GET"]}}],"collection":[{"href":"https:\/\/www.em.com.br\/emfoco\/wp-json\/wp\/v2\/posts"}],"about":[{"href":"https:\/\/www.em.com.br\/emfoco\/wp-json\/wp\/v2\/types\/post"}],"author":[{"embeddable":true,"href":"https:\/\/www.em.com.br\/emfoco\/wp-json\/wp\/v2\/users\/13"}],"replies":[{"embeddable":true,"href":"https:\/\/www.em.com.br\/emfoco\/wp-json\/wp\/v2\/comments?post=36017"}],"version-history":[{"count":2,"href":"https:\/\/www.em.com.br\/emfoco\/wp-json\/wp\/v2\/posts\/36017\/revisions"}],"predecessor-version":[{"id":36039,"href":"https:\/\/www.em.com.br\/emfoco\/wp-json\/wp\/v2\/posts\/36017\/revisions\/36039"}],"wp:featuredmedia":[{"embeddable":true,"href":"https:\/\/www.em.com.br\/emfoco\/wp-json\/wp\/v2\/media\/36037"}],"wp:attachment":[{"href":"https:\/\/www.em.com.br\/emfoco\/wp-json\/wp\/v2\/media?parent=36017"}],"wp:term":[{"taxonomy":"category","embeddable":true,"href":"https:\/\/www.em.com.br\/emfoco\/wp-json\/wp\/v2\/categories?post=36017"},{"taxonomy":"post_tag","embeddable":true,"href":"https:\/\/www.em.com.br\/emfoco\/wp-json\/wp\/v2\/tags?post=36017"}],"curies":[{"name":"wp","href":"https:\/\/api.w.org\/{rel}","templated":true}]}}