{"id":35880,"date":"2025-04-08T11:20:00","date_gmt":"2025-04-08T14:20:00","guid":{"rendered":"https:\/\/www.em.com.br\/emfoco\/?p=35880"},"modified":"2025-04-07T15:50:05","modified_gmt":"2025-04-07T18:50:05","slug":"programa-oferece-curso-gratuito-com-bolsa-de-r-1-518-e-surpreende-candidatos","status":"publish","type":"post","link":"https:\/\/www.em.com.br\/emfoco\/2025\/04\/08\/programa-oferece-curso-gratuito-com-bolsa-de-r-1-518-e-surpreende-candidatos\/","title":{"rendered":"Programa oferece curso gratuito com bolsa de R$ 1.518 e surpreende candidatos"},"content":{"rendered":"\n<p>A Secretaria de Desenvolvimento Econ\u00f4mico, Trabalho e Renda do Distrito Federal (<strong>Sedet-DF<\/strong>) abriu inscri\u00e7\u00f5es para 2,5 mil vagas no programa <strong><a href=\"https:\/\/sedet.df.gov.br\/novas-inscricoes-para-o-renovadf\/\" target=\"_blank\" rel=\"noreferrer noopener\">Renova-DF<\/a><\/strong>. O curso ser\u00e1 voltado para a forma\u00e7\u00e3o de auxiliares de manuten\u00e7\u00e3o na \u00e1rea da constru\u00e7\u00e3o civil. As inscri\u00e7\u00f5es est\u00e3o abertas at\u00e9 14 de abril e devem ser feitas exclusivamente pelo site da secretaria.<\/p>\n\n\n\n<p>O in\u00edcio das aulas est\u00e1 previsto para 5 de maio, no turno da noite. O curso ser\u00e1 ministrado presencialmente, com conte\u00fados te\u00f3ricos e pr\u00e1ticos voltados \u00e0 revitaliza\u00e7\u00e3o de espa\u00e7os p\u00fablicos no DF.<\/p>\n\n\n\n<h2 class=\"wp-block-heading\">Curso forma profissionais em diferentes \u00e1reas da constru\u00e7\u00e3o civil<\/h2>\n\n\n\n<p>Os alunos do Renova-DF ser\u00e3o capacitados para atuar em diversas fun\u00e7\u00f5es dentro da constru\u00e7\u00e3o civil. As principais \u00e1reas de forma\u00e7\u00e3o s\u00e3o:<\/p>\n\n\n\n<ul class=\"wp-block-list\">\n<li>Carpintaria<\/li>\n\n\n\n<li>Jardinagem<\/li>\n\n\n\n<li>El\u00e9trica<\/li>\n\n\n\n<li>Encanamento<\/li>\n\n\n\n<li>Serralheria<\/li>\n\n\n\n<li>Alvenaria<\/li>\n<\/ul>\n\n\n\n<p>A proposta \u00e9 oferecer qualifica\u00e7\u00e3o completa e pr\u00e1tica, incluindo aulas em locais p\u00fablicos que precisam de manuten\u00e7\u00e3o, como viadutos e pra\u00e7as.<\/p>\n\n\n\n<figure class=\"wp-block-image size-large\"><img loading=\"lazy\" decoding=\"async\" width=\"1024\" height=\"576\" src=\"https:\/\/www.em.com.br\/emfoco\/wp-content\/uploads\/2025\/04\/renova-df-1-1024x576.jpg\" alt=\"\" class=\"wp-image-35996\" srcset=\"https:\/\/www.em.com.br\/emfoco\/wp-content\/uploads\/2025\/04\/renova-df-1-1024x576.jpg 1024w, https:\/\/www.em.com.br\/emfoco\/wp-content\/uploads\/2025\/04\/renova-df-1-300x169.jpg 300w, https:\/\/www.em.com.br\/emfoco\/wp-content\/uploads\/2025\/04\/renova-df-1-768x432.jpg 768w, https:\/\/www.em.com.br\/emfoco\/wp-content\/uploads\/2025\/04\/renova-df-1-750x422.jpg 750w, https:\/\/www.em.com.br\/emfoco\/wp-content\/uploads\/2025\/04\/renova-df-1-1140x641.jpg 1140w, https:\/\/www.em.com.br\/emfoco\/wp-content\/uploads\/2025\/04\/renova-df-1.jpg 1280w\" sizes=\"auto, (max-width: 1024px) 100vw, 1024px\" \/><figcaption class=\"wp-element-caption\">Programa Renova-DF &#8211; Cr\u00e9ditos: Divulga\u00e7\u00e3o\/Flickr <\/figcaption><\/figure>\n\n\n\n<h2 class=\"wp-block-heading\">Alunos recebem bolsa de R$ 1.518 e benef\u00edcios durante o curso<\/h2>\n\n\n\n<p>Al\u00e9m do aprendizado t\u00e9cnico, os participantes contam com uma s\u00e9rie de benef\u00edcios durante o curso, como:<\/p>\n\n\n\n<ul class=\"wp-block-list\">\n<li><strong>Bolsa-benef\u00edcio mensal de R$ 1.518<\/strong><\/li>\n\n\n\n<li><strong>Aux\u00edlio-transporte<\/strong><\/li>\n\n\n\n<li><strong>Seguro contra acidentes pessoais<\/strong><\/li>\n\n\n\n<li><strong>Lanche di\u00e1rio<\/strong><\/li>\n\n\n\n<li><strong>Material did\u00e1tico gratuito<\/strong><\/li>\n\n\n\n<li><strong>Uniforme completo, incluindo equipamentos de prote\u00e7\u00e3o individual<\/strong><\/li>\n<\/ul>\n\n\n\n<p>O <strong><strong><a href=\"https:\/\/www.em.com.br\/emfoco\/2025\/04\/03\/programa-pe-de-meia-enfrenta-falhas-na-distribuicao-e-levanta-duvidas-confira\/\" target=\"_blank\" rel=\"noreferrer noopener\">programa <\/a><\/strong><\/strong>busca garantir condi\u00e7\u00f5es adequadas para que os alunos possam se dedicar \u00e0 forma\u00e7\u00e3o e ingressar no mercado de trabalho com mais seguran\u00e7a e preparo.<\/p>\n\n\n\n<h2 class=\"wp-block-heading\">Aulas pr\u00e1ticas acontecem em espa\u00e7os p\u00fablicos da capital<\/h2>\n\n\n\n<p>Parte da forma\u00e7\u00e3o ser\u00e1 realizada diretamente em locais que passam por melhorias urbanas. Essa metodologia permite aos alunos vivenciarem situa\u00e7\u00f5es reais de trabalho e contribui para a revitaliza\u00e7\u00e3o de \u00e1reas p\u00fablicas do DF.<\/p>\n\n\n\n<h2 class=\"wp-block-heading\">Como se inscrever no programa de qualifica\u00e7\u00e3o profissional<\/h2>\n\n\n\n<p>Para garantir a vaga, os interessados devem se inscrever at\u00e9 14 de abril pelo site da Sedet-DF. Em caso de d\u00favidas, a Subsecretaria de Qualifica\u00e7\u00e3o Profissional (SQP) disponibiliza atendimento pelo n\u00famero <strong>(61) 99198-8727<\/strong>.<\/p>\n\n\n\n<p>O Renova-DF tem sido uma porta de entrada para quem busca qualifica\u00e7\u00e3o gratuita e novas oportunidades de emprego na constru\u00e7\u00e3o civil.<\/p>\n","protected":false},"excerpt":{"rendered":"<p>A Secretaria de Desenvolvimento Econ\u00f4mico, Trabalho e Renda do Distrito Federal (Sedet-DF) abriu inscri\u00e7\u00f5es para 2,5 mil vagas no programa Renova-DF. O curso ser\u00e1 voltado para a forma\u00e7\u00e3o de auxiliares de manuten\u00e7\u00e3o na \u00e1rea da constru\u00e7\u00e3o civil. As inscri\u00e7\u00f5es est\u00e3o abertas at\u00e9 14 de abril e devem ser feitas exclusivamente pelo site da secretaria. O [&hellip;]<\/p>\n","protected":false},"author":11,"featured_media":35998,"comment_status":"open","ping_status":"open","sticky":false,"template":"","format":"standard","meta":{"jnews-multi-image_gallery":[],"jnews_single_post":{"format":"standard"},"jnews_primary_category":[],"jnews_social_meta":[],"jnews_override_counter":[],"footnotes":""},"categories":[28,1],"tags":[465,2959,2512],"class_list":["post-35880","post","type-post","status-publish","format-standard","has-post-thumbnail","hentry","category-economia","category-noticias","tag-governo","tag-programa-do-governo","tag-programa-social"],"yoast_head":"<!-- This site is optimized with the Yoast SEO plugin v23.8 - https:\/\/yoast.com\/wordpress\/plugins\/seo\/ -->\n<title>Programa oferece curso gratuito com bolsa de R$ 1.518 e surpreende candidatos - Estado de Minas - Em foco<\/title>\n<meta name=\"description\" content=\"Quer aprender uma nova profiss\u00e3o com tudo pago e ainda receber bolsa mensal? As vagas para o curso est\u00e3o abertas, mas o prazo \u00e9 curto.\" \/>\n<meta name=\"robots\" content=\"index, follow, max-snippet:-1, max-image-preview:large, max-video-preview:-1\" \/>\n<link rel=\"canonical\" href=\"https:\/\/www.em.com.br\/emfoco\/2025\/04\/08\/programa-oferece-curso-gratuito-com-bolsa-de-r-1-518-e-surpreende-candidatos\/\" \/>\n<meta property=\"og:locale\" content=\"pt_BR\" \/>\n<meta property=\"og:type\" content=\"article\" \/>\n<meta property=\"og:title\" content=\"Programa oferece curso gratuito com bolsa de R$ 1.518 e surpreende candidatos - Estado de Minas - Em foco\" \/>\n<meta property=\"og:description\" content=\"Quer aprender uma nova profiss\u00e3o com tudo pago e ainda receber bolsa mensal? As vagas para o curso est\u00e3o abertas, mas o prazo \u00e9 curto.\" \/>\n<meta property=\"og:url\" content=\"https:\/\/www.em.com.br\/emfoco\/2025\/04\/08\/programa-oferece-curso-gratuito-com-bolsa-de-r-1-518-e-surpreende-candidatos\/\" \/>\n<meta property=\"og:site_name\" content=\"Estado de Minas - Em foco\" \/>\n<meta property=\"article:published_time\" content=\"2025-04-08T14:20:00+00:00\" \/>\n<meta property=\"article:modified_time\" content=\"2025-04-07T18:50:05+00:00\" \/>\n<meta property=\"og:image\" content=\"https:\/\/www.em.com.br\/emfoco\/wp-content\/uploads\/2025\/04\/51234090353_e6e84a61c3_b.jpg\" \/>\n\t<meta property=\"og:image:width\" content=\"1280\" \/>\n\t<meta property=\"og:image:height\" content=\"854\" \/>\n\t<meta property=\"og:image:type\" content=\"image\/jpeg\" \/>\n<meta name=\"author\" content=\"Andre\u0301 Rangel\u00a0\" \/>\n<meta name=\"twitter:card\" content=\"summary_large_image\" \/>\n<meta name=\"twitter:label1\" content=\"Escrito por\" \/>\n\t<meta name=\"twitter:data1\" content=\"Andre\u0301 Rangel\u00a0\" \/>\n\t<meta name=\"twitter:label2\" content=\"Est. tempo de leitura\" \/>\n\t<meta name=\"twitter:data2\" content=\"3 minutos\" \/>\n<!-- \/ Yoast SEO plugin. -->","yoast_head_json":{"title":"Programa oferece curso gratuito com bolsa de R$ 1.518 e surpreende candidatos - Estado de Minas - Em foco","description":"Quer aprender uma nova profiss\u00e3o com tudo pago e ainda receber bolsa mensal? As vagas para o curso est\u00e3o abertas, mas o prazo \u00e9 curto.","robots":{"index":"index","follow":"follow","max-snippet":"max-snippet:-1","max-image-preview":"max-image-preview:large","max-video-preview":"max-video-preview:-1"},"canonical":"https:\/\/www.em.com.br\/emfoco\/2025\/04\/08\/programa-oferece-curso-gratuito-com-bolsa-de-r-1-518-e-surpreende-candidatos\/","og_locale":"pt_BR","og_type":"article","og_title":"Programa oferece curso gratuito com bolsa de R$ 1.518 e surpreende candidatos - Estado de Minas - Em foco","og_description":"Quer aprender uma nova profiss\u00e3o com tudo pago e ainda receber bolsa mensal? As vagas para o curso est\u00e3o abertas, mas o prazo \u00e9 curto.","og_url":"https:\/\/www.em.com.br\/emfoco\/2025\/04\/08\/programa-oferece-curso-gratuito-com-bolsa-de-r-1-518-e-surpreende-candidatos\/","og_site_name":"Estado de Minas - Em foco","article_published_time":"2025-04-08T14:20:00+00:00","article_modified_time":"2025-04-07T18:50:05+00:00","og_image":[{"width":1280,"height":854,"url":"https:\/\/www.em.com.br\/emfoco\/wp-content\/uploads\/2025\/04\/51234090353_e6e84a61c3_b.jpg","type":"image\/jpeg"}],"author":"Andre\u0301 Rangel\u00a0","twitter_card":"summary_large_image","twitter_misc":{"Escrito por":"Andre\u0301 Rangel\u00a0","Est. tempo de leitura":"3 minutos"},"schema":{"@context":"https:\/\/schema.org","@graph":[{"@type":"WebPage","@id":"https:\/\/www.em.com.br\/emfoco\/2025\/04\/08\/programa-oferece-curso-gratuito-com-bolsa-de-r-1-518-e-surpreende-candidatos\/","url":"https:\/\/www.em.com.br\/emfoco\/2025\/04\/08\/programa-oferece-curso-gratuito-com-bolsa-de-r-1-518-e-surpreende-candidatos\/","name":"Programa oferece curso gratuito com bolsa de R$ 1.518 e surpreende candidatos - Estado de Minas - Em foco","isPartOf":{"@id":"https:\/\/www.em.com.br\/emfoco\/#website"},"primaryImageOfPage":{"@id":"https:\/\/www.em.com.br\/emfoco\/2025\/04\/08\/programa-oferece-curso-gratuito-com-bolsa-de-r-1-518-e-surpreende-candidatos\/#primaryimage"},"image":{"@id":"https:\/\/www.em.com.br\/emfoco\/2025\/04\/08\/programa-oferece-curso-gratuito-com-bolsa-de-r-1-518-e-surpreende-candidatos\/#primaryimage"},"thumbnailUrl":"https:\/\/www.em.com.br\/emfoco\/wp-content\/uploads\/2025\/04\/51234090353_e6e84a61c3_b.jpg","datePublished":"2025-04-08T14:20:00+00:00","dateModified":"2025-04-07T18:50:05+00:00","author":{"@id":"https:\/\/www.em.com.br\/emfoco\/#\/schema\/person\/60eda09c1fedf0d6891f4cef4b60b8b8"},"description":"Quer aprender uma nova profiss\u00e3o com tudo pago e ainda receber bolsa mensal? As vagas para o curso est\u00e3o abertas, mas o prazo \u00e9 curto.","breadcrumb":{"@id":"https:\/\/www.em.com.br\/emfoco\/2025\/04\/08\/programa-oferece-curso-gratuito-com-bolsa-de-r-1-518-e-surpreende-candidatos\/#breadcrumb"},"inLanguage":"pt-BR","potentialAction":[{"@type":"ReadAction","target":["https:\/\/www.em.com.br\/emfoco\/2025\/04\/08\/programa-oferece-curso-gratuito-com-bolsa-de-r-1-518-e-surpreende-candidatos\/"]}]},{"@type":"ImageObject","inLanguage":"pt-BR","@id":"https:\/\/www.em.com.br\/emfoco\/2025\/04\/08\/programa-oferece-curso-gratuito-com-bolsa-de-r-1-518-e-surpreende-candidatos\/#primaryimage","url":"https:\/\/www.em.com.br\/emfoco\/wp-content\/uploads\/2025\/04\/51234090353_e6e84a61c3_b.jpg","contentUrl":"https:\/\/www.em.com.br\/emfoco\/wp-content\/uploads\/2025\/04\/51234090353_e6e84a61c3_b.jpg","width":1280,"height":854,"caption":"Programa Renova-DF - Cr\u00e9ditos: Divulga\u00e7\u00e3o\/Flickr"},{"@type":"BreadcrumbList","@id":"https:\/\/www.em.com.br\/emfoco\/2025\/04\/08\/programa-oferece-curso-gratuito-com-bolsa-de-r-1-518-e-surpreende-candidatos\/#breadcrumb","itemListElement":[{"@type":"ListItem","position":1,"name":"In\u00edcio","item":"https:\/\/www.em.com.br\/emfoco\/"},{"@type":"ListItem","position":2,"name":"Programa oferece curso gratuito com bolsa de R$ 1.518 e surpreende candidatos"}]},{"@type":"WebSite","@id":"https:\/\/www.em.com.br\/emfoco\/#website","url":"https:\/\/www.em.com.br\/emfoco\/","name":"Estado de Minas - Em foco","description":"Acompanhe as \u00faltimas not\u00edcias e fique bem informado sobre tudo o que acontece em Minas Gerais, Brasil e no mundo.","potentialAction":[{"@type":"SearchAction","target":{"@type":"EntryPoint","urlTemplate":"https:\/\/www.em.com.br\/emfoco\/?s={search_term_string}"},"query-input":{"@type":"PropertyValueSpecification","valueRequired":true,"valueName":"search_term_string"}}],"inLanguage":"pt-BR"},{"@type":"Person","@id":"https:\/\/www.em.com.br\/emfoco\/#\/schema\/person\/60eda09c1fedf0d6891f4cef4b60b8b8","name":"Andre\u0301 Rangel\u00a0","image":{"@type":"ImageObject","inLanguage":"pt-BR","@id":"https:\/\/www.em.com.br\/emfoco\/#\/schema\/person\/image\/","url":"https:\/\/secure.gravatar.com\/avatar\/6234dc814c77c8ef6d8bba622c787efc?s=96&d=mm&r=g","contentUrl":"https:\/\/secure.gravatar.com\/avatar\/6234dc814c77c8ef6d8bba622c787efc?s=96&d=mm&r=g","caption":"Andre\u0301 Rangel\u00a0"},"url":"https:\/\/www.em.com.br\/emfoco\/author\/luizmyth\/"}]}},"_links":{"self":[{"href":"https:\/\/www.em.com.br\/emfoco\/wp-json\/wp\/v2\/posts\/35880","targetHints":{"allow":["GET"]}}],"collection":[{"href":"https:\/\/www.em.com.br\/emfoco\/wp-json\/wp\/v2\/posts"}],"about":[{"href":"https:\/\/www.em.com.br\/emfoco\/wp-json\/wp\/v2\/types\/post"}],"author":[{"embeddable":true,"href":"https:\/\/www.em.com.br\/emfoco\/wp-json\/wp\/v2\/users\/11"}],"replies":[{"embeddable":true,"href":"https:\/\/www.em.com.br\/emfoco\/wp-json\/wp\/v2\/comments?post=35880"}],"version-history":[{"count":4,"href":"https:\/\/www.em.com.br\/emfoco\/wp-json\/wp\/v2\/posts\/35880\/revisions"}],"predecessor-version":[{"id":35999,"href":"https:\/\/www.em.com.br\/emfoco\/wp-json\/wp\/v2\/posts\/35880\/revisions\/35999"}],"wp:featuredmedia":[{"embeddable":true,"href":"https:\/\/www.em.com.br\/emfoco\/wp-json\/wp\/v2\/media\/35998"}],"wp:attachment":[{"href":"https:\/\/www.em.com.br\/emfoco\/wp-json\/wp\/v2\/media?parent=35880"}],"wp:term":[{"taxonomy":"category","embeddable":true,"href":"https:\/\/www.em.com.br\/emfoco\/wp-json\/wp\/v2\/categories?post=35880"},{"taxonomy":"post_tag","embeddable":true,"href":"https:\/\/www.em.com.br\/emfoco\/wp-json\/wp\/v2\/tags?post=35880"}],"curies":[{"name":"wp","href":"https:\/\/api.w.org\/{rel}","templated":true}]}}