{"id":35868,"date":"2025-04-11T14:20:00","date_gmt":"2025-04-11T17:20:00","guid":{"rendered":"https:\/\/www.em.com.br\/emfoco\/?p=35868"},"modified":"2025-04-10T16:18:08","modified_gmt":"2025-04-10T19:18:08","slug":"conheca-o-destino-onde-carros-sao-proibidos-e-as-paisagens-sao-de-outro-mundo","status":"publish","type":"post","link":"https:\/\/www.em.com.br\/emfoco\/2025\/04\/11\/conheca-o-destino-onde-carros-sao-proibidos-e-as-paisagens-sao-de-outro-mundo\/","title":{"rendered":"Conhe\u00e7a o destino onde carros s\u00e3o proibidos e as paisagens s\u00e3o de outro mundo"},"content":{"rendered":"\n<p>Localizada no estado do <strong>Cear\u00e1<\/strong>, <strong>Jericoacoara <\/strong>\u00e9 uma vila de pescadores que se transformou em um dos destinos tur\u00edsticos mais procurados do <strong>Brasil<\/strong>. Conhecida por suas praias de areia branca e \u00e1guas cristalinas, <strong>Jeri<\/strong>, como \u00e9 carinhosamente chamada, oferece uma experi\u00eancia \u00fanica para visitantes de todo o mundo.<\/p>\n\n\n\n<p>Al\u00e9m de suas belezas naturais, Jericoacoara \u00e9 um exemplo de como o turismo sustent\u00e1vel pode coexistir com a preserva\u00e7\u00e3o ambiental. A vila est\u00e1 situada dentro de um parque nacional, o que garante a prote\u00e7\u00e3o de sua rica biodiversidade e paisagens deslumbrantes.<\/p>\n\n\n\n<h2 class=\"wp-block-heading\">Qualidade de vida em Jericoacoara<\/h2>\n\n\n\n<p>Jericoacoara \u00e9 um lugar onde a qualidade de vida \u00e9 valorizada. A vila oferece um ambiente tranquilo e seguro, ideal para quem busca um estilo de vida mais relaxado. A aus\u00eancia de carros no centro da vila contribui para um ar mais limpo e um ambiente mais silencioso, permitindo que os moradores e visitantes desfrutem da natureza ao m\u00e1ximo.<\/p>\n\n\n\n<figure class=\"wp-block-image size-large\"><img loading=\"lazy\" decoding=\"async\" width=\"1024\" height=\"576\" src=\"https:\/\/www.em.com.br\/emfoco\/wp-content\/uploads\/2025\/04\/Jericoacoara_1744036569883-1024x576.jpg\" alt=\"Conhe\u00e7a o destino onde carros s\u00e3o proibidos e as paisagens s\u00e3o de outro mundo\" class=\"wp-image-35888\" srcset=\"https:\/\/www.em.com.br\/emfoco\/wp-content\/uploads\/2025\/04\/Jericoacoara_1744036569883-1024x576.jpg 1024w, https:\/\/www.em.com.br\/emfoco\/wp-content\/uploads\/2025\/04\/Jericoacoara_1744036569883-300x169.jpg 300w, https:\/\/www.em.com.br\/emfoco\/wp-content\/uploads\/2025\/04\/Jericoacoara_1744036569883-768x432.jpg 768w, https:\/\/www.em.com.br\/emfoco\/wp-content\/uploads\/2025\/04\/Jericoacoara_1744036569883-750x422.jpg 750w, https:\/\/www.em.com.br\/emfoco\/wp-content\/uploads\/2025\/04\/Jericoacoara_1744036569883-1140x641.jpg 1140w, https:\/\/www.em.com.br\/emfoco\/wp-content\/uploads\/2025\/04\/Jericoacoara_1744036569883.jpg 1280w\" sizes=\"auto, (max-width: 1024px) 100vw, 1024px\" \/><figcaption class=\"wp-element-caption\">Jericoacoara, Cear\u00e1 &#8211; Cr\u00e9ditos: depositphotos.com \/ xura<\/figcaption><\/figure>\n\n\n\n<h2 class=\"wp-block-heading\">Educa\u00e7\u00e3o em Jericoacoara<\/h2>\n\n\n\n<p>A educa\u00e7\u00e3o em Jericoacoara tem se desenvolvido ao longo dos anos, com a presen\u00e7a de escolas que atendem tanto a popula\u00e7\u00e3o local quanto os filhos de estrangeiros que escolheram a vila como lar. As institui\u00e7\u00f5es de ensino buscam integrar a educa\u00e7\u00e3o formal com a valoriza\u00e7\u00e3o da cultura local e a preserva\u00e7\u00e3o ambiental.<\/p>\n\n\n\n<h2 class=\"wp-block-heading\">Turismo: o motor econ\u00f4mico de Jericoacoara<\/h2>\n\n\n\n<p>O turismo \u00e9 a principal atividade econ\u00f4mica de Jericoacoara. A vila atrai turistas em busca de suas praias paradis\u00edacas, como a famosa <strong>Praia da Malhada<\/strong> e a <strong><a href=\"https:\/\/www.tripadvisor.com.br\/Attraction_Review-g303297-d2391300-Reviews-Duna_do_Por_do_Sol-Jericoacoara_Jijoca_de_Jericoacoara_State_of_Ceara.html\" target=\"_blank\" rel=\"noreferrer noopener\">Duna do P\u00f4r do Sol<\/a><\/strong>. Al\u00e9m disso, atividades como kitesurf, windsurf e passeios de buggy s\u00e3o muito populares entre os visitantes.<\/p>\n\n\n\n<h2 class=\"wp-block-heading\">Como chegar a Jericoacoara?<\/h2>\n\n\n\n<p>Chegar a Jericoacoara pode ser uma aventura por si s\u00f3. A vila est\u00e1 localizada a cerca de 300 km de <strong>Fortaleza<\/strong>, capital do Cear\u00e1. Os visitantes podem optar por voos diretos para o <strong>Aeroporto Regional de Jericoacoara<\/strong> ou viajar de carro ou \u00f4nibus at\u00e9 <strong>Jijoca de Jericoacoara<\/strong>, seguido por um trajeto em ve\u00edculos 4&#215;4 at\u00e9 a vila.<\/p>\n\n\n\n<h2 class=\"wp-block-heading\">Onde se hospedar em Jericoacoara?<\/h2>\n\n\n\n<p>Jericoacoara oferece uma ampla gama de op\u00e7\u00f5es de hospedagem, desde pousadas charmosas at\u00e9 hot\u00e9is de luxo. Muitos estabelecimentos s\u00e3o projetados para harmonizar com o ambiente natural, proporcionando uma experi\u00eancia aut\u00eantica e sustent\u00e1vel aos h\u00f3spedes.<\/p>\n\n\n\n<h2 class=\"wp-block-heading\">Gastronomia em Jericoacoara<\/h2>\n\n\n\n<p>A <strong><a href=\"https:\/\/www.em.com.br\/emfoco\/2025\/01\/03\/voce-precisa-conhecer-a-cidade-que-brilha-no-ranking-mundial-de-gastronomia\/\" target=\"_blank\" rel=\"noreferrer noopener\">gastronomia<\/a><\/strong> em Jericoacoara \u00e9 um reflexo de sua diversidade cultural. Os visitantes podem desfrutar de pratos t\u00edpicos da culin\u00e1ria cearense, como peixes e frutos do mar frescos, al\u00e9m de op\u00e7\u00f5es internacionais em restaurantes que atendem a todos os gostos.<\/p>\n\n\n\n<h2 class=\"wp-block-heading\">Preserva\u00e7\u00e3o ambiental em Jericoacoara<\/h2>\n\n\n\n<p>A preserva\u00e7\u00e3o ambiental \u00e9 uma prioridade em Jericoacoara. O <strong>Parque Nacional de Jericoacoara<\/strong> protege a fauna e flora locais, e iniciativas de turismo sustent\u00e1vel s\u00e3o incentivadas para garantir que as futuras gera\u00e7\u00f5es possam desfrutar deste para\u00edso natural.<\/p>\n\n\n\n<h2 class=\"wp-block-heading\">Eventos culturais e festividades<\/h2>\n\n\n\n<p>Jericoacoara tamb\u00e9m \u00e9 palco de diversos eventos culturais ao longo do ano. Festas tradicionais, como o <strong>Festival de Jazz e Blues<\/strong>, atraem visitantes que buscam vivenciar a cultura local e se divertir em um ambiente \u00fanico.<\/p>\n\n\n\n<h2 class=\"wp-block-heading\">O futuro de Jericoacoara<\/h2>\n\n\n\n<p>O futuro de Jericoacoara parece promissor, com um equil\u00edbrio entre o desenvolvimento tur\u00edstico e a preserva\u00e7\u00e3o ambiental. A vila continua a atrair visitantes de todo o mundo, enquanto mant\u00e9m seu charme e autenticidade, garantindo que Jeri permane\u00e7a um destino inesquec\u00edvel.<\/p>\n","protected":false},"excerpt":{"rendered":"<p>Localizada no estado do Cear\u00e1, Jericoacoara \u00e9 uma vila de pescadores que se transformou em um dos destinos tur\u00edsticos mais procurados do Brasil. Conhecida por suas praias de areia branca e \u00e1guas cristalinas, Jeri, como \u00e9 carinhosamente chamada, oferece uma experi\u00eancia \u00fanica para visitantes de todo o mundo. Al\u00e9m de suas belezas naturais, Jericoacoara \u00e9 [&hellip;]<\/p>\n","protected":false},"author":13,"featured_media":35887,"comment_status":"open","ping_status":"open","sticky":false,"template":"","format":"standard","meta":{"jnews-multi-image_gallery":[],"jnews_single_post":{"format":"standard"},"jnews_primary_category":[],"jnews_social_meta":[],"jnews_override_counter":[],"footnotes":""},"categories":[26],"tags":[3260,321,157,643],"class_list":["post-35868","post","type-post","status-publish","format-standard","has-post-thumbnail","hentry","category-cidades","tag-ceara","tag-praias","tag-turismo","tag-viagens"],"yoast_head":"<!-- This site is optimized with the Yoast SEO plugin v23.8 - https:\/\/yoast.com\/wordpress\/plugins\/seo\/ -->\n<title>Conhe\u00e7a o destino onde carros s\u00e3o proibidos e as paisagens s\u00e3o de outro mundo - Estado de Minas - Em foco<\/title>\n<meta name=\"description\" content=\"Um lugar onde o tempo parece parar! Praias, dunas, kitesurf e uma vibe \u00fanica esperam por voc\u00ea nesse ref\u00fagio do Nordeste.\" \/>\n<meta name=\"robots\" content=\"index, follow, max-snippet:-1, max-image-preview:large, max-video-preview:-1\" \/>\n<link rel=\"canonical\" href=\"https:\/\/www.em.com.br\/emfoco\/2025\/04\/11\/conheca-o-destino-onde-carros-sao-proibidos-e-as-paisagens-sao-de-outro-mundo\/\" \/>\n<meta property=\"og:locale\" content=\"pt_BR\" \/>\n<meta property=\"og:type\" content=\"article\" \/>\n<meta property=\"og:title\" content=\"Conhe\u00e7a o destino onde carros s\u00e3o proibidos e as paisagens s\u00e3o de outro mundo - Estado de Minas - Em foco\" \/>\n<meta property=\"og:description\" content=\"Um lugar onde o tempo parece parar! Praias, dunas, kitesurf e uma vibe \u00fanica esperam por voc\u00ea nesse ref\u00fagio do Nordeste.\" \/>\n<meta property=\"og:url\" content=\"https:\/\/www.em.com.br\/emfoco\/2025\/04\/11\/conheca-o-destino-onde-carros-sao-proibidos-e-as-paisagens-sao-de-outro-mundo\/\" \/>\n<meta property=\"og:site_name\" content=\"Estado de Minas - Em foco\" \/>\n<meta property=\"article:published_time\" content=\"2025-04-11T17:20:00+00:00\" \/>\n<meta property=\"article:modified_time\" content=\"2025-04-10T19:18:08+00:00\" \/>\n<meta property=\"og:image\" content=\"https:\/\/www.em.com.br\/emfoco\/wp-content\/uploads\/2025\/04\/Jericoacoara_1744036518194.jpg\" \/>\n\t<meta property=\"og:image:width\" content=\"1279\" \/>\n\t<meta property=\"og:image:height\" content=\"720\" \/>\n\t<meta property=\"og:image:type\" content=\"image\/jpeg\" \/>\n<meta name=\"author\" content=\"Gabriel Martins\" \/>\n<meta name=\"twitter:card\" content=\"summary_large_image\" \/>\n<meta name=\"twitter:label1\" content=\"Escrito por\" \/>\n\t<meta name=\"twitter:data1\" content=\"Gabriel Martins\" \/>\n\t<meta name=\"twitter:label2\" content=\"Est. tempo de leitura\" \/>\n\t<meta name=\"twitter:data2\" content=\"4 minutos\" \/>\n<!-- \/ Yoast SEO plugin. -->","yoast_head_json":{"title":"Conhe\u00e7a o destino onde carros s\u00e3o proibidos e as paisagens s\u00e3o de outro mundo - Estado de Minas - Em foco","description":"Um lugar onde o tempo parece parar! Praias, dunas, kitesurf e uma vibe \u00fanica esperam por voc\u00ea nesse ref\u00fagio do Nordeste.","robots":{"index":"index","follow":"follow","max-snippet":"max-snippet:-1","max-image-preview":"max-image-preview:large","max-video-preview":"max-video-preview:-1"},"canonical":"https:\/\/www.em.com.br\/emfoco\/2025\/04\/11\/conheca-o-destino-onde-carros-sao-proibidos-e-as-paisagens-sao-de-outro-mundo\/","og_locale":"pt_BR","og_type":"article","og_title":"Conhe\u00e7a o destino onde carros s\u00e3o proibidos e as paisagens s\u00e3o de outro mundo - Estado de Minas - Em foco","og_description":"Um lugar onde o tempo parece parar! Praias, dunas, kitesurf e uma vibe \u00fanica esperam por voc\u00ea nesse ref\u00fagio do Nordeste.","og_url":"https:\/\/www.em.com.br\/emfoco\/2025\/04\/11\/conheca-o-destino-onde-carros-sao-proibidos-e-as-paisagens-sao-de-outro-mundo\/","og_site_name":"Estado de Minas - Em foco","article_published_time":"2025-04-11T17:20:00+00:00","article_modified_time":"2025-04-10T19:18:08+00:00","og_image":[{"width":1279,"height":720,"url":"https:\/\/www.em.com.br\/emfoco\/wp-content\/uploads\/2025\/04\/Jericoacoara_1744036518194.jpg","type":"image\/jpeg"}],"author":"Gabriel Martins","twitter_card":"summary_large_image","twitter_misc":{"Escrito por":"Gabriel Martins","Est. tempo de leitura":"4 minutos"},"schema":{"@context":"https:\/\/schema.org","@graph":[{"@type":"WebPage","@id":"https:\/\/www.em.com.br\/emfoco\/2025\/04\/11\/conheca-o-destino-onde-carros-sao-proibidos-e-as-paisagens-sao-de-outro-mundo\/","url":"https:\/\/www.em.com.br\/emfoco\/2025\/04\/11\/conheca-o-destino-onde-carros-sao-proibidos-e-as-paisagens-sao-de-outro-mundo\/","name":"Conhe\u00e7a o destino onde carros s\u00e3o proibidos e as paisagens s\u00e3o de outro mundo - Estado de Minas - Em foco","isPartOf":{"@id":"https:\/\/www.em.com.br\/emfoco\/#website"},"primaryImageOfPage":{"@id":"https:\/\/www.em.com.br\/emfoco\/2025\/04\/11\/conheca-o-destino-onde-carros-sao-proibidos-e-as-paisagens-sao-de-outro-mundo\/#primaryimage"},"image":{"@id":"https:\/\/www.em.com.br\/emfoco\/2025\/04\/11\/conheca-o-destino-onde-carros-sao-proibidos-e-as-paisagens-sao-de-outro-mundo\/#primaryimage"},"thumbnailUrl":"https:\/\/www.em.com.br\/emfoco\/wp-content\/uploads\/2025\/04\/Jericoacoara_1744036518194.jpg","datePublished":"2025-04-11T17:20:00+00:00","dateModified":"2025-04-10T19:18:08+00:00","author":{"@id":"https:\/\/www.em.com.br\/emfoco\/#\/schema\/person\/1c9ddeab18b98abeffef834667bcf08a"},"description":"Um lugar onde o tempo parece parar! Praias, dunas, kitesurf e uma vibe \u00fanica esperam por voc\u00ea nesse ref\u00fagio do Nordeste.","breadcrumb":{"@id":"https:\/\/www.em.com.br\/emfoco\/2025\/04\/11\/conheca-o-destino-onde-carros-sao-proibidos-e-as-paisagens-sao-de-outro-mundo\/#breadcrumb"},"inLanguage":"pt-BR","potentialAction":[{"@type":"ReadAction","target":["https:\/\/www.em.com.br\/emfoco\/2025\/04\/11\/conheca-o-destino-onde-carros-sao-proibidos-e-as-paisagens-sao-de-outro-mundo\/"]}]},{"@type":"ImageObject","inLanguage":"pt-BR","@id":"https:\/\/www.em.com.br\/emfoco\/2025\/04\/11\/conheca-o-destino-onde-carros-sao-proibidos-e-as-paisagens-sao-de-outro-mundo\/#primaryimage","url":"https:\/\/www.em.com.br\/emfoco\/wp-content\/uploads\/2025\/04\/Jericoacoara_1744036518194.jpg","contentUrl":"https:\/\/www.em.com.br\/emfoco\/wp-content\/uploads\/2025\/04\/Jericoacoara_1744036518194.jpg","width":1279,"height":720,"caption":"Jericoacoara, Cear\u00e1 - Conhe\u00e7a o destino onde carros s\u00e3o proibidos e as paisagens s\u00e3o de outro mundo"},{"@type":"BreadcrumbList","@id":"https:\/\/www.em.com.br\/emfoco\/2025\/04\/11\/conheca-o-destino-onde-carros-sao-proibidos-e-as-paisagens-sao-de-outro-mundo\/#breadcrumb","itemListElement":[{"@type":"ListItem","position":1,"name":"In\u00edcio","item":"https:\/\/www.em.com.br\/emfoco\/"},{"@type":"ListItem","position":2,"name":"Conhe\u00e7a o destino onde carros s\u00e3o proibidos e as paisagens s\u00e3o de outro mundo"}]},{"@type":"WebSite","@id":"https:\/\/www.em.com.br\/emfoco\/#website","url":"https:\/\/www.em.com.br\/emfoco\/","name":"Estado de Minas - Em foco","description":"Acompanhe as \u00faltimas not\u00edcias e fique bem informado sobre tudo o que acontece em Minas Gerais, Brasil e no mundo.","potentialAction":[{"@type":"SearchAction","target":{"@type":"EntryPoint","urlTemplate":"https:\/\/www.em.com.br\/emfoco\/?s={search_term_string}"},"query-input":{"@type":"PropertyValueSpecification","valueRequired":true,"valueName":"search_term_string"}}],"inLanguage":"pt-BR"},{"@type":"Person","@id":"https:\/\/www.em.com.br\/emfoco\/#\/schema\/person\/1c9ddeab18b98abeffef834667bcf08a","name":"Gabriel Martins","image":{"@type":"ImageObject","inLanguage":"pt-BR","@id":"https:\/\/www.em.com.br\/emfoco\/#\/schema\/person\/image\/","url":"https:\/\/secure.gravatar.com\/avatar\/f0f1e2efdfd88f1ad2cb08c5c2731e50?s=96&d=mm&r=g","contentUrl":"https:\/\/secure.gravatar.com\/avatar\/f0f1e2efdfd88f1ad2cb08c5c2731e50?s=96&d=mm&r=g","caption":"Gabriel Martins"},"sameAs":["https:\/\/www.em.com.br\/emfoco\/"],"url":"https:\/\/www.em.com.br\/emfoco\/author\/gabrielmartinsmyth\/"}]}},"_links":{"self":[{"href":"https:\/\/www.em.com.br\/emfoco\/wp-json\/wp\/v2\/posts\/35868","targetHints":{"allow":["GET"]}}],"collection":[{"href":"https:\/\/www.em.com.br\/emfoco\/wp-json\/wp\/v2\/posts"}],"about":[{"href":"https:\/\/www.em.com.br\/emfoco\/wp-json\/wp\/v2\/types\/post"}],"author":[{"embeddable":true,"href":"https:\/\/www.em.com.br\/emfoco\/wp-json\/wp\/v2\/users\/13"}],"replies":[{"embeddable":true,"href":"https:\/\/www.em.com.br\/emfoco\/wp-json\/wp\/v2\/comments?post=35868"}],"version-history":[{"count":2,"href":"https:\/\/www.em.com.br\/emfoco\/wp-json\/wp\/v2\/posts\/35868\/revisions"}],"predecessor-version":[{"id":35889,"href":"https:\/\/www.em.com.br\/emfoco\/wp-json\/wp\/v2\/posts\/35868\/revisions\/35889"}],"wp:featuredmedia":[{"embeddable":true,"href":"https:\/\/www.em.com.br\/emfoco\/wp-json\/wp\/v2\/media\/35887"}],"wp:attachment":[{"href":"https:\/\/www.em.com.br\/emfoco\/wp-json\/wp\/v2\/media?parent=35868"}],"wp:term":[{"taxonomy":"category","embeddable":true,"href":"https:\/\/www.em.com.br\/emfoco\/wp-json\/wp\/v2\/categories?post=35868"},{"taxonomy":"post_tag","embeddable":true,"href":"https:\/\/www.em.com.br\/emfoco\/wp-json\/wp\/v2\/tags?post=35868"}],"curies":[{"name":"wp","href":"https:\/\/api.w.org\/{rel}","templated":true}]}}