{"id":35805,"date":"2025-04-09T11:10:06","date_gmt":"2025-04-09T14:10:06","guid":{"rendered":"https:\/\/www.em.com.br\/emfoco\/?p=35805"},"modified":"2025-04-09T11:10:07","modified_gmt":"2025-04-09T14:10:07","slug":"trabalhadores-registrados-vao-ganhar-um-belo-presente-nos-proximos-dias","status":"publish","type":"post","link":"https:\/\/www.em.com.br\/emfoco\/2025\/04\/09\/trabalhadores-registrados-vao-ganhar-um-belo-presente-nos-proximos-dias\/","title":{"rendered":"Trabalhadores registrados v\u00e3o ganhar um belo presente nos pr\u00f3ximos dias!"},"content":{"rendered":"\n<p>O Fundo de Garantia do Tempo de Servi\u00e7o (FGTS) \u00e9 um benef\u00edcio fundamental para os trabalhadores brasileiros, criado para oferecer suporte financeiro em situa\u00e7\u00f5es de demiss\u00e3o sem justa causa. Uma das op\u00e7\u00f5es dispon\u00edveis para os trabalhadores \u00e9 o <strong>saque-anivers\u00e1rio<\/strong>, <strong>uma modalidade que permite a retirada de parte do saldo do FGTS anualmente, no m\u00eas de anivers\u00e1rio do trabalhador<\/strong>.<\/p>\n\n\n\n<p>Essa modalidade foi introduzida como uma alternativa ao saque tradicional, que geralmente ocorre em casos de rescis\u00e3o contratual. O saque-anivers\u00e1rio oferece aos trabalhadores a oportunidade de acessar parte de seus recursos de forma regular, proporcionando maior flexibilidade no uso do dinheiro acumulado no FGTS.<\/p>\n\n\n\n<h2 class=\"wp-block-heading\">Funcionamento do saque-anivers\u00e1rio em 2025<\/h2>\n\n\n\n<p>Em 2025, o saque-anivers\u00e1rio continua a permitir que os trabalhadores retirem uma porcentagem do saldo do FGTS a cada ano. <strong>O valor dispon\u00edvel para saque \u00e9 calculado com base em uma tabela progressiva, que considera o saldo total na conta do FGTS<\/strong>. Quanto maior o saldo total, menor a porcentagem que pode ser retirada anualmente. Al\u00e9m disso, uma parcela adicional fixa \u00e9 acrescida ao percentual, variando tamb\u00e9m de acordo com a faixa de saldo. Os trabalhadores podem realizar o saque no m\u00eas de seu anivers\u00e1rio, com um prazo adicional de dois meses para efetuar a retirada.<\/p>\n\n\n\n<p>Optar pelo saque-anivers\u00e1rio n\u00e3o impede o trabalhador de receber a multa de 40% sobre o saldo do FGTS em caso de demiss\u00e3o sem justa causa. No entanto, ao escolher essa modalidade, o trabalhador n\u00e3o poder\u00e1 sacar o saldo total do FGTS imediatamente ap\u00f3s a demiss\u00e3o, o que requer uma an\u00e1lise cuidadosa das necessidades financeiras antes de tomar essa decis\u00e3o.<\/p>\n\n\n\n<figure class=\"wp-block-image size-large\"><img loading=\"lazy\" decoding=\"async\" width=\"1024\" height=\"576\" src=\"https:\/\/www.em.com.br\/emfoco\/wp-content\/uploads\/2025\/02\/FGTS_1740401752331-1024x576.jpg\" alt=\"Comunicado para todos os trabalhadores que recebem o Saque-Anivers\u00e1rio\" class=\"wp-image-22320\" srcset=\"https:\/\/www.em.com.br\/emfoco\/wp-content\/uploads\/2025\/02\/FGTS_1740401752331-1024x576.jpg 1024w, https:\/\/www.em.com.br\/emfoco\/wp-content\/uploads\/2025\/02\/FGTS_1740401752331-300x169.jpg 300w, https:\/\/www.em.com.br\/emfoco\/wp-content\/uploads\/2025\/02\/FGTS_1740401752331-768x432.jpg 768w, https:\/\/www.em.com.br\/emfoco\/wp-content\/uploads\/2025\/02\/FGTS_1740401752331-750x422.jpg 750w, https:\/\/www.em.com.br\/emfoco\/wp-content\/uploads\/2025\/02\/FGTS_1740401752331-1140x641.jpg 1140w, https:\/\/www.em.com.br\/emfoco\/wp-content\/uploads\/2025\/02\/FGTS_1740401752331.jpg 1280w\" sizes=\"auto, (max-width: 1024px) 100vw, 1024px\" \/><figcaption class=\"wp-element-caption\">FGTS &#8211; Cr\u00e9ditos: depositphotos.com \/ julioricco<\/figcaption><\/figure>\n\n\n\n<h2 class=\"wp-block-heading\">Modalidades de saque do FGTS<\/h2>\n\n\n\n<p>O FGTS oferece diferentes op\u00e7\u00f5es de saque para atender \u00e0s diversas necessidades dos trabalhadores:<\/p>\n\n\n\n<ul class=\"wp-block-list\">\n<li><strong>Saque-rescis\u00e3o:<\/strong> Permite o saque completo do saldo do FGTS em caso de demiss\u00e3o sem justa causa, incluindo a multa rescis\u00f3ria. Esta \u00e9 a modalidade mais tradicional e amplamente utilizada.<\/li>\n\n\n\n<li><strong>Saque-anivers\u00e1rio:<\/strong> Oferece retiradas anuais de uma parte do saldo do FGTS no m\u00eas de anivers\u00e1rio do trabalhador. Aqueles que escolhem essa modalidade n\u00e3o podem retirar o saldo integral em caso de demiss\u00e3o sem justa causa, exceto em situa\u00e7\u00f5es espec\u00edficas previstas por medidas provis\u00f3rias.<\/li>\n<\/ul>\n\n\n\n<h2 class=\"wp-block-heading\">Procedimento para aderir ao saque-anivers\u00e1rio<\/h2>\n\n\n\n<p>Para optar pelo saque-anivers\u00e1rio,<strong> o trabalhador deve acessar o aplicativo do FGTS e seguir as instru\u00e7\u00f5es para selecionar essa modalidade<\/strong>. O processo \u00e9 simples e pode ser realizado diretamente pelo celular. Ap\u00f3s a ades\u00e3o, o trabalhador pode consultar o calend\u00e1rio de pagamentos e cadastrar uma conta banc\u00e1ria para receber os valores.<\/p>\n\n\n\n<p>Al\u00e9m disso, existe a possibilidade de antecipar parcelas futuras do saque-anivers\u00e1rio por meio de empr\u00e9stimos. Essa alternativa pode ser \u00fatil em situa\u00e7\u00f5es de necessidade urgente de recursos, mas \u00e9 importante considerar os juros e as condi\u00e7\u00f5es do empr\u00e9stimo antes de optar por essa solu\u00e7\u00e3o.<\/p>\n\n\n\n<h2 class=\"wp-block-heading\">A escolha pelo saque-anivers\u00e1rio \u00e9 vantajosa?<\/h2>\n\n\n\n<p>A decis\u00e3o de aderir ao saque-anivers\u00e1rio deve ser cuidadosamente avaliada,<strong> levando em considera\u00e7\u00e3o a estabilidade no emprego e a necessidade de liquidez imediata<\/strong>. Para aqueles que desejam acessar parte do FGTS anualmente, sem esperar por eventos espec\u00edficos, essa modalidade pode ser vantajosa. No entanto, \u00e9 crucial ponderar se a ren\u00fancia ao saque integral em caso de demiss\u00e3o \u00e9 uma troca justa para suas circunst\u00e2ncias pessoais.<\/p>\n\n\n\n<p>O saque-anivers\u00e1rio do FGTS oferece uma alternativa interessante para os trabalhadores que desejam ter acesso a parte de seus fundos anualmente. Compreender as implica\u00e7\u00f5es dessa escolha \u00e9 essencial para tomar uma decis\u00e3o informada e alinhada \u00e0s necessidades financeiras individuais.<\/p>\n","protected":false},"excerpt":{"rendered":"<p>O Fundo de Garantia do Tempo de Servi\u00e7o (FGTS) \u00e9 um benef\u00edcio fundamental para os trabalhadores brasileiros, criado para oferecer suporte financeiro em situa\u00e7\u00f5es de demiss\u00e3o sem justa causa. Uma das op\u00e7\u00f5es dispon\u00edveis para os trabalhadores \u00e9 o saque-anivers\u00e1rio, uma modalidade que permite a retirada de parte do saldo do FGTS anualmente, no m\u00eas de [&hellip;]<\/p>\n","protected":false},"author":5,"featured_media":16180,"comment_status":"open","ping_status":"open","sticky":false,"template":"","format":"standard","meta":{"jnews-multi-image_gallery":[],"jnews_single_post":{"format":"standard"},"jnews_primary_category":[],"jnews_social_meta":[],"jnews_override_counter":[],"footnotes":""},"categories":[28,1],"tags":[1036,7230,1038,264],"class_list":["post-35805","post","type-post","status-publish","format-standard","has-post-thumbnail","hentry","category-economia","category-noticias","tag-fgts","tag-rescisao","tag-saque-aniversario","tag-trabalhadores"],"yoast_head":"<!-- This site is optimized with the Yoast SEO plugin v23.8 - https:\/\/yoast.com\/wordpress\/plugins\/seo\/ -->\n<title>Trabalhadores registrados v\u00e3o ganhar um belo presente nos pr\u00f3ximos dias! - Estado de Minas - Em foco<\/title>\n<meta name=\"description\" content=\"Quem trabalha com carteira assinada pode receber uma \u00f3tima not\u00edcia nos pr\u00f3ximos dias. Confira se voc\u00ea tem direito.\" \/>\n<meta name=\"robots\" content=\"index, follow, max-snippet:-1, max-image-preview:large, max-video-preview:-1\" \/>\n<link rel=\"canonical\" href=\"https:\/\/www.em.com.br\/emfoco\/2025\/04\/09\/trabalhadores-registrados-vao-ganhar-um-belo-presente-nos-proximos-dias\/\" \/>\n<meta property=\"og:locale\" content=\"pt_BR\" \/>\n<meta property=\"og:type\" content=\"article\" \/>\n<meta property=\"og:title\" content=\"Trabalhadores registrados v\u00e3o ganhar um belo presente nos pr\u00f3ximos dias! - Estado de Minas - Em foco\" \/>\n<meta property=\"og:description\" content=\"Quem trabalha com carteira assinada pode receber uma \u00f3tima not\u00edcia nos pr\u00f3ximos dias. Confira se voc\u00ea tem direito.\" \/>\n<meta property=\"og:url\" content=\"https:\/\/www.em.com.br\/emfoco\/2025\/04\/09\/trabalhadores-registrados-vao-ganhar-um-belo-presente-nos-proximos-dias\/\" \/>\n<meta property=\"og:site_name\" content=\"Estado de Minas - Em foco\" \/>\n<meta property=\"article:published_time\" content=\"2025-04-09T14:10:06+00:00\" \/>\n<meta property=\"article:modified_time\" content=\"2025-04-09T14:10:07+00:00\" \/>\n<meta property=\"og:image\" content=\"https:\/\/www.em.com.br\/emfoco\/wp-content\/uploads\/2025\/02\/esse-42.jpg\" \/>\n\t<meta property=\"og:image:width\" content=\"1280\" \/>\n\t<meta property=\"og:image:height\" content=\"720\" \/>\n\t<meta property=\"og:image:type\" content=\"image\/jpeg\" \/>\n<meta name=\"author\" content=\"N\u00fabia Rangel\" \/>\n<meta name=\"twitter:card\" content=\"summary_large_image\" \/>\n<meta name=\"twitter:label1\" content=\"Escrito por\" \/>\n\t<meta name=\"twitter:data1\" content=\"N\u00fabia Rangel\" \/>\n\t<meta name=\"twitter:label2\" content=\"Est. tempo de leitura\" \/>\n\t<meta name=\"twitter:data2\" content=\"4 minutos\" \/>\n<!-- \/ Yoast SEO plugin. -->","yoast_head_json":{"title":"Trabalhadores registrados v\u00e3o ganhar um belo presente nos pr\u00f3ximos dias! - Estado de Minas - Em foco","description":"Quem trabalha com carteira assinada pode receber uma \u00f3tima not\u00edcia nos pr\u00f3ximos dias. Confira se voc\u00ea tem direito.","robots":{"index":"index","follow":"follow","max-snippet":"max-snippet:-1","max-image-preview":"max-image-preview:large","max-video-preview":"max-video-preview:-1"},"canonical":"https:\/\/www.em.com.br\/emfoco\/2025\/04\/09\/trabalhadores-registrados-vao-ganhar-um-belo-presente-nos-proximos-dias\/","og_locale":"pt_BR","og_type":"article","og_title":"Trabalhadores registrados v\u00e3o ganhar um belo presente nos pr\u00f3ximos dias! - Estado de Minas - Em foco","og_description":"Quem trabalha com carteira assinada pode receber uma \u00f3tima not\u00edcia nos pr\u00f3ximos dias. Confira se voc\u00ea tem direito.","og_url":"https:\/\/www.em.com.br\/emfoco\/2025\/04\/09\/trabalhadores-registrados-vao-ganhar-um-belo-presente-nos-proximos-dias\/","og_site_name":"Estado de Minas - Em foco","article_published_time":"2025-04-09T14:10:06+00:00","article_modified_time":"2025-04-09T14:10:07+00:00","og_image":[{"width":1280,"height":720,"url":"https:\/\/www.em.com.br\/emfoco\/wp-content\/uploads\/2025\/02\/esse-42.jpg","type":"image\/jpeg"}],"author":"N\u00fabia Rangel","twitter_card":"summary_large_image","twitter_misc":{"Escrito por":"N\u00fabia Rangel","Est. tempo de leitura":"4 minutos"},"schema":{"@context":"https:\/\/schema.org","@graph":[{"@type":"WebPage","@id":"https:\/\/www.em.com.br\/emfoco\/2025\/04\/09\/trabalhadores-registrados-vao-ganhar-um-belo-presente-nos-proximos-dias\/","url":"https:\/\/www.em.com.br\/emfoco\/2025\/04\/09\/trabalhadores-registrados-vao-ganhar-um-belo-presente-nos-proximos-dias\/","name":"Trabalhadores registrados v\u00e3o ganhar um belo presente nos pr\u00f3ximos dias! - Estado de Minas - Em foco","isPartOf":{"@id":"https:\/\/www.em.com.br\/emfoco\/#website"},"primaryImageOfPage":{"@id":"https:\/\/www.em.com.br\/emfoco\/2025\/04\/09\/trabalhadores-registrados-vao-ganhar-um-belo-presente-nos-proximos-dias\/#primaryimage"},"image":{"@id":"https:\/\/www.em.com.br\/emfoco\/2025\/04\/09\/trabalhadores-registrados-vao-ganhar-um-belo-presente-nos-proximos-dias\/#primaryimage"},"thumbnailUrl":"https:\/\/www.em.com.br\/emfoco\/wp-content\/uploads\/2025\/02\/esse-42.jpg","datePublished":"2025-04-09T14:10:06+00:00","dateModified":"2025-04-09T14:10:07+00:00","author":{"@id":"https:\/\/www.em.com.br\/emfoco\/#\/schema\/person\/524437ef54f8a5d32591b143307f2e20"},"description":"Quem trabalha com carteira assinada pode receber uma \u00f3tima not\u00edcia nos pr\u00f3ximos dias. Confira se voc\u00ea tem direito.","breadcrumb":{"@id":"https:\/\/www.em.com.br\/emfoco\/2025\/04\/09\/trabalhadores-registrados-vao-ganhar-um-belo-presente-nos-proximos-dias\/#breadcrumb"},"inLanguage":"pt-BR","potentialAction":[{"@type":"ReadAction","target":["https:\/\/www.em.com.br\/emfoco\/2025\/04\/09\/trabalhadores-registrados-vao-ganhar-um-belo-presente-nos-proximos-dias\/"]}]},{"@type":"ImageObject","inLanguage":"pt-BR","@id":"https:\/\/www.em.com.br\/emfoco\/2025\/04\/09\/trabalhadores-registrados-vao-ganhar-um-belo-presente-nos-proximos-dias\/#primaryimage","url":"https:\/\/www.em.com.br\/emfoco\/wp-content\/uploads\/2025\/02\/esse-42.jpg","contentUrl":"https:\/\/www.em.com.br\/emfoco\/wp-content\/uploads\/2025\/02\/esse-42.jpg","width":1280,"height":720,"caption":"Presidente Lula - Cr\u00e9ditos: Wikimedia Commons"},{"@type":"BreadcrumbList","@id":"https:\/\/www.em.com.br\/emfoco\/2025\/04\/09\/trabalhadores-registrados-vao-ganhar-um-belo-presente-nos-proximos-dias\/#breadcrumb","itemListElement":[{"@type":"ListItem","position":1,"name":"In\u00edcio","item":"https:\/\/www.em.com.br\/emfoco\/"},{"@type":"ListItem","position":2,"name":"Trabalhadores registrados v\u00e3o ganhar um belo presente nos pr\u00f3ximos dias!"}]},{"@type":"WebSite","@id":"https:\/\/www.em.com.br\/emfoco\/#website","url":"https:\/\/www.em.com.br\/emfoco\/","name":"Estado de Minas - Em foco","description":"Acompanhe as \u00faltimas not\u00edcias e fique bem informado sobre tudo o que acontece em Minas Gerais, Brasil e no mundo.","potentialAction":[{"@type":"SearchAction","target":{"@type":"EntryPoint","urlTemplate":"https:\/\/www.em.com.br\/emfoco\/?s={search_term_string}"},"query-input":{"@type":"PropertyValueSpecification","valueRequired":true,"valueName":"search_term_string"}}],"inLanguage":"pt-BR"},{"@type":"Person","@id":"https:\/\/www.em.com.br\/emfoco\/#\/schema\/person\/524437ef54f8a5d32591b143307f2e20","name":"N\u00fabia Rangel","image":{"@type":"ImageObject","inLanguage":"pt-BR","@id":"https:\/\/www.em.com.br\/emfoco\/#\/schema\/person\/image\/","url":"https:\/\/secure.gravatar.com\/avatar\/47cff2827a5ba23c37e8068c86817ea4?s=96&d=mm&r=g","contentUrl":"https:\/\/secure.gravatar.com\/avatar\/47cff2827a5ba23c37e8068c86817ea4?s=96&d=mm&r=g","caption":"N\u00fabia Rangel"},"sameAs":["https:\/\/www.em.com.br\/emfoco\/"],"url":"https:\/\/www.em.com.br\/emfoco\/author\/nubiamyth\/"}]}},"_links":{"self":[{"href":"https:\/\/www.em.com.br\/emfoco\/wp-json\/wp\/v2\/posts\/35805","targetHints":{"allow":["GET"]}}],"collection":[{"href":"https:\/\/www.em.com.br\/emfoco\/wp-json\/wp\/v2\/posts"}],"about":[{"href":"https:\/\/www.em.com.br\/emfoco\/wp-json\/wp\/v2\/types\/post"}],"author":[{"embeddable":true,"href":"https:\/\/www.em.com.br\/emfoco\/wp-json\/wp\/v2\/users\/5"}],"replies":[{"embeddable":true,"href":"https:\/\/www.em.com.br\/emfoco\/wp-json\/wp\/v2\/comments?post=35805"}],"version-history":[{"count":4,"href":"https:\/\/www.em.com.br\/emfoco\/wp-json\/wp\/v2\/posts\/35805\/revisions"}],"predecessor-version":[{"id":36280,"href":"https:\/\/www.em.com.br\/emfoco\/wp-json\/wp\/v2\/posts\/35805\/revisions\/36280"}],"wp:featuredmedia":[{"embeddable":true,"href":"https:\/\/www.em.com.br\/emfoco\/wp-json\/wp\/v2\/media\/16180"}],"wp:attachment":[{"href":"https:\/\/www.em.com.br\/emfoco\/wp-json\/wp\/v2\/media?parent=35805"}],"wp:term":[{"taxonomy":"category","embeddable":true,"href":"https:\/\/www.em.com.br\/emfoco\/wp-json\/wp\/v2\/categories?post=35805"},{"taxonomy":"post_tag","embeddable":true,"href":"https:\/\/www.em.com.br\/emfoco\/wp-json\/wp\/v2\/tags?post=35805"}],"curies":[{"name":"wp","href":"https:\/\/api.w.org\/{rel}","templated":true}]}}