{"id":35781,"date":"2025-04-09T06:40:00","date_gmt":"2025-04-09T09:40:00","guid":{"rendered":"https:\/\/www.em.com.br\/emfoco\/?p=35781"},"modified":"2025-04-07T07:46:33","modified_gmt":"2025-04-07T10:46:33","slug":"conheca-os-lugares-perfeitos-para-mudar-de-vida-e-recomecar-em-2025","status":"publish","type":"post","link":"https:\/\/www.em.com.br\/emfoco\/2025\/04\/09\/conheca-os-lugares-perfeitos-para-mudar-de-vida-e-recomecar-em-2025\/","title":{"rendered":"Conhe\u00e7a os lugares perfeitos para mudar de vida e recome\u00e7ar em 2025"},"content":{"rendered":"\n<p>Nos \u00faltimos anos, tem se observado um aumento significativo no n\u00famero de pessoas que desejam mudar de vida. Esse desejo \u00e9 impulsionado por diversos fatores, como a busca por novas oportunidades, a necessidade de um ambiente mais saud\u00e1vel ou simplesmente a vontade de recome\u00e7ar. Em 2025, esse anseio ganha ainda mais for\u00e7a, com muitos indiv\u00edduos buscando um novo come\u00e7o, tanto pessoal quanto profissional.<\/p>\n\n\n\n<p>O ano de 2025 \u00e9 visto como um marco simb\u00f3lico para recome\u00e7os. Ap\u00f3s anos de desafios globais, as pessoas est\u00e3o mais dispostas a buscar mudan\u00e7as significativas em suas vidas. A escolha de uma nova cidade para viver \u00e9 um passo crucial nesse processo, pois o ambiente pode influenciar diretamente o sucesso e a satisfa\u00e7\u00e3o pessoal.<\/p>\n\n\n\n<h2 class=\"wp-block-heading\">O que torna uma cidade perfeita para recome\u00e7ar?<\/h2>\n\n\n\n<p>Escolher a cidade certa para recome\u00e7ar envolve considerar diversos fatores. Um dos aspectos mais importantes \u00e9 a qualidade de vida que a cidade oferece. Isso inclui a disponibilidade de servi\u00e7os de sa\u00fade, educa\u00e7\u00e3o, seguran\u00e7a e lazer. Al\u00e9m disso, o custo de vida deve ser compat\u00edvel com o or\u00e7amento pessoal, garantindo que o recome\u00e7o n\u00e3o se torne um fardo financeiro.<\/p>\n\n\n\n<p>Outro ponto crucial \u00e9 a oferta de oportunidades de emprego e crescimento profissional. Cidades que est\u00e3o em crescimento econ\u00f4mico ou que possuem um mercado de trabalho diversificado s\u00e3o ideais para quem busca novas carreiras. Al\u00e9m disso, a presen\u00e7a de uma comunidade acolhedora e diversificada pode facilitar a adapta\u00e7\u00e3o e proporcionar um ambiente mais agrad\u00e1vel para viver.<\/p>\n\n\n\n<h2 class=\"wp-block-heading\">Cidades nacionais para recome\u00e7ar<\/h2>\n\n\n\n<figure class=\"wp-block-image size-large\"><img loading=\"lazy\" decoding=\"async\" width=\"1024\" height=\"576\" src=\"https:\/\/www.em.com.br\/emfoco\/wp-content\/uploads\/2025\/04\/florianopolis_1744021207870-1024x576.jpg\" alt=\"\" class=\"wp-image-35785\" srcset=\"https:\/\/www.em.com.br\/emfoco\/wp-content\/uploads\/2025\/04\/florianopolis_1744021207870-1024x576.jpg 1024w, https:\/\/www.em.com.br\/emfoco\/wp-content\/uploads\/2025\/04\/florianopolis_1744021207870-300x169.jpg 300w, https:\/\/www.em.com.br\/emfoco\/wp-content\/uploads\/2025\/04\/florianopolis_1744021207870-768x432.jpg 768w, https:\/\/www.em.com.br\/emfoco\/wp-content\/uploads\/2025\/04\/florianopolis_1744021207870-750x422.jpg 750w, https:\/\/www.em.com.br\/emfoco\/wp-content\/uploads\/2025\/04\/florianopolis_1744021207870-1140x641.jpg 1140w, https:\/\/www.em.com.br\/emfoco\/wp-content\/uploads\/2025\/04\/florianopolis_1744021207870.jpg 1280w\" sizes=\"auto, (max-width: 1024px) 100vw, 1024px\" \/><figcaption class=\"wp-element-caption\">Cidade Florianopolis-Cr\u00e9ditos: depositphotos.com \/ elmonchi81<\/figcaption><\/figure>\n\n\n\n<p>No Brasil, algumas cidades se destacam como op\u00e7\u00f5es ideais para quem deseja come\u00e7ar de novo. <strong><a href=\"https:\/\/www.em.com.br\/emfoco\/2024\/12\/13\/o-impacto-da-tv-na-economia-o-caso-de-florianopolis-e-soltos-em-floripa\/\" target=\"_blank\" rel=\"noreferrer noopener\">Florian\u00f3polis<\/a><\/strong>, por exemplo, \u00e9 conhecida por sua qualidade de vida e belezas naturais. A cidade oferece um equil\u00edbrio entre vida urbana e natureza, al\u00e9m de possuir um mercado de trabalho em expans\u00e3o, especialmente nas \u00e1reas de tecnologia e turismo.<\/p>\n\n\n\n<p>Outra cidade que merece destaque \u00e9 <strong>Curitiba<\/strong>. Com um sistema de transporte p\u00fablico eficiente e uma forte \u00eanfase em sustentabilidade, Curitiba \u00e9 uma escolha atraente para quem busca um ambiente urbano organizado e inovador. A cidade tamb\u00e9m \u00e9 conhecida por suas iniciativas culturais e educacionais, tornando-a um local prop\u00edcio para o desenvolvimento pessoal e profissional.<\/p>\n\n\n\n<h2 class=\"wp-block-heading\">Cidades internacionais ideais para recome\u00e7ar<\/h2>\n\n\n\n<figure class=\"wp-block-image size-large\"><img loading=\"lazy\" decoding=\"async\" width=\"1024\" height=\"576\" src=\"https:\/\/www.em.com.br\/emfoco\/wp-content\/uploads\/2025\/04\/toquio_1744021037856-1024x576.jpg\" alt=\"\" class=\"wp-image-35784\" srcset=\"https:\/\/www.em.com.br\/emfoco\/wp-content\/uploads\/2025\/04\/toquio_1744021037856-1024x576.jpg 1024w, https:\/\/www.em.com.br\/emfoco\/wp-content\/uploads\/2025\/04\/toquio_1744021037856-300x169.jpg 300w, https:\/\/www.em.com.br\/emfoco\/wp-content\/uploads\/2025\/04\/toquio_1744021037856-768x432.jpg 768w, https:\/\/www.em.com.br\/emfoco\/wp-content\/uploads\/2025\/04\/toquio_1744021037856-750x422.jpg 750w, https:\/\/www.em.com.br\/emfoco\/wp-content\/uploads\/2025\/04\/toquio_1744021037856-1140x641.jpg 1140w, https:\/\/www.em.com.br\/emfoco\/wp-content\/uploads\/2025\/04\/toquio_1744021037856.jpg 1280w\" sizes=\"auto, (max-width: 1024px) 100vw, 1024px\" \/><figcaption class=\"wp-element-caption\">Cidade Toquio-Cr\u00e9ditos: depositphotos.com \/ sepavone<\/figcaption><\/figure>\n\n\n\n<p>Para aqueles que consideram uma mudan\u00e7a internacional, algumas cidades ao redor do mundo se destacam como destinos ideais para recome\u00e7ar. <strong><a href=\"https:\/\/guia.melhoresdestinos.com.br\/toronto-184-c.html\" target=\"_blank\" rel=\"noreferrer noopener\">Toronto<\/a><\/strong>, no Canad\u00e1, \u00e9 uma delas. Conhecida por sua diversidade cultural e alta qualidade de vida, Toronto oferece um ambiente acolhedor para imigrantes. A cidade possui um mercado de trabalho robusto e uma infraestrutura de primeira linha.<\/p>\n\n\n\n<p>Na Europa, <strong>Lisboa <\/strong>tem se tornado um destino popular para quem busca um novo come\u00e7o. Com um clima ameno, rica hist\u00f3ria e cultura vibrante, Lisboa atrai pessoas de todo o mundo. A cidade tamb\u00e9m tem se destacado como um hub de inova\u00e7\u00e3o e tecnologia, oferecendo diversas oportunidades para empreendedores e profissionais qualificados.<\/p>\n\n\n\n<figure class=\"wp-block-image size-large\"><img loading=\"lazy\" decoding=\"async\" width=\"1024\" height=\"576\" src=\"https:\/\/www.em.com.br\/emfoco\/wp-content\/uploads\/2025\/04\/lisboa_1744021302686-1024x576.jpg\" alt=\"\" class=\"wp-image-35786\" srcset=\"https:\/\/www.em.com.br\/emfoco\/wp-content\/uploads\/2025\/04\/lisboa_1744021302686-1024x576.jpg 1024w, https:\/\/www.em.com.br\/emfoco\/wp-content\/uploads\/2025\/04\/lisboa_1744021302686-300x169.jpg 300w, https:\/\/www.em.com.br\/emfoco\/wp-content\/uploads\/2025\/04\/lisboa_1744021302686-768x432.jpg 768w, https:\/\/www.em.com.br\/emfoco\/wp-content\/uploads\/2025\/04\/lisboa_1744021302686-750x422.jpg 750w, https:\/\/www.em.com.br\/emfoco\/wp-content\/uploads\/2025\/04\/lisboa_1744021302686-1140x641.jpg 1140w, https:\/\/www.em.com.br\/emfoco\/wp-content\/uploads\/2025\/04\/lisboa_1744021302686.jpg 1280w\" sizes=\"auto, (max-width: 1024px) 100vw, 1024px\" \/><figcaption class=\"wp-element-caption\">Cidade Lisboa-Cr\u00e9ditos: depositphotos.com \/ sepavone<\/figcaption><\/figure>\n\n\n\n<h2 class=\"wp-block-heading\">Dicas pr\u00e1ticas para quem quer come\u00e7ar de novo<\/h2>\n\n\n\n<p>Para aqueles que est\u00e3o prontos para dar o primeiro passo em dire\u00e7\u00e3o a um novo come\u00e7o, algumas dicas pr\u00e1ticas podem ajudar a tornar a transi\u00e7\u00e3o mais suave. Primeiro, \u00e9 importante realizar uma pesquisa detalhada sobre a cidade escolhida, considerando aspectos como custo de vida, mercado de trabalho e qualidade de vida. Visitar a cidade antes de se mudar definitivamente pode proporcionar uma vis\u00e3o mais clara do que esperar.<\/p>\n\n\n\n<p>Al\u00e9m disso, \u00e9 essencial planejar financeiramente a mudan\u00e7a. Criar um or\u00e7amento que inclua despesas de mudan\u00e7a, acomoda\u00e7\u00e3o e custos iniciais de instala\u00e7\u00e3o pode evitar surpresas desagrad\u00e1veis. Por fim, estar aberto a novas experi\u00eancias e disposto a se adaptar ao novo ambiente s\u00e3o atitudes fundamentais para um recome\u00e7o bem-sucedido.<\/p>\n","protected":false},"excerpt":{"rendered":"<p>Nos \u00faltimos anos, tem se observado um aumento significativo no n\u00famero de pessoas que desejam mudar de vida. Esse desejo \u00e9 impulsionado por diversos fatores, como a busca por novas oportunidades, a necessidade de um ambiente mais saud\u00e1vel ou simplesmente a vontade de recome\u00e7ar. Em 2025, esse anseio ganha ainda mais for\u00e7a, com muitos indiv\u00edduos [&hellip;]<\/p>\n","protected":false},"author":12,"featured_media":35787,"comment_status":"open","ping_status":"open","sticky":false,"template":"","format":"standard","meta":{"jnews-multi-image_gallery":[],"jnews_single_post":{"format":"standard"},"jnews_primary_category":[],"jnews_social_meta":[],"jnews_override_counter":[],"footnotes":""},"categories":[26],"tags":[782,7221,6820,7220],"class_list":["post-35781","post","type-post","status-publish","format-standard","has-post-thumbnail","hentry","category-cidades","tag-782","tag-lugares-para-viver","tag-melhores-cidades","tag-recomecar-em-2025"],"yoast_head":"<!-- This site is optimized with the Yoast SEO plugin v23.8 - https:\/\/yoast.com\/wordpress\/plugins\/seo\/ -->\n<title>Conhe\u00e7a os lugares perfeitos para mudar de vida e recome\u00e7ar em 2025 - Estado de Minas - Em foco<\/title>\n<meta name=\"description\" content=\"Veja quais cidades s\u00e3o ideais para quem quer mudar de vida em 2025, com boas oportunidades e custo de vida acess\u00edvel.\" \/>\n<meta name=\"robots\" content=\"index, follow, max-snippet:-1, max-image-preview:large, max-video-preview:-1\" \/>\n<link rel=\"canonical\" href=\"https:\/\/www.em.com.br\/emfoco\/2025\/04\/09\/conheca-os-lugares-perfeitos-para-mudar-de-vida-e-recomecar-em-2025\/\" \/>\n<meta property=\"og:locale\" content=\"pt_BR\" \/>\n<meta property=\"og:type\" content=\"article\" \/>\n<meta property=\"og:title\" content=\"Conhe\u00e7a os lugares perfeitos para mudar de vida e recome\u00e7ar em 2025 - Estado de Minas - Em foco\" \/>\n<meta property=\"og:description\" content=\"Veja quais cidades s\u00e3o ideais para quem quer mudar de vida em 2025, com boas oportunidades e custo de vida acess\u00edvel.\" \/>\n<meta property=\"og:url\" content=\"https:\/\/www.em.com.br\/emfoco\/2025\/04\/09\/conheca-os-lugares-perfeitos-para-mudar-de-vida-e-recomecar-em-2025\/\" \/>\n<meta property=\"og:site_name\" content=\"Estado de Minas - Em foco\" \/>\n<meta property=\"article:published_time\" content=\"2025-04-09T09:40:00+00:00\" \/>\n<meta property=\"article:modified_time\" content=\"2025-04-07T10:46:33+00:00\" \/>\n<meta property=\"og:image\" content=\"https:\/\/www.em.com.br\/emfoco\/wp-content\/uploads\/2025\/04\/toronto_1744022506623.jpg\" \/>\n\t<meta property=\"og:image:width\" content=\"1280\" \/>\n\t<meta property=\"og:image:height\" content=\"720\" \/>\n\t<meta property=\"og:image:type\" content=\"image\/jpeg\" \/>\n<meta name=\"author\" content=\"Keren Ester\" \/>\n<meta name=\"twitter:card\" content=\"summary_large_image\" \/>\n<meta name=\"twitter:label1\" content=\"Escrito por\" \/>\n\t<meta name=\"twitter:data1\" content=\"Keren Ester\" \/>\n\t<meta name=\"twitter:label2\" content=\"Est. tempo de leitura\" \/>\n\t<meta name=\"twitter:data2\" content=\"5 minutos\" \/>\n<!-- \/ Yoast SEO plugin. -->","yoast_head_json":{"title":"Conhe\u00e7a os lugares perfeitos para mudar de vida e recome\u00e7ar em 2025 - Estado de Minas - Em foco","description":"Veja quais cidades s\u00e3o ideais para quem quer mudar de vida em 2025, com boas oportunidades e custo de vida acess\u00edvel.","robots":{"index":"index","follow":"follow","max-snippet":"max-snippet:-1","max-image-preview":"max-image-preview:large","max-video-preview":"max-video-preview:-1"},"canonical":"https:\/\/www.em.com.br\/emfoco\/2025\/04\/09\/conheca-os-lugares-perfeitos-para-mudar-de-vida-e-recomecar-em-2025\/","og_locale":"pt_BR","og_type":"article","og_title":"Conhe\u00e7a os lugares perfeitos para mudar de vida e recome\u00e7ar em 2025 - Estado de Minas - Em foco","og_description":"Veja quais cidades s\u00e3o ideais para quem quer mudar de vida em 2025, com boas oportunidades e custo de vida acess\u00edvel.","og_url":"https:\/\/www.em.com.br\/emfoco\/2025\/04\/09\/conheca-os-lugares-perfeitos-para-mudar-de-vida-e-recomecar-em-2025\/","og_site_name":"Estado de Minas - Em foco","article_published_time":"2025-04-09T09:40:00+00:00","article_modified_time":"2025-04-07T10:46:33+00:00","og_image":[{"width":1280,"height":720,"url":"https:\/\/www.em.com.br\/emfoco\/wp-content\/uploads\/2025\/04\/toronto_1744022506623.jpg","type":"image\/jpeg"}],"author":"Keren Ester","twitter_card":"summary_large_image","twitter_misc":{"Escrito por":"Keren Ester","Est. tempo de leitura":"5 minutos"},"schema":{"@context":"https:\/\/schema.org","@graph":[{"@type":"WebPage","@id":"https:\/\/www.em.com.br\/emfoco\/2025\/04\/09\/conheca-os-lugares-perfeitos-para-mudar-de-vida-e-recomecar-em-2025\/","url":"https:\/\/www.em.com.br\/emfoco\/2025\/04\/09\/conheca-os-lugares-perfeitos-para-mudar-de-vida-e-recomecar-em-2025\/","name":"Conhe\u00e7a os lugares perfeitos para mudar de vida e recome\u00e7ar em 2025 - Estado de Minas - Em foco","isPartOf":{"@id":"https:\/\/www.em.com.br\/emfoco\/#website"},"primaryImageOfPage":{"@id":"https:\/\/www.em.com.br\/emfoco\/2025\/04\/09\/conheca-os-lugares-perfeitos-para-mudar-de-vida-e-recomecar-em-2025\/#primaryimage"},"image":{"@id":"https:\/\/www.em.com.br\/emfoco\/2025\/04\/09\/conheca-os-lugares-perfeitos-para-mudar-de-vida-e-recomecar-em-2025\/#primaryimage"},"thumbnailUrl":"https:\/\/www.em.com.br\/emfoco\/wp-content\/uploads\/2025\/04\/toronto_1744022506623.jpg","datePublished":"2025-04-09T09:40:00+00:00","dateModified":"2025-04-07T10:46:33+00:00","author":{"@id":"https:\/\/www.em.com.br\/emfoco\/#\/schema\/person\/2e06e19826e476d778787245c8ef334d"},"description":"Veja quais cidades s\u00e3o ideais para quem quer mudar de vida em 2025, com boas oportunidades e custo de vida acess\u00edvel.","breadcrumb":{"@id":"https:\/\/www.em.com.br\/emfoco\/2025\/04\/09\/conheca-os-lugares-perfeitos-para-mudar-de-vida-e-recomecar-em-2025\/#breadcrumb"},"inLanguage":"pt-BR","potentialAction":[{"@type":"ReadAction","target":["https:\/\/www.em.com.br\/emfoco\/2025\/04\/09\/conheca-os-lugares-perfeitos-para-mudar-de-vida-e-recomecar-em-2025\/"]}]},{"@type":"ImageObject","inLanguage":"pt-BR","@id":"https:\/\/www.em.com.br\/emfoco\/2025\/04\/09\/conheca-os-lugares-perfeitos-para-mudar-de-vida-e-recomecar-em-2025\/#primaryimage","url":"https:\/\/www.em.com.br\/emfoco\/wp-content\/uploads\/2025\/04\/toronto_1744022506623.jpg","contentUrl":"https:\/\/www.em.com.br\/emfoco\/wp-content\/uploads\/2025\/04\/toronto_1744022506623.jpg","width":1280,"height":720,"caption":"Cidade de Toronto-Cr\u00e9ditos: depositphotos.com \/ yanmingzhang"},{"@type":"BreadcrumbList","@id":"https:\/\/www.em.com.br\/emfoco\/2025\/04\/09\/conheca-os-lugares-perfeitos-para-mudar-de-vida-e-recomecar-em-2025\/#breadcrumb","itemListElement":[{"@type":"ListItem","position":1,"name":"In\u00edcio","item":"https:\/\/www.em.com.br\/emfoco\/"},{"@type":"ListItem","position":2,"name":"Conhe\u00e7a os lugares perfeitos para mudar de vida e recome\u00e7ar em 2025"}]},{"@type":"WebSite","@id":"https:\/\/www.em.com.br\/emfoco\/#website","url":"https:\/\/www.em.com.br\/emfoco\/","name":"Estado de Minas - Em foco","description":"Acompanhe as \u00faltimas not\u00edcias e fique bem informado sobre tudo o que acontece em Minas Gerais, Brasil e no mundo.","potentialAction":[{"@type":"SearchAction","target":{"@type":"EntryPoint","urlTemplate":"https:\/\/www.em.com.br\/emfoco\/?s={search_term_string}"},"query-input":{"@type":"PropertyValueSpecification","valueRequired":true,"valueName":"search_term_string"}}],"inLanguage":"pt-BR"},{"@type":"Person","@id":"https:\/\/www.em.com.br\/emfoco\/#\/schema\/person\/2e06e19826e476d778787245c8ef334d","name":"Keren Ester","image":{"@type":"ImageObject","inLanguage":"pt-BR","@id":"https:\/\/www.em.com.br\/emfoco\/#\/schema\/person\/image\/","url":"https:\/\/secure.gravatar.com\/avatar\/b3d0f2b934f7fab59c611ea63b5cf4b1?s=96&d=mm&r=g","contentUrl":"https:\/\/secure.gravatar.com\/avatar\/b3d0f2b934f7fab59c611ea63b5cf4b1?s=96&d=mm&r=g","caption":"Keren Ester"},"url":"https:\/\/www.em.com.br\/emfoco\/author\/kerenmyth\/"}]}},"_links":{"self":[{"href":"https:\/\/www.em.com.br\/emfoco\/wp-json\/wp\/v2\/posts\/35781","targetHints":{"allow":["GET"]}}],"collection":[{"href":"https:\/\/www.em.com.br\/emfoco\/wp-json\/wp\/v2\/posts"}],"about":[{"href":"https:\/\/www.em.com.br\/emfoco\/wp-json\/wp\/v2\/types\/post"}],"author":[{"embeddable":true,"href":"https:\/\/www.em.com.br\/emfoco\/wp-json\/wp\/v2\/users\/12"}],"replies":[{"embeddable":true,"href":"https:\/\/www.em.com.br\/emfoco\/wp-json\/wp\/v2\/comments?post=35781"}],"version-history":[{"count":2,"href":"https:\/\/www.em.com.br\/emfoco\/wp-json\/wp\/v2\/posts\/35781\/revisions"}],"predecessor-version":[{"id":35788,"href":"https:\/\/www.em.com.br\/emfoco\/wp-json\/wp\/v2\/posts\/35781\/revisions\/35788"}],"wp:featuredmedia":[{"embeddable":true,"href":"https:\/\/www.em.com.br\/emfoco\/wp-json\/wp\/v2\/media\/35787"}],"wp:attachment":[{"href":"https:\/\/www.em.com.br\/emfoco\/wp-json\/wp\/v2\/media?parent=35781"}],"wp:term":[{"taxonomy":"category","embeddable":true,"href":"https:\/\/www.em.com.br\/emfoco\/wp-json\/wp\/v2\/categories?post=35781"},{"taxonomy":"post_tag","embeddable":true,"href":"https:\/\/www.em.com.br\/emfoco\/wp-json\/wp\/v2\/tags?post=35781"}],"curies":[{"name":"wp","href":"https:\/\/api.w.org\/{rel}","templated":true}]}}