{"id":35772,"date":"2025-04-08T12:00:57","date_gmt":"2025-04-08T15:00:57","guid":{"rendered":"https:\/\/www.em.com.br\/emfoco\/?p=35772"},"modified":"2025-04-07T05:31:11","modified_gmt":"2025-04-07T08:31:11","slug":"a-historia-surpreendente-da-marca-que-dominou-as-tvs-no-brasil","status":"publish","type":"post","link":"https:\/\/www.em.com.br\/emfoco\/2025\/04\/08\/a-historia-surpreendente-da-marca-que-dominou-as-tvs-no-brasil\/","title":{"rendered":"A hist\u00f3ria surpreendente da marca que dominou as TVs no Brasil"},"content":{"rendered":"\n<p>O mercado brasileiro de <strong>televisores,<\/strong> entre as d\u00e9cadas de<strong> 1980 e 2000<\/strong>, foi um campo de intensa competi\u00e7\u00e3o. Fabricantes <strong>nacionais<\/strong> e internacionais disputavam a prefer\u00eancia dos consumidores, impulsionados pela alta demanda e pelas inova\u00e7\u00f5es tecnol\u00f3gicas. Um dos nomes que se destacou nesse cen\u00e1rio foi a <strong>Semp Toshiba,<\/strong> uma parceria entre uma empresa <strong>japonesa<\/strong> e uma <strong>brasileira,<\/strong> que se tornou refer\u00eancia em eletr\u00f4nicos e dispositivos de inform\u00e1tica.<\/p>\n\n\n\n<p>A S<strong>emp Toshiba<\/strong> foi uma <strong>joint-venture<\/strong> exclusiva do Brasil, formada pela uni\u00e3o da tradicional <strong>Toshiba,<\/strong> do <strong>Jap\u00e3o,<\/strong> e da <strong>pioneira Semp,<\/strong> do <strong>Brasil.<\/strong> Essa colabora\u00e7\u00e3o n\u00e3o apenas fortaleceu a presen\u00e7a de ambas as marcas no <a href=\"https:\/\/www.em.com.br\/emfoco\/2025\/04\/05\/intel-revive-sua-campanha-mais-famosa-e-fortalece-sua-presenca-no-mercado\/\" target=\"_blank\" rel=\"noopener\">mercado,<\/a> mas tamb\u00e9m gerou uma s\u00e9rie de produtos que marcaram \u00e9poca, especialmente no segmento de televisores.<\/p>\n\n\n\n<h2 class=\"wp-block-heading\">Como surgiu a Semp Toshiba?<\/h2>\n\n\n\n<p>A origem da Semp Toshiba remonta a <strong>1977,<\/strong> quando a Toshiba, que j\u00e1 atuava no Brasil desde <strong>1968<\/strong> no setor de <strong>energia el\u00e9trica,<\/strong> viu uma oportunidade de expandir para o mercado de eletr\u00f4nicos. A parceria com a Semp, fundada em <strong>1942,<\/strong> foi estrat\u00e9gica para aproveitar o conhecimento local e a infraestrutura j\u00e1 estabelecida pela empresa brasileira.<\/p>\n\n\n\n<p>A Toshiba, formada em <strong>1939<\/strong> pela <strong>fus\u00e3o de duas empresas japonesas<\/strong>, j\u00e1 era conhecida por sua inova\u00e7\u00e3o em eletr\u00f4nicos. A Semp, por sua vez, tinha um hist\u00f3rico de pioneirismo no Brasil, sendo a primeira a fabricar r\u00e1dios e televisores no pa\u00eds. Juntas, as empresas formaram a Semp Toshiba, que rapidamente se tornou uma das maiores fabricantes de eletroeletr\u00f4nicos do Brasil.<\/p>\n\n\n\n<h2 class=\"wp-block-heading\">Qual foi o impacto da Semp Toshiba no mercado brasileiro?<\/h2>\n\n\n\n<p>Durante as d\u00e9cadas de <strong>1980 e 1990<\/strong>, a Semp Toshiba consolidou sua posi\u00e7\u00e3o no mercado brasileiro. A empresa foi pioneira no lan\u00e7amento de televisores preparados para transmiss\u00e3o em alta defini\u00e7\u00e3o e modelos <strong>LCD<\/strong> com conversor de sinal digital embutido. Al\u00e9m de televisores, a Semp Toshiba produziu uma ampla gama de produtos, incluindo aparelhos de <strong>DVD, videocassetes, home theaters<\/strong> e <strong>telefones sem fio.<\/strong><\/p>\n\n\n\n<p>O <strong>marketing<\/strong> tamb\u00e9m desempenhou um papel crucial no sucesso da marca. Campanhas publicit\u00e1rias memor\u00e1veis, como o slogan <strong>&#8220;Os nossos japoneses s\u00e3o mais criativos que os outros&#8221;<\/strong>, ajudaram a solidificar a imagem da Semp Toshiba como uma marca inovadora e confi\u00e1vel. Na d\u00e9cada de <strong>2000,<\/strong> a empresa liderou o mercado brasileiro de televisores, oferecendo modelos para todos os gostos e necessidades.<\/p>\n\n\n<div class=\"wp-block-image\">\n<figure class=\"aligncenter size-large\"><img loading=\"lazy\" decoding=\"async\" width=\"1024\" height=\"576\" src=\"https:\/\/www.em.com.br\/emfoco\/wp-content\/uploads\/2025\/04\/televisao-antiga_1744014536426-1024x576.jpg\" alt=\"\" class=\"wp-image-35779\" srcset=\"https:\/\/www.em.com.br\/emfoco\/wp-content\/uploads\/2025\/04\/televisao-antiga_1744014536426-1024x576.jpg 1024w, https:\/\/www.em.com.br\/emfoco\/wp-content\/uploads\/2025\/04\/televisao-antiga_1744014536426-300x169.jpg 300w, https:\/\/www.em.com.br\/emfoco\/wp-content\/uploads\/2025\/04\/televisao-antiga_1744014536426-768x432.jpg 768w, https:\/\/www.em.com.br\/emfoco\/wp-content\/uploads\/2025\/04\/televisao-antiga_1744014536426-750x422.jpg 750w, https:\/\/www.em.com.br\/emfoco\/wp-content\/uploads\/2025\/04\/televisao-antiga_1744014536426-1140x641.jpg 1140w, https:\/\/www.em.com.br\/emfoco\/wp-content\/uploads\/2025\/04\/televisao-antiga_1744014536426.jpg 1280w\" sizes=\"auto, (max-width: 1024px) 100vw, 1024px\" \/><figcaption class=\"wp-element-caption\">Televis\u00e3o &#8211; Cr\u00e9ditos: depositphotos.com \/ tuulijumala<\/figcaption><\/figure><\/div>\n\n\n<h2 class=\"wp-block-heading\">O que levou \u00e0 separa\u00e7\u00e3o da Semp e Toshiba?<\/h2>\n\n\n\n<p>A parceria entre Semp e Toshiba come\u00e7ou a enfrentar desafios no in\u00edcio dos anos <strong>2010.<\/strong> A crescente concorr\u00eancia no mercado de televisores e problemas financeiros enfrentados pela Toshiba no Jap\u00e3o contribu\u00edram para o fim da joint-venture. Em <strong>2015,<\/strong> a Toshiba se envolveu em um esc\u00e2ndalo fiscal que afetou sua imagem e levou \u00e0 venda de v\u00e1rias de suas divis\u00f5es.<\/p>\n\n\n\n<p>Em 2016, a parceria de quatro d\u00e9cadas chegou ao fim. No entanto, a Semp rapidamente encontrou uma nova aliada na <a href=\"https:\/\/www.tcl.com\/br\/pt?utm_source=google&amp;utm_medium=paid_search&amp;utm_campaign=SearchAlwaysOn&amp;utm_content=consideration&amp;utm_term=Brasil&amp;gad_source=1&amp;gclid=Cj0KCQjw782_BhDjARIsABTv_JAdrSAyG-uSj8tfqRfOBL3yZQYiRskyWFRr8bMXTU7ftxRiyn9zmWMaAq3hEALw_wcB\" target=\"_blank\" rel=\"noopener\">TCL<\/a>, uma das maiores fabricantes de televisores do mundo. A nova parceria, chamada <strong>TCL Semp,<\/strong> permitiu que a empresa brasileira continuasse a operar e a inovar no mercado de eletr\u00f4nicos.<\/p>\n\n\n\n<h2 class=\"wp-block-heading\">O legado da Semp Toshiba e o futuro da TCL Semp<\/h2>\n\n\n\n<p>A Semp manteve sua f\u00e1brica na <strong>Zona Franca de Manaus,<\/strong> onde continua a produzir <strong>televisores, monitores, celulares<\/strong> e <strong>aparelhos<\/strong> de <strong>ar-condicionado.<\/strong> A parceria com a <strong>TCL<\/strong> renovou o f\u00f4lego da marca, que segue sendo um nome respeitado no mercado brasileiro. A linha de televisores, em particular, continua a carregar o nome Semp, destacando a tradi\u00e7\u00e3o e a experi\u00eancia da empresa.<\/p>\n\n\n\n<p>Enquanto isso, a Toshiba, agora como uma marca licenciada, tenta retomar sua presen\u00e7a no Brasil em parceria com a <strong>Multilaser.<\/strong> A hist\u00f3ria da Semp Toshiba \u00e9 um exemplo de como parcerias estrat\u00e9gicas podem transformar e revitalizar marcas, mesmo em um mercado t\u00e3o competitivo quanto o de eletr\u00f4nicos.<\/p>\n","protected":false},"excerpt":{"rendered":"<p>O mercado brasileiro de televisores, entre as d\u00e9cadas de 1980 e 2000, foi um campo de intensa competi\u00e7\u00e3o. Fabricantes nacionais e internacionais disputavam a prefer\u00eancia dos consumidores, impulsionados pela alta demanda e pelas inova\u00e7\u00f5es tecnol\u00f3gicas. Um dos nomes que se destacou nesse cen\u00e1rio foi a Semp Toshiba, uma parceria entre uma empresa japonesa e uma [&hellip;]<\/p>\n","protected":false},"author":9,"featured_media":35778,"comment_status":"open","ping_status":"open","sticky":false,"template":"","format":"standard","meta":{"jnews-multi-image_gallery":[],"jnews_single_post":{"format":"standard"},"jnews_primary_category":[],"jnews_social_meta":[],"jnews_override_counter":[],"footnotes":""},"categories":[1,4204],"tags":[2624,7219,7217,7218],"class_list":["post-35772","post","type-post","status-publish","format-standard","has-post-thumbnail","hentry","category-noticias","category-tecnologia","tag-eletronicos","tag-joint-venture","tag-semp-toshiba","tag-tvs"],"yoast_head":"<!-- This site is optimized with the Yoast SEO plugin v23.8 - https:\/\/yoast.com\/wordpress\/plugins\/seo\/ -->\n<title>A hist\u00f3ria surpreendente da marca que dominou as TVs no Brasil<\/title>\n<meta name=\"description\" content=\"Veja o que aconteceu com a Semp Toshiba, marca que marcou gera\u00e7\u00f5es com seus televisores e eletr\u00f4nicos no Brasil dos anos 90.\" \/>\n<meta name=\"robots\" content=\"index, follow, max-snippet:-1, max-image-preview:large, max-video-preview:-1\" \/>\n<link rel=\"canonical\" href=\"https:\/\/www.em.com.br\/emfoco\/2025\/04\/08\/a-historia-surpreendente-da-marca-que-dominou-as-tvs-no-brasil\/\" \/>\n<meta property=\"og:locale\" content=\"pt_BR\" \/>\n<meta property=\"og:type\" content=\"article\" \/>\n<meta property=\"og:title\" content=\"A hist\u00f3ria surpreendente da marca que dominou as TVs no Brasil\" \/>\n<meta property=\"og:description\" content=\"Veja o que aconteceu com a Semp Toshiba, marca que marcou gera\u00e7\u00f5es com seus televisores e eletr\u00f4nicos no Brasil dos anos 90.\" \/>\n<meta property=\"og:url\" content=\"https:\/\/www.em.com.br\/emfoco\/2025\/04\/08\/a-historia-surpreendente-da-marca-que-dominou-as-tvs-no-brasil\/\" \/>\n<meta property=\"og:site_name\" content=\"Estado de Minas - Em foco\" \/>\n<meta property=\"article:published_time\" content=\"2025-04-08T15:00:57+00:00\" \/>\n<meta property=\"article:modified_time\" content=\"2025-04-07T08:31:11+00:00\" \/>\n<meta property=\"og:image\" content=\"https:\/\/www.em.com.br\/emfoco\/wp-content\/uploads\/2025\/04\/televisao-antiga_1744014188565.jpg\" \/>\n\t<meta property=\"og:image:width\" content=\"1280\" \/>\n\t<meta property=\"og:image:height\" content=\"720\" \/>\n\t<meta property=\"og:image:type\" content=\"image\/jpeg\" \/>\n<meta name=\"author\" content=\"Daniely Cardoso\" \/>\n<meta name=\"twitter:card\" content=\"summary_large_image\" \/>\n<meta name=\"twitter:label1\" content=\"Escrito por\" \/>\n\t<meta name=\"twitter:data1\" content=\"Daniely Cardoso\" \/>\n\t<meta name=\"twitter:label2\" content=\"Est. tempo de leitura\" \/>\n\t<meta name=\"twitter:data2\" content=\"4 minutos\" \/>\n<!-- \/ Yoast SEO plugin. -->","yoast_head_json":{"title":"A hist\u00f3ria surpreendente da marca que dominou as TVs no Brasil","description":"Veja o que aconteceu com a Semp Toshiba, marca que marcou gera\u00e7\u00f5es com seus televisores e eletr\u00f4nicos no Brasil dos anos 90.","robots":{"index":"index","follow":"follow","max-snippet":"max-snippet:-1","max-image-preview":"max-image-preview:large","max-video-preview":"max-video-preview:-1"},"canonical":"https:\/\/www.em.com.br\/emfoco\/2025\/04\/08\/a-historia-surpreendente-da-marca-que-dominou-as-tvs-no-brasil\/","og_locale":"pt_BR","og_type":"article","og_title":"A hist\u00f3ria surpreendente da marca que dominou as TVs no Brasil","og_description":"Veja o que aconteceu com a Semp Toshiba, marca que marcou gera\u00e7\u00f5es com seus televisores e eletr\u00f4nicos no Brasil dos anos 90.","og_url":"https:\/\/www.em.com.br\/emfoco\/2025\/04\/08\/a-historia-surpreendente-da-marca-que-dominou-as-tvs-no-brasil\/","og_site_name":"Estado de Minas - Em foco","article_published_time":"2025-04-08T15:00:57+00:00","article_modified_time":"2025-04-07T08:31:11+00:00","og_image":[{"width":1280,"height":720,"url":"https:\/\/www.em.com.br\/emfoco\/wp-content\/uploads\/2025\/04\/televisao-antiga_1744014188565.jpg","type":"image\/jpeg"}],"author":"Daniely Cardoso","twitter_card":"summary_large_image","twitter_misc":{"Escrito por":"Daniely Cardoso","Est. tempo de leitura":"4 minutos"},"schema":{"@context":"https:\/\/schema.org","@graph":[{"@type":"WebPage","@id":"https:\/\/www.em.com.br\/emfoco\/2025\/04\/08\/a-historia-surpreendente-da-marca-que-dominou-as-tvs-no-brasil\/","url":"https:\/\/www.em.com.br\/emfoco\/2025\/04\/08\/a-historia-surpreendente-da-marca-que-dominou-as-tvs-no-brasil\/","name":"A hist\u00f3ria surpreendente da marca que dominou as TVs no Brasil","isPartOf":{"@id":"https:\/\/www.em.com.br\/emfoco\/#website"},"primaryImageOfPage":{"@id":"https:\/\/www.em.com.br\/emfoco\/2025\/04\/08\/a-historia-surpreendente-da-marca-que-dominou-as-tvs-no-brasil\/#primaryimage"},"image":{"@id":"https:\/\/www.em.com.br\/emfoco\/2025\/04\/08\/a-historia-surpreendente-da-marca-que-dominou-as-tvs-no-brasil\/#primaryimage"},"thumbnailUrl":"https:\/\/www.em.com.br\/emfoco\/wp-content\/uploads\/2025\/04\/televisao-antiga_1744014188565.jpg","datePublished":"2025-04-08T15:00:57+00:00","dateModified":"2025-04-07T08:31:11+00:00","author":{"@id":"https:\/\/www.em.com.br\/emfoco\/#\/schema\/person\/0a8186d72f2c3a5c6276d90b41f271a0"},"description":"Veja o que aconteceu com a Semp Toshiba, marca que marcou gera\u00e7\u00f5es com seus televisores e eletr\u00f4nicos no Brasil dos anos 90.","breadcrumb":{"@id":"https:\/\/www.em.com.br\/emfoco\/2025\/04\/08\/a-historia-surpreendente-da-marca-que-dominou-as-tvs-no-brasil\/#breadcrumb"},"inLanguage":"pt-BR","potentialAction":[{"@type":"ReadAction","target":["https:\/\/www.em.com.br\/emfoco\/2025\/04\/08\/a-historia-surpreendente-da-marca-que-dominou-as-tvs-no-brasil\/"]}]},{"@type":"ImageObject","inLanguage":"pt-BR","@id":"https:\/\/www.em.com.br\/emfoco\/2025\/04\/08\/a-historia-surpreendente-da-marca-que-dominou-as-tvs-no-brasil\/#primaryimage","url":"https:\/\/www.em.com.br\/emfoco\/wp-content\/uploads\/2025\/04\/televisao-antiga_1744014188565.jpg","contentUrl":"https:\/\/www.em.com.br\/emfoco\/wp-content\/uploads\/2025\/04\/televisao-antiga_1744014188565.jpg","width":1280,"height":720,"caption":"Televis\u00e3o antiga - Cr\u00e9ditos: depositphotos.com \/ IgorVetushko"},{"@type":"BreadcrumbList","@id":"https:\/\/www.em.com.br\/emfoco\/2025\/04\/08\/a-historia-surpreendente-da-marca-que-dominou-as-tvs-no-brasil\/#breadcrumb","itemListElement":[{"@type":"ListItem","position":1,"name":"In\u00edcio","item":"https:\/\/www.em.com.br\/emfoco\/"},{"@type":"ListItem","position":2,"name":"A hist\u00f3ria surpreendente da marca que dominou as TVs no Brasil"}]},{"@type":"WebSite","@id":"https:\/\/www.em.com.br\/emfoco\/#website","url":"https:\/\/www.em.com.br\/emfoco\/","name":"Estado de Minas - Em foco","description":"Acompanhe as \u00faltimas not\u00edcias e fique bem informado sobre tudo o que acontece em Minas Gerais, Brasil e no mundo.","potentialAction":[{"@type":"SearchAction","target":{"@type":"EntryPoint","urlTemplate":"https:\/\/www.em.com.br\/emfoco\/?s={search_term_string}"},"query-input":{"@type":"PropertyValueSpecification","valueRequired":true,"valueName":"search_term_string"}}],"inLanguage":"pt-BR"},{"@type":"Person","@id":"https:\/\/www.em.com.br\/emfoco\/#\/schema\/person\/0a8186d72f2c3a5c6276d90b41f271a0","name":"Daniely Cardoso","image":{"@type":"ImageObject","inLanguage":"pt-BR","@id":"https:\/\/www.em.com.br\/emfoco\/#\/schema\/person\/image\/","url":"https:\/\/secure.gravatar.com\/avatar\/4b80ddbd124d1f071b626d52d62e5dff?s=96&d=mm&r=g","contentUrl":"https:\/\/secure.gravatar.com\/avatar\/4b80ddbd124d1f071b626d52d62e5dff?s=96&d=mm&r=g","caption":"Daniely Cardoso"},"url":"https:\/\/www.em.com.br\/emfoco\/author\/danielymyth\/"}]}},"_links":{"self":[{"href":"https:\/\/www.em.com.br\/emfoco\/wp-json\/wp\/v2\/posts\/35772","targetHints":{"allow":["GET"]}}],"collection":[{"href":"https:\/\/www.em.com.br\/emfoco\/wp-json\/wp\/v2\/posts"}],"about":[{"href":"https:\/\/www.em.com.br\/emfoco\/wp-json\/wp\/v2\/types\/post"}],"author":[{"embeddable":true,"href":"https:\/\/www.em.com.br\/emfoco\/wp-json\/wp\/v2\/users\/9"}],"replies":[{"embeddable":true,"href":"https:\/\/www.em.com.br\/emfoco\/wp-json\/wp\/v2\/comments?post=35772"}],"version-history":[{"count":2,"href":"https:\/\/www.em.com.br\/emfoco\/wp-json\/wp\/v2\/posts\/35772\/revisions"}],"predecessor-version":[{"id":35780,"href":"https:\/\/www.em.com.br\/emfoco\/wp-json\/wp\/v2\/posts\/35772\/revisions\/35780"}],"wp:featuredmedia":[{"embeddable":true,"href":"https:\/\/www.em.com.br\/emfoco\/wp-json\/wp\/v2\/media\/35778"}],"wp:attachment":[{"href":"https:\/\/www.em.com.br\/emfoco\/wp-json\/wp\/v2\/media?parent=35772"}],"wp:term":[{"taxonomy":"category","embeddable":true,"href":"https:\/\/www.em.com.br\/emfoco\/wp-json\/wp\/v2\/categories?post=35772"},{"taxonomy":"post_tag","embeddable":true,"href":"https:\/\/www.em.com.br\/emfoco\/wp-json\/wp\/v2\/tags?post=35772"}],"curies":[{"name":"wp","href":"https:\/\/api.w.org\/{rel}","templated":true}]}}