{"id":35700,"date":"2025-04-08T13:20:00","date_gmt":"2025-04-08T16:20:00","guid":{"rendered":"https:\/\/www.em.com.br\/emfoco\/?p=35700"},"modified":"2025-06-18T15:25:20","modified_gmt":"2025-06-18T18:25:20","slug":"volkswagen-id-buzz-2025-o-minivan-eletrico-que-vai-surpreender-voce","status":"publish","type":"post","link":"https:\/\/www.em.com.br\/emfoco\/2025\/04\/08\/volkswagen-id-buzz-2025-o-minivan-eletrico-que-vai-surpreender-voce\/","title":{"rendered":"Volkswagen ID Buzz 2025 o minivan el\u00e9trico que vai surpreender voc\u00ea"},"content":{"rendered":"\n<p>O <strong><a href=\"https:\/\/www.vw.com.br\/pt.html\" target=\"_blank\" rel=\"noreferrer noopener\">Volkswagen <\/a>ID Buzz<\/strong> 2025 \u00e9 basicamente aquela van hippie dos anos 60 que virou adulta e respons\u00e1vel. S\u00f3 que agora ela \u00e9 100% el\u00e9trica e tem todo o conforto que voc\u00ea pode imaginar. \u00c9 como se algu\u00e9m tivesse pego a Kombi cl\u00e1ssica, dado um banho de modernidade e colocado ela no s\u00e9culo 21.<\/p>\n\n\n\n<p>Esse n\u00e3o \u00e9 s\u00f3 mais um <a href=\"https:\/\/www.em.com.br\/emfoco\/2024\/11\/22\/onix-2025-chega-chutando-a-porta-com-motor-turbinado-e-preco-top\/\" target=\"_blank\" rel=\"noreferrer noopener\">carro<\/a> el\u00e9trico jogado no mercado. \u00c9 uma declara\u00e7\u00e3o de que d\u00e1 para ser nost\u00e1lgico e inovador ao mesmo tempo. A <strong>Volkswagen<\/strong> sacou que o pessoal adora a vibe retr\u00f4, mas tamb\u00e9m quer tecnologia de ponta. E o resultado? Uma van que faz todo mundo parar na rua para olhar.<\/p>\n\n\n\n<h2 class=\"wp-block-heading\">O que torna o ID Buzz t\u00e3o especial?<\/h2>\n\n\n\n<p>O <strong>ID Buzz<\/strong> \u00e9 constru\u00eddo na plataforma MEB da <strong>Volkswagen<\/strong>, a mesma que outros carros el\u00e9tricos da marca usam. Tem espa\u00e7o para at\u00e9 sete pessoas, dependendo de como voc\u00ea arruma os bancos. A vers\u00e3o americana veio com tr\u00eas fileiras de assentos, perfeita para fam\u00edlias grandes ou grupo de amigos.<\/p>\n\n\n\n<p>Na quest\u00e3o da for\u00e7a, tem duas op\u00e7\u00f5es. A b\u00e1sica vem com tra\u00e7\u00e3o traseira e 282 cavalos de pot\u00eancia. J\u00e1 a vers\u00e3o mais parruda tem tra\u00e7\u00e3o nas quatro rodas e entrega 335 cavalos. \u00c9 bem mais potente que qualquer van tradicional que voc\u00ea j\u00e1 viu por a\u00ed. E o melhor: \u00e9 silenciosa e n\u00e3o solta fuma\u00e7a nenhuma.<\/p>\n\n\n\n<h2 class=\"wp-block-heading\">Como ele se compara com outros carros el\u00e9tricos?<\/h2>\n\n\n\n<p>Mesmo sendo uma van, o <strong>ID Buzz<\/strong> compete direto com SUVs el\u00e9tricos de tr\u00eas fileiras, tipo o Kia EV9. Com seus 4,96 metros de comprimento na vers\u00e3o longa, ele \u00e9 um pouco menor que alguns concorrentes, mas o espa\u00e7o interno \u00e9 surpreendente. \u00c9 aquela hist\u00f3ria: importa mais como voc\u00ea usa o espa\u00e7o do que o tamanho total.<\/p>\n\n\n\n<p>A autonomia fica em torno de 234 milhas na vers\u00e3o tra\u00e7\u00e3o traseira e 231 milhas na 4&#215;4. N\u00e3o \u00e9 a maior autonomia do mundo, mas \u00e9 suficiente para a maioria das pessoas. Nos testes reais, ele conseguiu ir de 0 a 100 km\/h em apenas 5,7 segundos, o que \u00e9 bem impressionante para uma van dessa categoria.<\/p>\n\n\n\n<h2 class=\"wp-block-heading\">Que tecnologias interessantes ele tem?<\/h2>\n\n\n<div class=\"wp-block-image\">\n<figure class=\"aligncenter size-large\"><img loading=\"lazy\" decoding=\"async\" width=\"1024\" height=\"576\" src=\"https:\/\/www.em.com.br\/emfoco\/wp-content\/uploads\/2025\/04\/ID-Buzz_1743888978420-1024x576.jpg\" alt=\"\" class=\"wp-image-35703\" srcset=\"https:\/\/www.em.com.br\/emfoco\/wp-content\/uploads\/2025\/04\/ID-Buzz_1743888978420-1024x576.jpg 1024w, https:\/\/www.em.com.br\/emfoco\/wp-content\/uploads\/2025\/04\/ID-Buzz_1743888978420-300x169.jpg 300w, https:\/\/www.em.com.br\/emfoco\/wp-content\/uploads\/2025\/04\/ID-Buzz_1743888978420-768x432.jpg 768w, https:\/\/www.em.com.br\/emfoco\/wp-content\/uploads\/2025\/04\/ID-Buzz_1743888978420-750x422.jpg 750w, https:\/\/www.em.com.br\/emfoco\/wp-content\/uploads\/2025\/04\/ID-Buzz_1743888978420-1140x641.jpg 1140w, https:\/\/www.em.com.br\/emfoco\/wp-content\/uploads\/2025\/04\/ID-Buzz_1743888978420.jpg 1280w\" sizes=\"auto, (max-width: 1024px) 100vw, 1024px\" \/><figcaption class=\"wp-element-caption\">Volkswagen ID Buzz-Cr\u00e9ditos: depositphotos.com \/ OceanProd<\/figcaption><\/figure><\/div>\n\n\n<p>O interior \u00e9 moderno sem exagerar. Tem uma tela de instrumentos de 5,3 polegadas e uma central multim\u00eddia de 12,9 polegadas que controla navega\u00e7\u00e3o e ar-condicionado. O teto de vidro eletrocr\u00f4mico \u00e9 bem legal: voc\u00ea pode ajustar a transpar\u00eancia para controlar quanta luz entra.<\/p>\n\n\n\n<p>O carregamento r\u00e1pido \u00e9 outro ponto forte. A <strong>Volkswagen<\/strong> diz que d\u00e1 para carregar de 10% a 80% em apenas 26 minutos com um carregador DC de 200 kW. E tem v\u00e1rios assistentes de condu\u00e7\u00e3o e sistemas de seguran\u00e7a que deixam a fam\u00edlia mais tranquila.<\/p>\n\n\n\n<h2 class=\"wp-block-heading\">Vale a pena para quem tem fam\u00edlia?<\/h2>\n\n\n\n<p>Com certeza. O <strong>ID Buzz<\/strong> \u00e9 ideal para fam\u00edlias que querem um carro el\u00e9trico pr\u00e1tico e com personalidade. Tem espa\u00e7o de sobra para pessoas e bagagem, al\u00e9m de v\u00e1rios recursos de conforto e seguran\u00e7a. O pre\u00e7o come\u00e7a em $61.545 nos Estados Unidos, que n\u00e3o \u00e9 barato, mas voc\u00ea est\u00e1 pagando por muita tecnologia e um design \u00fanico.<\/p>\n\n\n\n<p>A <strong>Volkswagen<\/strong> conseguiu fazer algo especial aqui. Pegou um \u00edcone do passado e transformou numa vis\u00e3o do futuro. As pessoas param na rua para olhar, tirar foto e dar tchauzinho. \u00c9 um carro que desperta sorrisos por onde passa. Se voc\u00ea quer se destacar no tr\u00e2nsito e ainda ajudar o meio ambiente, o <strong>ID Buzz<\/strong> \u00e9 uma op\u00e7\u00e3o que vale a pena considerar.<\/p>\n","protected":false},"excerpt":{"rendered":"<p>O Volkswagen ID Buzz 2025 \u00e9 basicamente aquela van hippie dos anos 60 que virou adulta e respons\u00e1vel. S\u00f3 que agora ela \u00e9 100% el\u00e9trica e tem todo o conforto que voc\u00ea pode imaginar. \u00c9 como se algu\u00e9m tivesse pego a Kombi cl\u00e1ssica, dado um banho de modernidade e colocado ela no s\u00e9culo 21. Esse [&hellip;]<\/p>\n","protected":false},"author":12,"featured_media":35702,"comment_status":"open","ping_status":"open","sticky":false,"template":"","format":"standard","meta":{"jnews-multi-image_gallery":[],"jnews_single_post":{"format":"standard"},"jnews_primary_category":[],"jnews_social_meta":[],"jnews_override_counter":[],"footnotes":""},"categories":[1],"tags":[],"class_list":["post-35700","post","type-post","status-publish","format-standard","has-post-thumbnail","hentry","category-noticias"],"yoast_head":"<!-- This site is optimized with the Yoast SEO plugin v23.8 - https:\/\/yoast.com\/wordpress\/plugins\/seo\/ -->\n<title>Volkswagen ID Buzz 2025 o minivan el\u00e9trico que vai surpreender voc\u00ea - Estado de Minas - Em foco<\/title>\n<meta name=\"description\" content=\"Volkswagen ID Buzz 2025, uma minivan el\u00e9trica moderna com design inovador, espa\u00e7o para toda a fam\u00edlia e recursos tecnol\u00f3gicos avan\u00e7ados.\" \/>\n<meta name=\"robots\" content=\"index, follow, max-snippet:-1, max-image-preview:large, max-video-preview:-1\" \/>\n<link rel=\"canonical\" href=\"https:\/\/www.em.com.br\/emfoco\/2025\/04\/08\/volkswagen-id-buzz-2025-o-minivan-eletrico-que-vai-surpreender-voce\/\" \/>\n<meta property=\"og:locale\" content=\"pt_BR\" \/>\n<meta property=\"og:type\" content=\"article\" \/>\n<meta property=\"og:title\" content=\"Volkswagen ID Buzz 2025 o minivan el\u00e9trico que vai surpreender voc\u00ea - Estado de Minas - Em foco\" \/>\n<meta property=\"og:description\" content=\"Volkswagen ID Buzz 2025, uma minivan el\u00e9trica moderna com design inovador, espa\u00e7o para toda a fam\u00edlia e recursos tecnol\u00f3gicos avan\u00e7ados.\" \/>\n<meta property=\"og:url\" content=\"https:\/\/www.em.com.br\/emfoco\/2025\/04\/08\/volkswagen-id-buzz-2025-o-minivan-eletrico-que-vai-surpreender-voce\/\" \/>\n<meta property=\"og:site_name\" content=\"Estado de Minas - Em foco\" \/>\n<meta property=\"article:published_time\" content=\"2025-04-08T16:20:00+00:00\" \/>\n<meta property=\"article:modified_time\" content=\"2025-06-18T18:25:20+00:00\" \/>\n<meta property=\"og:image\" content=\"https:\/\/www.em.com.br\/emfoco\/wp-content\/uploads\/2025\/04\/ID-Buzz_1743888733329.jpg\" \/>\n\t<meta property=\"og:image:width\" content=\"1280\" \/>\n\t<meta property=\"og:image:height\" content=\"720\" \/>\n\t<meta property=\"og:image:type\" content=\"image\/jpeg\" \/>\n<meta name=\"author\" content=\"Keren Ester\" \/>\n<meta name=\"twitter:card\" content=\"summary_large_image\" \/>\n<meta name=\"twitter:label1\" content=\"Escrito por\" \/>\n\t<meta name=\"twitter:data1\" content=\"Keren Ester\" \/>\n\t<meta name=\"twitter:label2\" content=\"Est. tempo de leitura\" \/>\n\t<meta name=\"twitter:data2\" content=\"4 minutos\" \/>\n<!-- \/ Yoast SEO plugin. -->","yoast_head_json":{"title":"Volkswagen ID Buzz 2025 o minivan el\u00e9trico que vai surpreender voc\u00ea - Estado de Minas - Em foco","description":"Volkswagen ID Buzz 2025, uma minivan el\u00e9trica moderna com design inovador, espa\u00e7o para toda a fam\u00edlia e recursos tecnol\u00f3gicos avan\u00e7ados.","robots":{"index":"index","follow":"follow","max-snippet":"max-snippet:-1","max-image-preview":"max-image-preview:large","max-video-preview":"max-video-preview:-1"},"canonical":"https:\/\/www.em.com.br\/emfoco\/2025\/04\/08\/volkswagen-id-buzz-2025-o-minivan-eletrico-que-vai-surpreender-voce\/","og_locale":"pt_BR","og_type":"article","og_title":"Volkswagen ID Buzz 2025 o minivan el\u00e9trico que vai surpreender voc\u00ea - Estado de Minas - Em foco","og_description":"Volkswagen ID Buzz 2025, uma minivan el\u00e9trica moderna com design inovador, espa\u00e7o para toda a fam\u00edlia e recursos tecnol\u00f3gicos avan\u00e7ados.","og_url":"https:\/\/www.em.com.br\/emfoco\/2025\/04\/08\/volkswagen-id-buzz-2025-o-minivan-eletrico-que-vai-surpreender-voce\/","og_site_name":"Estado de Minas - Em foco","article_published_time":"2025-04-08T16:20:00+00:00","article_modified_time":"2025-06-18T18:25:20+00:00","og_image":[{"width":1280,"height":720,"url":"https:\/\/www.em.com.br\/emfoco\/wp-content\/uploads\/2025\/04\/ID-Buzz_1743888733329.jpg","type":"image\/jpeg"}],"author":"Keren Ester","twitter_card":"summary_large_image","twitter_misc":{"Escrito por":"Keren Ester","Est. tempo de leitura":"4 minutos"},"schema":{"@context":"https:\/\/schema.org","@graph":[{"@type":"WebPage","@id":"https:\/\/www.em.com.br\/emfoco\/2025\/04\/08\/volkswagen-id-buzz-2025-o-minivan-eletrico-que-vai-surpreender-voce\/","url":"https:\/\/www.em.com.br\/emfoco\/2025\/04\/08\/volkswagen-id-buzz-2025-o-minivan-eletrico-que-vai-surpreender-voce\/","name":"Volkswagen ID Buzz 2025 o minivan el\u00e9trico que vai surpreender voc\u00ea - Estado de Minas - Em foco","isPartOf":{"@id":"https:\/\/www.em.com.br\/emfoco\/#website"},"primaryImageOfPage":{"@id":"https:\/\/www.em.com.br\/emfoco\/2025\/04\/08\/volkswagen-id-buzz-2025-o-minivan-eletrico-que-vai-surpreender-voce\/#primaryimage"},"image":{"@id":"https:\/\/www.em.com.br\/emfoco\/2025\/04\/08\/volkswagen-id-buzz-2025-o-minivan-eletrico-que-vai-surpreender-voce\/#primaryimage"},"thumbnailUrl":"https:\/\/www.em.com.br\/emfoco\/wp-content\/uploads\/2025\/04\/ID-Buzz_1743888733329.jpg","datePublished":"2025-04-08T16:20:00+00:00","dateModified":"2025-06-18T18:25:20+00:00","author":{"@id":"https:\/\/www.em.com.br\/emfoco\/#\/schema\/person\/2e06e19826e476d778787245c8ef334d"},"description":"Volkswagen ID Buzz 2025, uma minivan el\u00e9trica moderna com design inovador, espa\u00e7o para toda a fam\u00edlia e recursos tecnol\u00f3gicos avan\u00e7ados.","breadcrumb":{"@id":"https:\/\/www.em.com.br\/emfoco\/2025\/04\/08\/volkswagen-id-buzz-2025-o-minivan-eletrico-que-vai-surpreender-voce\/#breadcrumb"},"inLanguage":"pt-BR","potentialAction":[{"@type":"ReadAction","target":["https:\/\/www.em.com.br\/emfoco\/2025\/04\/08\/volkswagen-id-buzz-2025-o-minivan-eletrico-que-vai-surpreender-voce\/"]}]},{"@type":"ImageObject","inLanguage":"pt-BR","@id":"https:\/\/www.em.com.br\/emfoco\/2025\/04\/08\/volkswagen-id-buzz-2025-o-minivan-eletrico-que-vai-surpreender-voce\/#primaryimage","url":"https:\/\/www.em.com.br\/emfoco\/wp-content\/uploads\/2025\/04\/ID-Buzz_1743888733329.jpg","contentUrl":"https:\/\/www.em.com.br\/emfoco\/wp-content\/uploads\/2025\/04\/ID-Buzz_1743888733329.jpg","width":1280,"height":720,"caption":"Volkswagen ID Buzz-Cr\u00e9ditos: depositphotos.com \/ Pixellio"},{"@type":"BreadcrumbList","@id":"https:\/\/www.em.com.br\/emfoco\/2025\/04\/08\/volkswagen-id-buzz-2025-o-minivan-eletrico-que-vai-surpreender-voce\/#breadcrumb","itemListElement":[{"@type":"ListItem","position":1,"name":"In\u00edcio","item":"https:\/\/www.em.com.br\/emfoco\/"},{"@type":"ListItem","position":2,"name":"Volkswagen ID Buzz 2025 o minivan el\u00e9trico que vai surpreender voc\u00ea"}]},{"@type":"WebSite","@id":"https:\/\/www.em.com.br\/emfoco\/#website","url":"https:\/\/www.em.com.br\/emfoco\/","name":"Estado de Minas - Em foco","description":"Acompanhe as \u00faltimas not\u00edcias e fique bem informado sobre tudo o que acontece em Minas Gerais, Brasil e no mundo.","potentialAction":[{"@type":"SearchAction","target":{"@type":"EntryPoint","urlTemplate":"https:\/\/www.em.com.br\/emfoco\/?s={search_term_string}"},"query-input":{"@type":"PropertyValueSpecification","valueRequired":true,"valueName":"search_term_string"}}],"inLanguage":"pt-BR"},{"@type":"Person","@id":"https:\/\/www.em.com.br\/emfoco\/#\/schema\/person\/2e06e19826e476d778787245c8ef334d","name":"Keren Ester","image":{"@type":"ImageObject","inLanguage":"pt-BR","@id":"https:\/\/www.em.com.br\/emfoco\/#\/schema\/person\/image\/","url":"https:\/\/secure.gravatar.com\/avatar\/b3d0f2b934f7fab59c611ea63b5cf4b1?s=96&d=mm&r=g","contentUrl":"https:\/\/secure.gravatar.com\/avatar\/b3d0f2b934f7fab59c611ea63b5cf4b1?s=96&d=mm&r=g","caption":"Keren Ester"},"url":"https:\/\/www.em.com.br\/emfoco\/author\/kerenmyth\/"}]}},"_links":{"self":[{"href":"https:\/\/www.em.com.br\/emfoco\/wp-json\/wp\/v2\/posts\/35700","targetHints":{"allow":["GET"]}}],"collection":[{"href":"https:\/\/www.em.com.br\/emfoco\/wp-json\/wp\/v2\/posts"}],"about":[{"href":"https:\/\/www.em.com.br\/emfoco\/wp-json\/wp\/v2\/types\/post"}],"author":[{"embeddable":true,"href":"https:\/\/www.em.com.br\/emfoco\/wp-json\/wp\/v2\/users\/12"}],"replies":[{"embeddable":true,"href":"https:\/\/www.em.com.br\/emfoco\/wp-json\/wp\/v2\/comments?post=35700"}],"version-history":[{"count":3,"href":"https:\/\/www.em.com.br\/emfoco\/wp-json\/wp\/v2\/posts\/35700\/revisions"}],"predecessor-version":[{"id":63293,"href":"https:\/\/www.em.com.br\/emfoco\/wp-json\/wp\/v2\/posts\/35700\/revisions\/63293"}],"wp:featuredmedia":[{"embeddable":true,"href":"https:\/\/www.em.com.br\/emfoco\/wp-json\/wp\/v2\/media\/35702"}],"wp:attachment":[{"href":"https:\/\/www.em.com.br\/emfoco\/wp-json\/wp\/v2\/media?parent=35700"}],"wp:term":[{"taxonomy":"category","embeddable":true,"href":"https:\/\/www.em.com.br\/emfoco\/wp-json\/wp\/v2\/categories?post=35700"},{"taxonomy":"post_tag","embeddable":true,"href":"https:\/\/www.em.com.br\/emfoco\/wp-json\/wp\/v2\/tags?post=35700"}],"curies":[{"name":"wp","href":"https:\/\/api.w.org\/{rel}","templated":true}]}}