{"id":3563,"date":"2024-12-08T20:20:00","date_gmt":"2024-12-08T23:20:00","guid":{"rendered":"https:\/\/www.em.com.br\/emfoco\/?p=3563"},"modified":"2024-12-07T15:04:13","modified_gmt":"2024-12-07T18:04:13","slug":"app-bolsa-familia-passa-por-atualizacao-saiba-como-consultar-o-beneficio-de-dezembro","status":"publish","type":"post","link":"https:\/\/www.em.com.br\/emfoco\/2024\/12\/08\/app-bolsa-familia-passa-por-atualizacao-saiba-como-consultar-o-beneficio-de-dezembro\/","title":{"rendered":"APP bolsa fam\u00edlia passa por atualiza\u00e7\u00e3o! Saiba como consultar o benef\u00edcio de dezembro"},"content":{"rendered":"\n<p>O Bolsa Fam\u00edlia, programa fundamental para milh\u00f5es de <a href=\"https:\/\/www.em.com.br\/emfoco\/categoria\/economia\/\" target=\"_blank\" rel=\"noreferrer noopener\"><strong>fam\u00edlias <\/strong><\/a>brasileiras, apresenta mudan\u00e7as significativas neste m\u00eas de dezembro de 2024. A antecipa\u00e7\u00e3o dos pagamentos e as atualiza\u00e7\u00f5es no <a href=\"https:\/\/www.em.com.br\/emfoco\/2024\/12\/05\/saiba-quais-sao-as-novas-regras-na-aposentadoria-em-2025-e-o-que-muda-para-o-trabalhador\/\" target=\"_blank\" rel=\"noreferrer noopener\"><strong>aplicativo <\/strong><\/a>oficial t\u00eam como objetivo garantir que os benefici\u00e1rios tenham acesso aos recursos antes das festas de fim de ano. A seguir, entenda todos os detalhes sobre o calend\u00e1rio, o funcionamento do aplicativo e o impacto dessas mudan\u00e7as.<\/p>\n\n\n\n<p>Desde 3 de dezembro, o aplicativo Bolsa Fam\u00edlia foi atualizado para incluir os valores referentes ao m\u00eas. A <a href=\"https:\/\/www.gov.br\/mds\/pt-br\/acoes-e-programas\/bolsa-familia\" target=\"_blank\" rel=\"noreferrer noopener\"><strong>Caixa<\/strong><\/a> Econ\u00f4mica Federal confirmou que mais de 20,7 milh\u00f5es de fam\u00edlias poder\u00e3o acessar seus extratos de pagamento diretamente pelo app. Esta atualiza\u00e7\u00e3o permite aos benefici\u00e1rios verificarem se a parcela est\u00e1 liberada ou se h\u00e1 pend\u00eancias no cadastro.<\/p>\n\n\n\n<p>Em caso de irregularidades, \u00e9 necess\u00e1rio que as fam\u00edlias realizem atualiza\u00e7\u00f5es cadastrais para retomarem o benef\u00edcio nos pr\u00f3ximos ciclos. Este processo de averigua\u00e7\u00e3o, iniciado em 30 de novembro, visa garantir que os repasses atendam a quem realmente necessita, refor\u00e7ando a transpar\u00eancia e a efici\u00eancia do programa.<\/p>\n\n\n\n<p>Al\u00e9m disso, o governo federal, em parceria com o Minist\u00e9rio do Desenvolvimento e Assist\u00eancia Social (MDS), destinou R$ 14,1 bilh\u00f5es para o pagamento deste m\u00eas. Esse montante tamb\u00e9m inclui o Aux\u00edlio-G\u00e1s, que ser\u00e1 repassado a 5,5 milh\u00f5es de fam\u00edlias junto ao Bolsa Fam\u00edlia.<\/p>\n\n\n\n<h2 class=\"wp-block-heading\"><strong>Calend\u00e1rio de Pagamentos Antecipados<\/strong><\/h2>\n\n\n\n<p>Devido \u00e0s festas de fim de ano, o calend\u00e1rio de pagamentos foi antecipado, garantindo que as fam\u00edlias possam organizar suas finan\u00e7as e aproveitar o per\u00edodo com mais tranquilidade. O cronograma inicia em 10 de dezembro e se estende at\u00e9 23 de dezembro, obedecendo ao d\u00edgito final do N\u00famero de Inscri\u00e7\u00e3o Social (NIS).<\/p>\n\n\n\n<figure class=\"wp-block-table\"><table class=\"has-fixed-layout\"><thead><tr><th><strong>NIS Final<\/strong><\/th><th><strong>Data de Pagamento<\/strong><\/th><th><strong>Dia da Semana<\/strong><\/th><\/tr><\/thead><tbody><tr><td>1<\/td><td>10 de dezembro<\/td><td>Ter\u00e7a-feira<\/td><\/tr><tr><td>2<\/td><td>11 de dezembro<\/td><td>Quarta-feira<\/td><\/tr><tr><td>3<\/td><td>12 de dezembro<\/td><td>Quinta-feira<\/td><\/tr><tr><td>4<\/td><td>13 de dezembro<\/td><td>Sexta-feira<\/td><\/tr><tr><td>5<\/td><td>16 de dezembro<\/td><td>Segunda-feira<\/td><\/tr><tr><td>6<\/td><td>17 de dezembro<\/td><td>Ter\u00e7a-feira<\/td><\/tr><tr><td>7<\/td><td>18 de dezembro<\/td><td>Quarta-feira<\/td><\/tr><tr><td>8<\/td><td>19 de dezembro<\/td><td>Quinta-feira<\/td><\/tr><tr><td>9<\/td><td>20 de dezembro<\/td><td>Sexta-feira<\/td><\/tr><tr><td>0<\/td><td>23 de dezembro<\/td><td>Segunda-feira<\/td><\/tr><\/tbody><\/table><\/figure>\n\n\n\n<p><strong>Cidades com Pagamento Antecipado<\/strong><br>Uma caracter\u00edstica importante deste m\u00eas \u00e9 a antecipa\u00e7\u00e3o dos pagamentos para munic\u00edpios em estado de emerg\u00eancia ou calamidade p\u00fablica. Em dezembro, 497 cidades do Rio Grande do Sul, afetadas por enchentes em maio, ter\u00e3o prioridade no recebimento. Essa medida busca minimizar os impactos econ\u00f4micos e sociais causados por desastres clim\u00e1ticos.<\/p>\n\n\n\n<p>A libera\u00e7\u00e3o antecipada tamb\u00e9m beneficia outras cidades, desde que haja reconhecimento oficial do estado de emerg\u00eancia pelo Governo Federal. No m\u00eas passado, 711 munic\u00edpios tiveram pagamentos adiantados.<\/p>\n\n\n\n<h2 class=\"wp-block-heading\"><strong>Impacto para as Fam\u00edlias Benefici\u00e1rias<\/strong><\/h2>\n\n\n\n<p>O Bolsa Fam\u00edlia tem sido essencial para reduzir a desigualdade e garantir a seguran\u00e7a alimentar de milh\u00f5es de brasileiros. A antecipa\u00e7\u00e3o dos pagamentos em dezembro traz al\u00edvio para muitas fam\u00edlias, que enfrentam despesas adicionais t\u00edpicas do per\u00edodo festivo, como compras de alimentos, presentes e viagens.<\/p>\n\n\n\n<p>Al\u00e9m disso, o programa refor\u00e7a a necessidade de regulariza\u00e7\u00e3o cadastral para manter o benef\u00edcio. As fam\u00edlias que n\u00e3o atenderem \u00e0s exig\u00eancias podem perder o acesso aos repasses, o que torna essencial a consulta peri\u00f3dica ao aplicativo e a atualiza\u00e7\u00e3o dos dados sempre que solicitado.<\/p>\n\n\n\n<h2 class=\"wp-block-heading\"><strong>Desafios e Mudan\u00e7as para 2025<\/strong><\/h2>\n\n\n\n<figure class=\"wp-block-gallery has-nested-images columns-default is-cropped wp-block-gallery-1 is-layout-flex wp-block-gallery-is-layout-flex\">\n<figure class=\"wp-block-image size-large\"><img loading=\"lazy\" decoding=\"async\" width=\"1024\" height=\"576\" data-id=\"1421\" src=\"https:\/\/www.em.com.br\/emfoco\/wp-content\/uploads\/2024\/11\/bolsa-familia-Creditos-depositphotos.com-amarosy-1024x576.jpg\" alt=\"bolsa fam\u00edlia - Cr\u00e9ditos depositphotos.com amarosy\" class=\"wp-image-1421\" srcset=\"https:\/\/www.em.com.br\/emfoco\/wp-content\/uploads\/2024\/11\/bolsa-familia-Creditos-depositphotos.com-amarosy-1024x576.jpg 1024w, https:\/\/www.em.com.br\/emfoco\/wp-content\/uploads\/2024\/11\/bolsa-familia-Creditos-depositphotos.com-amarosy-300x169.jpg 300w, https:\/\/www.em.com.br\/emfoco\/wp-content\/uploads\/2024\/11\/bolsa-familia-Creditos-depositphotos.com-amarosy-768x432.jpg 768w, https:\/\/www.em.com.br\/emfoco\/wp-content\/uploads\/2024\/11\/bolsa-familia-Creditos-depositphotos.com-amarosy-750x422.jpg 750w, https:\/\/www.em.com.br\/emfoco\/wp-content\/uploads\/2024\/11\/bolsa-familia-Creditos-depositphotos.com-amarosy-1140x641.jpg 1140w, https:\/\/www.em.com.br\/emfoco\/wp-content\/uploads\/2024\/11\/bolsa-familia-Creditos-depositphotos.com-amarosy.jpg 1280w\" sizes=\"auto, (max-width: 1024px) 100vw, 1024px\" \/><figcaption class=\"wp-element-caption\">bolsa fam\u00edlia &#8211; Cr\u00e9ditos depositphotos.com amarosy<\/figcaption><\/figure>\n<\/figure>\n\n\n\n<p>Apesar das boas not\u00edcias para dezembro, o futuro do Bolsa Fam\u00edlia enfrenta desafios significativos. O or\u00e7amento do programa ser\u00e1 reduzido em 2025, passando de R$ 169 bilh\u00f5es para R$ 167 bilh\u00f5es. Essa mudan\u00e7a pode excluir cerca de 20 mil fam\u00edlias do benef\u00edcio.<\/p>\n\n\n\n<p>As revis\u00f5es or\u00e7ament\u00e1rias tamb\u00e9m podem impactar outros programas sociais, como o Aux\u00edlio-G\u00e1s, que compartilha crit\u00e9rios semelhantes de elegibilidade e segue o mesmo calend\u00e1rio de pagamentos. A expectativa \u00e9 que a redu\u00e7\u00e3o do or\u00e7amento continue at\u00e9 2030, com cortes previstos de at\u00e9 R$ 20 bilh\u00f5es.<\/p>\n\n\n\n<p>Essas altera\u00e7\u00f5es geram preocupa\u00e7\u00f5es sobre a capacidade do programa de atender a crescente demanda por assist\u00eancia social no Brasil. As fam\u00edlias mais vulner\u00e1veis podem ser as mais afetadas, o que exige aten\u00e7\u00e3o especial por parte do governo para minimizar os impactos negativos.<\/p>\n\n\n\n<h2 class=\"wp-block-heading\"><strong>Como Garantir o Benef\u00edcio?<\/strong><\/h2>\n\n\n\n<p>Para garantir o acesso ao Bolsa Fam\u00edlia, \u00e9 fundamental manter o cadastro atualizado no Cadastro \u00danico. O aplicativo oficial permite verificar informa\u00e7\u00f5es e corrigir poss\u00edveis irregularidades. Al\u00e9m disso, estar atento ao calend\u00e1rio e \u00e0s mudan\u00e7as nas regras do programa ajuda a evitar surpresas desagrad\u00e1veis.<\/p>\n\n\n\n<p>Outro ponto importante \u00e9 acompanhar os canais oficiais do governo, como a Secretaria de Comunica\u00e7\u00e3o Social, para obter informa\u00e7\u00f5es confi\u00e1veis e atualizadas. Isso \u00e9 especialmente relevante para fam\u00edlias em regi\u00f5es afetadas por desastres naturais, que podem ter direito \u00e0 antecipa\u00e7\u00e3o dos pagamentos.<\/p>\n\n\n\n<p>O m\u00eas de dezembro traz novidades importantes para os benefici\u00e1rios do Bolsa Fam\u00edlia, com a antecipa\u00e7\u00e3o dos pagamentos e a atualiza\u00e7\u00e3o do aplicativo. Essas mudan\u00e7as s\u00e3o positivas para milh\u00f5es de fam\u00edlias, mas tamb\u00e9m destacam a import\u00e2ncia de acompanhar de perto as regras e os requisitos do programa.<\/p>\n\n\n\n<p>O cen\u00e1rio para 2025, contudo, exige aten\u00e7\u00e3o, j\u00e1 que cortes no or\u00e7amento podem afetar a abrang\u00eancia e a efici\u00eancia do Bolsa Fam\u00edlia. Mesmo assim, o programa segue como um pilar fundamental para a redu\u00e7\u00e3o da desigualdade e o apoio \u00e0s fam\u00edlias em situa\u00e7\u00e3o de vulnerabilidade no Brasil.<\/p>\n\n\n\n<p>Manter-se informado e regularizado \u00e9 a melhor forma de garantir o benef\u00edcio e aproveitar ao m\u00e1ximo os recursos oferecidos pelo programa.<\/p>\n","protected":false},"excerpt":{"rendered":"<p>A consulta dos valores do Bolsa Fam\u00edlia de dezembro 2024 foi liberada no app atualizado. Os pagamentos foram antecipados devido \u00e0s festas de fim de ano, beneficiando milh\u00f5es de fam\u00edlias.<\/p>\n","protected":false},"author":3,"featured_media":418,"comment_status":"open","ping_status":"open","sticky":false,"template":"","format":"standard","meta":{"jnews-multi-image_gallery":[],"jnews_single_post":{"format":"standard"},"jnews_primary_category":[],"jnews_social_meta":[],"jnews_override_counter":[],"footnotes":""},"categories":[28],"tags":[788,1619,209,650,1618,658],"class_list":["post-3563","post","type-post","status-publish","format-standard","has-post-thumbnail","hentry","category-economia","tag-antecipacao","tag-app-atualizado","tag-bolsa-familia","tag-consulta","tag-dezembro-2024","tag-pagamentos"],"yoast_head":"<!-- This site is optimized with the Yoast SEO plugin v23.8 - https:\/\/yoast.com\/wordpress\/plugins\/seo\/ -->\n<title>APP bolsa fam\u00edlia passa por atualiza\u00e7\u00e3o! Saiba como consultar o benef\u00edcio de dezembro - Estado de Minas - Em foco<\/title>\n<meta name=\"description\" content=\"A consulta dos valores do Bolsa Fam\u00edlia de dezembro 2024 foi liberada no app atualizado. Os pagamentos foram antecipados devido \u00e0s festas\" \/>\n<meta name=\"robots\" content=\"index, follow, max-snippet:-1, max-image-preview:large, max-video-preview:-1\" \/>\n<link rel=\"canonical\" href=\"https:\/\/www.em.com.br\/emfoco\/2024\/12\/08\/app-bolsa-familia-passa-por-atualizacao-saiba-como-consultar-o-beneficio-de-dezembro\/\" \/>\n<meta property=\"og:locale\" content=\"pt_BR\" \/>\n<meta property=\"og:type\" content=\"article\" \/>\n<meta property=\"og:title\" content=\"APP bolsa fam\u00edlia passa por atualiza\u00e7\u00e3o! Saiba como consultar o benef\u00edcio de dezembro - Estado de Minas - Em foco\" \/>\n<meta property=\"og:description\" content=\"A consulta dos valores do Bolsa Fam\u00edlia de dezembro 2024 foi liberada no app atualizado. Os pagamentos foram antecipados devido \u00e0s festas\" \/>\n<meta property=\"og:url\" content=\"https:\/\/www.em.com.br\/emfoco\/2024\/12\/08\/app-bolsa-familia-passa-por-atualizacao-saiba-como-consultar-o-beneficio-de-dezembro\/\" \/>\n<meta property=\"og:site_name\" content=\"Estado de Minas - Em foco\" \/>\n<meta property=\"article:published_time\" content=\"2024-12-08T23:20:00+00:00\" \/>\n<meta property=\"article:modified_time\" content=\"2024-12-07T18:04:13+00:00\" \/>\n<meta property=\"og:image\" content=\"https:\/\/www.em.com.br\/emfoco\/wp-content\/uploads\/2024\/11\/Bolsa-familia-creditos-Jefferson-RudyAgencia-Senado-flickr.jpg\" \/>\n\t<meta property=\"og:image:width\" content=\"2048\" \/>\n\t<meta property=\"og:image:height\" content=\"1364\" \/>\n\t<meta property=\"og:image:type\" content=\"image\/jpeg\" \/>\n<meta name=\"author\" content=\"Helen Palma\" \/>\n<meta name=\"twitter:card\" content=\"summary_large_image\" \/>\n<meta name=\"twitter:label1\" content=\"Escrito por\" \/>\n\t<meta name=\"twitter:data1\" content=\"Helen Palma\" \/>\n\t<meta name=\"twitter:label2\" content=\"Est. tempo de leitura\" \/>\n\t<meta name=\"twitter:data2\" content=\"6 minutos\" \/>\n<!-- \/ Yoast SEO plugin. -->","yoast_head_json":{"title":"APP bolsa fam\u00edlia passa por atualiza\u00e7\u00e3o! Saiba como consultar o benef\u00edcio de dezembro - Estado de Minas - Em foco","description":"A consulta dos valores do Bolsa Fam\u00edlia de dezembro 2024 foi liberada no app atualizado. Os pagamentos foram antecipados devido \u00e0s festas","robots":{"index":"index","follow":"follow","max-snippet":"max-snippet:-1","max-image-preview":"max-image-preview:large","max-video-preview":"max-video-preview:-1"},"canonical":"https:\/\/www.em.com.br\/emfoco\/2024\/12\/08\/app-bolsa-familia-passa-por-atualizacao-saiba-como-consultar-o-beneficio-de-dezembro\/","og_locale":"pt_BR","og_type":"article","og_title":"APP bolsa fam\u00edlia passa por atualiza\u00e7\u00e3o! Saiba como consultar o benef\u00edcio de dezembro - Estado de Minas - Em foco","og_description":"A consulta dos valores do Bolsa Fam\u00edlia de dezembro 2024 foi liberada no app atualizado. Os pagamentos foram antecipados devido \u00e0s festas","og_url":"https:\/\/www.em.com.br\/emfoco\/2024\/12\/08\/app-bolsa-familia-passa-por-atualizacao-saiba-como-consultar-o-beneficio-de-dezembro\/","og_site_name":"Estado de Minas - Em foco","article_published_time":"2024-12-08T23:20:00+00:00","article_modified_time":"2024-12-07T18:04:13+00:00","og_image":[{"width":2048,"height":1364,"url":"https:\/\/www.em.com.br\/emfoco\/wp-content\/uploads\/2024\/11\/Bolsa-familia-creditos-Jefferson-RudyAgencia-Senado-flickr.jpg","type":"image\/jpeg"}],"author":"Helen Palma","twitter_card":"summary_large_image","twitter_misc":{"Escrito por":"Helen Palma","Est. tempo de leitura":"6 minutos"},"schema":{"@context":"https:\/\/schema.org","@graph":[{"@type":"WebPage","@id":"https:\/\/www.em.com.br\/emfoco\/2024\/12\/08\/app-bolsa-familia-passa-por-atualizacao-saiba-como-consultar-o-beneficio-de-dezembro\/","url":"https:\/\/www.em.com.br\/emfoco\/2024\/12\/08\/app-bolsa-familia-passa-por-atualizacao-saiba-como-consultar-o-beneficio-de-dezembro\/","name":"APP bolsa fam\u00edlia passa por atualiza\u00e7\u00e3o! Saiba como consultar o benef\u00edcio de dezembro - Estado de Minas - Em foco","isPartOf":{"@id":"https:\/\/www.em.com.br\/emfoco\/#website"},"primaryImageOfPage":{"@id":"https:\/\/www.em.com.br\/emfoco\/2024\/12\/08\/app-bolsa-familia-passa-por-atualizacao-saiba-como-consultar-o-beneficio-de-dezembro\/#primaryimage"},"image":{"@id":"https:\/\/www.em.com.br\/emfoco\/2024\/12\/08\/app-bolsa-familia-passa-por-atualizacao-saiba-como-consultar-o-beneficio-de-dezembro\/#primaryimage"},"thumbnailUrl":"https:\/\/www.em.com.br\/emfoco\/wp-content\/uploads\/2024\/11\/Bolsa-familia-creditos-Jefferson-RudyAgencia-Senado-flickr.jpg","datePublished":"2024-12-08T23:20:00+00:00","dateModified":"2024-12-07T18:04:13+00:00","author":{"@id":"https:\/\/www.em.com.br\/emfoco\/#\/schema\/person\/d79d5c83ee37ab7ca6781d92bd406eac"},"description":"A consulta dos valores do Bolsa Fam\u00edlia de dezembro 2024 foi liberada no app atualizado. Os pagamentos foram antecipados devido \u00e0s festas","breadcrumb":{"@id":"https:\/\/www.em.com.br\/emfoco\/2024\/12\/08\/app-bolsa-familia-passa-por-atualizacao-saiba-como-consultar-o-beneficio-de-dezembro\/#breadcrumb"},"inLanguage":"pt-BR","potentialAction":[{"@type":"ReadAction","target":["https:\/\/www.em.com.br\/emfoco\/2024\/12\/08\/app-bolsa-familia-passa-por-atualizacao-saiba-como-consultar-o-beneficio-de-dezembro\/"]}]},{"@type":"ImageObject","inLanguage":"pt-BR","@id":"https:\/\/www.em.com.br\/emfoco\/2024\/12\/08\/app-bolsa-familia-passa-por-atualizacao-saiba-como-consultar-o-beneficio-de-dezembro\/#primaryimage","url":"https:\/\/www.em.com.br\/emfoco\/wp-content\/uploads\/2024\/11\/Bolsa-familia-creditos-Jefferson-RudyAgencia-Senado-flickr.jpg","contentUrl":"https:\/\/www.em.com.br\/emfoco\/wp-content\/uploads\/2024\/11\/Bolsa-familia-creditos-Jefferson-RudyAgencia-Senado-flickr.jpg","width":2048,"height":1364,"caption":"Bolsa fam\u00edlia - cr\u00e9ditos - Jefferson RudyAg\u00eancia Senado - flickr"},{"@type":"BreadcrumbList","@id":"https:\/\/www.em.com.br\/emfoco\/2024\/12\/08\/app-bolsa-familia-passa-por-atualizacao-saiba-como-consultar-o-beneficio-de-dezembro\/#breadcrumb","itemListElement":[{"@type":"ListItem","position":1,"name":"In\u00edcio","item":"https:\/\/www.em.com.br\/emfoco\/"},{"@type":"ListItem","position":2,"name":"APP bolsa fam\u00edlia passa por atualiza\u00e7\u00e3o! Saiba como consultar o benef\u00edcio de dezembro"}]},{"@type":"WebSite","@id":"https:\/\/www.em.com.br\/emfoco\/#website","url":"https:\/\/www.em.com.br\/emfoco\/","name":"Estado de Minas - Em foco","description":"Acompanhe as \u00faltimas not\u00edcias e fique bem informado sobre tudo o que acontece em Minas Gerais, Brasil e no mundo.","potentialAction":[{"@type":"SearchAction","target":{"@type":"EntryPoint","urlTemplate":"https:\/\/www.em.com.br\/emfoco\/?s={search_term_string}"},"query-input":{"@type":"PropertyValueSpecification","valueRequired":true,"valueName":"search_term_string"}}],"inLanguage":"pt-BR"},{"@type":"Person","@id":"https:\/\/www.em.com.br\/emfoco\/#\/schema\/person\/d79d5c83ee37ab7ca6781d92bd406eac","name":"Helen Palma","image":{"@type":"ImageObject","inLanguage":"pt-BR","@id":"https:\/\/www.em.com.br\/emfoco\/#\/schema\/person\/image\/","url":"https:\/\/secure.gravatar.com\/avatar\/c657d9266c25fd5b35a8a6274fb730cd?s=96&d=mm&r=g","contentUrl":"https:\/\/secure.gravatar.com\/avatar\/c657d9266c25fd5b35a8a6274fb730cd?s=96&d=mm&r=g","caption":"Helen Palma"},"url":"https:\/\/www.em.com.br\/emfoco\/author\/helenmyth\/"}]}},"_links":{"self":[{"href":"https:\/\/www.em.com.br\/emfoco\/wp-json\/wp\/v2\/posts\/3563","targetHints":{"allow":["GET"]}}],"collection":[{"href":"https:\/\/www.em.com.br\/emfoco\/wp-json\/wp\/v2\/posts"}],"about":[{"href":"https:\/\/www.em.com.br\/emfoco\/wp-json\/wp\/v2\/types\/post"}],"author":[{"embeddable":true,"href":"https:\/\/www.em.com.br\/emfoco\/wp-json\/wp\/v2\/users\/3"}],"replies":[{"embeddable":true,"href":"https:\/\/www.em.com.br\/emfoco\/wp-json\/wp\/v2\/comments?post=3563"}],"version-history":[{"count":2,"href":"https:\/\/www.em.com.br\/emfoco\/wp-json\/wp\/v2\/posts\/3563\/revisions"}],"predecessor-version":[{"id":3751,"href":"https:\/\/www.em.com.br\/emfoco\/wp-json\/wp\/v2\/posts\/3563\/revisions\/3751"}],"wp:featuredmedia":[{"embeddable":true,"href":"https:\/\/www.em.com.br\/emfoco\/wp-json\/wp\/v2\/media\/418"}],"wp:attachment":[{"href":"https:\/\/www.em.com.br\/emfoco\/wp-json\/wp\/v2\/media?parent=3563"}],"wp:term":[{"taxonomy":"category","embeddable":true,"href":"https:\/\/www.em.com.br\/emfoco\/wp-json\/wp\/v2\/categories?post=3563"},{"taxonomy":"post_tag","embeddable":true,"href":"https:\/\/www.em.com.br\/emfoco\/wp-json\/wp\/v2\/tags?post=3563"}],"curies":[{"name":"wp","href":"https:\/\/api.w.org\/{rel}","templated":true}]}}