{"id":35597,"date":"2025-04-13T15:40:00","date_gmt":"2025-04-13T18:40:00","guid":{"rendered":"https:\/\/www.em.com.br\/emfoco\/?p=35597"},"modified":"2025-04-05T14:41:10","modified_gmt":"2025-04-05T17:41:10","slug":"o-que-acontece-no-seu-corpo-quando-voce-consome-azeite-de-oliva-todos-os-dias","status":"publish","type":"post","link":"https:\/\/www.em.com.br\/emfoco\/2025\/04\/13\/o-que-acontece-no-seu-corpo-quando-voce-consome-azeite-de-oliva-todos-os-dias\/","title":{"rendered":"O que acontece no seu corpo quando voc\u00ea consome azeite de oliva todos os dias"},"content":{"rendered":"\n<p><strong>O azeite de oliva \u00e9 um dos ingredientes mais valorizados na culin\u00e1ria mundial<\/strong>, n\u00e3o apenas por seu sabor distinto, mas tamb\u00e9m por seus in\u00fameros <strong><a href=\"https:\/\/www.em.com.br\/emfoco\/2025\/04\/05\/os-incriveis-beneficios-da-couve-para-a-saude-e-como-aproveita-la\/\" target=\"_blank\" rel=\"noreferrer noopener\">benef\u00edcios<\/a><\/strong> \u00e0 sa\u00fade. Extra\u00eddo das azeitonas, este \u00f3leo \u00e9 uma parte fundamental da dieta mediterr\u00e2nea, conhecida por promover a longevidade e reduzir o risco de v\u00e1rias doen\u00e7as cr\u00f4nicas.<\/p>\n\n\n\n<p>Rico em \u00e1cidos graxos monoinsaturados, o azeite de oliva \u00e9 frequentemente associado \u00e0 melhoria da <strong><a href=\"https:\/\/brasilescola.uol.com.br\/sociologia\/estado-bem-estar-social.htm\" target=\"_blank\" rel=\"noreferrer noopener\">sa\u00fade <\/a><\/strong>cardiovascular. Al\u00e9m disso, cont\u00e9m antioxidantes poderosos, como a vitamina E e polifen\u00f3is, que ajudam a combater o estresse oxidativo no corpo. Esses compostos s\u00e3o essenciais para a prote\u00e7\u00e3o das c\u00e9lulas contra danos e para a promo\u00e7\u00e3o de um envelhecimento saud\u00e1vel.<\/p>\n\n\n\n<h2 class=\"wp-block-heading\">Como o azeite de oliva beneficia a sa\u00fade?<\/h2>\n\n\n\n<p>O consumo regular de azeite de oliva pode trazer diversos benef\u00edcios para a sa\u00fade. Um dos principais \u00e9 a <strong>redu\u00e7\u00e3o do risco de doen\u00e7as card\u00edacas<\/strong>. Estudos mostram que o azeite de oliva pode ajudar a diminuir os n\u00edveis de colesterol LDL, conhecido como &#8220;colesterol ruim&#8221;, enquanto aumenta o colesterol HDL, o &#8220;colesterol bom&#8221;.<\/p>\n\n\n\n<p>Al\u00e9m disso, o azeite de oliva possui propriedades anti-inflamat\u00f3rias. Os polifen\u00f3is presentes no azeite podem reduzir a inflama\u00e7\u00e3o no corpo, que \u00e9 um fator de risco para muitas doen\u00e7as cr\u00f4nicas, incluindo a artrite. O consumo de azeite de oliva tamb\u00e9m tem sido associado \u00e0 melhora da fun\u00e7\u00e3o cerebral, potencialmente reduzindo o risco de doen\u00e7as neurodegenerativas, como o Alzheimer.<\/p>\n\n\n\n<figure class=\"wp-block-image size-large\"><img loading=\"lazy\" decoding=\"async\" width=\"1024\" height=\"576\" src=\"https:\/\/www.em.com.br\/emfoco\/wp-content\/uploads\/2025\/04\/azeite-de-oliva_1743874241593-1024x576.jpg\" alt=\"\" class=\"wp-image-35640\" srcset=\"https:\/\/www.em.com.br\/emfoco\/wp-content\/uploads\/2025\/04\/azeite-de-oliva_1743874241593-1024x576.jpg 1024w, https:\/\/www.em.com.br\/emfoco\/wp-content\/uploads\/2025\/04\/azeite-de-oliva_1743874241593-300x169.jpg 300w, https:\/\/www.em.com.br\/emfoco\/wp-content\/uploads\/2025\/04\/azeite-de-oliva_1743874241593-768x432.jpg 768w, https:\/\/www.em.com.br\/emfoco\/wp-content\/uploads\/2025\/04\/azeite-de-oliva_1743874241593-750x422.jpg 750w, https:\/\/www.em.com.br\/emfoco\/wp-content\/uploads\/2025\/04\/azeite-de-oliva_1743874241593-1140x641.jpg 1140w, https:\/\/www.em.com.br\/emfoco\/wp-content\/uploads\/2025\/04\/azeite-de-oliva_1743874241593.jpg 1280w\" sizes=\"auto, (max-width: 1024px) 100vw, 1024px\" \/><figcaption class=\"wp-element-caption\">Azeite &#8211; Cr\u00e9ditos: depositphotos.com \/ amastoris<\/figcaption><\/figure>\n\n\n\n<h2 class=\"wp-block-heading\">Quais s\u00e3o as propriedades nutricionais do azeite de oliva?<\/h2>\n\n\n\n<p>O azeite de oliva \u00e9 uma fonte rica de <strong>\u00e1cidos graxos monoinsaturados<\/strong>, que s\u00e3o ben\u00e9ficos para a sa\u00fade do cora\u00e7\u00e3o. Al\u00e9m disso, \u00e9 uma excelente fonte de antioxidantes, que ajudam a proteger o corpo contra os danos dos radicais livres. Esses antioxidantes incluem a vitamina E, que \u00e9 importante para a sa\u00fade da pele e dos olhos.<\/p>\n\n\n\n<p>O azeite de oliva tamb\u00e9m <strong>cont\u00e9m pequenas quantidades de vitaminas K e D<\/strong>, que s\u00e3o essenciais para a sa\u00fade \u00f3ssea e a coagula\u00e7\u00e3o sangu\u00ednea. A presen\u00e7a de compostos fen\u00f3licos no azeite de oliva contribui para suas propriedades anti-inflamat\u00f3rias e antioxidantes, tornando-o um aliado na preven\u00e7\u00e3o de doen\u00e7as cr\u00f4nicas.<\/p>\n\n\n\n<h2 class=\"wp-block-heading\">Receita saud\u00e1vel de salada mediterr\u00e2nea com azeite de oliva<\/h2>\n\n\n\n<p>Para aproveitar os benef\u00edcios do azeite de oliva, uma receita simples e saud\u00e1vel \u00e9 a salada mediterr\u00e2nea. Esta salada \u00e9 rica em nutrientes e f\u00e1cil de preparar, perfeita para uma refei\u00e7\u00e3o leve e nutritiva.<\/p>\n\n\n\n<ol class=\"wp-block-list\">\n<li><strong>Ingredientes:<\/strong>\n<ul class=\"wp-block-list\">\n<li>2 x\u00edcaras de folhas de espinafre<\/li>\n\n\n\n<li>1 tomate grande, picado<\/li>\n\n\n\n<li>1 pepino, fatiado<\/li>\n\n\n\n<li>1\/4 de x\u00edcara de azeitonas pretas<\/li>\n\n\n\n<li>1\/4 de x\u00edcara de queijo feta esfarelado<\/li>\n\n\n\n<li>2 colheres de sopa de azeite de oliva extra virgem<\/li>\n\n\n\n<li>1 colher de sopa de suco de lim\u00e3o<\/li>\n\n\n\n<li>Sal e pimenta a gosto<\/li>\n<\/ul>\n<\/li>\n\n\n\n<li><strong>Modo de Preparo:<\/strong>\n<ul class=\"wp-block-list\">\n<li>Em uma tigela grande, misture o espinafre, o tomate, o pepino, as azeitonas e o queijo feta.<\/li>\n\n\n\n<li>Em uma tigela pequena, misture o azeite de oliva, o suco de lim\u00e3o, o sal e a pimenta.<\/li>\n\n\n\n<li>Despeje o molho sobre a salada e misture bem.<\/li>\n\n\n\n<li>Sirva imediatamente e desfrute de uma refei\u00e7\u00e3o saud\u00e1vel e saborosa.<\/li>\n<\/ul>\n<\/li>\n<\/ol>\n\n\n\n<p>O azeite de oliva \u00e9 mais do que um simples ingrediente culin\u00e1rio; \u00e9 um alimento funcional que pode melhorar significativamente a sa\u00fade quando incorporado a uma dieta equilibrada. Seus benef\u00edcios para o cora\u00e7\u00e3o, propriedades anti-inflamat\u00f3rias e antioxidantes fazem dele uma escolha inteligente para aqueles que buscam uma vida mais saud\u00e1vel. Ao utilizar o azeite de oliva em receitas, como a salada mediterr\u00e2nea, \u00e9 poss\u00edvel desfrutar de seus sabores ricos e de suas vantagens nutricionais.<\/p>\n","protected":false},"excerpt":{"rendered":"<p>O azeite de oliva \u00e9 um dos ingredientes mais valorizados na culin\u00e1ria mundial, n\u00e3o apenas por seu sabor distinto, mas tamb\u00e9m por seus in\u00fameros benef\u00edcios \u00e0 sa\u00fade. Extra\u00eddo das azeitonas, este \u00f3leo \u00e9 uma parte fundamental da dieta mediterr\u00e2nea, conhecida por promover a longevidade e reduzir o risco de v\u00e1rias doen\u00e7as cr\u00f4nicas. Rico em \u00e1cidos [&hellip;]<\/p>\n","protected":false},"author":13,"featured_media":35639,"comment_status":"open","ping_status":"open","sticky":false,"template":"","format":"standard","meta":{"jnews-multi-image_gallery":[],"jnews_single_post":{"format":"standard"},"jnews_primary_category":[],"jnews_social_meta":[],"jnews_override_counter":[],"footnotes":""},"categories":[29],"tags":[5107,2576,7191,415],"class_list":["post-35597","post","type-post","status-publish","format-standard","has-post-thumbnail","hentry","category-entretenimento","tag-alimentos-funcionais","tag-azeite-de-oliva","tag-mediterraneo","tag-saude"],"yoast_head":"<!-- This site is optimized with the Yoast SEO plugin v23.8 - https:\/\/yoast.com\/wordpress\/plugins\/seo\/ -->\n<title>O que acontece no seu corpo quando voc\u00ea consome azeite de oliva todos os dias - Estado de Minas - Em foco<\/title>\n<meta name=\"description\" content=\"Saiba agora como o azeite de oliva protege o cora\u00e7\u00e3o, reduz inflama\u00e7\u00f5es e ainda melhora o funcionamento cerebral.\" \/>\n<meta name=\"robots\" content=\"index, follow, max-snippet:-1, max-image-preview:large, max-video-preview:-1\" \/>\n<link rel=\"canonical\" href=\"https:\/\/www.em.com.br\/emfoco\/2025\/04\/13\/o-que-acontece-no-seu-corpo-quando-voce-consome-azeite-de-oliva-todos-os-dias\/\" \/>\n<meta property=\"og:locale\" content=\"pt_BR\" \/>\n<meta property=\"og:type\" content=\"article\" \/>\n<meta property=\"og:title\" content=\"O que acontece no seu corpo quando voc\u00ea consome azeite de oliva todos os dias - Estado de Minas - Em foco\" \/>\n<meta property=\"og:description\" content=\"Saiba agora como o azeite de oliva protege o cora\u00e7\u00e3o, reduz inflama\u00e7\u00f5es e ainda melhora o funcionamento cerebral.\" \/>\n<meta property=\"og:url\" content=\"https:\/\/www.em.com.br\/emfoco\/2025\/04\/13\/o-que-acontece-no-seu-corpo-quando-voce-consome-azeite-de-oliva-todos-os-dias\/\" \/>\n<meta property=\"og:site_name\" content=\"Estado de Minas - Em foco\" \/>\n<meta property=\"article:published_time\" content=\"2025-04-13T18:40:00+00:00\" \/>\n<meta property=\"article:modified_time\" content=\"2025-04-05T17:41:10+00:00\" \/>\n<meta property=\"og:image\" content=\"https:\/\/www.em.com.br\/emfoco\/wp-content\/uploads\/2025\/04\/azeite-de-oliva_1743874209061.jpg\" \/>\n\t<meta property=\"og:image:width\" content=\"1280\" \/>\n\t<meta property=\"og:image:height\" content=\"720\" \/>\n\t<meta property=\"og:image:type\" content=\"image\/jpeg\" \/>\n<meta name=\"author\" content=\"Gabriel Martins\" \/>\n<meta name=\"twitter:card\" content=\"summary_large_image\" \/>\n<meta name=\"twitter:label1\" content=\"Escrito por\" \/>\n\t<meta name=\"twitter:data1\" content=\"Gabriel Martins\" \/>\n\t<meta name=\"twitter:label2\" content=\"Est. tempo de leitura\" \/>\n\t<meta name=\"twitter:data2\" content=\"4 minutos\" \/>\n<!-- \/ Yoast SEO plugin. -->","yoast_head_json":{"title":"O que acontece no seu corpo quando voc\u00ea consome azeite de oliva todos os dias - Estado de Minas - Em foco","description":"Saiba agora como o azeite de oliva protege o cora\u00e7\u00e3o, reduz inflama\u00e7\u00f5es e ainda melhora o funcionamento cerebral.","robots":{"index":"index","follow":"follow","max-snippet":"max-snippet:-1","max-image-preview":"max-image-preview:large","max-video-preview":"max-video-preview:-1"},"canonical":"https:\/\/www.em.com.br\/emfoco\/2025\/04\/13\/o-que-acontece-no-seu-corpo-quando-voce-consome-azeite-de-oliva-todos-os-dias\/","og_locale":"pt_BR","og_type":"article","og_title":"O que acontece no seu corpo quando voc\u00ea consome azeite de oliva todos os dias - Estado de Minas - Em foco","og_description":"Saiba agora como o azeite de oliva protege o cora\u00e7\u00e3o, reduz inflama\u00e7\u00f5es e ainda melhora o funcionamento cerebral.","og_url":"https:\/\/www.em.com.br\/emfoco\/2025\/04\/13\/o-que-acontece-no-seu-corpo-quando-voce-consome-azeite-de-oliva-todos-os-dias\/","og_site_name":"Estado de Minas - Em foco","article_published_time":"2025-04-13T18:40:00+00:00","article_modified_time":"2025-04-05T17:41:10+00:00","og_image":[{"width":1280,"height":720,"url":"https:\/\/www.em.com.br\/emfoco\/wp-content\/uploads\/2025\/04\/azeite-de-oliva_1743874209061.jpg","type":"image\/jpeg"}],"author":"Gabriel Martins","twitter_card":"summary_large_image","twitter_misc":{"Escrito por":"Gabriel Martins","Est. tempo de leitura":"4 minutos"},"schema":{"@context":"https:\/\/schema.org","@graph":[{"@type":"WebPage","@id":"https:\/\/www.em.com.br\/emfoco\/2025\/04\/13\/o-que-acontece-no-seu-corpo-quando-voce-consome-azeite-de-oliva-todos-os-dias\/","url":"https:\/\/www.em.com.br\/emfoco\/2025\/04\/13\/o-que-acontece-no-seu-corpo-quando-voce-consome-azeite-de-oliva-todos-os-dias\/","name":"O que acontece no seu corpo quando voc\u00ea consome azeite de oliva todos os dias - Estado de Minas - Em foco","isPartOf":{"@id":"https:\/\/www.em.com.br\/emfoco\/#website"},"primaryImageOfPage":{"@id":"https:\/\/www.em.com.br\/emfoco\/2025\/04\/13\/o-que-acontece-no-seu-corpo-quando-voce-consome-azeite-de-oliva-todos-os-dias\/#primaryimage"},"image":{"@id":"https:\/\/www.em.com.br\/emfoco\/2025\/04\/13\/o-que-acontece-no-seu-corpo-quando-voce-consome-azeite-de-oliva-todos-os-dias\/#primaryimage"},"thumbnailUrl":"https:\/\/www.em.com.br\/emfoco\/wp-content\/uploads\/2025\/04\/azeite-de-oliva_1743874209061.jpg","datePublished":"2025-04-13T18:40:00+00:00","dateModified":"2025-04-05T17:41:10+00:00","author":{"@id":"https:\/\/www.em.com.br\/emfoco\/#\/schema\/person\/1c9ddeab18b98abeffef834667bcf08a"},"description":"Saiba agora como o azeite de oliva protege o cora\u00e7\u00e3o, reduz inflama\u00e7\u00f5es e ainda melhora o funcionamento cerebral.","breadcrumb":{"@id":"https:\/\/www.em.com.br\/emfoco\/2025\/04\/13\/o-que-acontece-no-seu-corpo-quando-voce-consome-azeite-de-oliva-todos-os-dias\/#breadcrumb"},"inLanguage":"pt-BR","potentialAction":[{"@type":"ReadAction","target":["https:\/\/www.em.com.br\/emfoco\/2025\/04\/13\/o-que-acontece-no-seu-corpo-quando-voce-consome-azeite-de-oliva-todos-os-dias\/"]}]},{"@type":"ImageObject","inLanguage":"pt-BR","@id":"https:\/\/www.em.com.br\/emfoco\/2025\/04\/13\/o-que-acontece-no-seu-corpo-quando-voce-consome-azeite-de-oliva-todos-os-dias\/#primaryimage","url":"https:\/\/www.em.com.br\/emfoco\/wp-content\/uploads\/2025\/04\/azeite-de-oliva_1743874209061.jpg","contentUrl":"https:\/\/www.em.com.br\/emfoco\/wp-content\/uploads\/2025\/04\/azeite-de-oliva_1743874209061.jpg","width":1280,"height":720,"caption":"Azeite - Cr\u00e9ditos: depositphotos.com \/ AntonMatyukha"},{"@type":"BreadcrumbList","@id":"https:\/\/www.em.com.br\/emfoco\/2025\/04\/13\/o-que-acontece-no-seu-corpo-quando-voce-consome-azeite-de-oliva-todos-os-dias\/#breadcrumb","itemListElement":[{"@type":"ListItem","position":1,"name":"In\u00edcio","item":"https:\/\/www.em.com.br\/emfoco\/"},{"@type":"ListItem","position":2,"name":"O que acontece no seu corpo quando voc\u00ea consome azeite de oliva todos os dias"}]},{"@type":"WebSite","@id":"https:\/\/www.em.com.br\/emfoco\/#website","url":"https:\/\/www.em.com.br\/emfoco\/","name":"Estado de Minas - Em foco","description":"Acompanhe as \u00faltimas not\u00edcias e fique bem informado sobre tudo o que acontece em Minas Gerais, Brasil e no mundo.","potentialAction":[{"@type":"SearchAction","target":{"@type":"EntryPoint","urlTemplate":"https:\/\/www.em.com.br\/emfoco\/?s={search_term_string}"},"query-input":{"@type":"PropertyValueSpecification","valueRequired":true,"valueName":"search_term_string"}}],"inLanguage":"pt-BR"},{"@type":"Person","@id":"https:\/\/www.em.com.br\/emfoco\/#\/schema\/person\/1c9ddeab18b98abeffef834667bcf08a","name":"Gabriel Martins","image":{"@type":"ImageObject","inLanguage":"pt-BR","@id":"https:\/\/www.em.com.br\/emfoco\/#\/schema\/person\/image\/","url":"https:\/\/secure.gravatar.com\/avatar\/f0f1e2efdfd88f1ad2cb08c5c2731e50?s=96&d=mm&r=g","contentUrl":"https:\/\/secure.gravatar.com\/avatar\/f0f1e2efdfd88f1ad2cb08c5c2731e50?s=96&d=mm&r=g","caption":"Gabriel Martins"},"sameAs":["https:\/\/www.em.com.br\/emfoco\/"],"url":"https:\/\/www.em.com.br\/emfoco\/author\/gabrielmartinsmyth\/"}]}},"_links":{"self":[{"href":"https:\/\/www.em.com.br\/emfoco\/wp-json\/wp\/v2\/posts\/35597","targetHints":{"allow":["GET"]}}],"collection":[{"href":"https:\/\/www.em.com.br\/emfoco\/wp-json\/wp\/v2\/posts"}],"about":[{"href":"https:\/\/www.em.com.br\/emfoco\/wp-json\/wp\/v2\/types\/post"}],"author":[{"embeddable":true,"href":"https:\/\/www.em.com.br\/emfoco\/wp-json\/wp\/v2\/users\/13"}],"replies":[{"embeddable":true,"href":"https:\/\/www.em.com.br\/emfoco\/wp-json\/wp\/v2\/comments?post=35597"}],"version-history":[{"count":3,"href":"https:\/\/www.em.com.br\/emfoco\/wp-json\/wp\/v2\/posts\/35597\/revisions"}],"predecessor-version":[{"id":35653,"href":"https:\/\/www.em.com.br\/emfoco\/wp-json\/wp\/v2\/posts\/35597\/revisions\/35653"}],"wp:featuredmedia":[{"embeddable":true,"href":"https:\/\/www.em.com.br\/emfoco\/wp-json\/wp\/v2\/media\/35639"}],"wp:attachment":[{"href":"https:\/\/www.em.com.br\/emfoco\/wp-json\/wp\/v2\/media?parent=35597"}],"wp:term":[{"taxonomy":"category","embeddable":true,"href":"https:\/\/www.em.com.br\/emfoco\/wp-json\/wp\/v2\/categories?post=35597"},{"taxonomy":"post_tag","embeddable":true,"href":"https:\/\/www.em.com.br\/emfoco\/wp-json\/wp\/v2\/tags?post=35597"}],"curies":[{"name":"wp","href":"https:\/\/api.w.org\/{rel}","templated":true}]}}