{"id":35590,"date":"2025-04-11T15:40:00","date_gmt":"2025-04-11T18:40:00","guid":{"rendered":"https:\/\/www.em.com.br\/emfoco\/?p=35590"},"modified":"2025-04-05T14:00:04","modified_gmt":"2025-04-05T17:00:04","slug":"voce-sabia-o-cha-de-boldo-pode-transformar-sua-saude-digestiva","status":"publish","type":"post","link":"https:\/\/www.em.com.br\/emfoco\/2025\/04\/11\/voce-sabia-o-cha-de-boldo-pode-transformar-sua-saude-digestiva\/","title":{"rendered":"Voc\u00ea sabia? O ch\u00e1 de boldo pode transformar sua sa\u00fade digestiva!"},"content":{"rendered":"\n<p>O boldo \u00e9 uma planta amplamente conhecida e utilizada na medicina tradicional, especialmente na Am\u00e9rica do Sul. Suas folhas s\u00e3o valorizadas por suas propriedades medicinais, sendo frequentemente utilizadas em ch\u00e1s e infus\u00f5es. O boldo \u00e9 reconhecido por seu sabor amargo caracter\u00edstico e por seus diversos <strong><a href=\"https:\/\/www.em.com.br\/emfoco\/2025\/04\/05\/os-incriveis-beneficios-da-couve-para-a-saude-e-como-aproveita-la\/\" target=\"_blank\" rel=\"noreferrer noopener\">benef\u00edcios \u00e0 sa\u00fade<\/a><\/strong>, que v\u00e3o desde a melhora da digest\u00e3o at\u00e9 o al\u00edvio de problemas hep\u00e1ticos.<\/p>\n\n\n\n<p>Esta planta possui compostos ativos que contribuem para suas propriedades terap\u00eauticas. Entre eles, destacam-se a boldina e os alcaloides, que s\u00e3o respons\u00e1veis por muitos dos efeitos ben\u00e9ficos do boldo. Al\u00e9m disso, o boldo \u00e9 uma fonte rica de <strong><a href=\"https:\/\/www.tuasaude.com\/antioxidante\/\" target=\"_blank\" rel=\"noreferrer noopener\">antioxidantes<\/a><\/strong>, que ajudam a combater os radicais livres no organismo.<\/p>\n\n\n\n<h2 class=\"wp-block-heading\">Quais s\u00e3o os principais benef\u00edcios do boldo?<\/h2>\n\n\n\n<p>O boldo \u00e9 amplamente utilizado para tratar uma variedade de condi\u00e7\u00f5es de sa\u00fade. Entre os principais benef\u00edcios, destacam-se:<\/p>\n\n\n\n<ul class=\"wp-block-list\">\n<li><strong>Melhora da digest\u00e3o:<\/strong> o boldo \u00e9 conhecido por suas propriedades digestivas, ajudando a aliviar sintomas como indigest\u00e3o, n\u00e1useas e flatul\u00eancia.<\/li>\n\n\n\n<li><strong>Sa\u00fade do f\u00edgado:<\/strong> as propriedades hepatoprotetoras do boldo auxiliam na prote\u00e7\u00e3o e no funcionamento saud\u00e1vel do f\u00edgado, sendo \u00fatil no tratamento de problemas hep\u00e1ticos.<\/li>\n\n\n\n<li><strong>A\u00e7\u00e3o antioxidante:<\/strong> os antioxidantes presentes no boldo ajudam a proteger as c\u00e9lulas do corpo contra danos oxidativos, contribuindo para a sa\u00fade geral.<\/li>\n\n\n\n<li><strong>Propriedades anti-inflamat\u00f3rias:<\/strong> o boldo possui compostos que podem ajudar a reduzir a inflama\u00e7\u00e3o no corpo, aliviando dores e desconfortos.<\/li>\n<\/ul>\n\n\n\n<figure class=\"wp-block-image size-large\"><img loading=\"lazy\" decoding=\"async\" width=\"1024\" height=\"577\" src=\"https:\/\/www.em.com.br\/emfoco\/wp-content\/uploads\/2025\/04\/Boldo_1743872221613-1024x577.jpg\" alt=\"Voc\u00ea sabia? O ch\u00e1 de boldo pode transformar sua sa\u00fade digestiva!\" class=\"wp-image-35607\" srcset=\"https:\/\/www.em.com.br\/emfoco\/wp-content\/uploads\/2025\/04\/Boldo_1743872221613-1024x577.jpg 1024w, https:\/\/www.em.com.br\/emfoco\/wp-content\/uploads\/2025\/04\/Boldo_1743872221613-300x169.jpg 300w, https:\/\/www.em.com.br\/emfoco\/wp-content\/uploads\/2025\/04\/Boldo_1743872221613-768x433.jpg 768w, https:\/\/www.em.com.br\/emfoco\/wp-content\/uploads\/2025\/04\/Boldo_1743872221613-750x423.jpg 750w, https:\/\/www.em.com.br\/emfoco\/wp-content\/uploads\/2025\/04\/Boldo_1743872221613-1140x642.jpg 1140w, https:\/\/www.em.com.br\/emfoco\/wp-content\/uploads\/2025\/04\/Boldo_1743872221613.jpg 1278w\" sizes=\"auto, (max-width: 1024px) 100vw, 1024px\" \/><figcaption class=\"wp-element-caption\">Ch\u00e1 de boldo &#8211; Cr\u00e9ditos: depositphotos.com \/ asimojet<\/figcaption><\/figure>\n\n\n\n<h2 class=\"wp-block-heading\">Como preparar um ch\u00e1 de boldo saud\u00e1vel?<\/h2>\n\n\n\n<p>O ch\u00e1 de boldo \u00e9 uma forma popular de aproveitar os benef\u00edcios dessa planta. Aqui est\u00e1 uma receita simples e saud\u00e1vel para preparar o ch\u00e1 de boldo:<\/p>\n\n\n\n<ol class=\"wp-block-list\">\n<li><strong>Ingredientes:<\/strong>\n<ul class=\"wp-block-list\">\n<li>1 colher de sopa de folhas de boldo secas<\/li>\n\n\n\n<li>500 ml de \u00e1gua<\/li>\n<\/ul>\n<\/li>\n\n\n\n<li><strong>Modo de preparo:<\/strong>\n<ul class=\"wp-block-list\">\n<li>Ferva a \u00e1gua em uma panela.<\/li>\n\n\n\n<li>Adicione as folhas de boldo \u00e0 \u00e1gua fervente.<\/li>\n\n\n\n<li>Desligue o fogo e tampe a panela, deixando as folhas em infus\u00e3o por cerca de 10 minutos.<\/li>\n\n\n\n<li>Coe o ch\u00e1 para remover as folhas.<\/li>\n\n\n\n<li>Sirva quente e, se desejar, adicione um pouco de mel para ado\u00e7ar.<\/li>\n<\/ul>\n<\/li>\n<\/ol>\n\n\n\n<h2 class=\"wp-block-heading\">Sobre o uso do boldo<\/h2>\n\n\n\n<p>Embora o boldo ofere\u00e7a diversos benef\u00edcios \u00e0 sa\u00fade, \u00e9 importante utiliz\u00e1-lo com modera\u00e7\u00e3o. O consumo excessivo pode levar a efeitos colaterais indesejados, como irrita\u00e7\u00e3o g\u00e1strica. Al\u00e9m disso, pessoas com condi\u00e7\u00f5es m\u00e9dicas espec\u00edficas ou que estejam gr\u00e1vidas devem consultar um profissional de sa\u00fade antes de incorporar o boldo em sua dieta.<\/p>\n\n\n\n<p>Em resumo, o boldo \u00e9 uma planta vers\u00e1til e ben\u00e9fica, especialmente quando se trata de sa\u00fade digestiva e hep\u00e1tica. Incorporar o ch\u00e1 de boldo na rotina pode ser uma maneira eficaz de aproveitar suas propriedades medicinais, sempre respeitando as orienta\u00e7\u00f5es de consumo seguro.<\/p>\n","protected":false},"excerpt":{"rendered":"<p>O boldo \u00e9 uma planta amplamente conhecida e utilizada na medicina tradicional, especialmente na Am\u00e9rica do Sul. Suas folhas s\u00e3o valorizadas por suas propriedades medicinais, sendo frequentemente utilizadas em ch\u00e1s e infus\u00f5es. O boldo \u00e9 reconhecido por seu sabor amargo caracter\u00edstico e por seus diversos benef\u00edcios \u00e0 sa\u00fade, que v\u00e3o desde a melhora da digest\u00e3o [&hellip;]<\/p>\n","protected":false},"author":13,"featured_media":35606,"comment_status":"open","ping_status":"open","sticky":false,"template":"","format":"standard","meta":{"jnews-multi-image_gallery":[],"jnews_single_post":{"format":"standard"},"jnews_primary_category":[],"jnews_social_meta":[],"jnews_override_counter":[],"footnotes":""},"categories":[29],"tags":[7188,4205,415],"class_list":["post-35590","post","type-post","status-publish","format-standard","has-post-thumbnail","hentry","category-entretenimento","tag-boldo","tag-digestao","tag-saude"],"yoast_head":"<!-- This site is optimized with the Yoast SEO plugin v23.8 - https:\/\/yoast.com\/wordpress\/plugins\/seo\/ -->\n<title>Voc\u00ea sabia? O ch\u00e1 de boldo pode transformar sua sa\u00fade digestiva! - Estado de Minas - Em foco<\/title>\n<meta name=\"description\" content=\"Saiba como o boldo pode combater inflama\u00e7\u00f5es e melhorar o funcionamento do f\u00edgado. Receita pr\u00e1tica e eficaz!\" \/>\n<meta name=\"robots\" content=\"index, follow, max-snippet:-1, max-image-preview:large, max-video-preview:-1\" \/>\n<link rel=\"canonical\" href=\"https:\/\/www.em.com.br\/emfoco\/2025\/04\/11\/voce-sabia-o-cha-de-boldo-pode-transformar-sua-saude-digestiva\/\" \/>\n<meta property=\"og:locale\" content=\"pt_BR\" \/>\n<meta property=\"og:type\" content=\"article\" \/>\n<meta property=\"og:title\" content=\"Voc\u00ea sabia? O ch\u00e1 de boldo pode transformar sua sa\u00fade digestiva! - Estado de Minas - Em foco\" \/>\n<meta property=\"og:description\" content=\"Saiba como o boldo pode combater inflama\u00e7\u00f5es e melhorar o funcionamento do f\u00edgado. Receita pr\u00e1tica e eficaz!\" \/>\n<meta property=\"og:url\" content=\"https:\/\/www.em.com.br\/emfoco\/2025\/04\/11\/voce-sabia-o-cha-de-boldo-pode-transformar-sua-saude-digestiva\/\" \/>\n<meta property=\"og:site_name\" content=\"Estado de Minas - Em foco\" \/>\n<meta property=\"article:published_time\" content=\"2025-04-11T18:40:00+00:00\" \/>\n<meta property=\"article:modified_time\" content=\"2025-04-05T17:00:04+00:00\" \/>\n<meta property=\"og:image\" content=\"https:\/\/www.em.com.br\/emfoco\/wp-content\/uploads\/2025\/04\/Boldo_1743872183236.jpg\" \/>\n\t<meta property=\"og:image:width\" content=\"1280\" \/>\n\t<meta property=\"og:image:height\" content=\"720\" \/>\n\t<meta property=\"og:image:type\" content=\"image\/jpeg\" \/>\n<meta name=\"author\" content=\"Gabriel Martins\" \/>\n<meta name=\"twitter:card\" content=\"summary_large_image\" \/>\n<meta name=\"twitter:label1\" content=\"Escrito por\" \/>\n\t<meta name=\"twitter:data1\" content=\"Gabriel Martins\" \/>\n\t<meta name=\"twitter:label2\" content=\"Est. tempo de leitura\" \/>\n\t<meta name=\"twitter:data2\" content=\"3 minutos\" \/>\n<!-- \/ Yoast SEO plugin. -->","yoast_head_json":{"title":"Voc\u00ea sabia? O ch\u00e1 de boldo pode transformar sua sa\u00fade digestiva! - Estado de Minas - Em foco","description":"Saiba como o boldo pode combater inflama\u00e7\u00f5es e melhorar o funcionamento do f\u00edgado. Receita pr\u00e1tica e eficaz!","robots":{"index":"index","follow":"follow","max-snippet":"max-snippet:-1","max-image-preview":"max-image-preview:large","max-video-preview":"max-video-preview:-1"},"canonical":"https:\/\/www.em.com.br\/emfoco\/2025\/04\/11\/voce-sabia-o-cha-de-boldo-pode-transformar-sua-saude-digestiva\/","og_locale":"pt_BR","og_type":"article","og_title":"Voc\u00ea sabia? O ch\u00e1 de boldo pode transformar sua sa\u00fade digestiva! - Estado de Minas - Em foco","og_description":"Saiba como o boldo pode combater inflama\u00e7\u00f5es e melhorar o funcionamento do f\u00edgado. Receita pr\u00e1tica e eficaz!","og_url":"https:\/\/www.em.com.br\/emfoco\/2025\/04\/11\/voce-sabia-o-cha-de-boldo-pode-transformar-sua-saude-digestiva\/","og_site_name":"Estado de Minas - Em foco","article_published_time":"2025-04-11T18:40:00+00:00","article_modified_time":"2025-04-05T17:00:04+00:00","og_image":[{"width":1280,"height":720,"url":"https:\/\/www.em.com.br\/emfoco\/wp-content\/uploads\/2025\/04\/Boldo_1743872183236.jpg","type":"image\/jpeg"}],"author":"Gabriel Martins","twitter_card":"summary_large_image","twitter_misc":{"Escrito por":"Gabriel Martins","Est. tempo de leitura":"3 minutos"},"schema":{"@context":"https:\/\/schema.org","@graph":[{"@type":"WebPage","@id":"https:\/\/www.em.com.br\/emfoco\/2025\/04\/11\/voce-sabia-o-cha-de-boldo-pode-transformar-sua-saude-digestiva\/","url":"https:\/\/www.em.com.br\/emfoco\/2025\/04\/11\/voce-sabia-o-cha-de-boldo-pode-transformar-sua-saude-digestiva\/","name":"Voc\u00ea sabia? O ch\u00e1 de boldo pode transformar sua sa\u00fade digestiva! - Estado de Minas - Em foco","isPartOf":{"@id":"https:\/\/www.em.com.br\/emfoco\/#website"},"primaryImageOfPage":{"@id":"https:\/\/www.em.com.br\/emfoco\/2025\/04\/11\/voce-sabia-o-cha-de-boldo-pode-transformar-sua-saude-digestiva\/#primaryimage"},"image":{"@id":"https:\/\/www.em.com.br\/emfoco\/2025\/04\/11\/voce-sabia-o-cha-de-boldo-pode-transformar-sua-saude-digestiva\/#primaryimage"},"thumbnailUrl":"https:\/\/www.em.com.br\/emfoco\/wp-content\/uploads\/2025\/04\/Boldo_1743872183236.jpg","datePublished":"2025-04-11T18:40:00+00:00","dateModified":"2025-04-05T17:00:04+00:00","author":{"@id":"https:\/\/www.em.com.br\/emfoco\/#\/schema\/person\/1c9ddeab18b98abeffef834667bcf08a"},"description":"Saiba como o boldo pode combater inflama\u00e7\u00f5es e melhorar o funcionamento do f\u00edgado. Receita pr\u00e1tica e eficaz!","breadcrumb":{"@id":"https:\/\/www.em.com.br\/emfoco\/2025\/04\/11\/voce-sabia-o-cha-de-boldo-pode-transformar-sua-saude-digestiva\/#breadcrumb"},"inLanguage":"pt-BR","potentialAction":[{"@type":"ReadAction","target":["https:\/\/www.em.com.br\/emfoco\/2025\/04\/11\/voce-sabia-o-cha-de-boldo-pode-transformar-sua-saude-digestiva\/"]}]},{"@type":"ImageObject","inLanguage":"pt-BR","@id":"https:\/\/www.em.com.br\/emfoco\/2025\/04\/11\/voce-sabia-o-cha-de-boldo-pode-transformar-sua-saude-digestiva\/#primaryimage","url":"https:\/\/www.em.com.br\/emfoco\/wp-content\/uploads\/2025\/04\/Boldo_1743872183236.jpg","contentUrl":"https:\/\/www.em.com.br\/emfoco\/wp-content\/uploads\/2025\/04\/Boldo_1743872183236.jpg","width":1280,"height":720,"caption":"Ch\u00e1 de boldo - Cr\u00e9ditos: depositphotos.com \/ vbacarin"},{"@type":"BreadcrumbList","@id":"https:\/\/www.em.com.br\/emfoco\/2025\/04\/11\/voce-sabia-o-cha-de-boldo-pode-transformar-sua-saude-digestiva\/#breadcrumb","itemListElement":[{"@type":"ListItem","position":1,"name":"In\u00edcio","item":"https:\/\/www.em.com.br\/emfoco\/"},{"@type":"ListItem","position":2,"name":"Voc\u00ea sabia? O ch\u00e1 de boldo pode transformar sua sa\u00fade digestiva!"}]},{"@type":"WebSite","@id":"https:\/\/www.em.com.br\/emfoco\/#website","url":"https:\/\/www.em.com.br\/emfoco\/","name":"Estado de Minas - Em foco","description":"Acompanhe as \u00faltimas not\u00edcias e fique bem informado sobre tudo o que acontece em Minas Gerais, Brasil e no mundo.","potentialAction":[{"@type":"SearchAction","target":{"@type":"EntryPoint","urlTemplate":"https:\/\/www.em.com.br\/emfoco\/?s={search_term_string}"},"query-input":{"@type":"PropertyValueSpecification","valueRequired":true,"valueName":"search_term_string"}}],"inLanguage":"pt-BR"},{"@type":"Person","@id":"https:\/\/www.em.com.br\/emfoco\/#\/schema\/person\/1c9ddeab18b98abeffef834667bcf08a","name":"Gabriel Martins","image":{"@type":"ImageObject","inLanguage":"pt-BR","@id":"https:\/\/www.em.com.br\/emfoco\/#\/schema\/person\/image\/","url":"https:\/\/secure.gravatar.com\/avatar\/f0f1e2efdfd88f1ad2cb08c5c2731e50?s=96&d=mm&r=g","contentUrl":"https:\/\/secure.gravatar.com\/avatar\/f0f1e2efdfd88f1ad2cb08c5c2731e50?s=96&d=mm&r=g","caption":"Gabriel Martins"},"sameAs":["https:\/\/www.em.com.br\/emfoco\/"],"url":"https:\/\/www.em.com.br\/emfoco\/author\/gabrielmartinsmyth\/"}]}},"_links":{"self":[{"href":"https:\/\/www.em.com.br\/emfoco\/wp-json\/wp\/v2\/posts\/35590","targetHints":{"allow":["GET"]}}],"collection":[{"href":"https:\/\/www.em.com.br\/emfoco\/wp-json\/wp\/v2\/posts"}],"about":[{"href":"https:\/\/www.em.com.br\/emfoco\/wp-json\/wp\/v2\/types\/post"}],"author":[{"embeddable":true,"href":"https:\/\/www.em.com.br\/emfoco\/wp-json\/wp\/v2\/users\/13"}],"replies":[{"embeddable":true,"href":"https:\/\/www.em.com.br\/emfoco\/wp-json\/wp\/v2\/comments?post=35590"}],"version-history":[{"count":2,"href":"https:\/\/www.em.com.br\/emfoco\/wp-json\/wp\/v2\/posts\/35590\/revisions"}],"predecessor-version":[{"id":35612,"href":"https:\/\/www.em.com.br\/emfoco\/wp-json\/wp\/v2\/posts\/35590\/revisions\/35612"}],"wp:featuredmedia":[{"embeddable":true,"href":"https:\/\/www.em.com.br\/emfoco\/wp-json\/wp\/v2\/media\/35606"}],"wp:attachment":[{"href":"https:\/\/www.em.com.br\/emfoco\/wp-json\/wp\/v2\/media?parent=35590"}],"wp:term":[{"taxonomy":"category","embeddable":true,"href":"https:\/\/www.em.com.br\/emfoco\/wp-json\/wp\/v2\/categories?post=35590"},{"taxonomy":"post_tag","embeddable":true,"href":"https:\/\/www.em.com.br\/emfoco\/wp-json\/wp\/v2\/tags?post=35590"}],"curies":[{"name":"wp","href":"https:\/\/api.w.org\/{rel}","templated":true}]}}