{"id":35570,"date":"2025-04-10T11:40:00","date_gmt":"2025-04-10T14:40:00","guid":{"rendered":"https:\/\/www.em.com.br\/emfoco\/?p=35570"},"modified":"2025-04-05T13:34:01","modified_gmt":"2025-04-05T16:34:01","slug":"5-beneficios-da-chia-que-vao-mudar-sua-dieta-para-sempre","status":"publish","type":"post","link":"https:\/\/www.em.com.br\/emfoco\/2025\/04\/10\/5-beneficios-da-chia-que-vao-mudar-sua-dieta-para-sempre\/","title":{"rendered":"5 benef\u00edcios da chia que v\u00e3o mudar sua dieta para sempre"},"content":{"rendered":"\n<p>A chia \u00e9 uma pequena semente origin\u00e1ria da planta <strong>Salvia hispanica<\/strong>, nativa do <strong>M\u00e9xico <\/strong>e da <strong>Guatemala<\/strong>. Conhecida por suas propriedades nutricionais, a chia tem ganhado popularidade como um superalimento devido aos seus in\u00fameros benef\u00edcios para a sa\u00fade. Rica em fibras, prote\u00ednas, \u00e1cidos graxos \u00f4mega-3 e uma variedade de micronutrientes, a chia \u00e9 uma adi\u00e7\u00e3o valiosa \u00e0 dieta de qualquer pessoa que busca melhorar sua <strong><a href=\"https:\/\/www.em.com.br\/emfoco\/2025\/04\/02\/a-importancia-da-autoestima-para-a-saude-mental\/\" target=\"_blank\" rel=\"noreferrer noopener\">sa\u00fade<\/a><\/strong> e bem-estar.<\/p>\n\n\n\n<p>As sementes de chia s\u00e3o vers\u00e1teis e podem ser incorporadas em diversas receitas, desde smoothies at\u00e9 saladas. Al\u00e9m de serem uma excelente fonte de nutrientes, elas s\u00e3o f\u00e1ceis de digerir quando preparadas adequadamente. A seguir, exploraremos os principais benef\u00edcios da chia para a sa\u00fade e como ela pode ser utilizada em uma receita saud\u00e1vel.<\/p>\n\n\n\n<h2 class=\"wp-block-heading\">Quais s\u00e3o os principais benef\u00edcios da chia?<\/h2>\n\n\n\n<p>As sementes de chia oferecem uma ampla gama de benef\u00edcios para a sa\u00fade, gra\u00e7as \u00e0 sua composi\u00e7\u00e3o rica em nutrientes. Aqui est\u00e3o alguns dos principais benef\u00edcios associados ao consumo regular de chia:<\/p>\n\n\n\n<ul class=\"wp-block-list\">\n<li><strong>Rica em Fibras:<\/strong> a chia \u00e9 uma excelente fonte de fibras, o que ajuda a promover a sa\u00fade digestiva e a regular o tr\u00e2nsito intestinal. As fibras tamb\u00e9m s\u00e3o importantes para a sensa\u00e7\u00e3o de saciedade, auxiliando no controle do peso.<\/li>\n\n\n\n<li><strong>Fonte de \u00d4mega-3:<\/strong> as sementes de chia s\u00e3o ricas em \u00e1cidos graxos \u00f4mega-3, que s\u00e3o essenciais para a sa\u00fade do cora\u00e7\u00e3o. Esses \u00e1cidos graxos ajudam a reduzir a inflama\u00e7\u00e3o e podem diminuir o risco de doen\u00e7as cardiovasculares.<\/li>\n\n\n\n<li><strong>Alto Teor de Prote\u00ednas:<\/strong> a chia cont\u00e9m uma quantidade significativa de prote\u00ednas, tornando-se uma excelente op\u00e7\u00e3o para vegetarianos e veganos que buscam fontes vegetais de prote\u00edna.<\/li>\n\n\n\n<li><strong>Rica em Antioxidantes:<\/strong> os antioxidantes presentes na chia ajudam a combater os radicais livres no corpo, protegendo as c\u00e9lulas contra danos e retardando o envelhecimento.<\/li>\n\n\n\n<li><strong>Fonte de Minerais:<\/strong> a chia \u00e9 rica em minerais como c\u00e1lcio, magn\u00e9sio e f\u00f3sforo, que s\u00e3o essenciais para a sa\u00fade \u00f3ssea e diversas fun\u00e7\u00f5es corporais.<\/li>\n<\/ul>\n\n\n\n<figure class=\"wp-block-image size-large\"><img loading=\"lazy\" decoding=\"async\" width=\"1024\" height=\"576\" src=\"https:\/\/www.em.com.br\/emfoco\/wp-content\/uploads\/2025\/04\/chia_1743870789361-1024x576.jpg\" alt=\"5 benef\u00edcios da chia que v\u00e3o mudar sua dieta para sempre\" class=\"wp-image-35575\" srcset=\"https:\/\/www.em.com.br\/emfoco\/wp-content\/uploads\/2025\/04\/chia_1743870789361-1024x576.jpg 1024w, https:\/\/www.em.com.br\/emfoco\/wp-content\/uploads\/2025\/04\/chia_1743870789361-300x169.jpg 300w, https:\/\/www.em.com.br\/emfoco\/wp-content\/uploads\/2025\/04\/chia_1743870789361-768x432.jpg 768w, https:\/\/www.em.com.br\/emfoco\/wp-content\/uploads\/2025\/04\/chia_1743870789361-750x422.jpg 750w, https:\/\/www.em.com.br\/emfoco\/wp-content\/uploads\/2025\/04\/chia_1743870789361-1140x641.jpg 1140w, https:\/\/www.em.com.br\/emfoco\/wp-content\/uploads\/2025\/04\/chia_1743870789361.jpg 1280w\" sizes=\"auto, (max-width: 1024px) 100vw, 1024px\" \/><figcaption class=\"wp-element-caption\">Sementes de chia &#8211; Cr\u00e9ditos: depositphotos.com \/ AntonMatyukha<\/figcaption><\/figure>\n\n\n\n<h2 class=\"wp-block-heading\">Como incorporar a chia na dieta?<\/h2>\n\n\n\n<p>Incorporar chia na dieta \u00e9 simples e pode ser feito de v\u00e1rias maneiras. As sementes podem ser adicionadas a smoothies, iogurtes, saladas e at\u00e9 mesmo usadas como substituto de ovos em receitas veganas. A seguir, apresentamos uma receita saud\u00e1vel que utiliza chia como ingrediente principal.<\/p>\n\n\n\n<h2 class=\"wp-block-heading\">Receita saud\u00e1vel: pudim de chia com frutas<\/h2>\n\n\n\n<p>O pudim de chia \u00e9 uma op\u00e7\u00e3o nutritiva e deliciosa para o caf\u00e9 da manh\u00e3 ou lanche. Veja como prepar\u00e1-lo:<\/p>\n\n\n\n<ol class=\"wp-block-list\">\n<li><strong>Ingredientes:<\/strong>\n<ul class=\"wp-block-list\">\n<li>3 colheres de sopa de sementes de chia<\/li>\n\n\n\n<li>1 x\u00edcara de leite de am\u00eandoas (ou outro leite vegetal de sua prefer\u00eancia)<\/li>\n\n\n\n<li>1 colher de ch\u00e1 de mel ou xarope de agave<\/li>\n\n\n\n<li>1\/2 colher de ch\u00e1 de extrato de baunilha<\/li>\n\n\n\n<li>Frutas frescas para decorar (como morangos, blueberries ou bananas)<\/li>\n<\/ul>\n<\/li>\n\n\n\n<li><strong>Modo de Preparo:<\/strong>\n<ul class=\"wp-block-list\">\n<li>Em uma tigela, misture as sementes de chia com o leite de am\u00eandoas, o mel e o extrato de baunilha.<\/li>\n\n\n\n<li>Misture bem e deixe descansar por cerca de 5 minutos. Mexa novamente para evitar que as sementes se aglomerem.<\/li>\n\n\n\n<li>Cubra a tigela e leve \u00e0 geladeira por pelo menos 2 horas ou durante a noite.<\/li>\n\n\n\n<li>Antes de servir, mexa o pudim novamente e adicione as frutas frescas por cima.<\/li>\n<\/ul>\n<\/li>\n<\/ol>\n\n\n\n<p>O pudim de chia \u00e9 uma maneira deliciosa de come\u00e7ar o dia com energia e nutrientes essenciais. Experimente variar as frutas e adicione nozes ou sementes para um toque extra de sabor e croc\u00e2ncia.<\/p>\n\n\n\n<p>As sementes de chia s\u00e3o um <strong><a href=\"https:\/\/saude.abril.com.br\/alimentacao\/o-que-sao-superalimentos-e-vale-a-pena-investir-neles#:~:text=O%20termo%20%E2%80%9Csuperalimentos%E2%80%9D%20refere%2D,para%20os%20%E2%80%9Calimentos%20funcionais%E2%80%9D.\" target=\"_blank\" rel=\"noreferrer noopener\">superalimento<\/a><\/strong> vers\u00e1til e nutritivo que pode trazer in\u00fameros benef\u00edcios para a sa\u00fade. Incorpor\u00e1-las na dieta di\u00e1ria \u00e9 uma maneira simples de aumentar a ingest\u00e3o de fibras, prote\u00ednas e \u00f4mega-3. Experimente a receita de pudim de chia e descubra como essas pequenas sementes podem fazer uma grande diferen\u00e7a na sua alimenta\u00e7\u00e3o.<\/p>\n","protected":false},"excerpt":{"rendered":"<p>A chia \u00e9 uma pequena semente origin\u00e1ria da planta Salvia hispanica, nativa do M\u00e9xico e da Guatemala. Conhecida por suas propriedades nutricionais, a chia tem ganhado popularidade como um superalimento devido aos seus in\u00fameros benef\u00edcios para a sa\u00fade. Rica em fibras, prote\u00ednas, \u00e1cidos graxos \u00f4mega-3 e uma variedade de micronutrientes, a chia \u00e9 uma adi\u00e7\u00e3o [&hellip;]<\/p>\n","protected":false},"author":13,"featured_media":35574,"comment_status":"open","ping_status":"open","sticky":false,"template":"","format":"standard","meta":{"jnews-multi-image_gallery":[],"jnews_single_post":{"format":"standard"},"jnews_primary_category":[],"jnews_social_meta":[],"jnews_override_counter":[],"footnotes":""},"categories":[29],"tags":[3967,3405,7185],"class_list":["post-35570","post","type-post","status-publish","format-standard","has-post-thumbnail","hentry","category-entretenimento","tag-chia","tag-comidas-saudaveis","tag-cuidados-com-a-saude"],"yoast_head":"<!-- This site is optimized with the Yoast SEO plugin v23.8 - https:\/\/yoast.com\/wordpress\/plugins\/seo\/ -->\n<title>5 benef\u00edcios da chia que v\u00e3o mudar sua dieta para sempre - Estado de Minas - Em foco<\/title>\n<meta name=\"description\" content=\"Conhe\u00e7a os benef\u00edcios incr\u00edveis da chia e aprenda uma receita saud\u00e1vel que vai mudar sua forma de se alimentar!\" \/>\n<meta name=\"robots\" content=\"index, follow, max-snippet:-1, max-image-preview:large, max-video-preview:-1\" \/>\n<link rel=\"canonical\" href=\"https:\/\/www.em.com.br\/emfoco\/2025\/04\/10\/5-beneficios-da-chia-que-vao-mudar-sua-dieta-para-sempre\/\" \/>\n<meta property=\"og:locale\" content=\"pt_BR\" \/>\n<meta property=\"og:type\" content=\"article\" \/>\n<meta property=\"og:title\" content=\"5 benef\u00edcios da chia que v\u00e3o mudar sua dieta para sempre - Estado de Minas - Em foco\" \/>\n<meta property=\"og:description\" content=\"Conhe\u00e7a os benef\u00edcios incr\u00edveis da chia e aprenda uma receita saud\u00e1vel que vai mudar sua forma de se alimentar!\" \/>\n<meta property=\"og:url\" content=\"https:\/\/www.em.com.br\/emfoco\/2025\/04\/10\/5-beneficios-da-chia-que-vao-mudar-sua-dieta-para-sempre\/\" \/>\n<meta property=\"og:site_name\" content=\"Estado de Minas - Em foco\" \/>\n<meta property=\"article:published_time\" content=\"2025-04-10T14:40:00+00:00\" \/>\n<meta property=\"article:modified_time\" content=\"2025-04-05T16:34:01+00:00\" \/>\n<meta property=\"og:image\" content=\"https:\/\/www.em.com.br\/emfoco\/wp-content\/uploads\/2025\/04\/chia_1743870753711.jpg\" \/>\n\t<meta property=\"og:image:width\" content=\"1280\" \/>\n\t<meta property=\"og:image:height\" content=\"720\" \/>\n\t<meta property=\"og:image:type\" content=\"image\/jpeg\" \/>\n<meta name=\"author\" content=\"Gabriel Martins\" \/>\n<meta name=\"twitter:card\" content=\"summary_large_image\" \/>\n<meta name=\"twitter:label1\" content=\"Escrito por\" \/>\n\t<meta name=\"twitter:data1\" content=\"Gabriel Martins\" \/>\n\t<meta name=\"twitter:label2\" content=\"Est. tempo de leitura\" \/>\n\t<meta name=\"twitter:data2\" content=\"4 minutos\" \/>\n<!-- \/ Yoast SEO plugin. -->","yoast_head_json":{"title":"5 benef\u00edcios da chia que v\u00e3o mudar sua dieta para sempre - Estado de Minas - Em foco","description":"Conhe\u00e7a os benef\u00edcios incr\u00edveis da chia e aprenda uma receita saud\u00e1vel que vai mudar sua forma de se alimentar!","robots":{"index":"index","follow":"follow","max-snippet":"max-snippet:-1","max-image-preview":"max-image-preview:large","max-video-preview":"max-video-preview:-1"},"canonical":"https:\/\/www.em.com.br\/emfoco\/2025\/04\/10\/5-beneficios-da-chia-que-vao-mudar-sua-dieta-para-sempre\/","og_locale":"pt_BR","og_type":"article","og_title":"5 benef\u00edcios da chia que v\u00e3o mudar sua dieta para sempre - Estado de Minas - Em foco","og_description":"Conhe\u00e7a os benef\u00edcios incr\u00edveis da chia e aprenda uma receita saud\u00e1vel que vai mudar sua forma de se alimentar!","og_url":"https:\/\/www.em.com.br\/emfoco\/2025\/04\/10\/5-beneficios-da-chia-que-vao-mudar-sua-dieta-para-sempre\/","og_site_name":"Estado de Minas - Em foco","article_published_time":"2025-04-10T14:40:00+00:00","article_modified_time":"2025-04-05T16:34:01+00:00","og_image":[{"width":1280,"height":720,"url":"https:\/\/www.em.com.br\/emfoco\/wp-content\/uploads\/2025\/04\/chia_1743870753711.jpg","type":"image\/jpeg"}],"author":"Gabriel Martins","twitter_card":"summary_large_image","twitter_misc":{"Escrito por":"Gabriel Martins","Est. tempo de leitura":"4 minutos"},"schema":{"@context":"https:\/\/schema.org","@graph":[{"@type":"WebPage","@id":"https:\/\/www.em.com.br\/emfoco\/2025\/04\/10\/5-beneficios-da-chia-que-vao-mudar-sua-dieta-para-sempre\/","url":"https:\/\/www.em.com.br\/emfoco\/2025\/04\/10\/5-beneficios-da-chia-que-vao-mudar-sua-dieta-para-sempre\/","name":"5 benef\u00edcios da chia que v\u00e3o mudar sua dieta para sempre - Estado de Minas - Em foco","isPartOf":{"@id":"https:\/\/www.em.com.br\/emfoco\/#website"},"primaryImageOfPage":{"@id":"https:\/\/www.em.com.br\/emfoco\/2025\/04\/10\/5-beneficios-da-chia-que-vao-mudar-sua-dieta-para-sempre\/#primaryimage"},"image":{"@id":"https:\/\/www.em.com.br\/emfoco\/2025\/04\/10\/5-beneficios-da-chia-que-vao-mudar-sua-dieta-para-sempre\/#primaryimage"},"thumbnailUrl":"https:\/\/www.em.com.br\/emfoco\/wp-content\/uploads\/2025\/04\/chia_1743870753711.jpg","datePublished":"2025-04-10T14:40:00+00:00","dateModified":"2025-04-05T16:34:01+00:00","author":{"@id":"https:\/\/www.em.com.br\/emfoco\/#\/schema\/person\/1c9ddeab18b98abeffef834667bcf08a"},"description":"Conhe\u00e7a os benef\u00edcios incr\u00edveis da chia e aprenda uma receita saud\u00e1vel que vai mudar sua forma de se alimentar!","breadcrumb":{"@id":"https:\/\/www.em.com.br\/emfoco\/2025\/04\/10\/5-beneficios-da-chia-que-vao-mudar-sua-dieta-para-sempre\/#breadcrumb"},"inLanguage":"pt-BR","potentialAction":[{"@type":"ReadAction","target":["https:\/\/www.em.com.br\/emfoco\/2025\/04\/10\/5-beneficios-da-chia-que-vao-mudar-sua-dieta-para-sempre\/"]}]},{"@type":"ImageObject","inLanguage":"pt-BR","@id":"https:\/\/www.em.com.br\/emfoco\/2025\/04\/10\/5-beneficios-da-chia-que-vao-mudar-sua-dieta-para-sempre\/#primaryimage","url":"https:\/\/www.em.com.br\/emfoco\/wp-content\/uploads\/2025\/04\/chia_1743870753711.jpg","contentUrl":"https:\/\/www.em.com.br\/emfoco\/wp-content\/uploads\/2025\/04\/chia_1743870753711.jpg","width":1280,"height":720,"caption":"Fortalece o sistema imunol\u00f3gico ao cuidar da sa\u00fade intestinal - Cr\u00e9ditos: depositphotos.com \/ AntonMatyukha"},{"@type":"BreadcrumbList","@id":"https:\/\/www.em.com.br\/emfoco\/2025\/04\/10\/5-beneficios-da-chia-que-vao-mudar-sua-dieta-para-sempre\/#breadcrumb","itemListElement":[{"@type":"ListItem","position":1,"name":"In\u00edcio","item":"https:\/\/www.em.com.br\/emfoco\/"},{"@type":"ListItem","position":2,"name":"5 benef\u00edcios da chia que v\u00e3o mudar sua dieta para sempre"}]},{"@type":"WebSite","@id":"https:\/\/www.em.com.br\/emfoco\/#website","url":"https:\/\/www.em.com.br\/emfoco\/","name":"Estado de Minas - Em foco","description":"Acompanhe as \u00faltimas not\u00edcias e fique bem informado sobre tudo o que acontece em Minas Gerais, Brasil e no mundo.","potentialAction":[{"@type":"SearchAction","target":{"@type":"EntryPoint","urlTemplate":"https:\/\/www.em.com.br\/emfoco\/?s={search_term_string}"},"query-input":{"@type":"PropertyValueSpecification","valueRequired":true,"valueName":"search_term_string"}}],"inLanguage":"pt-BR"},{"@type":"Person","@id":"https:\/\/www.em.com.br\/emfoco\/#\/schema\/person\/1c9ddeab18b98abeffef834667bcf08a","name":"Gabriel Martins","image":{"@type":"ImageObject","inLanguage":"pt-BR","@id":"https:\/\/www.em.com.br\/emfoco\/#\/schema\/person\/image\/","url":"https:\/\/secure.gravatar.com\/avatar\/f0f1e2efdfd88f1ad2cb08c5c2731e50?s=96&d=mm&r=g","contentUrl":"https:\/\/secure.gravatar.com\/avatar\/f0f1e2efdfd88f1ad2cb08c5c2731e50?s=96&d=mm&r=g","caption":"Gabriel Martins"},"sameAs":["https:\/\/www.em.com.br\/emfoco\/"],"url":"https:\/\/www.em.com.br\/emfoco\/author\/gabrielmartinsmyth\/"}]}},"_links":{"self":[{"href":"https:\/\/www.em.com.br\/emfoco\/wp-json\/wp\/v2\/posts\/35570","targetHints":{"allow":["GET"]}}],"collection":[{"href":"https:\/\/www.em.com.br\/emfoco\/wp-json\/wp\/v2\/posts"}],"about":[{"href":"https:\/\/www.em.com.br\/emfoco\/wp-json\/wp\/v2\/types\/post"}],"author":[{"embeddable":true,"href":"https:\/\/www.em.com.br\/emfoco\/wp-json\/wp\/v2\/users\/13"}],"replies":[{"embeddable":true,"href":"https:\/\/www.em.com.br\/emfoco\/wp-json\/wp\/v2\/comments?post=35570"}],"version-history":[{"count":2,"href":"https:\/\/www.em.com.br\/emfoco\/wp-json\/wp\/v2\/posts\/35570\/revisions"}],"predecessor-version":[{"id":35576,"href":"https:\/\/www.em.com.br\/emfoco\/wp-json\/wp\/v2\/posts\/35570\/revisions\/35576"}],"wp:featuredmedia":[{"embeddable":true,"href":"https:\/\/www.em.com.br\/emfoco\/wp-json\/wp\/v2\/media\/35574"}],"wp:attachment":[{"href":"https:\/\/www.em.com.br\/emfoco\/wp-json\/wp\/v2\/media?parent=35570"}],"wp:term":[{"taxonomy":"category","embeddable":true,"href":"https:\/\/www.em.com.br\/emfoco\/wp-json\/wp\/v2\/categories?post=35570"},{"taxonomy":"post_tag","embeddable":true,"href":"https:\/\/www.em.com.br\/emfoco\/wp-json\/wp\/v2\/tags?post=35570"}],"curies":[{"name":"wp","href":"https:\/\/api.w.org\/{rel}","templated":true}]}}