{"id":35539,"date":"2025-04-06T21:00:31","date_gmt":"2025-04-07T00:00:31","guid":{"rendered":"https:\/\/www.em.com.br\/emfoco\/?p=35539"},"modified":"2025-04-05T12:39:37","modified_gmt":"2025-04-05T15:39:37","slug":"producao-de-colageno-em-queda-saiba-o-que-fazer-agora","status":"publish","type":"post","link":"https:\/\/www.em.com.br\/emfoco\/2025\/04\/06\/producao-de-colageno-em-queda-saiba-o-que-fazer-agora\/","title":{"rendered":"Saiba quais alimentos ajudam seu corpo a produzir mais col\u00e1geno"},"content":{"rendered":"\n<p>O <strong>col\u00e1geno<\/strong> \u00e9 uma prote\u00edna abundante no <strong>corpo humano,<\/strong> essencial para a estrutura e funcionamento de diversos tecidos. Ele atua como um componente estrutural, conferindo resist\u00eancia e elasticidade \u00e0 <strong>pele,<\/strong> al\u00e9m de ser crucial para a <strong>sa\u00fade de ossos, m\u00fasculos<\/strong> e <strong>articula\u00e7\u00f5es.<\/strong> Esta prote\u00edna representa uma parte significativa das prote\u00ednas totais do corpo, desempenhando um papel vital na manuten\u00e7\u00e3o da integridade dos tecidos.<\/p>\n\n\n\n<p>Al\u00e9m de sua fun\u00e7\u00e3o estrutural, o col\u00e1geno \u00e9 importante para a regenera\u00e7\u00e3o celular e a cicatriza\u00e7\u00e3o de feridas. Ele ajuda a manter a<a href=\"https:\/\/www.em.com.br\/emfoco\/2025\/04\/04\/como-fortalecer-a-autoestima-depois-dos-50-anos-confira-os-5-passos-e-comece-hoje\/\" target=\"_blank\" rel=\"noopener\"> pele firme e jovem<\/a>, e sua presen\u00e7a \u00e9 fundamental para a sa\u00fade das <a href=\"https:\/\/brasilescola.uol.com.br\/biologia\/tecido-cartilaginoso.htm\" target=\"_blank\" rel=\"noopener\">cartilagens<\/a>, que protegem as articula\u00e7\u00f5es contra o desgaste.<\/p>\n\n\n\n<h2 class=\"wp-block-heading\">Por que o col\u00e1geno \u00e9 importante para a sa\u00fade?<\/h2>\n\n\n\n<p>O col\u00e1geno \u00e9 essencial n\u00e3o apenas para a est\u00e9tica, mas tamb\u00e9m para a sa\u00fade geral. Ele contribui para a <strong>elasticidade da pele,<\/strong> prevenindo o surgimento de rugas e sinais de envelhecimento. Com o passar dos anos, a produ\u00e7\u00e3o de col\u00e1geno diminui naturalmente, o que pode resultar em altera\u00e7\u00f5es vis\u00edveis na pele e nas articula\u00e7\u00f5es.<\/p>\n\n\n\n<p>Fatores como dieta inadequada e exposi\u00e7\u00e3o a poluentes <strong>podem afetar a produ\u00e7\u00e3o de col\u00e1geno<\/strong>. Uma alimenta\u00e7\u00e3o deficiente em prote\u00ednas pode levar a uma menor s\u00edntese dessa prote\u00edna, resultando em tecidos mais fr\u00e1geis e suscet\u00edveis a danos.<\/p>\n\n\n<div class=\"wp-block-image\">\n<figure class=\"aligncenter size-large\"><img loading=\"lazy\" decoding=\"async\" width=\"1024\" height=\"576\" src=\"https:\/\/www.em.com.br\/emfoco\/wp-content\/uploads\/2025\/04\/colageno_1743866443503-1024x576.jpg\" alt=\"\" class=\"wp-image-35551\" srcset=\"https:\/\/www.em.com.br\/emfoco\/wp-content\/uploads\/2025\/04\/colageno_1743866443503-1024x576.jpg 1024w, https:\/\/www.em.com.br\/emfoco\/wp-content\/uploads\/2025\/04\/colageno_1743866443503-300x169.jpg 300w, https:\/\/www.em.com.br\/emfoco\/wp-content\/uploads\/2025\/04\/colageno_1743866443503-768x432.jpg 768w, https:\/\/www.em.com.br\/emfoco\/wp-content\/uploads\/2025\/04\/colageno_1743866443503-750x422.jpg 750w, https:\/\/www.em.com.br\/emfoco\/wp-content\/uploads\/2025\/04\/colageno_1743866443503-1140x641.jpg 1140w, https:\/\/www.em.com.br\/emfoco\/wp-content\/uploads\/2025\/04\/colageno_1743866443503.jpg 1280w\" sizes=\"auto, (max-width: 1024px) 100vw, 1024px\" \/><figcaption class=\"wp-element-caption\">Pele madura &#8211; Cr\u00e9ditos: depositphotos.com \/ Ischukigor<\/figcaption><\/figure><\/div>\n\n\n<h2 class=\"wp-block-heading\">Como estimular a produ\u00e7\u00e3o de col\u00e1geno?<\/h2>\n\n\n\n<p>Para estimular a produ\u00e7\u00e3o de col\u00e1geno, \u00e9 importante consumir alimentos ricos em prote\u00ednas, como carnes magras, ovos e latic\u00ednios. Suplementos de col\u00e1geno, especialmente na forma hidrolisada, s\u00e3o frequentemente utilizados para complementar a dieta, pois s\u00e3o facilmente absorvidos pelo organismo.<\/p>\n\n\n\n<p>Al\u00e9m disso, a ingest\u00e3o de alimentos ricos em <strong>vitamina<\/strong> <strong>C<\/strong>, como <strong>frutas c\u00edtricas,<\/strong> pode potencializar a absor\u00e7\u00e3o de col\u00e1geno. Pr\u00e1ticas como exerc\u00edcios f\u00edsicos regulares e cuidados com a pele tamb\u00e9m podem ajudar a estimular a produ\u00e7\u00e3o natural de col\u00e1geno.<\/p>\n\n\n\n<h2 class=\"wp-block-heading\">Quando considerar a suplementa\u00e7\u00e3o de col\u00e1geno?<\/h2>\n\n\n\n<p>A suplementa\u00e7\u00e3o de col\u00e1geno pode ser considerada quando houver sinais de defici\u00eancia, como pele mais fina, perda de elasticidade ou dores articulares. Esses sintomas tendem a se intensificar com o envelhecimento, <strong>especialmente ap\u00f3s os 50 anos<\/strong>, quando a produ\u00e7\u00e3o de col\u00e1geno diminui significativamente.<\/p>\n\n\n\n<p>\u00c9 essencial que a suplementa\u00e7\u00e3o seja feita sob orienta\u00e7\u00e3o de um profissional de sa\u00fade, como um m\u00e9dico ou nutricionista, para garantir que as necessidades individuais sejam atendidas de forma adequada. A escolha do suplemento correto pode ajudar a mitigar os efeitos do envelhecimento e promover a sa\u00fade geral dos tecidos.<\/p>\n","protected":false},"excerpt":{"rendered":"<p>O col\u00e1geno \u00e9 uma prote\u00edna abundante no corpo humano, essencial para a estrutura e funcionamento de diversos tecidos. Ele atua como um componente estrutural, conferindo resist\u00eancia e elasticidade \u00e0 pele, al\u00e9m de ser crucial para a sa\u00fade de ossos, m\u00fasculos e articula\u00e7\u00f5es. Esta prote\u00edna representa uma parte significativa das prote\u00ednas totais do corpo, desempenhando um [&hellip;]<\/p>\n","protected":false},"author":9,"featured_media":35549,"comment_status":"open","ping_status":"open","sticky":false,"template":"","format":"standard","meta":{"jnews-multi-image_gallery":[],"jnews_single_post":{"format":"standard"},"jnews_primary_category":[],"jnews_social_meta":[],"jnews_override_counter":[],"footnotes":""},"categories":[29,1],"tags":[7179,5280,988,415],"class_list":["post-35539","post","type-post","status-publish","format-standard","has-post-thumbnail","hentry","category-entretenimento","category-noticias","tag-colageno","tag-estetica","tag-pele","tag-saude"],"yoast_head":"<!-- This site is optimized with the Yoast SEO plugin v23.8 - https:\/\/yoast.com\/wordpress\/plugins\/seo\/ -->\n<title>Saiba quais alimentos ajudam seu corpo a produzir mais col\u00e1geno<\/title>\n<meta name=\"description\" content=\"Saiba por que o col\u00e1geno \u00e9 essencial para a pele, articula\u00e7\u00f5es e ossos, e veja como estimular sua produ\u00e7\u00e3o naturalmente.\" \/>\n<meta name=\"robots\" content=\"index, follow, max-snippet:-1, max-image-preview:large, max-video-preview:-1\" \/>\n<link rel=\"canonical\" href=\"https:\/\/www.em.com.br\/emfoco\/2025\/04\/06\/producao-de-colageno-em-queda-saiba-o-que-fazer-agora\/\" \/>\n<meta property=\"og:locale\" content=\"pt_BR\" \/>\n<meta property=\"og:type\" content=\"article\" \/>\n<meta property=\"og:title\" content=\"Saiba quais alimentos ajudam seu corpo a produzir mais col\u00e1geno\" \/>\n<meta property=\"og:description\" content=\"Saiba por que o col\u00e1geno \u00e9 essencial para a pele, articula\u00e7\u00f5es e ossos, e veja como estimular sua produ\u00e7\u00e3o naturalmente.\" \/>\n<meta property=\"og:url\" content=\"https:\/\/www.em.com.br\/emfoco\/2025\/04\/06\/producao-de-colageno-em-queda-saiba-o-que-fazer-agora\/\" \/>\n<meta property=\"og:site_name\" content=\"Estado de Minas - Em foco\" \/>\n<meta property=\"article:published_time\" content=\"2025-04-07T00:00:31+00:00\" \/>\n<meta property=\"article:modified_time\" content=\"2025-04-05T15:39:37+00:00\" \/>\n<meta property=\"og:image\" content=\"https:\/\/www.em.com.br\/emfoco\/wp-content\/uploads\/2025\/04\/colageno_1743866194407.jpg\" \/>\n\t<meta property=\"og:image:width\" content=\"1280\" \/>\n\t<meta property=\"og:image:height\" content=\"720\" \/>\n\t<meta property=\"og:image:type\" content=\"image\/jpeg\" \/>\n<meta name=\"author\" content=\"Daniely Cardoso\" \/>\n<meta name=\"twitter:card\" content=\"summary_large_image\" \/>\n<meta name=\"twitter:label1\" content=\"Escrito por\" \/>\n\t<meta name=\"twitter:data1\" content=\"Daniely Cardoso\" \/>\n\t<meta name=\"twitter:label2\" content=\"Est. tempo de leitura\" \/>\n\t<meta name=\"twitter:data2\" content=\"3 minutos\" \/>\n<!-- \/ Yoast SEO plugin. -->","yoast_head_json":{"title":"Saiba quais alimentos ajudam seu corpo a produzir mais col\u00e1geno","description":"Saiba por que o col\u00e1geno \u00e9 essencial para a pele, articula\u00e7\u00f5es e ossos, e veja como estimular sua produ\u00e7\u00e3o naturalmente.","robots":{"index":"index","follow":"follow","max-snippet":"max-snippet:-1","max-image-preview":"max-image-preview:large","max-video-preview":"max-video-preview:-1"},"canonical":"https:\/\/www.em.com.br\/emfoco\/2025\/04\/06\/producao-de-colageno-em-queda-saiba-o-que-fazer-agora\/","og_locale":"pt_BR","og_type":"article","og_title":"Saiba quais alimentos ajudam seu corpo a produzir mais col\u00e1geno","og_description":"Saiba por que o col\u00e1geno \u00e9 essencial para a pele, articula\u00e7\u00f5es e ossos, e veja como estimular sua produ\u00e7\u00e3o naturalmente.","og_url":"https:\/\/www.em.com.br\/emfoco\/2025\/04\/06\/producao-de-colageno-em-queda-saiba-o-que-fazer-agora\/","og_site_name":"Estado de Minas - Em foco","article_published_time":"2025-04-07T00:00:31+00:00","article_modified_time":"2025-04-05T15:39:37+00:00","og_image":[{"width":1280,"height":720,"url":"https:\/\/www.em.com.br\/emfoco\/wp-content\/uploads\/2025\/04\/colageno_1743866194407.jpg","type":"image\/jpeg"}],"author":"Daniely Cardoso","twitter_card":"summary_large_image","twitter_misc":{"Escrito por":"Daniely Cardoso","Est. tempo de leitura":"3 minutos"},"schema":{"@context":"https:\/\/schema.org","@graph":[{"@type":"WebPage","@id":"https:\/\/www.em.com.br\/emfoco\/2025\/04\/06\/producao-de-colageno-em-queda-saiba-o-que-fazer-agora\/","url":"https:\/\/www.em.com.br\/emfoco\/2025\/04\/06\/producao-de-colageno-em-queda-saiba-o-que-fazer-agora\/","name":"Saiba quais alimentos ajudam seu corpo a produzir mais col\u00e1geno","isPartOf":{"@id":"https:\/\/www.em.com.br\/emfoco\/#website"},"primaryImageOfPage":{"@id":"https:\/\/www.em.com.br\/emfoco\/2025\/04\/06\/producao-de-colageno-em-queda-saiba-o-que-fazer-agora\/#primaryimage"},"image":{"@id":"https:\/\/www.em.com.br\/emfoco\/2025\/04\/06\/producao-de-colageno-em-queda-saiba-o-que-fazer-agora\/#primaryimage"},"thumbnailUrl":"https:\/\/www.em.com.br\/emfoco\/wp-content\/uploads\/2025\/04\/colageno_1743866194407.jpg","datePublished":"2025-04-07T00:00:31+00:00","dateModified":"2025-04-05T15:39:37+00:00","author":{"@id":"https:\/\/www.em.com.br\/emfoco\/#\/schema\/person\/0a8186d72f2c3a5c6276d90b41f271a0"},"description":"Saiba por que o col\u00e1geno \u00e9 essencial para a pele, articula\u00e7\u00f5es e ossos, e veja como estimular sua produ\u00e7\u00e3o naturalmente.","breadcrumb":{"@id":"https:\/\/www.em.com.br\/emfoco\/2025\/04\/06\/producao-de-colageno-em-queda-saiba-o-que-fazer-agora\/#breadcrumb"},"inLanguage":"pt-BR","potentialAction":[{"@type":"ReadAction","target":["https:\/\/www.em.com.br\/emfoco\/2025\/04\/06\/producao-de-colageno-em-queda-saiba-o-que-fazer-agora\/"]}]},{"@type":"ImageObject","inLanguage":"pt-BR","@id":"https:\/\/www.em.com.br\/emfoco\/2025\/04\/06\/producao-de-colageno-em-queda-saiba-o-que-fazer-agora\/#primaryimage","url":"https:\/\/www.em.com.br\/emfoco\/wp-content\/uploads\/2025\/04\/colageno_1743866194407.jpg","contentUrl":"https:\/\/www.em.com.br\/emfoco\/wp-content\/uploads\/2025\/04\/colageno_1743866194407.jpg","width":1280,"height":720,"caption":"Cuidados com a pele - Cr\u00e9ditos: depositphotos.com \/ AntonLozovoy"},{"@type":"BreadcrumbList","@id":"https:\/\/www.em.com.br\/emfoco\/2025\/04\/06\/producao-de-colageno-em-queda-saiba-o-que-fazer-agora\/#breadcrumb","itemListElement":[{"@type":"ListItem","position":1,"name":"In\u00edcio","item":"https:\/\/www.em.com.br\/emfoco\/"},{"@type":"ListItem","position":2,"name":"Saiba quais alimentos ajudam seu corpo a produzir mais col\u00e1geno"}]},{"@type":"WebSite","@id":"https:\/\/www.em.com.br\/emfoco\/#website","url":"https:\/\/www.em.com.br\/emfoco\/","name":"Estado de Minas - Em foco","description":"Acompanhe as \u00faltimas not\u00edcias e fique bem informado sobre tudo o que acontece em Minas Gerais, Brasil e no mundo.","potentialAction":[{"@type":"SearchAction","target":{"@type":"EntryPoint","urlTemplate":"https:\/\/www.em.com.br\/emfoco\/?s={search_term_string}"},"query-input":{"@type":"PropertyValueSpecification","valueRequired":true,"valueName":"search_term_string"}}],"inLanguage":"pt-BR"},{"@type":"Person","@id":"https:\/\/www.em.com.br\/emfoco\/#\/schema\/person\/0a8186d72f2c3a5c6276d90b41f271a0","name":"Daniely Cardoso","image":{"@type":"ImageObject","inLanguage":"pt-BR","@id":"https:\/\/www.em.com.br\/emfoco\/#\/schema\/person\/image\/","url":"https:\/\/secure.gravatar.com\/avatar\/4b80ddbd124d1f071b626d52d62e5dff?s=96&d=mm&r=g","contentUrl":"https:\/\/secure.gravatar.com\/avatar\/4b80ddbd124d1f071b626d52d62e5dff?s=96&d=mm&r=g","caption":"Daniely Cardoso"},"url":"https:\/\/www.em.com.br\/emfoco\/author\/danielymyth\/"}]}},"_links":{"self":[{"href":"https:\/\/www.em.com.br\/emfoco\/wp-json\/wp\/v2\/posts\/35539","targetHints":{"allow":["GET"]}}],"collection":[{"href":"https:\/\/www.em.com.br\/emfoco\/wp-json\/wp\/v2\/posts"}],"about":[{"href":"https:\/\/www.em.com.br\/emfoco\/wp-json\/wp\/v2\/types\/post"}],"author":[{"embeddable":true,"href":"https:\/\/www.em.com.br\/emfoco\/wp-json\/wp\/v2\/users\/9"}],"replies":[{"embeddable":true,"href":"https:\/\/www.em.com.br\/emfoco\/wp-json\/wp\/v2\/comments?post=35539"}],"version-history":[{"count":3,"href":"https:\/\/www.em.com.br\/emfoco\/wp-json\/wp\/v2\/posts\/35539\/revisions"}],"predecessor-version":[{"id":35558,"href":"https:\/\/www.em.com.br\/emfoco\/wp-json\/wp\/v2\/posts\/35539\/revisions\/35558"}],"wp:featuredmedia":[{"embeddable":true,"href":"https:\/\/www.em.com.br\/emfoco\/wp-json\/wp\/v2\/media\/35549"}],"wp:attachment":[{"href":"https:\/\/www.em.com.br\/emfoco\/wp-json\/wp\/v2\/media?parent=35539"}],"wp:term":[{"taxonomy":"category","embeddable":true,"href":"https:\/\/www.em.com.br\/emfoco\/wp-json\/wp\/v2\/categories?post=35539"},{"taxonomy":"post_tag","embeddable":true,"href":"https:\/\/www.em.com.br\/emfoco\/wp-json\/wp\/v2\/tags?post=35539"}],"curies":[{"name":"wp","href":"https:\/\/api.w.org\/{rel}","templated":true}]}}