{"id":3548,"date":"2024-12-13T15:20:00","date_gmt":"2024-12-13T18:20:00","guid":{"rendered":"https:\/\/www.em.com.br\/emfoco\/?p=3548"},"modified":"2024-12-05T17:47:15","modified_gmt":"2024-12-05T20:47:15","slug":"descubra-uma-das-cidades-que-mais-crescem-em-minas-gerais","status":"publish","type":"post","link":"https:\/\/www.em.com.br\/emfoco\/2024\/12\/13\/descubra-uma-das-cidades-que-mais-crescem-em-minas-gerais\/","title":{"rendered":"Descubra uma das Cidades que Mais Crescem em Minas Gerais!"},"content":{"rendered":"\n<p>Pouso Alegre, localizada no sul de Minas Gerais, \u00e9 um dos munic\u00edpios que mais se destacam em diversos aspectos sociais e econ\u00f4micos no estado. Ocupando a d\u00e9cima segunda posi\u00e7\u00e3o entre os 853 munic\u00edpios de Minas Gerais, a cidade apresenta um <a href=\"https:\/\/www.undp.org\/pt\/brazil\/o-que-e-o-idhm\" target=\"_blank\" rel=\"noreferrer noopener\"><strong>\u00cdndice de Desenvolvimento Humano Municipal<\/strong><\/a> (IDHM) elevado, refletindo uma <strong>alta qualidade de vida<\/strong> para seus habitantes. Com um IDHM de 0,774, Pouso Alegre se classifica como um munic\u00edpio de desenvolvimento humano alto.<\/p>\n\n\n\n<p>Esse desempenho \u00e9 resultado de uma combina\u00e7\u00e3o de <strong>fatores econ\u00f4micos, sociais e geogr\u00e1ficos<\/strong> que favorecem o desenvolvimento local. A cidade se encontra em uma posi\u00e7\u00e3o privilegiada, no entroncamento das principais rodovias que conectam <strong><a href=\"https:\/\/www.em.com.br\/emfoco\/2024\/12\/10\/as-cachoeiras-mais-encantadoras-de-minas-gerais\/\" target=\"_blank\" rel=\"noreferrer noopener\">Minas Gerais<\/a><\/strong> a S\u00e3o Paulo e Rio de Janeiro, facilitando o escoamento e a distribui\u00e7\u00e3o de sua produ\u00e7\u00e3o industrial e agr\u00edcola.<\/p>\n\n\n\n<h2 class=\"wp-block-heading\">Quais fatores contribuem para o alto IDHM de Pouso Alegre?<\/h2>\n\n\n\n<p>O elevado \u00edndice de desenvolvimento humano de Pouso Alegre pode ser atribu\u00eddo a alguns fatores principais. Em primeiro lugar, a cidade possui uma <em>economia diversificada<\/em>, com forte atua\u00e7\u00e3o nos setores industrial, comercial e agropecu\u00e1rio. Essa diversifica\u00e7\u00e3o econ\u00f4mica garante empregos e uma renda per capita satisfat\u00f3ria, que s\u00e3o componentes essenciais na avalia\u00e7\u00e3o do IDHM.<\/p>\n\n\n\n<p>Al\u00e9m disso, o acesso a servi\u00e7os de sa\u00fade e educa\u00e7\u00e3o de qualidade desempenha um papel crucial. Pouso Alegre investe continuamente na melhoria de suas infraestruturas educacionais e de sa\u00fade, assegurando oportunidades igualit\u00e1rias para todos os seus cidad\u00e3os. Esses investimentos s\u00e3o refletidos em indicadores sociais positivos, que colaboram para a posi\u00e7\u00e3o de destaque no ranking da ONU.<\/p>\n\n\n\n<figure class=\"wp-block-image size-large\"><img loading=\"lazy\" decoding=\"async\" width=\"1024\" height=\"576\" src=\"https:\/\/www.em.com.br\/emfoco\/wp-content\/uploads\/2024\/12\/Pouso_Alegre_1-e1733430701676-1024x576.jpg\" alt=\"Muito Al\u00e9m de Uma Cidade, Um Para\u00edso Natural!\" class=\"wp-image-3545\" srcset=\"https:\/\/www.em.com.br\/emfoco\/wp-content\/uploads\/2024\/12\/Pouso_Alegre_1-e1733430701676-1024x576.jpg 1024w, https:\/\/www.em.com.br\/emfoco\/wp-content\/uploads\/2024\/12\/Pouso_Alegre_1-e1733430701676-300x169.jpg 300w, https:\/\/www.em.com.br\/emfoco\/wp-content\/uploads\/2024\/12\/Pouso_Alegre_1-e1733430701676-768x432.jpg 768w, https:\/\/www.em.com.br\/emfoco\/wp-content\/uploads\/2024\/12\/Pouso_Alegre_1-e1733430701676-1536x865.jpg 1536w, https:\/\/www.em.com.br\/emfoco\/wp-content\/uploads\/2024\/12\/Pouso_Alegre_1-e1733430701676-2048x1153.jpg 2048w, https:\/\/www.em.com.br\/emfoco\/wp-content\/uploads\/2024\/12\/Pouso_Alegre_1-e1733430701676-750x422.jpg 750w, https:\/\/www.em.com.br\/emfoco\/wp-content\/uploads\/2024\/12\/Pouso_Alegre_1-e1733430701676-1140x642.jpg 1140w\" sizes=\"auto, (max-width: 1024px) 100vw, 1024px\" \/><figcaption class=\"wp-element-caption\">Pouso Alegre &#8211; Cr\u00e9ditos: Wikimedia Commons<\/figcaption><\/figure>\n\n\n\n<h2 class=\"wp-block-heading\">Quais s\u00e3o os desafios enfrentados por Pouso Alegre?<\/h2>\n\n\n\n<p>Apesar de seu bom desempenho, Pouso Alegre enfrenta desafios comuns a muitas cidades em desenvolvimento. O crescimento populacional constante gera press\u00e3o sobre os servi\u00e7os p\u00fablicos, exigindo planejamento urbano eficaz para garantir que a infraestrutura acompanhe a demanda. A gest\u00e3o adequada dos recursos h\u00eddricos e o controle ambiental s\u00e3o igualmente importantes para sustentar o desenvolvimento humano e econ\u00f4mico.<\/p>\n\n\n\n<p>Outro desafio \u00e9 <strong>manter o equil\u00edbrio entre crescimento econ\u00f4mico e qualidade de vida<\/strong>. Com a expans\u00e3o da ind\u00fastria e do com\u00e9rcio, \u00e9 necess\u00e1rio adotar pol\u00edticas urbanas que promovam a mobilidade, o cuidado com o meio ambiente e a habita\u00e7\u00e3o acess\u00edvel para evitar discrep\u00e2ncias sociais e preservar a qualidade de vida da popula\u00e7\u00e3o.<\/p>\n\n\n\n<h2 class=\"wp-block-heading\">Como Pouso Alegre se compara a outras cidades de Minas Gerais?<\/h2>\n\n\n\n<p>No contexto estadual, Pouso Alegre se destaca n\u00e3o apenas por seu IDHM, mas tamb\u00e9m como um <strong>polo regional importante<\/strong> no sul de Minas Gerais. As suas dimens\u00f5es em termos de popula\u00e7\u00e3o e economia a colocam como o d\u00e9cimo maior munic\u00edpio do estado. Essa posi\u00e7\u00e3o \u00e9 resultante de sua capacidade atrativa, que combina progresso econ\u00f4mico com um ambiente de vida agrad\u00e1vel.<\/p>\n\n\n\n<p>Na lista de desenvolvimento humano de Minas Gerais, Pouso Alegre est\u00e1 \u00e0 frente de v\u00e1rios outros munic\u00edpios, sendo superada apenas por cidades que tradicionalmente concentram uma maior infraestrutura e investimentos em \u00e1reas espec\u00edficas, como educa\u00e7\u00e3o superior e tecnologia. No entanto, a cidade continua a implementar pol\u00edticas que visam melhorar esses aspectos para elevar ainda mais sua posi\u00e7\u00e3o no ranking.<\/p>\n\n\n\n<h2 class=\"wp-block-heading\">Qual a import\u00e2ncia geogr\u00e1fica de Pouso Alegre?<\/h2>\n\n\n\n<p>A localiza\u00e7\u00e3o estrat\u00e9gica de Pouso Alegre contribui significativamente para seu desenvolvimento econ\u00f4mico. Situada pr\u00f3ximo \u00e0 BR 381 (Rodovia Fern\u00e3o Dias) e \u00e0 BR 459, bem como \u00e0s rodovias MG 179 e MG 290, a cidade se beneficia de f\u00e1cil acesso log\u00edstico. Essa conectividade favorece o <strong>escoamento r\u00e1pido da produ\u00e7\u00e3o industrial e agr\u00edcola<\/strong>, al\u00e9m de atrair investimentos e neg\u00f3cios para a regi\u00e3o.<\/p>\n\n\n\n<p>O potencial de crescimento de Pouso Alegre, sustentado por sua import\u00e2ncia geogr\u00e1fica e econ\u00f4mica, continua a contribuir para sua relev\u00e2ncia no contexto regional e estadual, consolidando-a como um dos centros mais din\u00e2micos e desenvolvidos de Minas Gerais.<\/p>\n","protected":false},"excerpt":{"rendered":"<p>Pouso Alegre, localizada no sul de Minas Gerais, \u00e9 um dos munic\u00edpios que mais se destacam em diversos aspectos sociais e econ\u00f4micos no estado. Ocupando a d\u00e9cima segunda posi\u00e7\u00e3o entre os 853 munic\u00edpios de Minas Gerais, a cidade apresenta um \u00cdndice de Desenvolvimento Humano Municipal (IDHM) elevado, refletindo uma alta qualidade de vida para seus [&hellip;]<\/p>\n","protected":false},"author":5,"featured_media":3550,"comment_status":"open","ping_status":"open","sticky":false,"template":"","format":"standard","meta":{"jnews-multi-image_gallery":[],"jnews_single_post":{"format":"standard"},"jnews_primary_category":[],"jnews_social_meta":[],"jnews_override_counter":[],"footnotes":""},"categories":[26,1],"tags":[207,1616,327,157],"class_list":["post-3548","post","type-post","status-publish","format-standard","has-post-thumbnail","hentry","category-cidades","category-noticias","tag-minas-gerais","tag-pouso-alegre","tag-qualidade-de-vida","tag-turismo"],"yoast_head":"<!-- This site is optimized with the Yoast SEO plugin v23.8 - https:\/\/yoast.com\/wordpress\/plugins\/seo\/ -->\n<title>Descubra uma das Cidades que Mais Crescem em Minas Gerais! - Estado de Minas - Em foco<\/title>\n<meta name=\"description\" content=\"Conhe\u00e7a Pouso Alegre, uma cidade que oferece alta qualidade de vida, oportunidades de neg\u00f3cios e um futuro promissor.\" \/>\n<meta name=\"robots\" content=\"index, follow, max-snippet:-1, max-image-preview:large, max-video-preview:-1\" \/>\n<link rel=\"canonical\" href=\"https:\/\/www.em.com.br\/emfoco\/2024\/12\/13\/descubra-uma-das-cidades-que-mais-crescem-em-minas-gerais\/\" \/>\n<meta property=\"og:locale\" content=\"pt_BR\" \/>\n<meta property=\"og:type\" content=\"article\" \/>\n<meta property=\"og:title\" content=\"Descubra uma das Cidades que Mais Crescem em Minas Gerais! - Estado de Minas - Em foco\" \/>\n<meta property=\"og:description\" content=\"Conhe\u00e7a Pouso Alegre, uma cidade que oferece alta qualidade de vida, oportunidades de neg\u00f3cios e um futuro promissor.\" \/>\n<meta property=\"og:url\" content=\"https:\/\/www.em.com.br\/emfoco\/2024\/12\/13\/descubra-uma-das-cidades-que-mais-crescem-em-minas-gerais\/\" \/>\n<meta property=\"og:site_name\" content=\"Estado de Minas - Em foco\" \/>\n<meta property=\"article:published_time\" content=\"2024-12-13T18:20:00+00:00\" \/>\n<meta property=\"article:modified_time\" content=\"2024-12-05T20:47:15+00:00\" \/>\n<meta property=\"og:image\" content=\"https:\/\/www.em.com.br\/emfoco\/wp-content\/uploads\/2024\/12\/indice-de-Desenvolvimento_1733431464014.jpg\" \/>\n\t<meta property=\"og:image:width\" content=\"1280\" \/>\n\t<meta property=\"og:image:height\" content=\"720\" \/>\n\t<meta property=\"og:image:type\" content=\"image\/jpeg\" \/>\n<meta name=\"author\" content=\"N\u00fabia Rangel\" \/>\n<meta name=\"twitter:card\" content=\"summary_large_image\" \/>\n<meta name=\"twitter:label1\" content=\"Escrito por\" \/>\n\t<meta name=\"twitter:data1\" content=\"N\u00fabia Rangel\" \/>\n\t<meta name=\"twitter:label2\" content=\"Est. tempo de leitura\" \/>\n\t<meta name=\"twitter:data2\" content=\"4 minutos\" \/>\n<!-- \/ Yoast SEO plugin. -->","yoast_head_json":{"title":"Descubra uma das Cidades que Mais Crescem em Minas Gerais! - Estado de Minas - Em foco","description":"Conhe\u00e7a Pouso Alegre, uma cidade que oferece alta qualidade de vida, oportunidades de neg\u00f3cios e um futuro promissor.","robots":{"index":"index","follow":"follow","max-snippet":"max-snippet:-1","max-image-preview":"max-image-preview:large","max-video-preview":"max-video-preview:-1"},"canonical":"https:\/\/www.em.com.br\/emfoco\/2024\/12\/13\/descubra-uma-das-cidades-que-mais-crescem-em-minas-gerais\/","og_locale":"pt_BR","og_type":"article","og_title":"Descubra uma das Cidades que Mais Crescem em Minas Gerais! - Estado de Minas - Em foco","og_description":"Conhe\u00e7a Pouso Alegre, uma cidade que oferece alta qualidade de vida, oportunidades de neg\u00f3cios e um futuro promissor.","og_url":"https:\/\/www.em.com.br\/emfoco\/2024\/12\/13\/descubra-uma-das-cidades-que-mais-crescem-em-minas-gerais\/","og_site_name":"Estado de Minas - Em foco","article_published_time":"2024-12-13T18:20:00+00:00","article_modified_time":"2024-12-05T20:47:15+00:00","og_image":[{"width":1280,"height":720,"url":"https:\/\/www.em.com.br\/emfoco\/wp-content\/uploads\/2024\/12\/indice-de-Desenvolvimento_1733431464014.jpg","type":"image\/jpeg"}],"author":"N\u00fabia Rangel","twitter_card":"summary_large_image","twitter_misc":{"Escrito por":"N\u00fabia Rangel","Est. tempo de leitura":"4 minutos"},"schema":{"@context":"https:\/\/schema.org","@graph":[{"@type":"WebPage","@id":"https:\/\/www.em.com.br\/emfoco\/2024\/12\/13\/descubra-uma-das-cidades-que-mais-crescem-em-minas-gerais\/","url":"https:\/\/www.em.com.br\/emfoco\/2024\/12\/13\/descubra-uma-das-cidades-que-mais-crescem-em-minas-gerais\/","name":"Descubra uma das Cidades que Mais Crescem em Minas Gerais! - Estado de Minas - Em foco","isPartOf":{"@id":"https:\/\/www.em.com.br\/emfoco\/#website"},"primaryImageOfPage":{"@id":"https:\/\/www.em.com.br\/emfoco\/2024\/12\/13\/descubra-uma-das-cidades-que-mais-crescem-em-minas-gerais\/#primaryimage"},"image":{"@id":"https:\/\/www.em.com.br\/emfoco\/2024\/12\/13\/descubra-uma-das-cidades-que-mais-crescem-em-minas-gerais\/#primaryimage"},"thumbnailUrl":"https:\/\/www.em.com.br\/emfoco\/wp-content\/uploads\/2024\/12\/indice-de-Desenvolvimento_1733431464014.jpg","datePublished":"2024-12-13T18:20:00+00:00","dateModified":"2024-12-05T20:47:15+00:00","author":{"@id":"https:\/\/www.em.com.br\/emfoco\/#\/schema\/person\/524437ef54f8a5d32591b143307f2e20"},"description":"Conhe\u00e7a Pouso Alegre, uma cidade que oferece alta qualidade de vida, oportunidades de neg\u00f3cios e um futuro promissor.","breadcrumb":{"@id":"https:\/\/www.em.com.br\/emfoco\/2024\/12\/13\/descubra-uma-das-cidades-que-mais-crescem-em-minas-gerais\/#breadcrumb"},"inLanguage":"pt-BR","potentialAction":[{"@type":"ReadAction","target":["https:\/\/www.em.com.br\/emfoco\/2024\/12\/13\/descubra-uma-das-cidades-que-mais-crescem-em-minas-gerais\/"]}]},{"@type":"ImageObject","inLanguage":"pt-BR","@id":"https:\/\/www.em.com.br\/emfoco\/2024\/12\/13\/descubra-uma-das-cidades-que-mais-crescem-em-minas-gerais\/#primaryimage","url":"https:\/\/www.em.com.br\/emfoco\/wp-content\/uploads\/2024\/12\/indice-de-Desenvolvimento_1733431464014.jpg","contentUrl":"https:\/\/www.em.com.br\/emfoco\/wp-content\/uploads\/2024\/12\/indice-de-Desenvolvimento_1733431464014.jpg","width":1280,"height":720,"caption":"Imagem Ilustrativa de \u00cdndice - Cr\u00e9ditos: depositphotos.com \/ aallm"},{"@type":"BreadcrumbList","@id":"https:\/\/www.em.com.br\/emfoco\/2024\/12\/13\/descubra-uma-das-cidades-que-mais-crescem-em-minas-gerais\/#breadcrumb","itemListElement":[{"@type":"ListItem","position":1,"name":"In\u00edcio","item":"https:\/\/www.em.com.br\/emfoco\/"},{"@type":"ListItem","position":2,"name":"Descubra uma das Cidades que Mais Crescem em Minas Gerais!"}]},{"@type":"WebSite","@id":"https:\/\/www.em.com.br\/emfoco\/#website","url":"https:\/\/www.em.com.br\/emfoco\/","name":"Estado de Minas - Em foco","description":"Acompanhe as \u00faltimas not\u00edcias e fique bem informado sobre tudo o que acontece em Minas Gerais, Brasil e no mundo.","potentialAction":[{"@type":"SearchAction","target":{"@type":"EntryPoint","urlTemplate":"https:\/\/www.em.com.br\/emfoco\/?s={search_term_string}"},"query-input":{"@type":"PropertyValueSpecification","valueRequired":true,"valueName":"search_term_string"}}],"inLanguage":"pt-BR"},{"@type":"Person","@id":"https:\/\/www.em.com.br\/emfoco\/#\/schema\/person\/524437ef54f8a5d32591b143307f2e20","name":"N\u00fabia Rangel","image":{"@type":"ImageObject","inLanguage":"pt-BR","@id":"https:\/\/www.em.com.br\/emfoco\/#\/schema\/person\/image\/","url":"https:\/\/secure.gravatar.com\/avatar\/47cff2827a5ba23c37e8068c86817ea4?s=96&d=mm&r=g","contentUrl":"https:\/\/secure.gravatar.com\/avatar\/47cff2827a5ba23c37e8068c86817ea4?s=96&d=mm&r=g","caption":"N\u00fabia Rangel"},"sameAs":["https:\/\/www.em.com.br\/emfoco\/"],"url":"https:\/\/www.em.com.br\/emfoco\/author\/nubiamyth\/"}]}},"_links":{"self":[{"href":"https:\/\/www.em.com.br\/emfoco\/wp-json\/wp\/v2\/posts\/3548","targetHints":{"allow":["GET"]}}],"collection":[{"href":"https:\/\/www.em.com.br\/emfoco\/wp-json\/wp\/v2\/posts"}],"about":[{"href":"https:\/\/www.em.com.br\/emfoco\/wp-json\/wp\/v2\/types\/post"}],"author":[{"embeddable":true,"href":"https:\/\/www.em.com.br\/emfoco\/wp-json\/wp\/v2\/users\/5"}],"replies":[{"embeddable":true,"href":"https:\/\/www.em.com.br\/emfoco\/wp-json\/wp\/v2\/comments?post=3548"}],"version-history":[{"count":2,"href":"https:\/\/www.em.com.br\/emfoco\/wp-json\/wp\/v2\/posts\/3548\/revisions"}],"predecessor-version":[{"id":3551,"href":"https:\/\/www.em.com.br\/emfoco\/wp-json\/wp\/v2\/posts\/3548\/revisions\/3551"}],"wp:featuredmedia":[{"embeddable":true,"href":"https:\/\/www.em.com.br\/emfoco\/wp-json\/wp\/v2\/media\/3550"}],"wp:attachment":[{"href":"https:\/\/www.em.com.br\/emfoco\/wp-json\/wp\/v2\/media?parent=3548"}],"wp:term":[{"taxonomy":"category","embeddable":true,"href":"https:\/\/www.em.com.br\/emfoco\/wp-json\/wp\/v2\/categories?post=3548"},{"taxonomy":"post_tag","embeddable":true,"href":"https:\/\/www.em.com.br\/emfoco\/wp-json\/wp\/v2\/tags?post=3548"}],"curies":[{"name":"wp","href":"https:\/\/api.w.org\/{rel}","templated":true}]}}