{"id":35477,"date":"2025-04-06T06:20:00","date_gmt":"2025-04-06T09:20:00","guid":{"rendered":"https:\/\/www.em.com.br\/emfoco\/?p=35477"},"modified":"2025-04-05T11:34:54","modified_gmt":"2025-04-05T14:34:54","slug":"frente-fria-avanca-e-altera-o-clima-no-sudeste-neste-domingo-06-04-confira","status":"publish","type":"post","link":"https:\/\/www.em.com.br\/emfoco\/2025\/04\/06\/frente-fria-avanca-e-altera-o-clima-no-sudeste-neste-domingo-06-04-confira\/","title":{"rendered":"Frente fria avan\u00e7a e altera o clima no Sudeste neste domingo 06\/04; confira"},"content":{"rendered":"\n<p>No dia 6 de abril de 2025, <a href=\"https:\/\/www.em.com.br\/emfoco\/2025\/03\/17\/curiosidades-que-fazem-de-belo-horizonte-uma-cidade-unica-e-cheia-de-historia\/\" target=\"_blank\" rel=\"noreferrer noopener\"><strong>Belo Horizonte<\/strong> <\/a>deve registrar um clima t\u00edpico de outono, com altern\u00e2ncia entre per\u00edodos de sol e temperaturas amenas. A m\u00ednima prevista \u00e9 de 18\u202f\u00b0C, enquanto a m\u00e1xima pode chegar aos 28\u202f\u00b0C. A capital mineira, conhecida por seu clima equilibrado, deve manter a sensa\u00e7\u00e3o t\u00e9rmica confort\u00e1vel durante todo o dia.<\/p>\n\n\n\n<h2 class=\"wp-block-heading\">Minas Gerais ter\u00e1 varia\u00e7\u00e3o clim\u00e1tica entre regi\u00f5es<\/h2>\n\n\n\n<p>Com sua geografia diversa, <strong>Minas Gerais<\/strong> apresenta diferen\u00e7as significativas entre as regi\u00f5es. No domingo, 6 de abril, o estado deve registrar temperaturas entre 15\u202f\u00b0C e 30\u202f\u00b0C. Regi\u00f5es mais elevadas tendem a amanhecer com neblina e clima mais fresco, enquanto \u00e1reas do <strong>Tri\u00e2ngulo Mineiro<\/strong> e do <strong>Norte de Minas<\/strong> podem ter sol forte e calor ao longo do dia.<\/p>\n\n\n\n<h2 class=\"wp-block-heading\">Regi\u00e3o Sudeste ter\u00e1 instabilidade e calor em algumas \u00e1reas<\/h2>\n\n\n\n<p>Os estados do Sudeste brasileiro \u2014 <strong>Minas Gerais, S\u00e3o Paulo, Rio de Janeiro e Esp\u00edrito Santo<\/strong> \u2014 enfrentar\u00e3o um dia de instabilidade clim\u00e1tica. A previs\u00e3o indica temperaturas entre 16\u202f\u00b0C e 32\u202f\u00b0C. Em algumas localidades, o tempo ser\u00e1 abafado com possibilidade de pancadas de chuva no fim da tarde, especialmente em \u00e1reas urbanas com maior concentra\u00e7\u00e3o de umidade.<\/p>\n\n\n\n<figure class=\"wp-block-image\"><img decoding=\"async\" src=\"https:\/\/www.em.com.br\/emfoco\/wp-content\/uploads\/2025\/03\/previsao-do-tempo_1741719051444-1024x576.jpg\" alt=\"\"\/><figcaption class=\"wp-element-caption\">Clima &#8211; Cr\u00e9ditos: depositphotos.com \/ artisticco<\/figcaption><\/figure>\n\n\n\n<h2 class=\"wp-block-heading\">Mudan\u00e7as clim\u00e1ticas elevam a aten\u00e7\u00e3o com o tempo na regi\u00e3o<\/h2>\n\n\n\n<p>Especialistas alertam que a regi\u00e3o <strong>Sudeste <\/strong>j\u00e1 sente os efeitos das <strong><a href=\"https:\/\/brasil.un.org\/pt-br\/175180-o-que-s%C3%A3o-mudan%C3%A7as-clim%C3%A1ticas\" target=\"_blank\" rel=\"noreferrer noopener\">mudan\u00e7as clim\u00e1ticas<\/a><\/strong>. O aumento da frequ\u00eancia de eventos extremos, como chuvas intensas e longos per\u00edodos de seca, exige medidas de adapta\u00e7\u00e3o, especialmente na agricultura e no abastecimento h\u00eddrico. A instabilidade afeta tamb\u00e9m a sa\u00fade p\u00fablica e a infraestrutura das cidades.<\/p>\n\n\n\n<h2 class=\"wp-block-heading\">Meteorologistas recomendam aten\u00e7\u00e3o \u00e0s atualiza\u00e7\u00f5es di\u00e1rias<\/h2>\n\n\n\n<p>De acordo com o <strong>Inmet <\/strong>e o <strong>Climatempo<\/strong>, o clima nos pr\u00f3ximos dias continuar\u00e1 inst\u00e1vel em boa parte do Sudeste. O alerta \u00e9 para mudan\u00e7as r\u00e1pidas no tempo, especialmente com a chegada de frentes frias. A recomenda\u00e7\u00e3o \u00e9 acompanhar fontes confi\u00e1veis e entender os principais termos meteorol\u00f3gicos para planejar melhor as atividades di\u00e1rias.<\/p>\n","protected":false},"excerpt":{"rendered":"<p>No dia 6 de abril de 2025, Belo Horizonte deve registrar um clima t\u00edpico de outono, com altern\u00e2ncia entre per\u00edodos de sol e temperaturas amenas. A m\u00ednima prevista \u00e9 de 18\u202f\u00b0C, enquanto a m\u00e1xima pode chegar aos 28\u202f\u00b0C. A capital mineira, conhecida por seu clima equilibrado, deve manter a sensa\u00e7\u00e3o t\u00e9rmica confort\u00e1vel durante todo o [&hellip;]<\/p>\n","protected":false},"author":11,"featured_media":35527,"comment_status":"open","ping_status":"open","sticky":false,"template":"","format":"standard","meta":{"jnews-multi-image_gallery":[],"jnews_single_post":{"format":"standard"},"jnews_primary_category":[],"jnews_social_meta":[],"jnews_override_counter":[],"footnotes":""},"categories":[30,1],"tags":[152,4693,1192],"class_list":["post-35477","post","type-post","status-publish","format-standard","has-post-thumbnail","hentry","category-clima","category-noticias","tag-clima","tag-mudanca-climatica","tag-sudeste"],"yoast_head":"<!-- This site is optimized with the Yoast SEO plugin v23.8 - https:\/\/yoast.com\/wordpress\/plugins\/seo\/ -->\n<title>Frente fria avan\u00e7a e altera o clima no Sudeste neste domingo 06\/04; confira - Estado de Minas - Em foco<\/title>\n<meta name=\"description\" content=\"Domingo ser\u00e1 marcado por clima inst\u00e1vel em minas gerais e no sudeste, com varia\u00e7\u00e3o de temperatura e possibilidade de pancadas de chuva.\" \/>\n<meta name=\"robots\" content=\"index, follow, max-snippet:-1, max-image-preview:large, max-video-preview:-1\" \/>\n<link rel=\"canonical\" href=\"https:\/\/www.em.com.br\/emfoco\/2025\/04\/06\/frente-fria-avanca-e-altera-o-clima-no-sudeste-neste-domingo-06-04-confira\/\" \/>\n<meta property=\"og:locale\" content=\"pt_BR\" \/>\n<meta property=\"og:type\" content=\"article\" \/>\n<meta property=\"og:title\" content=\"Frente fria avan\u00e7a e altera o clima no Sudeste neste domingo 06\/04; confira - Estado de Minas - Em foco\" \/>\n<meta property=\"og:description\" content=\"Domingo ser\u00e1 marcado por clima inst\u00e1vel em minas gerais e no sudeste, com varia\u00e7\u00e3o de temperatura e possibilidade de pancadas de chuva.\" \/>\n<meta property=\"og:url\" content=\"https:\/\/www.em.com.br\/emfoco\/2025\/04\/06\/frente-fria-avanca-e-altera-o-clima-no-sudeste-neste-domingo-06-04-confira\/\" \/>\n<meta property=\"og:site_name\" content=\"Estado de Minas - Em foco\" \/>\n<meta property=\"article:published_time\" content=\"2025-04-06T09:20:00+00:00\" \/>\n<meta property=\"article:modified_time\" content=\"2025-04-05T14:34:54+00:00\" \/>\n<meta property=\"og:image\" content=\"https:\/\/www.em.com.br\/emfoco\/wp-content\/uploads\/2025\/04\/baixa-temperatura_1743867108356.jpg\" \/>\n\t<meta property=\"og:image:width\" content=\"1280\" \/>\n\t<meta property=\"og:image:height\" content=\"720\" \/>\n\t<meta property=\"og:image:type\" content=\"image\/jpeg\" \/>\n<meta name=\"author\" content=\"Andre\u0301 Rangel\u00a0\" \/>\n<meta name=\"twitter:card\" content=\"summary_large_image\" \/>\n<meta name=\"twitter:label1\" content=\"Escrito por\" \/>\n\t<meta name=\"twitter:data1\" content=\"Andre\u0301 Rangel\u00a0\" \/>\n\t<meta name=\"twitter:label2\" content=\"Est. tempo de leitura\" \/>\n\t<meta name=\"twitter:data2\" content=\"3 minutos\" \/>\n<!-- \/ Yoast SEO plugin. -->","yoast_head_json":{"title":"Frente fria avan\u00e7a e altera o clima no Sudeste neste domingo 06\/04; confira - Estado de Minas - Em foco","description":"Domingo ser\u00e1 marcado por clima inst\u00e1vel em minas gerais e no sudeste, com varia\u00e7\u00e3o de temperatura e possibilidade de pancadas de chuva.","robots":{"index":"index","follow":"follow","max-snippet":"max-snippet:-1","max-image-preview":"max-image-preview:large","max-video-preview":"max-video-preview:-1"},"canonical":"https:\/\/www.em.com.br\/emfoco\/2025\/04\/06\/frente-fria-avanca-e-altera-o-clima-no-sudeste-neste-domingo-06-04-confira\/","og_locale":"pt_BR","og_type":"article","og_title":"Frente fria avan\u00e7a e altera o clima no Sudeste neste domingo 06\/04; confira - Estado de Minas - Em foco","og_description":"Domingo ser\u00e1 marcado por clima inst\u00e1vel em minas gerais e no sudeste, com varia\u00e7\u00e3o de temperatura e possibilidade de pancadas de chuva.","og_url":"https:\/\/www.em.com.br\/emfoco\/2025\/04\/06\/frente-fria-avanca-e-altera-o-clima-no-sudeste-neste-domingo-06-04-confira\/","og_site_name":"Estado de Minas - Em foco","article_published_time":"2025-04-06T09:20:00+00:00","article_modified_time":"2025-04-05T14:34:54+00:00","og_image":[{"width":1280,"height":720,"url":"https:\/\/www.em.com.br\/emfoco\/wp-content\/uploads\/2025\/04\/baixa-temperatura_1743867108356.jpg","type":"image\/jpeg"}],"author":"Andre\u0301 Rangel\u00a0","twitter_card":"summary_large_image","twitter_misc":{"Escrito por":"Andre\u0301 Rangel\u00a0","Est. tempo de leitura":"3 minutos"},"schema":{"@context":"https:\/\/schema.org","@graph":[{"@type":"WebPage","@id":"https:\/\/www.em.com.br\/emfoco\/2025\/04\/06\/frente-fria-avanca-e-altera-o-clima-no-sudeste-neste-domingo-06-04-confira\/","url":"https:\/\/www.em.com.br\/emfoco\/2025\/04\/06\/frente-fria-avanca-e-altera-o-clima-no-sudeste-neste-domingo-06-04-confira\/","name":"Frente fria avan\u00e7a e altera o clima no Sudeste neste domingo 06\/04; confira - Estado de Minas - Em foco","isPartOf":{"@id":"https:\/\/www.em.com.br\/emfoco\/#website"},"primaryImageOfPage":{"@id":"https:\/\/www.em.com.br\/emfoco\/2025\/04\/06\/frente-fria-avanca-e-altera-o-clima-no-sudeste-neste-domingo-06-04-confira\/#primaryimage"},"image":{"@id":"https:\/\/www.em.com.br\/emfoco\/2025\/04\/06\/frente-fria-avanca-e-altera-o-clima-no-sudeste-neste-domingo-06-04-confira\/#primaryimage"},"thumbnailUrl":"https:\/\/www.em.com.br\/emfoco\/wp-content\/uploads\/2025\/04\/baixa-temperatura_1743867108356.jpg","datePublished":"2025-04-06T09:20:00+00:00","dateModified":"2025-04-05T14:34:54+00:00","author":{"@id":"https:\/\/www.em.com.br\/emfoco\/#\/schema\/person\/60eda09c1fedf0d6891f4cef4b60b8b8"},"description":"Domingo ser\u00e1 marcado por clima inst\u00e1vel em minas gerais e no sudeste, com varia\u00e7\u00e3o de temperatura e possibilidade de pancadas de chuva.","breadcrumb":{"@id":"https:\/\/www.em.com.br\/emfoco\/2025\/04\/06\/frente-fria-avanca-e-altera-o-clima-no-sudeste-neste-domingo-06-04-confira\/#breadcrumb"},"inLanguage":"pt-BR","potentialAction":[{"@type":"ReadAction","target":["https:\/\/www.em.com.br\/emfoco\/2025\/04\/06\/frente-fria-avanca-e-altera-o-clima-no-sudeste-neste-domingo-06-04-confira\/"]}]},{"@type":"ImageObject","inLanguage":"pt-BR","@id":"https:\/\/www.em.com.br\/emfoco\/2025\/04\/06\/frente-fria-avanca-e-altera-o-clima-no-sudeste-neste-domingo-06-04-confira\/#primaryimage","url":"https:\/\/www.em.com.br\/emfoco\/wp-content\/uploads\/2025\/04\/baixa-temperatura_1743867108356.jpg","contentUrl":"https:\/\/www.em.com.br\/emfoco\/wp-content\/uploads\/2025\/04\/baixa-temperatura_1743867108356.jpg","width":1280,"height":720,"caption":"Clima frio - Cr\u00e9ditos: depositphotos.com \/ xniF"},{"@type":"BreadcrumbList","@id":"https:\/\/www.em.com.br\/emfoco\/2025\/04\/06\/frente-fria-avanca-e-altera-o-clima-no-sudeste-neste-domingo-06-04-confira\/#breadcrumb","itemListElement":[{"@type":"ListItem","position":1,"name":"In\u00edcio","item":"https:\/\/www.em.com.br\/emfoco\/"},{"@type":"ListItem","position":2,"name":"Frente fria avan\u00e7a e altera o clima no Sudeste neste domingo 06\/04; confira"}]},{"@type":"WebSite","@id":"https:\/\/www.em.com.br\/emfoco\/#website","url":"https:\/\/www.em.com.br\/emfoco\/","name":"Estado de Minas - Em foco","description":"Acompanhe as \u00faltimas not\u00edcias e fique bem informado sobre tudo o que acontece em Minas Gerais, Brasil e no mundo.","potentialAction":[{"@type":"SearchAction","target":{"@type":"EntryPoint","urlTemplate":"https:\/\/www.em.com.br\/emfoco\/?s={search_term_string}"},"query-input":{"@type":"PropertyValueSpecification","valueRequired":true,"valueName":"search_term_string"}}],"inLanguage":"pt-BR"},{"@type":"Person","@id":"https:\/\/www.em.com.br\/emfoco\/#\/schema\/person\/60eda09c1fedf0d6891f4cef4b60b8b8","name":"Andre\u0301 Rangel\u00a0","image":{"@type":"ImageObject","inLanguage":"pt-BR","@id":"https:\/\/www.em.com.br\/emfoco\/#\/schema\/person\/image\/","url":"https:\/\/secure.gravatar.com\/avatar\/6234dc814c77c8ef6d8bba622c787efc?s=96&d=mm&r=g","contentUrl":"https:\/\/secure.gravatar.com\/avatar\/6234dc814c77c8ef6d8bba622c787efc?s=96&d=mm&r=g","caption":"Andre\u0301 Rangel\u00a0"},"url":"https:\/\/www.em.com.br\/emfoco\/author\/luizmyth\/"}]}},"_links":{"self":[{"href":"https:\/\/www.em.com.br\/emfoco\/wp-json\/wp\/v2\/posts\/35477","targetHints":{"allow":["GET"]}}],"collection":[{"href":"https:\/\/www.em.com.br\/emfoco\/wp-json\/wp\/v2\/posts"}],"about":[{"href":"https:\/\/www.em.com.br\/emfoco\/wp-json\/wp\/v2\/types\/post"}],"author":[{"embeddable":true,"href":"https:\/\/www.em.com.br\/emfoco\/wp-json\/wp\/v2\/users\/11"}],"replies":[{"embeddable":true,"href":"https:\/\/www.em.com.br\/emfoco\/wp-json\/wp\/v2\/comments?post=35477"}],"version-history":[{"count":3,"href":"https:\/\/www.em.com.br\/emfoco\/wp-json\/wp\/v2\/posts\/35477\/revisions"}],"predecessor-version":[{"id":35531,"href":"https:\/\/www.em.com.br\/emfoco\/wp-json\/wp\/v2\/posts\/35477\/revisions\/35531"}],"wp:featuredmedia":[{"embeddable":true,"href":"https:\/\/www.em.com.br\/emfoco\/wp-json\/wp\/v2\/media\/35527"}],"wp:attachment":[{"href":"https:\/\/www.em.com.br\/emfoco\/wp-json\/wp\/v2\/media?parent=35477"}],"wp:term":[{"taxonomy":"category","embeddable":true,"href":"https:\/\/www.em.com.br\/emfoco\/wp-json\/wp\/v2\/categories?post=35477"},{"taxonomy":"post_tag","embeddable":true,"href":"https:\/\/www.em.com.br\/emfoco\/wp-json\/wp\/v2\/tags?post=35477"}],"curies":[{"name":"wp","href":"https:\/\/api.w.org\/{rel}","templated":true}]}}