{"id":35292,"date":"2025-04-08T18:40:00","date_gmt":"2025-04-08T21:40:00","guid":{"rendered":"https:\/\/www.em.com.br\/emfoco\/?p=35292"},"modified":"2025-04-05T17:39:33","modified_gmt":"2025-04-05T20:39:33","slug":"voce-come-isso-todo-dia-e-nem-imagina-o-mal-que-faz-a-sua-saude","status":"publish","type":"post","link":"https:\/\/www.em.com.br\/emfoco\/2025\/04\/08\/voce-come-isso-todo-dia-e-nem-imagina-o-mal-que-faz-a-sua-saude\/","title":{"rendered":"Voc\u00ea come isso todo dia e nem imagina o mal que faz \u00e0 sua sa\u00fade"},"content":{"rendered":"\n<p>Nos \u00faltimos anos, a discuss\u00e3o sobre os alimentos ultraprocessados e seus efeitos na sa\u00fade tem ganhado destaque. Esses produtos, amplamente dispon\u00edveis nas prateleiras dos supermercados, s\u00e3o frequentemente criticados por sua composi\u00e7\u00e3o rica em aditivos qu\u00edmicos e pobre em nutrientes naturais. A crescente popularidade desses alimentos levanta preocupa\u00e7\u00f5es sobre suas implica\u00e7\u00f5es para a sa\u00fade p\u00fablica.<\/p>\n\n\n\n<p>Os ultraprocessados s\u00e3o conhecidos por sua praticidade e sabor atrativo, mas a realidade \u00e9 que eles podem conter ingredientes que simulam o sabor de alimentos naturais sem oferecer os mesmos benef\u00edcios nutricionais. Isso levanta quest\u00f5es sobre o impacto desses produtos na dieta di\u00e1ria e no bem-estar geral das pessoas.<\/p>\n\n\n\n<h2 class=\"wp-block-heading\">O que s\u00e3o alimentos ultraprocessados?<\/h2>\n\n\n\n<p>Alimentos ultraprocessados s\u00e3o produtos industriais que passam por v\u00e1rias etapas de processamento e cont\u00eam ingredientes que n\u00e3o s\u00e3o comumente utilizados em prepara\u00e7\u00f5es caseiras. Esses ingredientes incluem aditivos como conservantes, corantes, aromatizantes e emulsificantes, que s\u00e3o usados para melhorar a apar\u00eancia, o sabor e a textura dos alimentos.<\/p>\n\n\n\n<p>Esses produtos s\u00e3o frequentemente comercializados como op\u00e7\u00f5es convenientes e saborosas, mas a realidade \u00e9 que eles podem ter um impacto negativo na sa\u00fade. Estudos indicam que o consumo excessivo de ultraprocessados est\u00e1 associado a um aumento no risco de doen\u00e7as cr\u00f4nicas, como obesidade, diabetes tipo 2 e doen\u00e7as cardiovasculares.<\/p>\n\n\n\n<figure class=\"wp-block-image size-large\"><img loading=\"lazy\" decoding=\"async\" width=\"1024\" height=\"576\" src=\"https:\/\/www.em.com.br\/emfoco\/wp-content\/uploads\/2025\/04\/Alimentos-processados_1743790970805-1024x576.jpg\" alt=\"\" class=\"wp-image-35301\" srcset=\"https:\/\/www.em.com.br\/emfoco\/wp-content\/uploads\/2025\/04\/Alimentos-processados_1743790970805-1024x576.jpg 1024w, https:\/\/www.em.com.br\/emfoco\/wp-content\/uploads\/2025\/04\/Alimentos-processados_1743790970805-300x169.jpg 300w, https:\/\/www.em.com.br\/emfoco\/wp-content\/uploads\/2025\/04\/Alimentos-processados_1743790970805-768x432.jpg 768w, https:\/\/www.em.com.br\/emfoco\/wp-content\/uploads\/2025\/04\/Alimentos-processados_1743790970805-750x422.jpg 750w, https:\/\/www.em.com.br\/emfoco\/wp-content\/uploads\/2025\/04\/Alimentos-processados_1743790970805-1140x641.jpg 1140w, https:\/\/www.em.com.br\/emfoco\/wp-content\/uploads\/2025\/04\/Alimentos-processados_1743790970805.jpg 1280w\" sizes=\"auto, (max-width: 1024px) 100vw, 1024px\" \/><figcaption class=\"wp-element-caption\">Alimentos &#8211; Cr\u00e9ditos: depositphotos.com \/ Rawpixel<\/figcaption><\/figure>\n\n\n\n<h2 class=\"wp-block-heading\">Quais s\u00e3o os riscos associados ao consumo de ultraprocessados?<\/h2>\n\n\n\n<p>O consumo regular de alimentos ultraprocessados pode levar a uma s\u00e9rie de problemas de sa\u00fade. Entre os principais riscos est\u00e3o o aumento da ingest\u00e3o de a\u00e7\u00facares, gorduras saturadas e s\u00f3dio, que s\u00e3o frequentemente encontrados em quantidades elevadas nesses produtos. Al\u00e9m disso, a presen\u00e7a de aditivos qu\u00edmicos pode ter efeitos adversos no organismo a longo prazo.<\/p>\n\n\n\n<p>Outro ponto de preocupa\u00e7\u00e3o \u00e9 a substitui\u00e7\u00e3o de alimentos naturais e nutritivos por op\u00e7\u00f5es ultraprocessadas. Isso pode resultar em uma dieta desequilibrada, com defici\u00eancia de vitaminas, minerais e fibras essenciais para o bom funcionamento do corpo. A falta desses nutrientes pode comprometer o sistema imunol\u00f3gico e aumentar a suscetibilidade a doen\u00e7as.<\/p>\n\n\n\n<h2 class=\"wp-block-heading\">Como identificar e evitar alimentos ultraprocessados?<\/h2>\n\n\n\n<p>Identificar e evitar alimentos ultraprocessados \u00e9 um passo importante para uma alimenta\u00e7\u00e3o mais saud\u00e1vel. Aqui est\u00e1 uma lista de dicas para te ajudar:<\/p>\n\n\n\n<h3 class=\"wp-block-heading\"><strong>Como Identificar Alimentos Ultraprocessados:<\/strong><\/h3>\n\n\n\n<p><strong>Lista de Ingredientes Longa e Desconhecida:<\/strong> Produtos com muitos ingredientes, especialmente aqueles que voc\u00ea n\u00e3o reconhece ou n\u00e3o usaria na sua cozinha (corantes, aromatizantes, emulsificantes, espessantes, etc.), s\u00e3o fortes candidatos a ultraprocessados.<\/p>\n\n\n\n<ul class=\"wp-block-list\">\n<li><strong>Nomes Estranhos e Qu\u00edmicos:<\/strong> Procure por ingredientes como xarope de frutose, \u00f3leo vegetal hidrogenado, prote\u00edna isolada de soja, maltodextrina, glutamato monoss\u00f3dico (MSG), corante caramelo IV, entre outros aditivos com nomes complexos.<\/li>\n\n\n\n<li><strong>Poucos ou Nenhum Alimento Integral:<\/strong> A lista de ingredientes pode n\u00e3o conter alimentos integrais ou conter apenas em pequenas quantidades, geralmente aparecendo no final da lista (o que indica menor propor\u00e7\u00e3o).<\/li>\n\n\n\n<li><strong>Alto Teor de A\u00e7\u00facar, Sal e Gorduras N\u00e3o Saud\u00e1veis:<\/strong> Verifique a tabela nutricional. Ultraprocessados frequentemente s\u00e3o ricos em a\u00e7\u00facares adicionados (sacarose, xarope de milho, etc.), s\u00f3dio e gorduras saturadas ou trans.<\/li>\n\n\n\n<li><strong>Baixo Teor de Fibras e Nutrientes:<\/strong> Apesar de poderem ser &#8220;enriquecidos&#8221; artificialmente, geralmente possuem baixo teor de fibras, vitaminas e minerais em compara\u00e7\u00e3o com alimentos in natura ou minimamente processados.<\/li>\n\n\n\n<li><strong>Embalagens Atraentes e Marketing Intenso:<\/strong> S\u00e3o produtos frequentemente promovidos com embalagens coloridas, apelos \u00e0 praticidade extrema e campanhas de marketing direcionadas.<\/li>\n\n\n\n<li><strong>Longa Validade:<\/strong> A adi\u00e7\u00e3o de conservantes e outros aditivos permite que esses produtos tenham uma vida \u00fatil muito longa.<\/li>\n\n\n\n<li><strong>&#8220;Imita\u00e7\u00f5es&#8221; de Alimentos:<\/strong> Produtos que imitam alimentos integrais, como queijos processados, nuggets de &#8220;frango&#8221; reconstitu\u00eddo, margarinas (em vez de manteiga), s\u00e3o geralmente ultraprocessados.<\/li>\n\n\n\n<li><strong>Preparo Instant\u00e2neo:<\/strong> Alimentos que exigem apenas aquecimento r\u00e1pido ou adi\u00e7\u00e3o de \u00e1gua para consumo imediato (macarr\u00e3o instant\u00e2neo, sopas em p\u00f3, refei\u00e7\u00f5es congeladas prontas) s\u00e3o, em sua maioria, ultraprocessados.<br><\/li>\n<\/ul>\n\n\n\n<h3 class=\"wp-block-heading\"><strong style=\"font-size: revert;\">Como Evitar Alimentos Ultraprocessados:<\/strong><\/h3>\n\n\n\n<ul class=\"wp-block-list\">\n<li><strong>Priorize Alimentos In Natura ou Minimamente Processados:<\/strong> A base da sua alimenta\u00e7\u00e3o deve ser frutas, verduras, legumes, gr\u00e3os integrais, carnes, ovos, leite e derivados integrais, oleaginosas e sementes.<\/li>\n\n\n\n<li><strong>Cozinhe Mais em Casa:<\/strong> Preparar suas pr\u00f3prias refei\u00e7\u00f5es permite controlar os ingredientes e evitar aditivos e excesso de a\u00e7\u00facar, sal e gordura.<\/li>\n\n\n\n<li><strong>Leia Atentamente os R\u00f3tulos:<\/strong> Antes de comprar qualquer produto embalado, dedique tempo para ler a lista de ingredientes e a tabela nutricional.<\/li>\n\n\n\n<li><strong>Desconfie de Produtos com Muitos Ingredientes:<\/strong> Uma lista curta de ingredientes geralmente indica um produto menos processado.<\/li>\n\n\n\n<li><strong>Evite Produtos com Nomes Estranhos:<\/strong> Se voc\u00ea n\u00e3o reconhece a maioria dos ingredientes, provavelmente \u00e9 um ultraprocessado.<\/li>\n\n\n\n<li><strong>Modere o Consumo de Produtos Industrializados:<\/strong> Mesmo que n\u00e3o sejam totalmente ultraprocessados, muitos produtos industrializados cont\u00eam aditivos.<\/li>\n\n\n\n<li><strong>Planeje suas Compras:<\/strong> Fa\u00e7a uma lista de compras focada em alimentos frescos e minimamente processados.<\/li>\n\n\n\n<li><strong>Leve Lanches Saud\u00e1veis:<\/strong> Tenha sempre \u00e0 m\u00e3o frutas, castanhas, iogurte natural para evitar a tenta\u00e7\u00e3o de consumir ultraprocessados entre as refei\u00e7\u00f5es.<\/li>\n\n\n\n<li><strong>Explore Feiras e Mercados Locais:<\/strong> Esses locais geralmente oferecem uma variedade maior de alimentos frescos e menos processados.<\/li>\n\n\n\n<li><strong>Seja Cr\u00edtico com o Marketing:<\/strong> N\u00e3o se deixe levar por embalagens atraentes ou alega\u00e7\u00f5es de sa\u00fade duvidosas. Foque nos ingredientes reais do produto.<\/li>\n\n\n\n<li><strong>Aprenda a Fazer Vers\u00f5es Caseiras:<\/strong> Experimente preparar em casa vers\u00f5es mais saud\u00e1veis de alimentos que voc\u00ea gosta, como p\u00e3es, bolos, biscoitos e molhos.<\/li>\n\n\n\n<li><strong>Aumente Gradualmente o Consumo de Alimentos Naturais:<\/strong> A transi\u00e7\u00e3o para uma alimenta\u00e7\u00e3o menos processada pode ser gradual. Comece fazendo pequenas mudan\u00e7as e observe os benef\u00edcios para a sua sa\u00fade.<\/li>\n<\/ul>\n\n\n\n<h2 class=\"wp-block-heading\">Quais s\u00e3o as alternativas aos alimentos ultraprocessados?<\/h2>\n\n\n\n<p>Existem v\u00e1rias alternativas aos alimentos ultraprocessados que podem ser incorporadas \u00e0 dieta para melhorar a sa\u00fade e o bem-estar. Substituir refrigerantes e sucos artificiais por \u00e1gua ou sucos naturais \u00e9 um bom come\u00e7o. Da mesma forma, optar por lanches como frutas frescas, nozes e iogurtes naturais em vez de salgadinhos e biscoitos industrializados pode fazer uma diferen\u00e7a significativa.<\/p>\n\n\n\n<p>Al\u00e9m disso, preparar refei\u00e7\u00f5es em casa com ingredientes frescos permite um maior controle sobre o que \u00e9 consumido. Isso n\u00e3o s\u00f3 melhora a qualidade nutricional das refei\u00e7\u00f5es, mas tamb\u00e9m pode ser uma experi\u00eancia agrad\u00e1vel e educativa. Incentivar o consumo de alimentos locais e sazonais tamb\u00e9m pode contribuir para uma dieta mais equilibrada e sustent\u00e1vel.<\/p>\n\n\n\n<p>Em resumo, enquanto os alimentos ultraprocessados oferecem conveni\u00eancia, \u00e9 importante estar ciente dos riscos associados ao seu consumo. Optar por alternativas mais saud\u00e1veis e naturais pode promover uma melhor sa\u00fade e qualidade de vida a longo prazo.<\/p>\n","protected":false},"excerpt":{"rendered":"<p>Nos \u00faltimos anos, a discuss\u00e3o sobre os alimentos ultraprocessados e seus efeitos na sa\u00fade tem ganhado destaque. Esses produtos, amplamente dispon\u00edveis nas prateleiras dos supermercados, s\u00e3o frequentemente criticados por sua composi\u00e7\u00e3o rica em aditivos qu\u00edmicos e pobre em nutrientes naturais. A crescente popularidade desses alimentos levanta preocupa\u00e7\u00f5es sobre suas implica\u00e7\u00f5es para a sa\u00fade p\u00fablica. Os [&hellip;]<\/p>\n","protected":false},"author":5,"featured_media":35300,"comment_status":"open","ping_status":"open","sticky":false,"template":"","format":"standard","meta":{"jnews-multi-image_gallery":[],"jnews_single_post":{"format":"standard"},"jnews_primary_category":[],"jnews_social_meta":[],"jnews_override_counter":[],"footnotes":""},"categories":[29,1],"tags":[7159,2856,3509,2026],"class_list":["post-35292","post","type-post","status-publish","format-standard","has-post-thumbnail","hentry","category-entretenimento","category-noticias","tag-alimentos-processados","tag-comida","tag-nutricao","tag-saude-publica"],"yoast_head":"<!-- This site is optimized with the Yoast SEO plugin v23.8 - https:\/\/yoast.com\/wordpress\/plugins\/seo\/ -->\n<title>Voc\u00ea come isso todo dia e nem imagina o mal que faz \u00e0 sua sa\u00fade - Estado de Minas - Em foco<\/title>\n<meta name=\"description\" content=\"Saiba como identificar alimentos ultraprocessados no mercado e veja dicas para evit\u00e1-los e proteger sua sa\u00fade a longo prazo.\" \/>\n<meta name=\"robots\" content=\"index, follow, max-snippet:-1, max-image-preview:large, max-video-preview:-1\" \/>\n<link rel=\"canonical\" href=\"https:\/\/www.em.com.br\/emfoco\/2025\/04\/08\/voce-come-isso-todo-dia-e-nem-imagina-o-mal-que-faz-a-sua-saude\/\" \/>\n<meta property=\"og:locale\" content=\"pt_BR\" \/>\n<meta property=\"og:type\" content=\"article\" \/>\n<meta property=\"og:title\" content=\"Voc\u00ea come isso todo dia e nem imagina o mal que faz \u00e0 sua sa\u00fade - Estado de Minas - Em foco\" \/>\n<meta property=\"og:description\" content=\"Saiba como identificar alimentos ultraprocessados no mercado e veja dicas para evit\u00e1-los e proteger sua sa\u00fade a longo prazo.\" \/>\n<meta property=\"og:url\" content=\"https:\/\/www.em.com.br\/emfoco\/2025\/04\/08\/voce-come-isso-todo-dia-e-nem-imagina-o-mal-que-faz-a-sua-saude\/\" \/>\n<meta property=\"og:site_name\" content=\"Estado de Minas - Em foco\" \/>\n<meta property=\"article:published_time\" content=\"2025-04-08T21:40:00+00:00\" \/>\n<meta property=\"article:modified_time\" content=\"2025-04-05T20:39:33+00:00\" \/>\n<meta property=\"og:image\" content=\"https:\/\/www.em.com.br\/emfoco\/wp-content\/uploads\/2025\/04\/Alimentos-processados_1743790933482.jpg\" \/>\n\t<meta property=\"og:image:width\" content=\"1279\" \/>\n\t<meta property=\"og:image:height\" content=\"720\" \/>\n\t<meta property=\"og:image:type\" content=\"image\/jpeg\" \/>\n<meta name=\"author\" content=\"N\u00fabia Rangel\" \/>\n<meta name=\"twitter:card\" content=\"summary_large_image\" \/>\n<meta name=\"twitter:label1\" content=\"Escrito por\" \/>\n\t<meta name=\"twitter:data1\" content=\"N\u00fabia Rangel\" \/>\n\t<meta name=\"twitter:label2\" content=\"Est. tempo de leitura\" \/>\n\t<meta name=\"twitter:data2\" content=\"7 minutos\" \/>\n<!-- \/ Yoast SEO plugin. -->","yoast_head_json":{"title":"Voc\u00ea come isso todo dia e nem imagina o mal que faz \u00e0 sua sa\u00fade - Estado de Minas - Em foco","description":"Saiba como identificar alimentos ultraprocessados no mercado e veja dicas para evit\u00e1-los e proteger sua sa\u00fade a longo prazo.","robots":{"index":"index","follow":"follow","max-snippet":"max-snippet:-1","max-image-preview":"max-image-preview:large","max-video-preview":"max-video-preview:-1"},"canonical":"https:\/\/www.em.com.br\/emfoco\/2025\/04\/08\/voce-come-isso-todo-dia-e-nem-imagina-o-mal-que-faz-a-sua-saude\/","og_locale":"pt_BR","og_type":"article","og_title":"Voc\u00ea come isso todo dia e nem imagina o mal que faz \u00e0 sua sa\u00fade - Estado de Minas - Em foco","og_description":"Saiba como identificar alimentos ultraprocessados no mercado e veja dicas para evit\u00e1-los e proteger sua sa\u00fade a longo prazo.","og_url":"https:\/\/www.em.com.br\/emfoco\/2025\/04\/08\/voce-come-isso-todo-dia-e-nem-imagina-o-mal-que-faz-a-sua-saude\/","og_site_name":"Estado de Minas - Em foco","article_published_time":"2025-04-08T21:40:00+00:00","article_modified_time":"2025-04-05T20:39:33+00:00","og_image":[{"width":1279,"height":720,"url":"https:\/\/www.em.com.br\/emfoco\/wp-content\/uploads\/2025\/04\/Alimentos-processados_1743790933482.jpg","type":"image\/jpeg"}],"author":"N\u00fabia Rangel","twitter_card":"summary_large_image","twitter_misc":{"Escrito por":"N\u00fabia Rangel","Est. tempo de leitura":"7 minutos"},"schema":{"@context":"https:\/\/schema.org","@graph":[{"@type":"WebPage","@id":"https:\/\/www.em.com.br\/emfoco\/2025\/04\/08\/voce-come-isso-todo-dia-e-nem-imagina-o-mal-que-faz-a-sua-saude\/","url":"https:\/\/www.em.com.br\/emfoco\/2025\/04\/08\/voce-come-isso-todo-dia-e-nem-imagina-o-mal-que-faz-a-sua-saude\/","name":"Voc\u00ea come isso todo dia e nem imagina o mal que faz \u00e0 sua sa\u00fade - Estado de Minas - Em foco","isPartOf":{"@id":"https:\/\/www.em.com.br\/emfoco\/#website"},"primaryImageOfPage":{"@id":"https:\/\/www.em.com.br\/emfoco\/2025\/04\/08\/voce-come-isso-todo-dia-e-nem-imagina-o-mal-que-faz-a-sua-saude\/#primaryimage"},"image":{"@id":"https:\/\/www.em.com.br\/emfoco\/2025\/04\/08\/voce-come-isso-todo-dia-e-nem-imagina-o-mal-que-faz-a-sua-saude\/#primaryimage"},"thumbnailUrl":"https:\/\/www.em.com.br\/emfoco\/wp-content\/uploads\/2025\/04\/Alimentos-processados_1743790933482.jpg","datePublished":"2025-04-08T21:40:00+00:00","dateModified":"2025-04-05T20:39:33+00:00","author":{"@id":"https:\/\/www.em.com.br\/emfoco\/#\/schema\/person\/524437ef54f8a5d32591b143307f2e20"},"description":"Saiba como identificar alimentos ultraprocessados no mercado e veja dicas para evit\u00e1-los e proteger sua sa\u00fade a longo prazo.","breadcrumb":{"@id":"https:\/\/www.em.com.br\/emfoco\/2025\/04\/08\/voce-come-isso-todo-dia-e-nem-imagina-o-mal-que-faz-a-sua-saude\/#breadcrumb"},"inLanguage":"pt-BR","potentialAction":[{"@type":"ReadAction","target":["https:\/\/www.em.com.br\/emfoco\/2025\/04\/08\/voce-come-isso-todo-dia-e-nem-imagina-o-mal-que-faz-a-sua-saude\/"]}]},{"@type":"ImageObject","inLanguage":"pt-BR","@id":"https:\/\/www.em.com.br\/emfoco\/2025\/04\/08\/voce-come-isso-todo-dia-e-nem-imagina-o-mal-que-faz-a-sua-saude\/#primaryimage","url":"https:\/\/www.em.com.br\/emfoco\/wp-content\/uploads\/2025\/04\/Alimentos-processados_1743790933482.jpg","contentUrl":"https:\/\/www.em.com.br\/emfoco\/wp-content\/uploads\/2025\/04\/Alimentos-processados_1743790933482.jpg","width":1279,"height":720,"caption":"Alimentos - Cr\u00e9ditos: depositphotos.com \/ Rawpixel"},{"@type":"BreadcrumbList","@id":"https:\/\/www.em.com.br\/emfoco\/2025\/04\/08\/voce-come-isso-todo-dia-e-nem-imagina-o-mal-que-faz-a-sua-saude\/#breadcrumb","itemListElement":[{"@type":"ListItem","position":1,"name":"In\u00edcio","item":"https:\/\/www.em.com.br\/emfoco\/"},{"@type":"ListItem","position":2,"name":"Voc\u00ea come isso todo dia e nem imagina o mal que faz \u00e0 sua sa\u00fade"}]},{"@type":"WebSite","@id":"https:\/\/www.em.com.br\/emfoco\/#website","url":"https:\/\/www.em.com.br\/emfoco\/","name":"Estado de Minas - Em foco","description":"Acompanhe as \u00faltimas not\u00edcias e fique bem informado sobre tudo o que acontece em Minas Gerais, Brasil e no mundo.","potentialAction":[{"@type":"SearchAction","target":{"@type":"EntryPoint","urlTemplate":"https:\/\/www.em.com.br\/emfoco\/?s={search_term_string}"},"query-input":{"@type":"PropertyValueSpecification","valueRequired":true,"valueName":"search_term_string"}}],"inLanguage":"pt-BR"},{"@type":"Person","@id":"https:\/\/www.em.com.br\/emfoco\/#\/schema\/person\/524437ef54f8a5d32591b143307f2e20","name":"N\u00fabia Rangel","image":{"@type":"ImageObject","inLanguage":"pt-BR","@id":"https:\/\/www.em.com.br\/emfoco\/#\/schema\/person\/image\/","url":"https:\/\/secure.gravatar.com\/avatar\/47cff2827a5ba23c37e8068c86817ea4?s=96&d=mm&r=g","contentUrl":"https:\/\/secure.gravatar.com\/avatar\/47cff2827a5ba23c37e8068c86817ea4?s=96&d=mm&r=g","caption":"N\u00fabia Rangel"},"sameAs":["https:\/\/www.em.com.br\/emfoco\/"],"url":"https:\/\/www.em.com.br\/emfoco\/author\/nubiamyth\/"}]}},"_links":{"self":[{"href":"https:\/\/www.em.com.br\/emfoco\/wp-json\/wp\/v2\/posts\/35292","targetHints":{"allow":["GET"]}}],"collection":[{"href":"https:\/\/www.em.com.br\/emfoco\/wp-json\/wp\/v2\/posts"}],"about":[{"href":"https:\/\/www.em.com.br\/emfoco\/wp-json\/wp\/v2\/types\/post"}],"author":[{"embeddable":true,"href":"https:\/\/www.em.com.br\/emfoco\/wp-json\/wp\/v2\/users\/5"}],"replies":[{"embeddable":true,"href":"https:\/\/www.em.com.br\/emfoco\/wp-json\/wp\/v2\/comments?post=35292"}],"version-history":[{"count":3,"href":"https:\/\/www.em.com.br\/emfoco\/wp-json\/wp\/v2\/posts\/35292\/revisions"}],"predecessor-version":[{"id":35305,"href":"https:\/\/www.em.com.br\/emfoco\/wp-json\/wp\/v2\/posts\/35292\/revisions\/35305"}],"wp:featuredmedia":[{"embeddable":true,"href":"https:\/\/www.em.com.br\/emfoco\/wp-json\/wp\/v2\/media\/35300"}],"wp:attachment":[{"href":"https:\/\/www.em.com.br\/emfoco\/wp-json\/wp\/v2\/media?parent=35292"}],"wp:term":[{"taxonomy":"category","embeddable":true,"href":"https:\/\/www.em.com.br\/emfoco\/wp-json\/wp\/v2\/categories?post=35292"},{"taxonomy":"post_tag","embeddable":true,"href":"https:\/\/www.em.com.br\/emfoco\/wp-json\/wp\/v2\/tags?post=35292"}],"curies":[{"name":"wp","href":"https:\/\/api.w.org\/{rel}","templated":true}]}}