{"id":35083,"date":"2025-04-06T06:00:00","date_gmt":"2025-04-06T09:00:00","guid":{"rendered":"https:\/\/www.em.com.br\/emfoco\/?p=35083"},"modified":"2025-04-04T15:23:58","modified_gmt":"2025-04-04T18:23:58","slug":"cuidados-faciais-na-gravidez-o-que-usar-e-evitar","status":"publish","type":"post","link":"https:\/\/www.em.com.br\/emfoco\/2025\/04\/06\/cuidados-faciais-na-gravidez-o-que-usar-e-evitar\/","title":{"rendered":"Cuidados faciais na gravidez, o que usar e evitar"},"content":{"rendered":"\n<p>Durante a gesta\u00e7\u00e3o, o corpo da mulher passa por diversas transforma\u00e7\u00f5es, e a pele n\u00e3o fica de fora dessas mudan\u00e7as. Cuidar da pele durante esse per\u00edodo \u00e9 essencial, n\u00e3o apenas por quest\u00f5es est\u00e9ticas, mas tamb\u00e9m para garantir o bem-estar da gestante. Com as altera\u00e7\u00f5es hormonais, \u00e9 comum que a pele se torne mais oleosa, apare\u00e7am manchas ou ocorra ressecamento.<\/p>\n\n\n\n<p>Essas mudan\u00e7as hormonais podem ser desafiadoras, mas com os cuidados adequados, \u00e9 poss\u00edvel manter a pele saud\u00e1vel e radiante. \u00c9 importante saber quais produtos s\u00e3o seguros para uso durante a gravidez e quais devem ser evitados para proteger tanto a m\u00e3e quanto o beb\u00ea.<\/p>\n\n\n\n<h2 class=\"wp-block-heading\">Produtos seguros durante a gesta\u00e7\u00e3o<\/h2>\n\n\n\n<p>Manter a pele hidratada \u00e9 fundamental durante a gesta\u00e7\u00e3o. Hidratantes que cont\u00eam \u00e1cido hialur\u00f4nico, glicerina, aloe vera e ceramidas s\u00e3o altamente recomendados. Esses ingredientes ajudam a manter a pele macia e hidratada sem oferecer riscos \u00e0 sa\u00fade do beb\u00ea. Produtos como o hidratante facial da marca Cetaphil s\u00e3o exemplos seguros e eficazes.<\/p>\n\n\n\n<p>O uso de protetor solar \u00e9 indispens\u00e1vel para prevenir manchas e proteger a pele dos raios UV. Durante a <a href=\"https:\/\/www.cnnbrasil.com.br\/entretenimento\/gravida-dani-calabresa-mostra-novo-ensaio-da-gestacao-confira\/\" target=\"_blank\" rel=\"noreferrer noopener\">gravidez<\/a>, \u00e9 prefer\u00edvel optar por protetores solares com filtros f\u00edsicos, como \u00f3xido de zinco e di\u00f3xido de tit\u00e2nio, que s\u00e3o considerados mais seguros. Marcas como La Roche-Posay oferecem op\u00e7\u00f5es adequadas para gestantes.<\/p>\n\n\n\n<h2 class=\"wp-block-heading\">Limpeza facial suave e s\u00e9runs anti-idade<\/h2>\n\n\n\n<p>Para a limpeza facial, \u00e9 aconselh\u00e1vel usar produtos suaves que n\u00e3o irritem a pele sens\u00edvel das gestantes. Limpadores \u00e0 base de \u00e1gua, como o da Neutrogena Hydro Boost, s\u00e3o uma boa escolha. Eles limpam sem ressecar a pele, mantendo o equil\u00edbrio natural.<\/p>\n\n\n\n<p>Quando se trata de combater os sinais de envelhecimento, s\u00e9runs com antioxidantes como vitamina C e E s\u00e3o seguros e eficazes. Esses ingredientes ajudam a proteger a pele dos danos ambientais e a manter uma apar\u00eancia jovem. Produtos como o s\u00e9rum da The Ordinary com vitamina C s\u00e3o recomendados.<\/p>\n\n\n\n<h2 class=\"wp-block-heading\"> Produtos proibidos durante a gesta\u00e7\u00e3o<\/h2>\n\n\n\n<figure class=\"wp-block-image size-large\"><img loading=\"lazy\" decoding=\"async\" width=\"1024\" height=\"576\" src=\"https:\/\/www.em.com.br\/emfoco\/wp-content\/uploads\/2025\/04\/gestante-rosto_1743778721721-1024x576.jpg\" alt=\"\" class=\"wp-image-35128\" srcset=\"https:\/\/www.em.com.br\/emfoco\/wp-content\/uploads\/2025\/04\/gestante-rosto_1743778721721-1024x576.jpg 1024w, https:\/\/www.em.com.br\/emfoco\/wp-content\/uploads\/2025\/04\/gestante-rosto_1743778721721-300x169.jpg 300w, https:\/\/www.em.com.br\/emfoco\/wp-content\/uploads\/2025\/04\/gestante-rosto_1743778721721-768x432.jpg 768w, https:\/\/www.em.com.br\/emfoco\/wp-content\/uploads\/2025\/04\/gestante-rosto_1743778721721-750x422.jpg 750w, https:\/\/www.em.com.br\/emfoco\/wp-content\/uploads\/2025\/04\/gestante-rosto_1743778721721-1140x641.jpg 1140w, https:\/\/www.em.com.br\/emfoco\/wp-content\/uploads\/2025\/04\/gestante-rosto_1743778721721.jpg 1280w\" sizes=\"auto, (max-width: 1024px) 100vw, 1024px\" \/><figcaption class=\"wp-element-caption\">Mulher gr\u00e1vida aplicando creme-Cr\u00e9ditos: depositphotos.com \/ serezniy<\/figcaption><\/figure>\n\n\n\n<p>Alguns ingredientes comuns em produtos de cuidados faciais devem ser evitados durante a gesta\u00e7\u00e3o. \u00c1cidos esfoliastes como o \u00e1cido salic\u00edlico e glic\u00f3lico podem ser prejudiciais. Em vez disso, opte por esfoliastes suaves \u00e0 base de enzimas naturais.<\/p>\n\n\n\n<p>O retinol e retinoides s\u00e3o conhecidos por seus efeitos anti-idade, mas devem ser evitados devido aos riscos potenciais para o feto. Alternativas como o bakuchiol, um ingrediente natural com propriedades semelhantes, s\u00e3o mais seguros.<\/p>\n\n\n\n<h2 class=\"wp-block-heading\">Hidroquinona, fragr\u00e2ncias e filtros qu\u00edmicos<\/h2>\n\n\n\n<p>A hidroquinona, usada para clarear manchas, deve ser evitada, pois pode ser absorvida pela pele em grandes quantidades. Alternativas como a vitamina C e a niacinamida s\u00e3o mais seguras para o clareamento durante a gesta\u00e7\u00e3o.<\/p>\n\n\n\n<p>Produtos com fragr\u00e2ncias artificiais e parab\u00e9ns tamb\u00e9m devem ser evitados. Opte por produtos naturais e hipoalerg\u00eanicos para minimizar o risco de irrita\u00e7\u00f5es. Al\u00e9m disso, evite filtros qu\u00edmicos em protetores solares, como oxybenzone e avobenzona, que podem ser prejudiciais. Prefira sempre filtros f\u00edsicos.<\/p>\n\n\n\n<h2 class=\"wp-block-heading\">Dicas extras para cuidados faciais durante a gesta\u00e7\u00e3o<\/h2>\n\n\n\n<p>Evitar a exposi\u00e7\u00e3o excessiva ao sol \u00e9 crucial para prevenir manchas e outros danos \u00e0 pele. Usar chap\u00e9us e roupas protetoras pode ajudar a proteger a pele. Al\u00e9m disso, manter-se hidratada bebendo bastante \u00e1gua \u00e9 essencial para a <a href=\"https:\/\/www.em.com.br\/emfoco\/2025\/04\/02\/cuidados-essenciais-para-enfrentar-a-menopausa-com-saude-e-bem-estar\/\" target=\"_blank\" rel=\"noreferrer noopener\">sa\u00fade <\/a>da pele.<\/p>\n\n\n\n<p>Monitorar as mudan\u00e7as hormonais e adaptar os cuidados com a pele conforme necess\u00e1rio pode fazer uma grande diferen\u00e7a. Consultar um dermatologista \u00e9 sempre uma boa ideia para obter recomenda\u00e7\u00f5es personalizadas e seguras durante a gesta\u00e7\u00e3o.<\/p>\n\n\n\n<p>Para mais informa\u00e7\u00f5es sobre cuidados com a pele durante a gesta\u00e7\u00e3o e sa\u00fade em geral, continue explorando recursos confi\u00e1veis e consulte profissionais de sa\u00fade.<\/p>\n","protected":false},"excerpt":{"rendered":"<p>Durante a gesta\u00e7\u00e3o, o corpo da mulher passa por diversas transforma\u00e7\u00f5es, e a pele n\u00e3o fica de fora dessas mudan\u00e7as. Cuidar da pele durante esse per\u00edodo \u00e9 essencial, n\u00e3o apenas por quest\u00f5es est\u00e9ticas, mas tamb\u00e9m para garantir o bem-estar da gestante. Com as altera\u00e7\u00f5es hormonais, \u00e9 comum que a pele se torne mais oleosa, apare\u00e7am [&hellip;]<\/p>\n","protected":false},"author":12,"featured_media":35125,"comment_status":"open","ping_status":"open","sticky":false,"template":"","format":"standard","meta":{"jnews-multi-image_gallery":[],"jnews_single_post":{"format":"standard"},"jnews_primary_category":[],"jnews_social_meta":[],"jnews_override_counter":[],"footnotes":""},"categories":[29],"tags":[7153,7152,4720,6770],"class_list":["post-35083","post","type-post","status-publish","format-standard","has-post-thumbnail","hentry","category-entretenimento","tag-cuidados-faciais","tag-gestacao","tag-produtos","tag-rotina-de-skincare"],"yoast_head":"<!-- This site is optimized with the Yoast SEO plugin v23.8 - https:\/\/yoast.com\/wordpress\/plugins\/seo\/ -->\n<title>Cuidados faciais na gravidez, o que usar e evitar - Estado de Minas - Em foco<\/title>\n<meta name=\"description\" content=\"Gesta\u00e7\u00e3o e cuidados com a pele veja o que pode ou n\u00e3o usar para garantir hidrata\u00e7\u00e3o, prote\u00e7\u00e3o e bem-estar nesse per\u00edodo.\" \/>\n<meta name=\"robots\" content=\"index, follow, max-snippet:-1, max-image-preview:large, max-video-preview:-1\" \/>\n<link rel=\"canonical\" href=\"https:\/\/www.em.com.br\/emfoco\/2025\/04\/06\/cuidados-faciais-na-gravidez-o-que-usar-e-evitar\/\" \/>\n<meta property=\"og:locale\" content=\"pt_BR\" \/>\n<meta property=\"og:type\" content=\"article\" \/>\n<meta property=\"og:title\" content=\"Cuidados faciais na gravidez, o que usar e evitar - Estado de Minas - Em foco\" \/>\n<meta property=\"og:description\" content=\"Gesta\u00e7\u00e3o e cuidados com a pele veja o que pode ou n\u00e3o usar para garantir hidrata\u00e7\u00e3o, prote\u00e7\u00e3o e bem-estar nesse per\u00edodo.\" \/>\n<meta property=\"og:url\" content=\"https:\/\/www.em.com.br\/emfoco\/2025\/04\/06\/cuidados-faciais-na-gravidez-o-que-usar-e-evitar\/\" \/>\n<meta property=\"og:site_name\" content=\"Estado de Minas - Em foco\" \/>\n<meta property=\"article:published_time\" content=\"2025-04-06T09:00:00+00:00\" \/>\n<meta property=\"article:modified_time\" content=\"2025-04-04T18:23:58+00:00\" \/>\n<meta property=\"og:image\" content=\"https:\/\/www.em.com.br\/emfoco\/wp-content\/uploads\/2025\/04\/gestante-rosto_1743778568205.jpg\" \/>\n\t<meta property=\"og:image:width\" content=\"1280\" \/>\n\t<meta property=\"og:image:height\" content=\"720\" \/>\n\t<meta property=\"og:image:type\" content=\"image\/jpeg\" \/>\n<meta name=\"author\" content=\"Keren Ester\" \/>\n<meta name=\"twitter:card\" content=\"summary_large_image\" \/>\n<meta name=\"twitter:label1\" content=\"Escrito por\" \/>\n\t<meta name=\"twitter:data1\" content=\"Keren Ester\" \/>\n\t<meta name=\"twitter:label2\" content=\"Est. tempo de leitura\" \/>\n\t<meta name=\"twitter:data2\" content=\"4 minutos\" \/>\n<!-- \/ Yoast SEO plugin. -->","yoast_head_json":{"title":"Cuidados faciais na gravidez, o que usar e evitar - Estado de Minas - Em foco","description":"Gesta\u00e7\u00e3o e cuidados com a pele veja o que pode ou n\u00e3o usar para garantir hidrata\u00e7\u00e3o, prote\u00e7\u00e3o e bem-estar nesse per\u00edodo.","robots":{"index":"index","follow":"follow","max-snippet":"max-snippet:-1","max-image-preview":"max-image-preview:large","max-video-preview":"max-video-preview:-1"},"canonical":"https:\/\/www.em.com.br\/emfoco\/2025\/04\/06\/cuidados-faciais-na-gravidez-o-que-usar-e-evitar\/","og_locale":"pt_BR","og_type":"article","og_title":"Cuidados faciais na gravidez, o que usar e evitar - Estado de Minas - Em foco","og_description":"Gesta\u00e7\u00e3o e cuidados com a pele veja o que pode ou n\u00e3o usar para garantir hidrata\u00e7\u00e3o, prote\u00e7\u00e3o e bem-estar nesse per\u00edodo.","og_url":"https:\/\/www.em.com.br\/emfoco\/2025\/04\/06\/cuidados-faciais-na-gravidez-o-que-usar-e-evitar\/","og_site_name":"Estado de Minas - Em foco","article_published_time":"2025-04-06T09:00:00+00:00","article_modified_time":"2025-04-04T18:23:58+00:00","og_image":[{"width":1280,"height":720,"url":"https:\/\/www.em.com.br\/emfoco\/wp-content\/uploads\/2025\/04\/gestante-rosto_1743778568205.jpg","type":"image\/jpeg"}],"author":"Keren Ester","twitter_card":"summary_large_image","twitter_misc":{"Escrito por":"Keren Ester","Est. tempo de leitura":"4 minutos"},"schema":{"@context":"https:\/\/schema.org","@graph":[{"@type":"WebPage","@id":"https:\/\/www.em.com.br\/emfoco\/2025\/04\/06\/cuidados-faciais-na-gravidez-o-que-usar-e-evitar\/","url":"https:\/\/www.em.com.br\/emfoco\/2025\/04\/06\/cuidados-faciais-na-gravidez-o-que-usar-e-evitar\/","name":"Cuidados faciais na gravidez, o que usar e evitar - Estado de Minas - Em foco","isPartOf":{"@id":"https:\/\/www.em.com.br\/emfoco\/#website"},"primaryImageOfPage":{"@id":"https:\/\/www.em.com.br\/emfoco\/2025\/04\/06\/cuidados-faciais-na-gravidez-o-que-usar-e-evitar\/#primaryimage"},"image":{"@id":"https:\/\/www.em.com.br\/emfoco\/2025\/04\/06\/cuidados-faciais-na-gravidez-o-que-usar-e-evitar\/#primaryimage"},"thumbnailUrl":"https:\/\/www.em.com.br\/emfoco\/wp-content\/uploads\/2025\/04\/gestante-rosto_1743778568205.jpg","datePublished":"2025-04-06T09:00:00+00:00","dateModified":"2025-04-04T18:23:58+00:00","author":{"@id":"https:\/\/www.em.com.br\/emfoco\/#\/schema\/person\/2e06e19826e476d778787245c8ef334d"},"description":"Gesta\u00e7\u00e3o e cuidados com a pele veja o que pode ou n\u00e3o usar para garantir hidrata\u00e7\u00e3o, prote\u00e7\u00e3o e bem-estar nesse per\u00edodo.","breadcrumb":{"@id":"https:\/\/www.em.com.br\/emfoco\/2025\/04\/06\/cuidados-faciais-na-gravidez-o-que-usar-e-evitar\/#breadcrumb"},"inLanguage":"pt-BR","potentialAction":[{"@type":"ReadAction","target":["https:\/\/www.em.com.br\/emfoco\/2025\/04\/06\/cuidados-faciais-na-gravidez-o-que-usar-e-evitar\/"]}]},{"@type":"ImageObject","inLanguage":"pt-BR","@id":"https:\/\/www.em.com.br\/emfoco\/2025\/04\/06\/cuidados-faciais-na-gravidez-o-que-usar-e-evitar\/#primaryimage","url":"https:\/\/www.em.com.br\/emfoco\/wp-content\/uploads\/2025\/04\/gestante-rosto_1743778568205.jpg","contentUrl":"https:\/\/www.em.com.br\/emfoco\/wp-content\/uploads\/2025\/04\/gestante-rosto_1743778568205.jpg","width":1280,"height":720,"caption":"Mulher gr\u00e1vida lavando o rosto-Cr\u00e9ditos: depositphotos.com \/ AndrewLozovyi"},{"@type":"BreadcrumbList","@id":"https:\/\/www.em.com.br\/emfoco\/2025\/04\/06\/cuidados-faciais-na-gravidez-o-que-usar-e-evitar\/#breadcrumb","itemListElement":[{"@type":"ListItem","position":1,"name":"In\u00edcio","item":"https:\/\/www.em.com.br\/emfoco\/"},{"@type":"ListItem","position":2,"name":"Cuidados faciais na gravidez, o que usar e evitar"}]},{"@type":"WebSite","@id":"https:\/\/www.em.com.br\/emfoco\/#website","url":"https:\/\/www.em.com.br\/emfoco\/","name":"Estado de Minas - Em foco","description":"Acompanhe as \u00faltimas not\u00edcias e fique bem informado sobre tudo o que acontece em Minas Gerais, Brasil e no mundo.","potentialAction":[{"@type":"SearchAction","target":{"@type":"EntryPoint","urlTemplate":"https:\/\/www.em.com.br\/emfoco\/?s={search_term_string}"},"query-input":{"@type":"PropertyValueSpecification","valueRequired":true,"valueName":"search_term_string"}}],"inLanguage":"pt-BR"},{"@type":"Person","@id":"https:\/\/www.em.com.br\/emfoco\/#\/schema\/person\/2e06e19826e476d778787245c8ef334d","name":"Keren Ester","image":{"@type":"ImageObject","inLanguage":"pt-BR","@id":"https:\/\/www.em.com.br\/emfoco\/#\/schema\/person\/image\/","url":"https:\/\/secure.gravatar.com\/avatar\/b3d0f2b934f7fab59c611ea63b5cf4b1?s=96&d=mm&r=g","contentUrl":"https:\/\/secure.gravatar.com\/avatar\/b3d0f2b934f7fab59c611ea63b5cf4b1?s=96&d=mm&r=g","caption":"Keren Ester"},"url":"https:\/\/www.em.com.br\/emfoco\/author\/kerenmyth\/"}]}},"_links":{"self":[{"href":"https:\/\/www.em.com.br\/emfoco\/wp-json\/wp\/v2\/posts\/35083","targetHints":{"allow":["GET"]}}],"collection":[{"href":"https:\/\/www.em.com.br\/emfoco\/wp-json\/wp\/v2\/posts"}],"about":[{"href":"https:\/\/www.em.com.br\/emfoco\/wp-json\/wp\/v2\/types\/post"}],"author":[{"embeddable":true,"href":"https:\/\/www.em.com.br\/emfoco\/wp-json\/wp\/v2\/users\/12"}],"replies":[{"embeddable":true,"href":"https:\/\/www.em.com.br\/emfoco\/wp-json\/wp\/v2\/comments?post=35083"}],"version-history":[{"count":1,"href":"https:\/\/www.em.com.br\/emfoco\/wp-json\/wp\/v2\/posts\/35083\/revisions"}],"predecessor-version":[{"id":35133,"href":"https:\/\/www.em.com.br\/emfoco\/wp-json\/wp\/v2\/posts\/35083\/revisions\/35133"}],"wp:featuredmedia":[{"embeddable":true,"href":"https:\/\/www.em.com.br\/emfoco\/wp-json\/wp\/v2\/media\/35125"}],"wp:attachment":[{"href":"https:\/\/www.em.com.br\/emfoco\/wp-json\/wp\/v2\/media?parent=35083"}],"wp:term":[{"taxonomy":"category","embeddable":true,"href":"https:\/\/www.em.com.br\/emfoco\/wp-json\/wp\/v2\/categories?post=35083"},{"taxonomy":"post_tag","embeddable":true,"href":"https:\/\/www.em.com.br\/emfoco\/wp-json\/wp\/v2\/tags?post=35083"}],"curies":[{"name":"wp","href":"https:\/\/api.w.org\/{rel}","templated":true}]}}