{"id":35038,"date":"2025-04-05T14:40:05","date_gmt":"2025-04-05T17:40:05","guid":{"rendered":"https:\/\/www.em.com.br\/emfoco\/?p=35038"},"modified":"2025-04-04T11:02:43","modified_gmt":"2025-04-04T14:02:43","slug":"leitores-do-kindle-ganham-um-novo-recurso-exclusivo-entenda-mais","status":"publish","type":"post","link":"https:\/\/www.em.com.br\/emfoco\/2025\/04\/05\/leitores-do-kindle-ganham-um-novo-recurso-exclusivo-entenda-mais\/","title":{"rendered":"Leitores do Kindle ganham um novo recurso exclusivo, entenda mais"},"content":{"rendered":"\n<p>A <strong>Amazon<\/strong> lan\u00e7ou <a href=\"https:\/\/www.aboutamazon.com\/news\/books-and-authors\/kindle-recaps-feature-ebook-series-refreshers\" target=\"_blank\" rel=\"noopener\">recentemente<\/a> uma nova funcionalidade para o <a href=\"https:\/\/www.em.com.br\/emfoco\/2025\/04\/04\/amazon-lanca-novidades-para-o-kindle-veja-o-que-muda\/\" target=\"_blank\" rel=\"noopener\">Kindle<\/a>, chamada <strong>Recaps<\/strong>, que utiliza intelig\u00eancia artificial para resumir os principais pontos de enredo e personagens de um livro. Este recurso visa ajudar os leitores a relembrar eventos anteriores antes de iniciar a leitura do pr\u00f3ximo <strong>e-book<\/strong> de uma s\u00e9rie. A novidade est\u00e1 dispon\u00edvel na p\u00e1gina de uma s\u00e9rie de livros dentro da <strong>biblioteca<\/strong> do usu\u00e1rio, acess\u00edvel por um bot\u00e3o ou pelo menu de tr\u00eas pontos.<\/p>\n\n\n\n<p>Os resumos s\u00e3o gerados por intelig\u00eancia artificial generativa e revisados por moderadores humanos da <strong>Amazon.<\/strong> Atualmente, os <strong>Recaps<\/strong> est\u00e3o dispon\u00edveis apenas nos <strong>Estados Unidos<\/strong> e para livros em <strong>ingl\u00eas.<\/strong> A ferramenta faz parte da mais recente atualiza\u00e7\u00e3o de software do Kindle e est\u00e1 dispon\u00edvel para todos os modelos. A Amazon planeja expandir o recurso para seu aplicativo no <strong>iOS<\/strong>, mas ainda n\u00e3o h\u00e1 informa\u00e7\u00f5es sobre o lan\u00e7amento no <strong>Brasil.<\/strong><\/p>\n\n\n\n<h2 class=\"wp-block-heading\">Como funciona a ferramenta recaps?<\/h2>\n\n\n\n<p>Ao acessar a p\u00e1gina de uma s\u00e9rie de livros no <strong>Kindle,<\/strong> o usu\u00e1rio pode selecionar a op\u00e7\u00e3o de resumos, que indicar\u00e1 quais livros possuem essa funcionalidade dispon\u00edvel. A ferramenta alerta sobre poss\u00edveis <strong>spoilers,<\/strong> permitindo que o leitor escolha se deseja ou n\u00e3o visualizar o resumo. Cada livro de uma s\u00e9rie ter\u00e1 seu pr\u00f3prio resumo, facilitando a compreens\u00e3o da narrativa e dos personagens.<\/p>\n\n\n\n<p>Um porta-voz da <strong>Amazon<\/strong> explicou que a ferramenta se baseia em intelig\u00eancia artificial generativa, complementada pela revis\u00e3o de moderadores humanos. No entanto, alguns usu\u00e1rios expressaram preocupa\u00e7\u00f5es sobre a precis\u00e3o dos resumos, temendo que a tecnologia possa gerar informa\u00e7\u00f5es incorretas devido a alucina\u00e7\u00f5es da IA.<\/p>\n\n\n<div class=\"wp-block-image\">\n<figure class=\"aligncenter size-large\"><img loading=\"lazy\" decoding=\"async\" width=\"1024\" height=\"576\" src=\"https:\/\/www.em.com.br\/emfoco\/wp-content\/uploads\/2025\/02\/amazon_1738860429049-1024x576.jpg\" alt=\"Evento da Amazon pode revelar a nova assistente com IA avan\u00e7ada\" class=\"wp-image-17319\" srcset=\"https:\/\/www.em.com.br\/emfoco\/wp-content\/uploads\/2025\/02\/amazon_1738860429049-1024x576.jpg 1024w, https:\/\/www.em.com.br\/emfoco\/wp-content\/uploads\/2025\/02\/amazon_1738860429049-300x169.jpg 300w, https:\/\/www.em.com.br\/emfoco\/wp-content\/uploads\/2025\/02\/amazon_1738860429049-768x432.jpg 768w, https:\/\/www.em.com.br\/emfoco\/wp-content\/uploads\/2025\/02\/amazon_1738860429049-750x422.jpg 750w, https:\/\/www.em.com.br\/emfoco\/wp-content\/uploads\/2025\/02\/amazon_1738860429049-1140x641.jpg 1140w, https:\/\/www.em.com.br\/emfoco\/wp-content\/uploads\/2025\/02\/amazon_1738860429049.jpg 1280w\" sizes=\"auto, (max-width: 1024px) 100vw, 1024px\" \/><figcaption class=\"wp-element-caption\">Imagem ilustrativa da Amazon &#8211; Cr\u00e9ditos: depositphotos.com \/ llcv<\/figcaption><\/figure><\/div>\n\n\n<h2 class=\"wp-block-heading\">Quais outras atualiza\u00e7\u00f5es recentes o Kindle recebeu?<\/h2>\n\n\n\n<p>Al\u00e9m da introdu\u00e7\u00e3o dos Recaps, o Kindle passou por outras atualiza\u00e7\u00f5es significativas. No final de mar\u00e7o, o<strong> Kindle Paperwhite de 12\u00aa gera\u00e7\u00e3o e o Kindle Colorsoft<\/strong> receberam uma atualiza\u00e7\u00e3o que permite virar a p\u00e1gina com dois toques na lateral ou na parte traseira do dispositivo. Esta funcionalidade oferece uma alternativa para aqueles que preferem n\u00e3o tocar diretamente na tela ou sentem falta dos bot\u00f5es f\u00edsicos dos modelos mais antigos.<\/p>\n\n\n\n<p>Em fevereiro de <strong>2025,<\/strong> a Amazon tomou a decis\u00e3o de encerrar a fun\u00e7\u00e3o de baixar <strong>e-books<\/strong> no <strong>computador,<\/strong> uma medida que visa combater a <strong>pirataria.<\/strong> Esta mudan\u00e7a gerou descontentamento entre muitos usu\u00e1rios, que consideraram a medida uma limita\u00e7\u00e3o aos livros que adquiriram. Nos Estados Unidos, a empresa passou a destacar que, ao comprar um <strong>e-book<\/strong> para <strong>Kindle,<\/strong> o usu\u00e1rio est\u00e1 pagando apenas pela licen\u00e7a do conte\u00fado, que pode ser revogada posteriormente.<\/p>\n\n\n\n<h2 class=\"wp-block-heading\">O que esperar do futuro do Kindle?<\/h2>\n\n\n\n<p>Com a introdu\u00e7\u00e3o de novas funcionalidades e atualiza\u00e7\u00f5es, a Amazon continua a inovar no mercado de e-readers. A expans\u00e3o dos Recaps para outras plataformas e idiomas pode representar um avan\u00e7o significativo na experi\u00eancia de leitura digital. Al\u00e9m disso, as atualiza\u00e7\u00f5es cont\u00ednuas do software do Kindle indicam o compromisso da Amazon em melhorar a usabilidade e a funcionalidade de seus dispositivos.<\/p>\n\n\n\n<p>\u00c0 medida que a tecnologia avan\u00e7a, \u00e9 prov\u00e1vel que novas funcionalidades sejam incorporadas ao Kindle, tornando a leitura digital ainda mais acess\u00edvel e personalizada. A integra\u00e7\u00e3o de intelig\u00eancia artificial e outras tecnologias emergentes pode transformar a forma como os leitores interagem com os livros, oferecendo uma experi\u00eancia mais rica e envolvente.<\/p>\n","protected":false},"excerpt":{"rendered":"<p>A Amazon lan\u00e7ou recentemente uma nova funcionalidade para o Kindle, chamada Recaps, que utiliza intelig\u00eancia artificial para resumir os principais pontos de enredo e personagens de um livro. Este recurso visa ajudar os leitores a relembrar eventos anteriores antes de iniciar a leitura do pr\u00f3ximo e-book de uma s\u00e9rie. A novidade est\u00e1 dispon\u00edvel na p\u00e1gina [&hellip;]<\/p>\n","protected":false},"author":9,"featured_media":16237,"comment_status":"open","ping_status":"open","sticky":false,"template":"","format":"standard","meta":{"jnews-multi-image_gallery":[],"jnews_single_post":{"format":"standard"},"jnews_primary_category":[],"jnews_social_meta":[],"jnews_override_counter":[],"footnotes":""},"categories":[1,4204],"tags":[1855,1375,4519,7138],"class_list":["post-35038","post","type-post","status-publish","format-standard","has-post-thumbnail","hentry","category-noticias","category-tecnologia","tag-amazon","tag-ia","tag-kindle","tag-resumos"],"yoast_head":"<!-- This site is optimized with the Yoast SEO plugin v23.8 - https:\/\/yoast.com\/wordpress\/plugins\/seo\/ -->\n<title>Leitores do Kindle ganham um novo recurso exclusivo, entenda mais<\/title>\n<meta name=\"description\" content=\"Amazon lan\u00e7a Recaps no Kindle, recurso que usa IA para resumir livros e ajudar leitores a relembrar enredos antes de continuar a leitura.\" \/>\n<meta name=\"robots\" content=\"index, follow, max-snippet:-1, max-image-preview:large, max-video-preview:-1\" \/>\n<link rel=\"canonical\" href=\"https:\/\/www.em.com.br\/emfoco\/2025\/04\/05\/leitores-do-kindle-ganham-um-novo-recurso-exclusivo-entenda-mais\/\" \/>\n<meta property=\"og:locale\" content=\"pt_BR\" \/>\n<meta property=\"og:type\" content=\"article\" \/>\n<meta property=\"og:title\" content=\"Leitores do Kindle ganham um novo recurso exclusivo, entenda mais\" \/>\n<meta property=\"og:description\" content=\"Amazon lan\u00e7a Recaps no Kindle, recurso que usa IA para resumir livros e ajudar leitores a relembrar enredos antes de continuar a leitura.\" \/>\n<meta property=\"og:url\" content=\"https:\/\/www.em.com.br\/emfoco\/2025\/04\/05\/leitores-do-kindle-ganham-um-novo-recurso-exclusivo-entenda-mais\/\" \/>\n<meta property=\"og:site_name\" content=\"Estado de Minas - Em foco\" \/>\n<meta property=\"article:published_time\" content=\"2025-04-05T17:40:05+00:00\" \/>\n<meta property=\"article:modified_time\" content=\"2025-04-04T14:02:43+00:00\" \/>\n<meta property=\"og:image\" content=\"https:\/\/www.em.com.br\/emfoco\/wp-content\/uploads\/2025\/02\/kindle_1738561113135.jpg\" \/>\n\t<meta property=\"og:image:width\" content=\"1280\" \/>\n\t<meta property=\"og:image:height\" content=\"720\" \/>\n\t<meta property=\"og:image:type\" content=\"image\/jpeg\" \/>\n<meta name=\"author\" content=\"Daniely Cardoso\" \/>\n<meta name=\"twitter:card\" content=\"summary_large_image\" \/>\n<meta name=\"twitter:label1\" content=\"Escrito por\" \/>\n\t<meta name=\"twitter:data1\" content=\"Daniely Cardoso\" \/>\n\t<meta name=\"twitter:label2\" content=\"Est. tempo de leitura\" \/>\n\t<meta name=\"twitter:data2\" content=\"4 minutos\" \/>\n<!-- \/ Yoast SEO plugin. -->","yoast_head_json":{"title":"Leitores do Kindle ganham um novo recurso exclusivo, entenda mais","description":"Amazon lan\u00e7a Recaps no Kindle, recurso que usa IA para resumir livros e ajudar leitores a relembrar enredos antes de continuar a leitura.","robots":{"index":"index","follow":"follow","max-snippet":"max-snippet:-1","max-image-preview":"max-image-preview:large","max-video-preview":"max-video-preview:-1"},"canonical":"https:\/\/www.em.com.br\/emfoco\/2025\/04\/05\/leitores-do-kindle-ganham-um-novo-recurso-exclusivo-entenda-mais\/","og_locale":"pt_BR","og_type":"article","og_title":"Leitores do Kindle ganham um novo recurso exclusivo, entenda mais","og_description":"Amazon lan\u00e7a Recaps no Kindle, recurso que usa IA para resumir livros e ajudar leitores a relembrar enredos antes de continuar a leitura.","og_url":"https:\/\/www.em.com.br\/emfoco\/2025\/04\/05\/leitores-do-kindle-ganham-um-novo-recurso-exclusivo-entenda-mais\/","og_site_name":"Estado de Minas - Em foco","article_published_time":"2025-04-05T17:40:05+00:00","article_modified_time":"2025-04-04T14:02:43+00:00","og_image":[{"width":1280,"height":720,"url":"https:\/\/www.em.com.br\/emfoco\/wp-content\/uploads\/2025\/02\/kindle_1738561113135.jpg","type":"image\/jpeg"}],"author":"Daniely Cardoso","twitter_card":"summary_large_image","twitter_misc":{"Escrito por":"Daniely Cardoso","Est. tempo de leitura":"4 minutos"},"schema":{"@context":"https:\/\/schema.org","@graph":[{"@type":"WebPage","@id":"https:\/\/www.em.com.br\/emfoco\/2025\/04\/05\/leitores-do-kindle-ganham-um-novo-recurso-exclusivo-entenda-mais\/","url":"https:\/\/www.em.com.br\/emfoco\/2025\/04\/05\/leitores-do-kindle-ganham-um-novo-recurso-exclusivo-entenda-mais\/","name":"Leitores do Kindle ganham um novo recurso exclusivo, entenda mais","isPartOf":{"@id":"https:\/\/www.em.com.br\/emfoco\/#website"},"primaryImageOfPage":{"@id":"https:\/\/www.em.com.br\/emfoco\/2025\/04\/05\/leitores-do-kindle-ganham-um-novo-recurso-exclusivo-entenda-mais\/#primaryimage"},"image":{"@id":"https:\/\/www.em.com.br\/emfoco\/2025\/04\/05\/leitores-do-kindle-ganham-um-novo-recurso-exclusivo-entenda-mais\/#primaryimage"},"thumbnailUrl":"https:\/\/www.em.com.br\/emfoco\/wp-content\/uploads\/2025\/02\/kindle_1738561113135.jpg","datePublished":"2025-04-05T17:40:05+00:00","dateModified":"2025-04-04T14:02:43+00:00","author":{"@id":"https:\/\/www.em.com.br\/emfoco\/#\/schema\/person\/0a8186d72f2c3a5c6276d90b41f271a0"},"description":"Amazon lan\u00e7a Recaps no Kindle, recurso que usa IA para resumir livros e ajudar leitores a relembrar enredos antes de continuar a leitura.","breadcrumb":{"@id":"https:\/\/www.em.com.br\/emfoco\/2025\/04\/05\/leitores-do-kindle-ganham-um-novo-recurso-exclusivo-entenda-mais\/#breadcrumb"},"inLanguage":"pt-BR","potentialAction":[{"@type":"ReadAction","target":["https:\/\/www.em.com.br\/emfoco\/2025\/04\/05\/leitores-do-kindle-ganham-um-novo-recurso-exclusivo-entenda-mais\/"]}]},{"@type":"ImageObject","inLanguage":"pt-BR","@id":"https:\/\/www.em.com.br\/emfoco\/2025\/04\/05\/leitores-do-kindle-ganham-um-novo-recurso-exclusivo-entenda-mais\/#primaryimage","url":"https:\/\/www.em.com.br\/emfoco\/wp-content\/uploads\/2025\/02\/kindle_1738561113135.jpg","contentUrl":"https:\/\/www.em.com.br\/emfoco\/wp-content\/uploads\/2025\/02\/kindle_1738561113135.jpg","width":1280,"height":720,"caption":"Imagem ilustrativa de um Kindle - Cr\u00e9ditos: depositphotos.com \/ lucianmilasan"},{"@type":"BreadcrumbList","@id":"https:\/\/www.em.com.br\/emfoco\/2025\/04\/05\/leitores-do-kindle-ganham-um-novo-recurso-exclusivo-entenda-mais\/#breadcrumb","itemListElement":[{"@type":"ListItem","position":1,"name":"In\u00edcio","item":"https:\/\/www.em.com.br\/emfoco\/"},{"@type":"ListItem","position":2,"name":"Leitores do Kindle ganham um novo recurso exclusivo, entenda mais"}]},{"@type":"WebSite","@id":"https:\/\/www.em.com.br\/emfoco\/#website","url":"https:\/\/www.em.com.br\/emfoco\/","name":"Estado de Minas - Em foco","description":"Acompanhe as \u00faltimas not\u00edcias e fique bem informado sobre tudo o que acontece em Minas Gerais, Brasil e no mundo.","potentialAction":[{"@type":"SearchAction","target":{"@type":"EntryPoint","urlTemplate":"https:\/\/www.em.com.br\/emfoco\/?s={search_term_string}"},"query-input":{"@type":"PropertyValueSpecification","valueRequired":true,"valueName":"search_term_string"}}],"inLanguage":"pt-BR"},{"@type":"Person","@id":"https:\/\/www.em.com.br\/emfoco\/#\/schema\/person\/0a8186d72f2c3a5c6276d90b41f271a0","name":"Daniely Cardoso","image":{"@type":"ImageObject","inLanguage":"pt-BR","@id":"https:\/\/www.em.com.br\/emfoco\/#\/schema\/person\/image\/","url":"https:\/\/secure.gravatar.com\/avatar\/4b80ddbd124d1f071b626d52d62e5dff?s=96&d=mm&r=g","contentUrl":"https:\/\/secure.gravatar.com\/avatar\/4b80ddbd124d1f071b626d52d62e5dff?s=96&d=mm&r=g","caption":"Daniely Cardoso"},"url":"https:\/\/www.em.com.br\/emfoco\/author\/danielymyth\/"}]}},"_links":{"self":[{"href":"https:\/\/www.em.com.br\/emfoco\/wp-json\/wp\/v2\/posts\/35038","targetHints":{"allow":["GET"]}}],"collection":[{"href":"https:\/\/www.em.com.br\/emfoco\/wp-json\/wp\/v2\/posts"}],"about":[{"href":"https:\/\/www.em.com.br\/emfoco\/wp-json\/wp\/v2\/types\/post"}],"author":[{"embeddable":true,"href":"https:\/\/www.em.com.br\/emfoco\/wp-json\/wp\/v2\/users\/9"}],"replies":[{"embeddable":true,"href":"https:\/\/www.em.com.br\/emfoco\/wp-json\/wp\/v2\/comments?post=35038"}],"version-history":[{"count":3,"href":"https:\/\/www.em.com.br\/emfoco\/wp-json\/wp\/v2\/posts\/35038\/revisions"}],"predecessor-version":[{"id":35074,"href":"https:\/\/www.em.com.br\/emfoco\/wp-json\/wp\/v2\/posts\/35038\/revisions\/35074"}],"wp:featuredmedia":[{"embeddable":true,"href":"https:\/\/www.em.com.br\/emfoco\/wp-json\/wp\/v2\/media\/16237"}],"wp:attachment":[{"href":"https:\/\/www.em.com.br\/emfoco\/wp-json\/wp\/v2\/media?parent=35038"}],"wp:term":[{"taxonomy":"category","embeddable":true,"href":"https:\/\/www.em.com.br\/emfoco\/wp-json\/wp\/v2\/categories?post=35038"},{"taxonomy":"post_tag","embeddable":true,"href":"https:\/\/www.em.com.br\/emfoco\/wp-json\/wp\/v2\/tags?post=35038"}],"curies":[{"name":"wp","href":"https:\/\/api.w.org\/{rel}","templated":true}]}}