{"id":34609,"date":"2025-04-05T10:00:00","date_gmt":"2025-04-05T13:00:00","guid":{"rendered":"https:\/\/www.em.com.br\/emfoco\/?p=34609"},"modified":"2025-04-03T09:53:11","modified_gmt":"2025-04-03T12:53:11","slug":"atencao-clientes-fechamento-de-agencias-bancarias-pode-afetar-brasileiros","status":"publish","type":"post","link":"https:\/\/www.em.com.br\/emfoco\/2025\/04\/05\/atencao-clientes-fechamento-de-agencias-bancarias-pode-afetar-brasileiros\/","title":{"rendered":"Aten\u00e7\u00e3o, clientes! Fechamento de ag\u00eancias banc\u00e1rias pode afetar brasileiros!"},"content":{"rendered":"\n<p>Em abril de 2025, as ag\u00eancias banc\u00e1rias em todo o <strong>Brasil<\/strong> estar\u00e3o fechadas em um dia espec\u00edfico que n\u00e3o \u00e9 um fim de semana. Isso ocorre devido ao feriado da Sexta-Feira Santa, que ser\u00e1 celebrado em 18 de abril. Institui\u00e7\u00f5es financeiras como a <strong>Caixa Econ\u00f4mica Federal, Banco do Brasil e Ita\u00fa<\/strong> n\u00e3o abrir\u00e3o suas portas nesta data. \u00c9 importante lembrar que, como a Sexta-Feira Santa cai em uma sexta-feira, o fechamento das ag\u00eancias se estender\u00e1 pelo final de semana, com o atendimento presencial sendo retomado somente na segunda-feira, 21 de abril.<\/p>\n\n\n\n<p>O \u00faltimo fechamento das ag\u00eancias banc\u00e1rias ocorreu durante o<strong> Carnaval<\/strong>. Naquela ocasi\u00e3o, as atividades foram retomadas a partir das 12h da <strong>Quarta-Feira de Cinzas<\/strong>, em 5 de mar\u00e7o. Agora, com a aproxima\u00e7\u00e3o da Sexta-Feira Santa, os clientes devem se preparar para a suspens\u00e3o tempor\u00e1ria dos servi\u00e7os presenciais nas ag\u00eancias.<\/p>\n\n\n\n<h2 class=\"wp-block-heading\">Como realizar transa\u00e7\u00f5es banc\u00e1rias durante o feriado?<\/h2>\n\n\n\n<p>Para aqueles que precisam realizar transa\u00e7\u00f5es banc\u00e1rias em 18 de abril, existem alternativas pr\u00e1ticas e acess\u00edveis. Os meios eletr\u00f4nicos oferecem uma solu\u00e7\u00e3o eficiente para a maioria das opera\u00e7\u00f5es financeiras. Atrav\u00e9s de servi\u00e7os como internet banking, mobile banking e caixas eletr\u00f4nicos, os clientes podem efetuar pagamentos, verificar saldos e extratos, al\u00e9m de realizar transfer\u00eancias.<\/p>\n\n\n\n<p>Esses canais digitais garantem que os usu\u00e1rios tenham acesso cont\u00ednuo aos servi\u00e7os banc\u00e1rios, mesmo quando as ag\u00eancias est\u00e3o fechadas. \u00c9 importante que os clientes estejam familiarizados com essas plataformas para evitar contratempos durante o feriado.<\/p>\n\n\n\n<figure class=\"wp-block-image size-large\"><img loading=\"lazy\" decoding=\"async\" width=\"1024\" height=\"576\" src=\"https:\/\/www.em.com.br\/emfoco\/wp-content\/uploads\/2025\/02\/feriado_1738419752732-1024x576.jpg\" alt=\"Dia 21 de folga! Feriado \u00e9 decretado e movimenta o pa\u00eds\" class=\"wp-image-15864\" srcset=\"https:\/\/www.em.com.br\/emfoco\/wp-content\/uploads\/2025\/02\/feriado_1738419752732-1024x576.jpg 1024w, https:\/\/www.em.com.br\/emfoco\/wp-content\/uploads\/2025\/02\/feriado_1738419752732-300x169.jpg 300w, https:\/\/www.em.com.br\/emfoco\/wp-content\/uploads\/2025\/02\/feriado_1738419752732-768x432.jpg 768w, https:\/\/www.em.com.br\/emfoco\/wp-content\/uploads\/2025\/02\/feriado_1738419752732-750x422.jpg 750w, https:\/\/www.em.com.br\/emfoco\/wp-content\/uploads\/2025\/02\/feriado_1738419752732-1140x642.jpg 1140w, https:\/\/www.em.com.br\/emfoco\/wp-content\/uploads\/2025\/02\/feriado_1738419752732.jpg 1279w\" sizes=\"auto, (max-width: 1024px) 100vw, 1024px\" \/><figcaption class=\"wp-element-caption\">Paisagem &#8211; Cr\u00e9ditos: depositphotos.com \/ sellingpix<\/figcaption><\/figure>\n\n\n\n<h2 class=\"wp-block-heading\">Quais servi\u00e7os estar\u00e3o dispon\u00edveis nos canais eletr\u00f4nicos?<\/h2>\n\n\n\n<p>Os canais eletr\u00f4nicos oferecem uma ampla gama de servi\u00e7os que podem ser acessados a qualquer momento. Entre as opera\u00e7\u00f5es dispon\u00edveis, destacam-se:<\/p>\n\n\n\n<ul class=\"wp-block-list\">\n<li><strong>Pagamentos:<\/strong> Contas de consumo, boletos e tributos podem ser pagos diretamente pelo internet banking ou aplicativo m\u00f3vel. Os clientes que tiverem boletos banc\u00e1rios com vencimento em 18 de abril poder\u00e3o efetu\u00e1-los no dia \u00fatil seguinte, sem a incid\u00eancia de encargos.<\/li>\n\n\n\n<li><strong>Consultas:<\/strong> Saldo e extrato de contas correntes e poupan\u00e7as est\u00e3o dispon\u00edveis para consulta imediata.<\/li>\n\n\n\n<li><strong>Transfer\u00eancias:<\/strong> Transa\u00e7\u00f5es como TED e PIX podem ser realizadas de forma r\u00e1pida e segura.<\/li>\n<\/ul>\n\n\n\n<p>Esses servi\u00e7os garantem que os clientes possam gerenciar suas finan\u00e7as de maneira eficaz, mesmo durante o feriado.<\/p>\n\n\n\n<h2 class=\"wp-block-heading\">Prepara\u00e7\u00e3o para o feriado banc\u00e1rio<\/h2>\n\n\n\n<p>Para evitar surpresas, \u00e9 aconselh\u00e1vel que os clientes planejem suas atividades financeiras com anteced\u00eancia. Verificar o saldo, agendar pagamentos e realizar transfer\u00eancias antes do feriado pode evitar inconvenientes. Al\u00e9m disso, \u00e9 importante garantir que os aplicativos banc\u00e1rios estejam atualizados e funcionando corretamente.<\/p>\n\n\n\n<p>Em caso de d\u00favidas ou dificuldades com os servi\u00e7os eletr\u00f4nicos, os clientes podem entrar em contato com o suporte ao cliente de seus respectivos bancos. Muitas institui\u00e7\u00f5es oferecem atendimento via chat ou telefone, mesmo durante feriados.<\/p>\n\n\n\n<p>O fechamento das ag\u00eancias banc\u00e1rias na Sexta-Feira Santa \u00e9 uma pr\u00e1tica comum que exige planejamento por parte dos clientes. Felizmente, os avan\u00e7os tecnol\u00f3gicos no setor banc\u00e1rio oferecem alternativas eficazes para garantir que as necessidades financeiras sejam atendidas, mesmo quando as ag\u00eancias est\u00e3o fechadas. Aproveitar os recursos dispon\u00edveis nos canais eletr\u00f4nicos \u00e9 essencial para uma gest\u00e3o financeira tranquila e eficiente.<\/p>\n","protected":false},"excerpt":{"rendered":"<p>Em abril de 2025, as ag\u00eancias banc\u00e1rias em todo o Brasil estar\u00e3o fechadas em um dia espec\u00edfico que n\u00e3o \u00e9 um fim de semana. Isso ocorre devido ao feriado da Sexta-Feira Santa, que ser\u00e1 celebrado em 18 de abril. Institui\u00e7\u00f5es financeiras como a Caixa Econ\u00f4mica Federal, Banco do Brasil e Ita\u00fa n\u00e3o abrir\u00e3o suas portas [&hellip;]<\/p>\n","protected":false},"author":5,"featured_media":28502,"comment_status":"open","ping_status":"open","sticky":false,"template":"","format":"standard","meta":{"jnews-multi-image_gallery":[],"jnews_single_post":{"format":"standard"},"jnews_primary_category":[],"jnews_social_meta":[],"jnews_override_counter":[],"footnotes":""},"categories":[28,1],"tags":[2291,797,7075],"class_list":["post-34609","post","type-post","status-publish","format-standard","has-post-thumbnail","hentry","category-economia","category-noticias","tag-bancos","tag-feriados","tag-servicos-financeiros"],"yoast_head":"<!-- This site is optimized with the Yoast SEO plugin v23.8 - https:\/\/yoast.com\/wordpress\/plugins\/seo\/ -->\n<title>Aten\u00e7\u00e3o, clientes! Fechamento de ag\u00eancias banc\u00e1rias pode afetar brasileiros! - Estado de Minas - Em foco<\/title>\n<meta name=\"description\" content=\"Com as ag\u00eancias banc\u00e1rias fechadas, descubra como usar canais digitais para fazer pagamentos, transfer\u00eancias e muito mais.\" \/>\n<meta name=\"robots\" content=\"index, follow, max-snippet:-1, max-image-preview:large, max-video-preview:-1\" \/>\n<link rel=\"canonical\" href=\"https:\/\/www.em.com.br\/emfoco\/2025\/04\/05\/atencao-clientes-fechamento-de-agencias-bancarias-pode-afetar-brasileiros\/\" \/>\n<meta property=\"og:locale\" content=\"pt_BR\" \/>\n<meta property=\"og:type\" content=\"article\" \/>\n<meta property=\"og:title\" content=\"Aten\u00e7\u00e3o, clientes! Fechamento de ag\u00eancias banc\u00e1rias pode afetar brasileiros! - Estado de Minas - Em foco\" \/>\n<meta property=\"og:description\" content=\"Com as ag\u00eancias banc\u00e1rias fechadas, descubra como usar canais digitais para fazer pagamentos, transfer\u00eancias e muito mais.\" \/>\n<meta property=\"og:url\" content=\"https:\/\/www.em.com.br\/emfoco\/2025\/04\/05\/atencao-clientes-fechamento-de-agencias-bancarias-pode-afetar-brasileiros\/\" \/>\n<meta property=\"og:site_name\" content=\"Estado de Minas - Em foco\" \/>\n<meta property=\"article:published_time\" content=\"2025-04-05T13:00:00+00:00\" \/>\n<meta property=\"article:modified_time\" content=\"2025-04-03T12:53:11+00:00\" \/>\n<meta property=\"og:image\" content=\"https:\/\/www.em.com.br\/emfoco\/wp-content\/uploads\/2025\/03\/bancos_1741882018008.jpg\" \/>\n\t<meta property=\"og:image:width\" content=\"1280\" \/>\n\t<meta property=\"og:image:height\" content=\"720\" \/>\n\t<meta property=\"og:image:type\" content=\"image\/jpeg\" \/>\n<meta name=\"author\" content=\"N\u00fabia Rangel\" \/>\n<meta name=\"twitter:card\" content=\"summary_large_image\" \/>\n<meta name=\"twitter:label1\" content=\"Escrito por\" \/>\n\t<meta name=\"twitter:data1\" content=\"N\u00fabia Rangel\" \/>\n\t<meta name=\"twitter:label2\" content=\"Est. tempo de leitura\" \/>\n\t<meta name=\"twitter:data2\" content=\"4 minutos\" \/>\n<!-- \/ Yoast SEO plugin. -->","yoast_head_json":{"title":"Aten\u00e7\u00e3o, clientes! Fechamento de ag\u00eancias banc\u00e1rias pode afetar brasileiros! - Estado de Minas - Em foco","description":"Com as ag\u00eancias banc\u00e1rias fechadas, descubra como usar canais digitais para fazer pagamentos, transfer\u00eancias e muito mais.","robots":{"index":"index","follow":"follow","max-snippet":"max-snippet:-1","max-image-preview":"max-image-preview:large","max-video-preview":"max-video-preview:-1"},"canonical":"https:\/\/www.em.com.br\/emfoco\/2025\/04\/05\/atencao-clientes-fechamento-de-agencias-bancarias-pode-afetar-brasileiros\/","og_locale":"pt_BR","og_type":"article","og_title":"Aten\u00e7\u00e3o, clientes! Fechamento de ag\u00eancias banc\u00e1rias pode afetar brasileiros! - Estado de Minas - Em foco","og_description":"Com as ag\u00eancias banc\u00e1rias fechadas, descubra como usar canais digitais para fazer pagamentos, transfer\u00eancias e muito mais.","og_url":"https:\/\/www.em.com.br\/emfoco\/2025\/04\/05\/atencao-clientes-fechamento-de-agencias-bancarias-pode-afetar-brasileiros\/","og_site_name":"Estado de Minas - Em foco","article_published_time":"2025-04-05T13:00:00+00:00","article_modified_time":"2025-04-03T12:53:11+00:00","og_image":[{"width":1280,"height":720,"url":"https:\/\/www.em.com.br\/emfoco\/wp-content\/uploads\/2025\/03\/bancos_1741882018008.jpg","type":"image\/jpeg"}],"author":"N\u00fabia Rangel","twitter_card":"summary_large_image","twitter_misc":{"Escrito por":"N\u00fabia Rangel","Est. tempo de leitura":"4 minutos"},"schema":{"@context":"https:\/\/schema.org","@graph":[{"@type":"WebPage","@id":"https:\/\/www.em.com.br\/emfoco\/2025\/04\/05\/atencao-clientes-fechamento-de-agencias-bancarias-pode-afetar-brasileiros\/","url":"https:\/\/www.em.com.br\/emfoco\/2025\/04\/05\/atencao-clientes-fechamento-de-agencias-bancarias-pode-afetar-brasileiros\/","name":"Aten\u00e7\u00e3o, clientes! Fechamento de ag\u00eancias banc\u00e1rias pode afetar brasileiros! - Estado de Minas - Em foco","isPartOf":{"@id":"https:\/\/www.em.com.br\/emfoco\/#website"},"primaryImageOfPage":{"@id":"https:\/\/www.em.com.br\/emfoco\/2025\/04\/05\/atencao-clientes-fechamento-de-agencias-bancarias-pode-afetar-brasileiros\/#primaryimage"},"image":{"@id":"https:\/\/www.em.com.br\/emfoco\/2025\/04\/05\/atencao-clientes-fechamento-de-agencias-bancarias-pode-afetar-brasileiros\/#primaryimage"},"thumbnailUrl":"https:\/\/www.em.com.br\/emfoco\/wp-content\/uploads\/2025\/03\/bancos_1741882018008.jpg","datePublished":"2025-04-05T13:00:00+00:00","dateModified":"2025-04-03T12:53:11+00:00","author":{"@id":"https:\/\/www.em.com.br\/emfoco\/#\/schema\/person\/524437ef54f8a5d32591b143307f2e20"},"description":"Com as ag\u00eancias banc\u00e1rias fechadas, descubra como usar canais digitais para fazer pagamentos, transfer\u00eancias e muito mais.","breadcrumb":{"@id":"https:\/\/www.em.com.br\/emfoco\/2025\/04\/05\/atencao-clientes-fechamento-de-agencias-bancarias-pode-afetar-brasileiros\/#breadcrumb"},"inLanguage":"pt-BR","potentialAction":[{"@type":"ReadAction","target":["https:\/\/www.em.com.br\/emfoco\/2025\/04\/05\/atencao-clientes-fechamento-de-agencias-bancarias-pode-afetar-brasileiros\/"]}]},{"@type":"ImageObject","inLanguage":"pt-BR","@id":"https:\/\/www.em.com.br\/emfoco\/2025\/04\/05\/atencao-clientes-fechamento-de-agencias-bancarias-pode-afetar-brasileiros\/#primaryimage","url":"https:\/\/www.em.com.br\/emfoco\/wp-content\/uploads\/2025\/03\/bancos_1741882018008.jpg","contentUrl":"https:\/\/www.em.com.br\/emfoco\/wp-content\/uploads\/2025\/03\/bancos_1741882018008.jpg","width":1280,"height":720,"caption":"Banco - Cr\u00e9ditos: depositphotos.com \/ ademdemir"},{"@type":"BreadcrumbList","@id":"https:\/\/www.em.com.br\/emfoco\/2025\/04\/05\/atencao-clientes-fechamento-de-agencias-bancarias-pode-afetar-brasileiros\/#breadcrumb","itemListElement":[{"@type":"ListItem","position":1,"name":"In\u00edcio","item":"https:\/\/www.em.com.br\/emfoco\/"},{"@type":"ListItem","position":2,"name":"Aten\u00e7\u00e3o, clientes! Fechamento de ag\u00eancias banc\u00e1rias pode afetar brasileiros!"}]},{"@type":"WebSite","@id":"https:\/\/www.em.com.br\/emfoco\/#website","url":"https:\/\/www.em.com.br\/emfoco\/","name":"Estado de Minas - Em foco","description":"Acompanhe as \u00faltimas not\u00edcias e fique bem informado sobre tudo o que acontece em Minas Gerais, Brasil e no mundo.","potentialAction":[{"@type":"SearchAction","target":{"@type":"EntryPoint","urlTemplate":"https:\/\/www.em.com.br\/emfoco\/?s={search_term_string}"},"query-input":{"@type":"PropertyValueSpecification","valueRequired":true,"valueName":"search_term_string"}}],"inLanguage":"pt-BR"},{"@type":"Person","@id":"https:\/\/www.em.com.br\/emfoco\/#\/schema\/person\/524437ef54f8a5d32591b143307f2e20","name":"N\u00fabia Rangel","image":{"@type":"ImageObject","inLanguage":"pt-BR","@id":"https:\/\/www.em.com.br\/emfoco\/#\/schema\/person\/image\/","url":"https:\/\/secure.gravatar.com\/avatar\/47cff2827a5ba23c37e8068c86817ea4?s=96&d=mm&r=g","contentUrl":"https:\/\/secure.gravatar.com\/avatar\/47cff2827a5ba23c37e8068c86817ea4?s=96&d=mm&r=g","caption":"N\u00fabia Rangel"},"sameAs":["https:\/\/www.em.com.br\/emfoco\/"],"url":"https:\/\/www.em.com.br\/emfoco\/author\/nubiamyth\/"}]}},"_links":{"self":[{"href":"https:\/\/www.em.com.br\/emfoco\/wp-json\/wp\/v2\/posts\/34609","targetHints":{"allow":["GET"]}}],"collection":[{"href":"https:\/\/www.em.com.br\/emfoco\/wp-json\/wp\/v2\/posts"}],"about":[{"href":"https:\/\/www.em.com.br\/emfoco\/wp-json\/wp\/v2\/types\/post"}],"author":[{"embeddable":true,"href":"https:\/\/www.em.com.br\/emfoco\/wp-json\/wp\/v2\/users\/5"}],"replies":[{"embeddable":true,"href":"https:\/\/www.em.com.br\/emfoco\/wp-json\/wp\/v2\/comments?post=34609"}],"version-history":[{"count":4,"href":"https:\/\/www.em.com.br\/emfoco\/wp-json\/wp\/v2\/posts\/34609\/revisions"}],"predecessor-version":[{"id":34748,"href":"https:\/\/www.em.com.br\/emfoco\/wp-json\/wp\/v2\/posts\/34609\/revisions\/34748"}],"wp:featuredmedia":[{"embeddable":true,"href":"https:\/\/www.em.com.br\/emfoco\/wp-json\/wp\/v2\/media\/28502"}],"wp:attachment":[{"href":"https:\/\/www.em.com.br\/emfoco\/wp-json\/wp\/v2\/media?parent=34609"}],"wp:term":[{"taxonomy":"category","embeddable":true,"href":"https:\/\/www.em.com.br\/emfoco\/wp-json\/wp\/v2\/categories?post=34609"},{"taxonomy":"post_tag","embeddable":true,"href":"https:\/\/www.em.com.br\/emfoco\/wp-json\/wp\/v2\/tags?post=34609"}],"curies":[{"name":"wp","href":"https:\/\/api.w.org\/{rel}","templated":true}]}}