{"id":34590,"date":"2025-04-03T06:20:00","date_gmt":"2025-04-03T09:20:00","guid":{"rendered":"https:\/\/www.em.com.br\/emfoco\/?p=34590"},"modified":"2025-04-02T15:22:38","modified_gmt":"2025-04-02T18:22:38","slug":"confira-os-detalhes-da-previsao-do-tempo-para-esta-quinta-feira-03-04-na-regiao-sudeste","status":"publish","type":"post","link":"https:\/\/www.em.com.br\/emfoco\/2025\/04\/03\/confira-os-detalhes-da-previsao-do-tempo-para-esta-quinta-feira-03-04-na-regiao-sudeste\/","title":{"rendered":"Confira os detalhes da previs\u00e3o do tempo para esta quinta-feira 03\/04 na Regi\u00e3o Sudeste"},"content":{"rendered":"\n<p>A previs\u00e3o do tempo para <strong><a href=\"https:\/\/www.em.com.br\/emfoco\/2025\/03\/27\/belo-horizonte-em-festa-com-feriado-de-abril-azul-prepara-operacao-especial\/\" target=\"_blank\" rel=\"noreferrer noopener\">Belo Horizonte<\/a><\/strong> no dia 3 de abril de 2025 indica varia\u00e7\u00f5es significativas de temperatura, conforme dados do <strong>Instituto Nacional de Meteorologia (Inmet)<\/strong> e do <strong>Climatempo<\/strong>.<\/p>\n\n\n\n<p>A capital mineira ter\u00e1 um dia com m\u00ednima de 18\u00b0C e m\u00e1xima de 28\u00b0C. Al\u00e9m disso, h\u00e1 possibilidade de chuvas isoladas, o que pode trazer al\u00edvio para o calor, mas tamb\u00e9m exige aten\u00e7\u00e3o dos moradores para mudan\u00e7as repentinas no clima.<\/p>\n\n\n\n<h2 class=\"wp-block-heading\">Como ficam as temperaturas nas principais cidades de Minas Gerais<\/h2>\n\n\n\n<p>Outras cidades de <strong>Minas Gerais<\/strong> tamb\u00e9m apresentam varia\u00e7\u00f5es clim\u00e1ticas que podem impactar o dia a dia da popula\u00e7\u00e3o. Confira as previs\u00f5es para algumas das principais cidades do estado:<\/p>\n\n\n\n<ul class=\"wp-block-list\">\n<li><strong>Uberl\u00e2ndia<\/strong>: m\u00e1xima de 30\u00b0C, m\u00ednima de 19\u00b0C<\/li>\n\n\n\n<li><strong>Juiz de Fora<\/strong>: m\u00e1xima de 26\u00b0C, m\u00ednima de 17\u00b0C<\/li>\n\n\n\n<li><strong>Montes Claros<\/strong>: m\u00e1xima de 32\u00b0C, m\u00ednima de 20\u00b0C<\/li>\n\n\n\n<li><strong>Divin\u00f3polis<\/strong>: m\u00e1xima de 29\u00b0C, m\u00ednima de 18\u00b0C<\/li>\n<\/ul>\n\n\n\n<p>A diferen\u00e7a nas temperaturas entre as regi\u00f5es reflete a diversidade do clima mineiro, influenciado por fatores como relevo e proximidade com \u00e1reas de mata e rios.<\/p>\n\n\n\n<h2 class=\"wp-block-heading\">O que esperar do ver\u00e3o na regi\u00e3o Sudeste<\/h2>\n\n\n\n<p>O ver\u00e3o segue trazendo temperaturas elevadas para as capitais do <strong>Sudeste<\/strong>. Nos pr\u00f3ximos dias, a previs\u00e3o aponta:<\/p>\n\n\n\n<ul class=\"wp-block-list\">\n<li><strong>S\u00e3o Paulo<\/strong>: m\u00e1xima de 31\u00b0C, m\u00ednima de 21\u00b0C<\/li>\n\n\n\n<li><strong>Rio de Janeiro<\/strong>: m\u00e1xima de 34\u00b0C, m\u00ednima de 23\u00b0C<\/li>\n\n\n\n<li><strong>Vit\u00f3ria<\/strong>: m\u00e1xima de 33\u00b0C, m\u00ednima de 24\u00b0C<\/li>\n<\/ul>\n\n\n\n<p>Al\u00e9m do calor intenso, h\u00e1 chances de pancadas de chuva t\u00edpicas da esta\u00e7\u00e3o, que ocorrem principalmente no final da tarde, exigindo aten\u00e7\u00e3o dos motoristas e pedestres para evitar transtornos no tr\u00e2nsito.<\/p>\n\n\n\n<figure class=\"wp-block-image\"><img decoding=\"async\" src=\"https:\/\/www.em.com.br\/emfoco\/wp-content\/uploads\/2025\/03\/clima_1741150231628-1024x576.jpg\" alt=\"\"\/><figcaption class=\"wp-element-caption\">Previs\u00e3o do tempo &#8211; Cr\u00e9ditos: depositphotos.com \/ Variant<\/figcaption><\/figure>\n\n\n\n<h2 class=\"wp-block-heading\">Mudan\u00e7as clim\u00e1ticas e o impacto na previs\u00e3o do tempo<\/h2>\n\n\n\n<p>As <strong><a href=\"https:\/\/brasilescola.uol.com.br\/biologia\/mudancas-climaticas.htm\" target=\"_blank\" rel=\"noreferrer noopener\">mudan\u00e7as clim\u00e1ticas<\/a><\/strong> t\u00eam alterado os padr\u00f5es meteorol\u00f3gicos, resultando em eventos extremos e aumento das temperaturas m\u00e9dias globais. O Inmet e o Climatempo monitoram esses fen\u00f4menos para fornecer previs\u00f5es mais precisas e alertas \u00e0 popula\u00e7\u00e3o.<\/p>\n\n\n\n<p>Entre os principais efeitos observados est\u00e3o:<\/p>\n\n\n\n<ul class=\"wp-block-list\">\n<li>Per\u00edodos prolongados de seca seguidos por chuvas intensas<\/li>\n\n\n\n<li>Sensa\u00e7\u00e3o t\u00e9rmica elevada devido ao efeito estufa<\/li>\n\n\n\n<li>Maior incid\u00eancia de temporais com rajadas de vento e granizo<\/li>\n<\/ul>\n\n\n\n<p>Essas transforma\u00e7\u00f5es no clima refor\u00e7am a import\u00e2ncia do acompanhamento di\u00e1rio das previs\u00f5es para que a popula\u00e7\u00e3o possa se preparar melhor.<\/p>\n\n\n\n<h2 class=\"wp-block-heading\">Como interpretar a previs\u00e3o do tempo e evitar surpresas<\/h2>\n\n\n\n<p>Muitas pessoas ainda enfrentam dificuldades para entender corretamente as previs\u00f5es meteorol\u00f3gicas. Algumas dicas podem ajudar na interpreta\u00e7\u00e3o das informa\u00e7\u00f5es:<\/p>\n\n\n\n<ul class=\"wp-block-list\">\n<li><strong>Escolha fontes confi\u00e1veis<\/strong>: Inmet e Climatempo oferecem dados precisos e atualizados<\/li>\n\n\n\n<li><strong>Acompanhe as tend\u00eancias<\/strong>: Comparar as previs\u00f5es ao longo da semana ajuda a prever mudan\u00e7as bruscas<\/li>\n\n\n\n<li><strong>Considere fatores locais<\/strong>: O relevo e a urbaniza\u00e7\u00e3o influenciam a temperatura e a intensidade das chuvas<\/li>\n\n\n\n<li><strong>Fique atento a alertas<\/strong>: Avisos de tempestades, rajadas de vento e ondas de calor s\u00e3o fundamentais para a seguran\u00e7a<\/li>\n<\/ul>\n\n\n\n<p>Seguindo essas orienta\u00e7\u00f5es, \u00e9 poss\u00edvel se preparar melhor para enfrentar as varia\u00e7\u00f5es clim\u00e1ticas do dia a dia.<\/p>\n","protected":false},"excerpt":{"rendered":"<p>A previs\u00e3o do tempo para Belo Horizonte no dia 3 de abril de 2025 indica varia\u00e7\u00f5es significativas de temperatura, conforme dados do Instituto Nacional de Meteorologia (Inmet) e do Climatempo. A capital mineira ter\u00e1 um dia com m\u00ednima de 18\u00b0C e m\u00e1xima de 28\u00b0C. Al\u00e9m disso, h\u00e1 possibilidade de chuvas isoladas, o que pode trazer [&hellip;]<\/p>\n","protected":false},"author":11,"featured_media":24546,"comment_status":"open","ping_status":"open","sticky":false,"template":"","format":"standard","meta":{"jnews-multi-image_gallery":[],"jnews_single_post":{"format":"standard"},"jnews_primary_category":[],"jnews_social_meta":[],"jnews_override_counter":[],"footnotes":""},"categories":[30,1],"tags":[152,251,1192],"class_list":["post-34590","post","type-post","status-publish","format-standard","has-post-thumbnail","hentry","category-clima","category-noticias","tag-clima","tag-previsao-do-tempo","tag-sudeste"],"yoast_head":"<!-- This site is optimized with the Yoast SEO plugin v23.8 - https:\/\/yoast.com\/wordpress\/plugins\/seo\/ -->\n<title>Confira os detalhes da previs\u00e3o do tempo para esta quinta-feira 03\/04 na Regi\u00e3o Sudeste - Estado de Minas - Em foco<\/title>\n<meta name=\"description\" content=\"As temperaturas sobem, mas pancadas de chuva podem surpreender. Veja a previs\u00e3o completa para as principais cidades.\" \/>\n<meta name=\"robots\" content=\"index, follow, max-snippet:-1, max-image-preview:large, max-video-preview:-1\" \/>\n<link rel=\"canonical\" href=\"https:\/\/www.em.com.br\/emfoco\/2025\/04\/03\/confira-os-detalhes-da-previsao-do-tempo-para-esta-quinta-feira-03-04-na-regiao-sudeste\/\" \/>\n<meta property=\"og:locale\" content=\"pt_BR\" \/>\n<meta property=\"og:type\" content=\"article\" \/>\n<meta property=\"og:title\" content=\"Confira os detalhes da previs\u00e3o do tempo para esta quinta-feira 03\/04 na Regi\u00e3o Sudeste - Estado de Minas - Em foco\" \/>\n<meta property=\"og:description\" content=\"As temperaturas sobem, mas pancadas de chuva podem surpreender. Veja a previs\u00e3o completa para as principais cidades.\" \/>\n<meta property=\"og:url\" content=\"https:\/\/www.em.com.br\/emfoco\/2025\/04\/03\/confira-os-detalhes-da-previsao-do-tempo-para-esta-quinta-feira-03-04-na-regiao-sudeste\/\" \/>\n<meta property=\"og:site_name\" content=\"Estado de Minas - Em foco\" \/>\n<meta property=\"article:published_time\" content=\"2025-04-03T09:20:00+00:00\" \/>\n<meta property=\"article:modified_time\" content=\"2025-04-02T18:22:38+00:00\" \/>\n<meta property=\"og:image\" content=\"https:\/\/www.em.com.br\/emfoco\/wp-content\/uploads\/2025\/03\/previsao_1740972866822.jpg\" \/>\n\t<meta property=\"og:image:width\" content=\"1280\" \/>\n\t<meta property=\"og:image:height\" content=\"720\" \/>\n\t<meta property=\"og:image:type\" content=\"image\/jpeg\" \/>\n<meta name=\"author\" content=\"Andre\u0301 Rangel\u00a0\" \/>\n<meta name=\"twitter:card\" content=\"summary_large_image\" \/>\n<meta name=\"twitter:label1\" content=\"Escrito por\" \/>\n\t<meta name=\"twitter:data1\" content=\"Andre\u0301 Rangel\u00a0\" \/>\n\t<meta name=\"twitter:label2\" content=\"Est. tempo de leitura\" \/>\n\t<meta name=\"twitter:data2\" content=\"3 minutos\" \/>\n<!-- \/ Yoast SEO plugin. -->","yoast_head_json":{"title":"Confira os detalhes da previs\u00e3o do tempo para esta quinta-feira 03\/04 na Regi\u00e3o Sudeste - Estado de Minas - Em foco","description":"As temperaturas sobem, mas pancadas de chuva podem surpreender. Veja a previs\u00e3o completa para as principais cidades.","robots":{"index":"index","follow":"follow","max-snippet":"max-snippet:-1","max-image-preview":"max-image-preview:large","max-video-preview":"max-video-preview:-1"},"canonical":"https:\/\/www.em.com.br\/emfoco\/2025\/04\/03\/confira-os-detalhes-da-previsao-do-tempo-para-esta-quinta-feira-03-04-na-regiao-sudeste\/","og_locale":"pt_BR","og_type":"article","og_title":"Confira os detalhes da previs\u00e3o do tempo para esta quinta-feira 03\/04 na Regi\u00e3o Sudeste - Estado de Minas - Em foco","og_description":"As temperaturas sobem, mas pancadas de chuva podem surpreender. Veja a previs\u00e3o completa para as principais cidades.","og_url":"https:\/\/www.em.com.br\/emfoco\/2025\/04\/03\/confira-os-detalhes-da-previsao-do-tempo-para-esta-quinta-feira-03-04-na-regiao-sudeste\/","og_site_name":"Estado de Minas - Em foco","article_published_time":"2025-04-03T09:20:00+00:00","article_modified_time":"2025-04-02T18:22:38+00:00","og_image":[{"width":1280,"height":720,"url":"https:\/\/www.em.com.br\/emfoco\/wp-content\/uploads\/2025\/03\/previsao_1740972866822.jpg","type":"image\/jpeg"}],"author":"Andre\u0301 Rangel\u00a0","twitter_card":"summary_large_image","twitter_misc":{"Escrito por":"Andre\u0301 Rangel\u00a0","Est. tempo de leitura":"3 minutos"},"schema":{"@context":"https:\/\/schema.org","@graph":[{"@type":"WebPage","@id":"https:\/\/www.em.com.br\/emfoco\/2025\/04\/03\/confira-os-detalhes-da-previsao-do-tempo-para-esta-quinta-feira-03-04-na-regiao-sudeste\/","url":"https:\/\/www.em.com.br\/emfoco\/2025\/04\/03\/confira-os-detalhes-da-previsao-do-tempo-para-esta-quinta-feira-03-04-na-regiao-sudeste\/","name":"Confira os detalhes da previs\u00e3o do tempo para esta quinta-feira 03\/04 na Regi\u00e3o Sudeste - Estado de Minas - Em foco","isPartOf":{"@id":"https:\/\/www.em.com.br\/emfoco\/#website"},"primaryImageOfPage":{"@id":"https:\/\/www.em.com.br\/emfoco\/2025\/04\/03\/confira-os-detalhes-da-previsao-do-tempo-para-esta-quinta-feira-03-04-na-regiao-sudeste\/#primaryimage"},"image":{"@id":"https:\/\/www.em.com.br\/emfoco\/2025\/04\/03\/confira-os-detalhes-da-previsao-do-tempo-para-esta-quinta-feira-03-04-na-regiao-sudeste\/#primaryimage"},"thumbnailUrl":"https:\/\/www.em.com.br\/emfoco\/wp-content\/uploads\/2025\/03\/previsao_1740972866822.jpg","datePublished":"2025-04-03T09:20:00+00:00","dateModified":"2025-04-02T18:22:38+00:00","author":{"@id":"https:\/\/www.em.com.br\/emfoco\/#\/schema\/person\/60eda09c1fedf0d6891f4cef4b60b8b8"},"description":"As temperaturas sobem, mas pancadas de chuva podem surpreender. Veja a previs\u00e3o completa para as principais cidades.","breadcrumb":{"@id":"https:\/\/www.em.com.br\/emfoco\/2025\/04\/03\/confira-os-detalhes-da-previsao-do-tempo-para-esta-quinta-feira-03-04-na-regiao-sudeste\/#breadcrumb"},"inLanguage":"pt-BR","potentialAction":[{"@type":"ReadAction","target":["https:\/\/www.em.com.br\/emfoco\/2025\/04\/03\/confira-os-detalhes-da-previsao-do-tempo-para-esta-quinta-feira-03-04-na-regiao-sudeste\/"]}]},{"@type":"ImageObject","inLanguage":"pt-BR","@id":"https:\/\/www.em.com.br\/emfoco\/2025\/04\/03\/confira-os-detalhes-da-previsao-do-tempo-para-esta-quinta-feira-03-04-na-regiao-sudeste\/#primaryimage","url":"https:\/\/www.em.com.br\/emfoco\/wp-content\/uploads\/2025\/03\/previsao_1740972866822.jpg","contentUrl":"https:\/\/www.em.com.br\/emfoco\/wp-content\/uploads\/2025\/03\/previsao_1740972866822.jpg","width":1280,"height":720,"caption":"Previs\u00e3o do tempo - Cr\u00e9ditos: depositphotos.com \/ arvydele.gmail.com"},{"@type":"BreadcrumbList","@id":"https:\/\/www.em.com.br\/emfoco\/2025\/04\/03\/confira-os-detalhes-da-previsao-do-tempo-para-esta-quinta-feira-03-04-na-regiao-sudeste\/#breadcrumb","itemListElement":[{"@type":"ListItem","position":1,"name":"In\u00edcio","item":"https:\/\/www.em.com.br\/emfoco\/"},{"@type":"ListItem","position":2,"name":"Confira os detalhes da previs\u00e3o do tempo para esta quinta-feira 03\/04 na Regi\u00e3o Sudeste"}]},{"@type":"WebSite","@id":"https:\/\/www.em.com.br\/emfoco\/#website","url":"https:\/\/www.em.com.br\/emfoco\/","name":"Estado de Minas - Em foco","description":"Acompanhe as \u00faltimas not\u00edcias e fique bem informado sobre tudo o que acontece em Minas Gerais, Brasil e no mundo.","potentialAction":[{"@type":"SearchAction","target":{"@type":"EntryPoint","urlTemplate":"https:\/\/www.em.com.br\/emfoco\/?s={search_term_string}"},"query-input":{"@type":"PropertyValueSpecification","valueRequired":true,"valueName":"search_term_string"}}],"inLanguage":"pt-BR"},{"@type":"Person","@id":"https:\/\/www.em.com.br\/emfoco\/#\/schema\/person\/60eda09c1fedf0d6891f4cef4b60b8b8","name":"Andre\u0301 Rangel\u00a0","image":{"@type":"ImageObject","inLanguage":"pt-BR","@id":"https:\/\/www.em.com.br\/emfoco\/#\/schema\/person\/image\/","url":"https:\/\/secure.gravatar.com\/avatar\/6234dc814c77c8ef6d8bba622c787efc?s=96&d=mm&r=g","contentUrl":"https:\/\/secure.gravatar.com\/avatar\/6234dc814c77c8ef6d8bba622c787efc?s=96&d=mm&r=g","caption":"Andre\u0301 Rangel\u00a0"},"url":"https:\/\/www.em.com.br\/emfoco\/author\/luizmyth\/"}]}},"_links":{"self":[{"href":"https:\/\/www.em.com.br\/emfoco\/wp-json\/wp\/v2\/posts\/34590","targetHints":{"allow":["GET"]}}],"collection":[{"href":"https:\/\/www.em.com.br\/emfoco\/wp-json\/wp\/v2\/posts"}],"about":[{"href":"https:\/\/www.em.com.br\/emfoco\/wp-json\/wp\/v2\/types\/post"}],"author":[{"embeddable":true,"href":"https:\/\/www.em.com.br\/emfoco\/wp-json\/wp\/v2\/users\/11"}],"replies":[{"embeddable":true,"href":"https:\/\/www.em.com.br\/emfoco\/wp-json\/wp\/v2\/comments?post=34590"}],"version-history":[{"count":3,"href":"https:\/\/www.em.com.br\/emfoco\/wp-json\/wp\/v2\/posts\/34590\/revisions"}],"predecessor-version":[{"id":34594,"href":"https:\/\/www.em.com.br\/emfoco\/wp-json\/wp\/v2\/posts\/34590\/revisions\/34594"}],"wp:featuredmedia":[{"embeddable":true,"href":"https:\/\/www.em.com.br\/emfoco\/wp-json\/wp\/v2\/media\/24546"}],"wp:attachment":[{"href":"https:\/\/www.em.com.br\/emfoco\/wp-json\/wp\/v2\/media?parent=34590"}],"wp:term":[{"taxonomy":"category","embeddable":true,"href":"https:\/\/www.em.com.br\/emfoco\/wp-json\/wp\/v2\/categories?post=34590"},{"taxonomy":"post_tag","embeddable":true,"href":"https:\/\/www.em.com.br\/emfoco\/wp-json\/wp\/v2\/tags?post=34590"}],"curies":[{"name":"wp","href":"https:\/\/api.w.org\/{rel}","templated":true}]}}