{"id":34521,"date":"2025-04-03T17:20:27","date_gmt":"2025-04-03T20:20:27","guid":{"rendered":"https:\/\/www.em.com.br\/emfoco\/?p=34521"},"modified":"2025-04-02T14:23:42","modified_gmt":"2025-04-02T17:23:42","slug":"conheca-o-novo-recurso-do-whatsapp-que-vai-te-ajudar-a-lembrar-de-tudo","status":"publish","type":"post","link":"https:\/\/www.em.com.br\/emfoco\/2025\/04\/03\/conheca-o-novo-recurso-do-whatsapp-que-vai-te-ajudar-a-lembrar-de-tudo\/","title":{"rendered":"Conhe\u00e7a o novo recurso do WhatsApp que vai te ajudar a lembrar de tudo"},"content":{"rendered":"\n<p>O <strong>WhatsApp<\/strong>, um dos aplicativos de mensagens mais populares do mundo, est\u00e1 prestes a dar um passo significativo na integra\u00e7\u00e3o de intelig\u00eancia artificial. A nova funcionalidade, ainda em fase de testes, promete <a href=\"https:\/\/wabetainfo.com\/whatsapp-beta-for-android-2-25-9-14-whats-new\/\" target=\"_blank\" rel=\"noopener\">transformar<\/a> a maneira como os usu\u00e1rios gerenciam suas tarefas di\u00e1rias, introduzindo lembretes autom\u00e1ticos por meio da <strong>Meta AI.<\/strong> Esta inova\u00e7\u00e3o est\u00e1 dispon\u00edvel apenas na vers\u00e3o beta para <strong>Android<\/strong>, mas j\u00e1 desperta curiosidade e expectativa entre os usu\u00e1rios.<\/p>\n\n\n\n<p>Com a crescente depend\u00eancia de aplicativos de mensagens para diversas atividades cotidianas, a possibilidade de usar o <a href=\"https:\/\/www.em.com.br\/emfoco\/2025\/04\/02\/golpe-no-whatsapp-afeta-milhoes-de-brasileiros-e-pode-travar-seu-celular\/\" target=\"_blank\" rel=\"noopener\">WhatsApp<\/a> como ferramenta oficial de lembretes \u00e9 uma adi\u00e7\u00e3o bem-vinda. Atualmente, muitos usu\u00e1rios recorrem a m\u00e9todos improvisados, como enviar mensagens para si mesmos, para n\u00e3o esquecer compromissos importantes. A <strong>Meta AI<\/strong> promete simplificar esse processo, permitindo que os usu\u00e1rios criem lembretes atrav\u00e9s de comandos de texto.<\/p>\n\n\n\n<h2 class=\"wp-block-heading\">Como funcionar\u00e1 a integra\u00e7\u00e3o da Meta AI no WhatsApp?<\/h2>\n\n\n\n<p>A funcionalidade de lembretes no WhatsApp, impulsionada pela Meta AI, funcionar\u00e1 de maneira semelhante a assistentes virtuais como o <strong>ChatGPT.<\/strong> Os usu\u00e1rios poder\u00e3o interagir com a intelig\u00eancia artificial por meio de <strong>prompts<\/strong>, digitando instru\u00e7\u00f5es espec\u00edficas para criar lembretes. Por exemplo, um usu\u00e1rio poder\u00e1 solicitar que a Meta AI envie uma mensagem \u00e0s <strong>17:00<\/strong> para lembrar de ir ao mercado, ou configurar um lembrete di\u00e1rio para motiva\u00e7\u00e3o de exerc\u00edcios f\u00edsicos.<\/p>\n\n\n\n<p>Al\u00e9m disso, a interface da Meta AI no <strong>WhatsApp <\/strong>incluir\u00e1 uma se\u00e7\u00e3o chamada<strong> &#8220;Tasks&#8221; (Tarefas)<\/strong>, onde os usu\u00e1rios poder\u00e3o gerenciar suas atividades. Ser\u00e1 poss\u00edvel visualizar, modificar ou excluir lembretes previamente configurados, oferecendo um controle total sobre as tarefas agendadas.<\/p>\n\n\n<div class=\"wp-block-image\">\n<figure class=\"aligncenter size-large\"><img loading=\"lazy\" decoding=\"async\" width=\"1024\" height=\"576\" src=\"https:\/\/www.em.com.br\/emfoco\/wp-content\/uploads\/2025\/02\/meta_1738770139885-1024x576.jpg\" alt=\"Meta adota abordagem rigorosa para avaliar riscos em IA\" class=\"wp-image-16863\" srcset=\"https:\/\/www.em.com.br\/emfoco\/wp-content\/uploads\/2025\/02\/meta_1738770139885-1024x576.jpg 1024w, https:\/\/www.em.com.br\/emfoco\/wp-content\/uploads\/2025\/02\/meta_1738770139885-300x169.jpg 300w, https:\/\/www.em.com.br\/emfoco\/wp-content\/uploads\/2025\/02\/meta_1738770139885-768x432.jpg 768w, https:\/\/www.em.com.br\/emfoco\/wp-content\/uploads\/2025\/02\/meta_1738770139885-750x422.jpg 750w, https:\/\/www.em.com.br\/emfoco\/wp-content\/uploads\/2025\/02\/meta_1738770139885-1140x641.jpg 1140w, https:\/\/www.em.com.br\/emfoco\/wp-content\/uploads\/2025\/02\/meta_1738770139885.jpg 1280w\" sizes=\"auto, (max-width: 1024px) 100vw, 1024px\" \/><figcaption class=\"wp-element-caption\">Imagem ilustrativa de redes sociais da Meta &#8211; Cr\u00e9ditos: depositphotos.com \/ diy13@ya.ru<\/figcaption><\/figure><\/div>\n\n\n<h2 class=\"wp-block-heading\">Quando a fun\u00e7\u00e3o estar\u00e1 dispon\u00edvel para todos?<\/h2>\n\n\n\n<p>Atualmente, a funcionalidade de lembretes via Meta AI est\u00e1 em fase de desenvolvimento e dispon\u00edvel apenas na vers\u00e3o beta do WhatsApp para <strong>Android<\/strong>, especificamente na<strong> vers\u00e3o 2.25.9.14<\/strong>. O recurso est\u00e1 oculto, o que significa que ainda n\u00e3o foi liberado para todos os usu\u00e1rios beta. N\u00e3o h\u00e1 uma data oficial de lan\u00e7amento, mas a expectativa \u00e9 que, devido ao seu potencial de utilidade, a fun\u00e7\u00e3o seja disponibilizada amplamente nos<strong> pr\u00f3ximos meses<\/strong>.<\/p>\n\n\n\n<p>Embora ainda n\u00e3o haja garantias de que a funcionalidade ser\u00e1 lan\u00e7ada oficialmente, a introdu\u00e7\u00e3o dos lembretes via Meta AI representa um avan\u00e7o significativo na integra\u00e7\u00e3o de intelig\u00eancia artificial em aplicativos de mensagens. Caso seja bem-sucedida, essa inova\u00e7\u00e3o poder\u00e1 abrir caminho para outras funcionalidades semelhantes, melhorando ainda mais a experi\u00eancia do usu\u00e1rio no <strong>WhatsApp<\/strong>.<\/p>\n\n\n\n<h2 class=\"wp-block-heading\">Quais s\u00e3o as implica\u00e7\u00f5es futuras para os usu\u00e1rios?<\/h2>\n\n\n\n<p>A introdu\u00e7\u00e3o de lembretes autom\u00e1ticos no WhatsApp pode mudar a forma como os usu\u00e1rios interagem com o aplicativo, tornando-o uma ferramenta ainda mais vers\u00e1til. Al\u00e9m de facilitar a organiza\u00e7\u00e3o pessoal, essa funcionalidade pode incentivar o uso do WhatsApp para outras finalidades al\u00e9m da comunica\u00e7\u00e3o, como gerenciamento de tempo e produtividade.<\/p>\n\n\n\n<p>Se a Meta AI for bem recebida, \u00e9 poss\u00edvel que outras plataformas de mensagens sigam o exemplo, incorporando intelig\u00eancia artificial para oferecer servi\u00e7os semelhantes. Isso pode levar a uma nova era de aplicativos de mensagens, onde a integra\u00e7\u00e3o de IA se torna um padr\u00e3o, oferecendo aos usu\u00e1rios uma experi\u00eancia mais rica e personalizada.<\/p>\n","protected":false},"excerpt":{"rendered":"<p>O WhatsApp, um dos aplicativos de mensagens mais populares do mundo, est\u00e1 prestes a dar um passo significativo na integra\u00e7\u00e3o de intelig\u00eancia artificial. A nova funcionalidade, ainda em fase de testes, promete transformar a maneira como os usu\u00e1rios gerenciam suas tarefas di\u00e1rias, introduzindo lembretes autom\u00e1ticos por meio da Meta AI. Esta inova\u00e7\u00e3o est\u00e1 dispon\u00edvel apenas [&hellip;]<\/p>\n","protected":false},"author":9,"featured_media":34138,"comment_status":"open","ping_status":"open","sticky":false,"template":"","format":"standard","meta":{"jnews-multi-image_gallery":[],"jnews_single_post":{"format":"standard"},"jnews_primary_category":[],"jnews_social_meta":[],"jnews_override_counter":[],"footnotes":""},"categories":[1,4204],"tags":[7068,5814,7069,2814],"class_list":["post-34521","post","type-post","status-publish","format-standard","has-post-thumbnail","hentry","category-noticias","category-tecnologia","tag-artificial-intelligence","tag-meta-ai","tag-reminders","tag-whatsapp"],"yoast_head":"<!-- This site is optimized with the Yoast SEO plugin v23.8 - https:\/\/yoast.com\/wordpress\/plugins\/seo\/ -->\n<title>Conhe\u00e7a o novo recurso do WhatsApp que vai te ajudar a lembrar de tudo<\/title>\n<meta name=\"description\" content=\"Nova fun\u00e7\u00e3o do WhatsApp permite criar lembretes com intelig\u00eancia artificial da Meta. Saiba tudo sobre esse recurso inovador.\" \/>\n<meta name=\"robots\" content=\"index, follow, max-snippet:-1, max-image-preview:large, max-video-preview:-1\" \/>\n<link rel=\"canonical\" href=\"https:\/\/www.em.com.br\/emfoco\/2025\/04\/03\/conheca-o-novo-recurso-do-whatsapp-que-vai-te-ajudar-a-lembrar-de-tudo\/\" \/>\n<meta property=\"og:locale\" content=\"pt_BR\" \/>\n<meta property=\"og:type\" content=\"article\" \/>\n<meta property=\"og:title\" content=\"Conhe\u00e7a o novo recurso do WhatsApp que vai te ajudar a lembrar de tudo\" \/>\n<meta property=\"og:description\" content=\"Nova fun\u00e7\u00e3o do WhatsApp permite criar lembretes com intelig\u00eancia artificial da Meta. Saiba tudo sobre esse recurso inovador.\" \/>\n<meta property=\"og:url\" content=\"https:\/\/www.em.com.br\/emfoco\/2025\/04\/03\/conheca-o-novo-recurso-do-whatsapp-que-vai-te-ajudar-a-lembrar-de-tudo\/\" \/>\n<meta property=\"og:site_name\" content=\"Estado de Minas - Em foco\" \/>\n<meta property=\"article:published_time\" content=\"2025-04-03T20:20:27+00:00\" \/>\n<meta property=\"article:modified_time\" content=\"2025-04-02T17:23:42+00:00\" \/>\n<meta property=\"og:image\" content=\"https:\/\/www.em.com.br\/emfoco\/wp-content\/uploads\/2025\/04\/whatsapp_1743520977455.jpg\" \/>\n\t<meta property=\"og:image:width\" content=\"1280\" \/>\n\t<meta property=\"og:image:height\" content=\"720\" \/>\n\t<meta property=\"og:image:type\" content=\"image\/jpeg\" \/>\n<meta name=\"author\" content=\"Daniely Cardoso\" \/>\n<meta name=\"twitter:card\" content=\"summary_large_image\" \/>\n<meta name=\"twitter:label1\" content=\"Escrito por\" \/>\n\t<meta name=\"twitter:data1\" content=\"Daniely Cardoso\" \/>\n\t<meta name=\"twitter:label2\" content=\"Est. tempo de leitura\" \/>\n\t<meta name=\"twitter:data2\" content=\"4 minutos\" \/>\n<!-- \/ Yoast SEO plugin. -->","yoast_head_json":{"title":"Conhe\u00e7a o novo recurso do WhatsApp que vai te ajudar a lembrar de tudo","description":"Nova fun\u00e7\u00e3o do WhatsApp permite criar lembretes com intelig\u00eancia artificial da Meta. Saiba tudo sobre esse recurso inovador.","robots":{"index":"index","follow":"follow","max-snippet":"max-snippet:-1","max-image-preview":"max-image-preview:large","max-video-preview":"max-video-preview:-1"},"canonical":"https:\/\/www.em.com.br\/emfoco\/2025\/04\/03\/conheca-o-novo-recurso-do-whatsapp-que-vai-te-ajudar-a-lembrar-de-tudo\/","og_locale":"pt_BR","og_type":"article","og_title":"Conhe\u00e7a o novo recurso do WhatsApp que vai te ajudar a lembrar de tudo","og_description":"Nova fun\u00e7\u00e3o do WhatsApp permite criar lembretes com intelig\u00eancia artificial da Meta. Saiba tudo sobre esse recurso inovador.","og_url":"https:\/\/www.em.com.br\/emfoco\/2025\/04\/03\/conheca-o-novo-recurso-do-whatsapp-que-vai-te-ajudar-a-lembrar-de-tudo\/","og_site_name":"Estado de Minas - Em foco","article_published_time":"2025-04-03T20:20:27+00:00","article_modified_time":"2025-04-02T17:23:42+00:00","og_image":[{"width":1280,"height":720,"url":"https:\/\/www.em.com.br\/emfoco\/wp-content\/uploads\/2025\/04\/whatsapp_1743520977455.jpg","type":"image\/jpeg"}],"author":"Daniely Cardoso","twitter_card":"summary_large_image","twitter_misc":{"Escrito por":"Daniely Cardoso","Est. tempo de leitura":"4 minutos"},"schema":{"@context":"https:\/\/schema.org","@graph":[{"@type":"WebPage","@id":"https:\/\/www.em.com.br\/emfoco\/2025\/04\/03\/conheca-o-novo-recurso-do-whatsapp-que-vai-te-ajudar-a-lembrar-de-tudo\/","url":"https:\/\/www.em.com.br\/emfoco\/2025\/04\/03\/conheca-o-novo-recurso-do-whatsapp-que-vai-te-ajudar-a-lembrar-de-tudo\/","name":"Conhe\u00e7a o novo recurso do WhatsApp que vai te ajudar a lembrar de tudo","isPartOf":{"@id":"https:\/\/www.em.com.br\/emfoco\/#website"},"primaryImageOfPage":{"@id":"https:\/\/www.em.com.br\/emfoco\/2025\/04\/03\/conheca-o-novo-recurso-do-whatsapp-que-vai-te-ajudar-a-lembrar-de-tudo\/#primaryimage"},"image":{"@id":"https:\/\/www.em.com.br\/emfoco\/2025\/04\/03\/conheca-o-novo-recurso-do-whatsapp-que-vai-te-ajudar-a-lembrar-de-tudo\/#primaryimage"},"thumbnailUrl":"https:\/\/www.em.com.br\/emfoco\/wp-content\/uploads\/2025\/04\/whatsapp_1743520977455.jpg","datePublished":"2025-04-03T20:20:27+00:00","dateModified":"2025-04-02T17:23:42+00:00","author":{"@id":"https:\/\/www.em.com.br\/emfoco\/#\/schema\/person\/0a8186d72f2c3a5c6276d90b41f271a0"},"description":"Nova fun\u00e7\u00e3o do WhatsApp permite criar lembretes com intelig\u00eancia artificial da Meta. Saiba tudo sobre esse recurso inovador.","breadcrumb":{"@id":"https:\/\/www.em.com.br\/emfoco\/2025\/04\/03\/conheca-o-novo-recurso-do-whatsapp-que-vai-te-ajudar-a-lembrar-de-tudo\/#breadcrumb"},"inLanguage":"pt-BR","potentialAction":[{"@type":"ReadAction","target":["https:\/\/www.em.com.br\/emfoco\/2025\/04\/03\/conheca-o-novo-recurso-do-whatsapp-que-vai-te-ajudar-a-lembrar-de-tudo\/"]}]},{"@type":"ImageObject","inLanguage":"pt-BR","@id":"https:\/\/www.em.com.br\/emfoco\/2025\/04\/03\/conheca-o-novo-recurso-do-whatsapp-que-vai-te-ajudar-a-lembrar-de-tudo\/#primaryimage","url":"https:\/\/www.em.com.br\/emfoco\/wp-content\/uploads\/2025\/04\/whatsapp_1743520977455.jpg","contentUrl":"https:\/\/www.em.com.br\/emfoco\/wp-content\/uploads\/2025\/04\/whatsapp_1743520977455.jpg","width":1280,"height":720,"caption":"WhatsApp - Cr\u00e9ditos: depositphotos.com \/ Primakov"},{"@type":"BreadcrumbList","@id":"https:\/\/www.em.com.br\/emfoco\/2025\/04\/03\/conheca-o-novo-recurso-do-whatsapp-que-vai-te-ajudar-a-lembrar-de-tudo\/#breadcrumb","itemListElement":[{"@type":"ListItem","position":1,"name":"In\u00edcio","item":"https:\/\/www.em.com.br\/emfoco\/"},{"@type":"ListItem","position":2,"name":"Conhe\u00e7a o novo recurso do WhatsApp que vai te ajudar a lembrar de tudo"}]},{"@type":"WebSite","@id":"https:\/\/www.em.com.br\/emfoco\/#website","url":"https:\/\/www.em.com.br\/emfoco\/","name":"Estado de Minas - Em foco","description":"Acompanhe as \u00faltimas not\u00edcias e fique bem informado sobre tudo o que acontece em Minas Gerais, Brasil e no mundo.","potentialAction":[{"@type":"SearchAction","target":{"@type":"EntryPoint","urlTemplate":"https:\/\/www.em.com.br\/emfoco\/?s={search_term_string}"},"query-input":{"@type":"PropertyValueSpecification","valueRequired":true,"valueName":"search_term_string"}}],"inLanguage":"pt-BR"},{"@type":"Person","@id":"https:\/\/www.em.com.br\/emfoco\/#\/schema\/person\/0a8186d72f2c3a5c6276d90b41f271a0","name":"Daniely Cardoso","image":{"@type":"ImageObject","inLanguage":"pt-BR","@id":"https:\/\/www.em.com.br\/emfoco\/#\/schema\/person\/image\/","url":"https:\/\/secure.gravatar.com\/avatar\/4b80ddbd124d1f071b626d52d62e5dff?s=96&d=mm&r=g","contentUrl":"https:\/\/secure.gravatar.com\/avatar\/4b80ddbd124d1f071b626d52d62e5dff?s=96&d=mm&r=g","caption":"Daniely Cardoso"},"url":"https:\/\/www.em.com.br\/emfoco\/author\/danielymyth\/"}]}},"_links":{"self":[{"href":"https:\/\/www.em.com.br\/emfoco\/wp-json\/wp\/v2\/posts\/34521","targetHints":{"allow":["GET"]}}],"collection":[{"href":"https:\/\/www.em.com.br\/emfoco\/wp-json\/wp\/v2\/posts"}],"about":[{"href":"https:\/\/www.em.com.br\/emfoco\/wp-json\/wp\/v2\/types\/post"}],"author":[{"embeddable":true,"href":"https:\/\/www.em.com.br\/emfoco\/wp-json\/wp\/v2\/users\/9"}],"replies":[{"embeddable":true,"href":"https:\/\/www.em.com.br\/emfoco\/wp-json\/wp\/v2\/comments?post=34521"}],"version-history":[{"count":2,"href":"https:\/\/www.em.com.br\/emfoco\/wp-json\/wp\/v2\/posts\/34521\/revisions"}],"predecessor-version":[{"id":34554,"href":"https:\/\/www.em.com.br\/emfoco\/wp-json\/wp\/v2\/posts\/34521\/revisions\/34554"}],"wp:featuredmedia":[{"embeddable":true,"href":"https:\/\/www.em.com.br\/emfoco\/wp-json\/wp\/v2\/media\/34138"}],"wp:attachment":[{"href":"https:\/\/www.em.com.br\/emfoco\/wp-json\/wp\/v2\/media?parent=34521"}],"wp:term":[{"taxonomy":"category","embeddable":true,"href":"https:\/\/www.em.com.br\/emfoco\/wp-json\/wp\/v2\/categories?post=34521"},{"taxonomy":"post_tag","embeddable":true,"href":"https:\/\/www.em.com.br\/emfoco\/wp-json\/wp\/v2\/tags?post=34521"}],"curies":[{"name":"wp","href":"https:\/\/api.w.org\/{rel}","templated":true}]}}