{"id":34379,"date":"2025-04-05T18:40:00","date_gmt":"2025-04-05T21:40:00","guid":{"rendered":"https:\/\/www.em.com.br\/emfoco\/?p=34379"},"modified":"2025-04-03T10:02:57","modified_gmt":"2025-04-03T13:02:57","slug":"decisao-do-stf-surpreende-e-gera-alerta-no-pais","status":"publish","type":"post","link":"https:\/\/www.em.com.br\/emfoco\/2025\/04\/05\/decisao-do-stf-surpreende-e-gera-alerta-no-pais\/","title":{"rendered":"Decis\u00e3o do STF surpreende e gera alerta no pa\u00eds"},"content":{"rendered":"\n<p>O<strong> Supremo Tribunal Federal (STF)<\/strong> tomou uma decis\u00e3o significativa ao considerar constitucional a apreens\u00e3o de documentos, como a <strong>Carteira Nacional de Habilita\u00e7\u00e3o (CNH) e o passaporte<\/strong>, como medida para pressionar devedores inadimplentes a quitarem suas d\u00edvidas. Essa decis\u00e3o, fundamentada no <strong><a href=\"https:\/\/www.jusbrasil.com.br\/topicos\/28895367\/inciso-iv-do-artigo-139-da-lei-n-13105-de-16-de-marco-de-2015\" target=\"_blank\" rel=\"noreferrer noopener\">artigo 139<\/a>, inciso IV, do C\u00f3digo de Processo Civil (CPC)<\/strong>, autoriza o juiz a determinar &#8220;todas as medidas indutivas, coercitivas, mandamentais ou sub-rogat\u00f3rias necess\u00e1rias para assegurar o cumprimento de ordem judicial, inclusive nas a\u00e7\u00f5es que tenham por objeto presta\u00e7\u00e3o pecuni\u00e1ria&#8221;. Essa decis\u00e3o de car\u00e1ter vinculante deve ser aplicada com cautela, garantindo que seja justa e utilizada apenas quando n\u00e3o houver outras formas de assegurar o pagamento.<\/p>\n\n\n\n<p>Com essa medida, ju\u00edzes em todo o <strong>Brasil<\/strong> t\u00eam a possibilidade de determinar a apreens\u00e3o de documentos de pessoas com d\u00edvidas em aberto. Essa a\u00e7\u00e3o visa garantir que os credores recebam os valores devidos, mas n\u00e3o \u00e9 autom\u00e1tica. Cada caso deve ser analisado individualmente, considerando se o devedor tem condi\u00e7\u00f5es de pagar e se est\u00e1 tentando evitar o pagamento de forma fraudulenta.<\/p>\n\n\n\n<h2 class=\"wp-block-heading\">Como funciona a apreens\u00e3o de documentos?<\/h2>\n\n\n\n<p>A decis\u00e3o do STF permite que a<strong> Justi\u00e7a<\/strong> avalie a situa\u00e7\u00e3o de cada devedor antes de decidir pela apreens\u00e3o de documentos. A medida n\u00e3o pode restringir o direito de ir e vir do cidad\u00e3o, portanto, em casos onde a CNH \u00e9 essencial para o trabalho do devedor, a reten\u00e7\u00e3o pode ser reconsiderada. Al\u00e9m disso, devedores podem ser impedidos de participar de concursos p\u00fablicos e licita\u00e7\u00f5es.<\/p>\n\n\n\n<p>O objetivo \u00e9 garantir que a medida seja usada de forma razo\u00e1vel, evitando abuso. A Justi\u00e7a deve verificar se h\u00e1 ind\u00edcios de que o devedor est\u00e1 evitando deliberadamente o pagamento. Se for comprovado que o devedor est\u00e1 ocultando bens ou tentando fraudar o sistema, a apreens\u00e3o de documentos pode ser uma solu\u00e7\u00e3o eficaz para pression\u00e1-lo a regularizar sua situa\u00e7\u00e3o financeira.<\/p>\n\n\n\n<figure class=\"wp-block-image size-large\"><img loading=\"lazy\" decoding=\"async\" width=\"1024\" height=\"576\" src=\"https:\/\/www.em.com.br\/emfoco\/wp-content\/uploads\/2024\/12\/CNH_1735224744666-1024x576.jpg\" alt=\"\" class=\"wp-image-6736\" srcset=\"https:\/\/www.em.com.br\/emfoco\/wp-content\/uploads\/2024\/12\/CNH_1735224744666-1024x576.jpg 1024w, https:\/\/www.em.com.br\/emfoco\/wp-content\/uploads\/2024\/12\/CNH_1735224744666-300x169.jpg 300w, https:\/\/www.em.com.br\/emfoco\/wp-content\/uploads\/2024\/12\/CNH_1735224744666-768x432.jpg 768w, https:\/\/www.em.com.br\/emfoco\/wp-content\/uploads\/2024\/12\/CNH_1735224744666-750x422.jpg 750w, https:\/\/www.em.com.br\/emfoco\/wp-content\/uploads\/2024\/12\/CNH_1735224744666-1140x641.jpg 1140w, https:\/\/www.em.com.br\/emfoco\/wp-content\/uploads\/2024\/12\/CNH_1735224744666.jpg 1280w\" sizes=\"auto, (max-width: 1024px) 100vw, 1024px\" \/><figcaption class=\"wp-element-caption\">Carteira de Habilita\u00e7\u00e3o &#8211; Cr\u00e9ditos: depositphotos.com \/ rafapress<\/figcaption><\/figure>\n\n\n\n<h2 class=\"wp-block-heading\">Impactos da decis\u00e3o do STF no sistema jur\u00eddico<\/h2>\n\n\n\n<p>A decis\u00e3o do STF trouxe uniformidade ao sistema jur\u00eddico brasileiro, padronizando a aplica\u00e7\u00e3o da apreens\u00e3o de documentos. Antes, a pr\u00e1tica variava entre diferentes tribunais e inst\u00e2ncias, como a <strong>Justi\u00e7a do Trabalho<\/strong>. Agora, a medida \u00e9 reconhecida como uma alternativa v\u00e1lida para garantir que devedores cumpram suas obriga\u00e7\u00f5es financeiras.<\/p>\n\n\n\n<p>No entanto, a aplica\u00e7\u00e3o da medida precisa ser cautelosa, evitando abuso e restri\u00e7\u00f5es indevidas. A decis\u00e3o destaca a import\u00e2ncia de uma an\u00e1lise detalhada do comportamento do devedor, assegurando que a medida seja justa e proporcional \u00e0 situa\u00e7\u00e3o. Ainda assim, a decis\u00e3o continua a gerar debates e controv\u00e9rsias no meio jur\u00eddico quanto aos seus limites e potencial impacto nos direitos fundamentais dos cidad\u00e3os, especialmente no que tange \u00e0 proporcionalidade e \u00e0 essencialidade dos documentos para a vida e o trabalho do devedor.<\/p>\n\n\n\n<h2 class=\"wp-block-heading\">Quais s\u00e3o as implica\u00e7\u00f5es para os devedores?<\/h2>\n\n\n\n<p>Para os devedores, a decis\u00e3o do STF significa que eles podem enfrentar restri\u00e7\u00f5es adicionais se n\u00e3o cumprirem suas obriga\u00e7\u00f5es financeiras. A apreens\u00e3o de documentos pode ser um incentivo para que regularizem suas d\u00edvidas, mas tamb\u00e9m representa uma press\u00e3o significativa, especialmente se a CNH ou o passaporte forem essenciais para suas atividades di\u00e1rias.<\/p>\n\n\n\n<p>\u00c9 crucial que os devedores estejam cientes de suas obriga\u00e7\u00f5es e busquem solu\u00e7\u00f5es para evitar medidas coercitivas. A decis\u00e3o do STF refor\u00e7a a import\u00e2ncia de um comportamento financeiro respons\u00e1vel e transparente, incentivando o pagamento das d\u00edvidas de forma justa e dentro das possibilidades de cada indiv\u00edduo.<\/p>\n","protected":false},"excerpt":{"rendered":"<p>O Supremo Tribunal Federal (STF) tomou uma decis\u00e3o significativa ao considerar constitucional a apreens\u00e3o de documentos, como a Carteira Nacional de Habilita\u00e7\u00e3o (CNH) e o passaporte, como medida para pressionar devedores inadimplentes a quitarem suas d\u00edvidas. Essa decis\u00e3o, fundamentada no artigo 139, inciso IV, do C\u00f3digo de Processo Civil (CPC), autoriza o juiz a determinar [&hellip;]<\/p>\n","protected":false},"author":5,"featured_media":8135,"comment_status":"open","ping_status":"open","sticky":false,"template":"","format":"standard","meta":{"jnews-multi-image_gallery":[],"jnews_single_post":{"format":"standard"},"jnews_primary_category":[],"jnews_social_meta":[],"jnews_override_counter":[],"footnotes":""},"categories":[28,1],"tags":[7052,7053,925,173],"class_list":["post-34379","post","type-post","status-publish","format-standard","has-post-thumbnail","hentry","category-economia","category-noticias","tag-apreensao-de-documentos","tag-devedores","tag-dividas","tag-stf"],"yoast_head":"<!-- This site is optimized with the Yoast SEO plugin v23.8 - https:\/\/yoast.com\/wordpress\/plugins\/seo\/ -->\n<title>Decis\u00e3o do STF surpreende e gera alerta no pa\u00eds - Estado de Minas - Em foco<\/title>\n<meta name=\"description\" content=\"Devedores podem perder CNH e passaporte se n\u00e3o pagarem d\u00edvidas, conforme decis\u00e3o do STF. Saiba como funciona a nova regra!\" \/>\n<meta name=\"robots\" content=\"index, follow, max-snippet:-1, max-image-preview:large, max-video-preview:-1\" \/>\n<link rel=\"canonical\" href=\"https:\/\/www.em.com.br\/emfoco\/2025\/04\/05\/decisao-do-stf-surpreende-e-gera-alerta-no-pais\/\" \/>\n<meta property=\"og:locale\" content=\"pt_BR\" \/>\n<meta property=\"og:type\" content=\"article\" \/>\n<meta property=\"og:title\" content=\"Decis\u00e3o do STF surpreende e gera alerta no pa\u00eds - Estado de Minas - Em foco\" \/>\n<meta property=\"og:description\" content=\"Devedores podem perder CNH e passaporte se n\u00e3o pagarem d\u00edvidas, conforme decis\u00e3o do STF. Saiba como funciona a nova regra!\" \/>\n<meta property=\"og:url\" content=\"https:\/\/www.em.com.br\/emfoco\/2025\/04\/05\/decisao-do-stf-surpreende-e-gera-alerta-no-pais\/\" \/>\n<meta property=\"og:site_name\" content=\"Estado de Minas - Em foco\" \/>\n<meta property=\"article:published_time\" content=\"2025-04-05T21:40:00+00:00\" \/>\n<meta property=\"article:modified_time\" content=\"2025-04-03T13:02:57+00:00\" \/>\n<meta property=\"og:image\" content=\"https:\/\/www.em.com.br\/emfoco\/wp-content\/uploads\/2025\/01\/STF_1735858972497.jpg\" \/>\n\t<meta property=\"og:image:width\" content=\"1280\" \/>\n\t<meta property=\"og:image:height\" content=\"720\" \/>\n\t<meta property=\"og:image:type\" content=\"image\/jpeg\" \/>\n<meta name=\"author\" content=\"N\u00fabia Rangel\" \/>\n<meta name=\"twitter:card\" content=\"summary_large_image\" \/>\n<meta name=\"twitter:label1\" content=\"Escrito por\" \/>\n\t<meta name=\"twitter:data1\" content=\"N\u00fabia Rangel\" \/>\n\t<meta name=\"twitter:label2\" content=\"Est. tempo de leitura\" \/>\n\t<meta name=\"twitter:data2\" content=\"4 minutos\" \/>\n<!-- \/ Yoast SEO plugin. -->","yoast_head_json":{"title":"Decis\u00e3o do STF surpreende e gera alerta no pa\u00eds - Estado de Minas - Em foco","description":"Devedores podem perder CNH e passaporte se n\u00e3o pagarem d\u00edvidas, conforme decis\u00e3o do STF. Saiba como funciona a nova regra!","robots":{"index":"index","follow":"follow","max-snippet":"max-snippet:-1","max-image-preview":"max-image-preview:large","max-video-preview":"max-video-preview:-1"},"canonical":"https:\/\/www.em.com.br\/emfoco\/2025\/04\/05\/decisao-do-stf-surpreende-e-gera-alerta-no-pais\/","og_locale":"pt_BR","og_type":"article","og_title":"Decis\u00e3o do STF surpreende e gera alerta no pa\u00eds - Estado de Minas - Em foco","og_description":"Devedores podem perder CNH e passaporte se n\u00e3o pagarem d\u00edvidas, conforme decis\u00e3o do STF. Saiba como funciona a nova regra!","og_url":"https:\/\/www.em.com.br\/emfoco\/2025\/04\/05\/decisao-do-stf-surpreende-e-gera-alerta-no-pais\/","og_site_name":"Estado de Minas - Em foco","article_published_time":"2025-04-05T21:40:00+00:00","article_modified_time":"2025-04-03T13:02:57+00:00","og_image":[{"width":1280,"height":720,"url":"https:\/\/www.em.com.br\/emfoco\/wp-content\/uploads\/2025\/01\/STF_1735858972497.jpg","type":"image\/jpeg"}],"author":"N\u00fabia Rangel","twitter_card":"summary_large_image","twitter_misc":{"Escrito por":"N\u00fabia Rangel","Est. tempo de leitura":"4 minutos"},"schema":{"@context":"https:\/\/schema.org","@graph":[{"@type":"WebPage","@id":"https:\/\/www.em.com.br\/emfoco\/2025\/04\/05\/decisao-do-stf-surpreende-e-gera-alerta-no-pais\/","url":"https:\/\/www.em.com.br\/emfoco\/2025\/04\/05\/decisao-do-stf-surpreende-e-gera-alerta-no-pais\/","name":"Decis\u00e3o do STF surpreende e gera alerta no pa\u00eds - Estado de Minas - Em foco","isPartOf":{"@id":"https:\/\/www.em.com.br\/emfoco\/#website"},"primaryImageOfPage":{"@id":"https:\/\/www.em.com.br\/emfoco\/2025\/04\/05\/decisao-do-stf-surpreende-e-gera-alerta-no-pais\/#primaryimage"},"image":{"@id":"https:\/\/www.em.com.br\/emfoco\/2025\/04\/05\/decisao-do-stf-surpreende-e-gera-alerta-no-pais\/#primaryimage"},"thumbnailUrl":"https:\/\/www.em.com.br\/emfoco\/wp-content\/uploads\/2025\/01\/STF_1735858972497.jpg","datePublished":"2025-04-05T21:40:00+00:00","dateModified":"2025-04-03T13:02:57+00:00","author":{"@id":"https:\/\/www.em.com.br\/emfoco\/#\/schema\/person\/524437ef54f8a5d32591b143307f2e20"},"description":"Devedores podem perder CNH e passaporte se n\u00e3o pagarem d\u00edvidas, conforme decis\u00e3o do STF. Saiba como funciona a nova regra!","breadcrumb":{"@id":"https:\/\/www.em.com.br\/emfoco\/2025\/04\/05\/decisao-do-stf-surpreende-e-gera-alerta-no-pais\/#breadcrumb"},"inLanguage":"pt-BR","potentialAction":[{"@type":"ReadAction","target":["https:\/\/www.em.com.br\/emfoco\/2025\/04\/05\/decisao-do-stf-surpreende-e-gera-alerta-no-pais\/"]}]},{"@type":"ImageObject","inLanguage":"pt-BR","@id":"https:\/\/www.em.com.br\/emfoco\/2025\/04\/05\/decisao-do-stf-surpreende-e-gera-alerta-no-pais\/#primaryimage","url":"https:\/\/www.em.com.br\/emfoco\/wp-content\/uploads\/2025\/01\/STF_1735858972497.jpg","contentUrl":"https:\/\/www.em.com.br\/emfoco\/wp-content\/uploads\/2025\/01\/STF_1735858972497.jpg","width":1280,"height":720,"caption":"STF - Cr\u00e9ditos: depositphotos.com \/ diegograndi"},{"@type":"BreadcrumbList","@id":"https:\/\/www.em.com.br\/emfoco\/2025\/04\/05\/decisao-do-stf-surpreende-e-gera-alerta-no-pais\/#breadcrumb","itemListElement":[{"@type":"ListItem","position":1,"name":"In\u00edcio","item":"https:\/\/www.em.com.br\/emfoco\/"},{"@type":"ListItem","position":2,"name":"Decis\u00e3o do STF surpreende e gera alerta no pa\u00eds"}]},{"@type":"WebSite","@id":"https:\/\/www.em.com.br\/emfoco\/#website","url":"https:\/\/www.em.com.br\/emfoco\/","name":"Estado de Minas - Em foco","description":"Acompanhe as \u00faltimas not\u00edcias e fique bem informado sobre tudo o que acontece em Minas Gerais, Brasil e no mundo.","potentialAction":[{"@type":"SearchAction","target":{"@type":"EntryPoint","urlTemplate":"https:\/\/www.em.com.br\/emfoco\/?s={search_term_string}"},"query-input":{"@type":"PropertyValueSpecification","valueRequired":true,"valueName":"search_term_string"}}],"inLanguage":"pt-BR"},{"@type":"Person","@id":"https:\/\/www.em.com.br\/emfoco\/#\/schema\/person\/524437ef54f8a5d32591b143307f2e20","name":"N\u00fabia Rangel","image":{"@type":"ImageObject","inLanguage":"pt-BR","@id":"https:\/\/www.em.com.br\/emfoco\/#\/schema\/person\/image\/","url":"https:\/\/secure.gravatar.com\/avatar\/47cff2827a5ba23c37e8068c86817ea4?s=96&d=mm&r=g","contentUrl":"https:\/\/secure.gravatar.com\/avatar\/47cff2827a5ba23c37e8068c86817ea4?s=96&d=mm&r=g","caption":"N\u00fabia Rangel"},"sameAs":["https:\/\/www.em.com.br\/emfoco\/"],"url":"https:\/\/www.em.com.br\/emfoco\/author\/nubiamyth\/"}]}},"_links":{"self":[{"href":"https:\/\/www.em.com.br\/emfoco\/wp-json\/wp\/v2\/posts\/34379","targetHints":{"allow":["GET"]}}],"collection":[{"href":"https:\/\/www.em.com.br\/emfoco\/wp-json\/wp\/v2\/posts"}],"about":[{"href":"https:\/\/www.em.com.br\/emfoco\/wp-json\/wp\/v2\/types\/post"}],"author":[{"embeddable":true,"href":"https:\/\/www.em.com.br\/emfoco\/wp-json\/wp\/v2\/users\/5"}],"replies":[{"embeddable":true,"href":"https:\/\/www.em.com.br\/emfoco\/wp-json\/wp\/v2\/comments?post=34379"}],"version-history":[{"count":3,"href":"https:\/\/www.em.com.br\/emfoco\/wp-json\/wp\/v2\/posts\/34379\/revisions"}],"predecessor-version":[{"id":34753,"href":"https:\/\/www.em.com.br\/emfoco\/wp-json\/wp\/v2\/posts\/34379\/revisions\/34753"}],"wp:featuredmedia":[{"embeddable":true,"href":"https:\/\/www.em.com.br\/emfoco\/wp-json\/wp\/v2\/media\/8135"}],"wp:attachment":[{"href":"https:\/\/www.em.com.br\/emfoco\/wp-json\/wp\/v2\/media?parent=34379"}],"wp:term":[{"taxonomy":"category","embeddable":true,"href":"https:\/\/www.em.com.br\/emfoco\/wp-json\/wp\/v2\/categories?post=34379"},{"taxonomy":"post_tag","embeddable":true,"href":"https:\/\/www.em.com.br\/emfoco\/wp-json\/wp\/v2\/tags?post=34379"}],"curies":[{"name":"wp","href":"https:\/\/api.w.org\/{rel}","templated":true}]}}