{"id":34288,"date":"2025-04-03T10:20:00","date_gmt":"2025-04-03T13:20:00","guid":{"rendered":"https:\/\/www.em.com.br\/emfoco\/?p=34288"},"modified":"2025-04-02T11:19:23","modified_gmt":"2025-04-02T14:19:23","slug":"cidades-para-viver-com-a-familia-e-ter-mais-qualidade-de-vida","status":"publish","type":"post","link":"https:\/\/www.em.com.br\/emfoco\/2025\/04\/03\/cidades-para-viver-com-a-familia-e-ter-mais-qualidade-de-vida\/","title":{"rendered":"Cidades para viver com a fam\u00edlia e ter mais qualidade de vida"},"content":{"rendered":"\n<p>Escolher a cidade ideal para viver com a fam\u00edlia \u00e9 uma decis\u00e3o que envolve diversos fatores, todos voltados para garantir o bem-estar de cada membro. A qualidade de vida em uma cidade pode ser medida por aspectos como seguran\u00e7a, educa\u00e7\u00e3o, sa\u00fade e lazer, que s\u00e3o fundamentais para o desenvolvimento e a felicidade de todos. Portanto, ao considerar uma mudan\u00e7a, \u00e9 essencial avaliar como esses elementos se equilibram no local desejado.<\/p>\n\n\n\n<p>Al\u00e9m disso, a escolha de uma cidade que prioriza o bem-estar coletivo pode impactar positivamente o <a href=\"https:\/\/gente.globo.com\/infografico-como-as-criancas-estao-sendo-preparadas-para-o-futuro\/\" target=\"_blank\" rel=\"noreferrer noopener\">futuro das crian\u00e7as<\/a> e jovens, proporcionando um ambiente seguro e estimulante. Assim, fam\u00edlias que buscam um lugar para chamar de lar devem ponderar cuidadosamente sobre o que cada cidade tem a oferecer em termos de infraestrutura e qualidade de vida.<\/p>\n\n\n\n<h2 class=\"wp-block-heading\">Fatores essenciais para escolher uma cidade para a fam\u00edlia<\/h2>\n\n\n\n<p>Seguran\u00e7a e Educa\u00e7\u00e3o de Qualidade: A seguran\u00e7a \u00e9 um dos principais fatores na escolha de onde morar. Cidades com baixos \u00edndices de criminalidade proporcionam um ambiente mais tranquilo e seguro. A presen\u00e7a de programas de seguran\u00e7a p\u00fablica eficazes indica o compromisso com o bem-estar dos habitantes. Al\u00e9m disso, ter boas escolas p\u00fablicas e privadas, al\u00e9m de universidades de qualidade, \u00e9 crucial para o futuro das crian\u00e7as, garantindo oportunidades de aprendizado e <a href=\"https:\/\/www.em.com.br\/emfoco\/2025\/01\/13\/um-exemplo-de-desenvolvimento-e-qualidade-de-vida-no-interior-paulista\/\" target=\"_blank\" rel=\"noreferrer noopener\">desenvolvimento pessoal<\/a>.<\/p>\n\n\n\n<p>Sa\u00fade e lazer, acesso f\u00e1cil a hospitais, cl\u00ednicas e unidades de sa\u00fade de qualidade \u00e9 essencial para o bem-estar familiar. A disponibilidade de servi\u00e7os m\u00e9dicos eficientes assegura atendimento pronto \u00e0s necessidades da fam\u00edlia. J\u00e1 o lazer, com parques, museus e eventos culturais, torna o ambiente mais acolhedor, contribuindo para o bem-estar emocional dos moradores.<\/p>\n\n\n\n<p>Infraestrutura e acessibilidade, infraestrutura urbana de qualidade, transporte p\u00fablico eficiente e op\u00e7\u00f5es de moradia acess\u00edveis s\u00e3o fundamentais. Cidades que oferecem essas facilidades permitem uma vida mais pr\u00e1tica e menos estressante, garantindo conforto e conveni\u00eancia \u00e0s fam\u00edlias.<\/p>\n\n\n\n<h2 class=\"wp-block-heading\">Caracter\u00edsticas das melhores cidades para viver com a fam\u00edlia<\/h2>\n\n\n\n<figure class=\"wp-block-image size-large\"><img loading=\"lazy\" decoding=\"async\" width=\"1024\" height=\"576\" src=\"https:\/\/www.em.com.br\/emfoco\/wp-content\/uploads\/2025\/04\/tranquilidade-cidade_1743536872521-1024x576.jpg\" alt=\"Cidades para Viver com a Fam\u00edlia e Ter Mais Qualidade de Vida\" class=\"wp-image-34294\" srcset=\"https:\/\/www.em.com.br\/emfoco\/wp-content\/uploads\/2025\/04\/tranquilidade-cidade_1743536872521-1024x576.jpg 1024w, https:\/\/www.em.com.br\/emfoco\/wp-content\/uploads\/2025\/04\/tranquilidade-cidade_1743536872521-300x169.jpg 300w, https:\/\/www.em.com.br\/emfoco\/wp-content\/uploads\/2025\/04\/tranquilidade-cidade_1743536872521-768x432.jpg 768w, https:\/\/www.em.com.br\/emfoco\/wp-content\/uploads\/2025\/04\/tranquilidade-cidade_1743536872521-750x422.jpg 750w, https:\/\/www.em.com.br\/emfoco\/wp-content\/uploads\/2025\/04\/tranquilidade-cidade_1743536872521-1140x641.jpg 1140w, https:\/\/www.em.com.br\/emfoco\/wp-content\/uploads\/2025\/04\/tranquilidade-cidade_1743536872521.jpg 1280w\" sizes=\"auto, (max-width: 1024px) 100vw, 1024px\" \/><figcaption class=\"wp-element-caption\">Cidade tranquila-Cr\u00e9ditos: depositphotos.com \/ sucher<\/figcaption><\/figure>\n\n\n\n<p>Ambiente Seguro e Tranquilo: Cidades com bairros tranquilos, baixos \u00edndices de criminalidade e programas de seguran\u00e7a p\u00fablica eficazes s\u00e3o ideais para fam\u00edlias. Esses locais oferecem um ambiente onde os pais podem criar seus filhos com tranquilidade e seguran\u00e7a.<\/p>\n\n\n\n<p>Sa\u00fade e bem-estar, acesso f\u00e1cil a servi\u00e7os de sa\u00fade, hospitais bem equipados e iniciativas voltadas para a sa\u00fade da popula\u00e7\u00e3o s\u00e3o caracter\u00edsticas de cidades que priorizam o bem-estar de seus moradores. Essas cidades garantem que as necessidades de sa\u00fade da fam\u00edlia sejam atendidas de forma eficaz.<\/p>\n\n\n\n<h2 class=\"wp-block-heading\">Exemplos de cidades para viver com a fam\u00edlia<\/h2>\n\n\n\n<p>Algumas cidades ao redor do mundo s\u00e3o frequentemente destacadas por oferecerem um excelente equil\u00edbrio entre seguran\u00e7a, educa\u00e7\u00e3o, sa\u00fade e lazer. Por exemplo, cidades como <strong>Copenhague<\/strong>, na <strong>Dinamarca<\/strong>, e <strong>Vancouver<\/strong>, no <strong>Canad\u00e1<\/strong>, s\u00e3o conhecidas por suas pol\u00edticas de bem-estar social e infraestrutura de qualidade.<\/p>\n\n\n\n<p>No <strong>Brasil<\/strong>, cidades como <strong>Curitiba <\/strong>e <strong>Florian\u00f3polis <\/strong>s\u00e3o frequentemente citadas como exemplos de locais que priorizam o bem-estar das fam\u00edlias. Essas cidades oferecem uma combina\u00e7\u00e3o de seguran\u00e7a, educa\u00e7\u00e3o de qualidade e op\u00e7\u00f5es de lazer, tornando-as ideais para quem busca um ambiente prop\u00edcio para criar a fam\u00edlia.<\/p>\n","protected":false},"excerpt":{"rendered":"<p>Escolher a cidade ideal para viver com a fam\u00edlia \u00e9 uma decis\u00e3o que envolve diversos fatores, todos voltados para garantir o bem-estar de cada membro. A qualidade de vida em uma cidade pode ser medida por aspectos como seguran\u00e7a, educa\u00e7\u00e3o, sa\u00fade e lazer, que s\u00e3o fundamentais para o desenvolvimento e a felicidade de todos. Portanto, [&hellip;]<\/p>\n","protected":false},"author":12,"featured_media":34293,"comment_status":"open","ping_status":"open","sticky":false,"template":"","format":"standard","meta":{"jnews-multi-image_gallery":[],"jnews_single_post":{"format":"standard"},"jnews_primary_category":[],"jnews_social_meta":[],"jnews_override_counter":[],"footnotes":""},"categories":[26],"tags":[798,811,327,182],"class_list":["post-34288","post","type-post","status-publish","format-standard","has-post-thumbnail","hentry","category-cidades","tag-familia","tag-lazer","tag-qualidade-de-vida","tag-seguranca"],"yoast_head":"<!-- This site is optimized with the Yoast SEO plugin v23.8 - https:\/\/yoast.com\/wordpress\/plugins\/seo\/ -->\n<title>Cidades para viver com a fam\u00edlia e ter mais qualidade de vida - Estado de Minas - Em foco<\/title>\n<meta name=\"description\" content=\"Quer saber onde morar com a fam\u00edlia? Confira as cidades com a melhor infraestrutura, sa\u00fade e seguran\u00e7a para garantir o bem-estar de todos!\" \/>\n<meta name=\"robots\" content=\"index, follow, max-snippet:-1, max-image-preview:large, max-video-preview:-1\" \/>\n<link rel=\"canonical\" href=\"https:\/\/www.em.com.br\/emfoco\/2025\/04\/03\/cidades-para-viver-com-a-familia-e-ter-mais-qualidade-de-vida\/\" \/>\n<meta property=\"og:locale\" content=\"pt_BR\" \/>\n<meta property=\"og:type\" content=\"article\" \/>\n<meta property=\"og:title\" content=\"Cidades para viver com a fam\u00edlia e ter mais qualidade de vida - Estado de Minas - Em foco\" \/>\n<meta property=\"og:description\" content=\"Quer saber onde morar com a fam\u00edlia? Confira as cidades com a melhor infraestrutura, sa\u00fade e seguran\u00e7a para garantir o bem-estar de todos!\" \/>\n<meta property=\"og:url\" content=\"https:\/\/www.em.com.br\/emfoco\/2025\/04\/03\/cidades-para-viver-com-a-familia-e-ter-mais-qualidade-de-vida\/\" \/>\n<meta property=\"og:site_name\" content=\"Estado de Minas - Em foco\" \/>\n<meta property=\"article:published_time\" content=\"2025-04-03T13:20:00+00:00\" \/>\n<meta property=\"article:modified_time\" content=\"2025-04-02T14:19:23+00:00\" \/>\n<meta property=\"og:image\" content=\"https:\/\/www.em.com.br\/emfoco\/wp-content\/uploads\/2025\/04\/familia_1743536573188.jpg\" \/>\n\t<meta property=\"og:image:width\" content=\"1280\" \/>\n\t<meta property=\"og:image:height\" content=\"720\" \/>\n\t<meta property=\"og:image:type\" content=\"image\/jpeg\" \/>\n<meta name=\"author\" content=\"Keren Ester\" \/>\n<meta name=\"twitter:card\" content=\"summary_large_image\" \/>\n<meta name=\"twitter:label1\" content=\"Escrito por\" \/>\n\t<meta name=\"twitter:data1\" content=\"Keren Ester\" \/>\n\t<meta name=\"twitter:label2\" content=\"Est. tempo de leitura\" \/>\n\t<meta name=\"twitter:data2\" content=\"4 minutos\" \/>\n<!-- \/ Yoast SEO plugin. -->","yoast_head_json":{"title":"Cidades para viver com a fam\u00edlia e ter mais qualidade de vida - Estado de Minas - Em foco","description":"Quer saber onde morar com a fam\u00edlia? Confira as cidades com a melhor infraestrutura, sa\u00fade e seguran\u00e7a para garantir o bem-estar de todos!","robots":{"index":"index","follow":"follow","max-snippet":"max-snippet:-1","max-image-preview":"max-image-preview:large","max-video-preview":"max-video-preview:-1"},"canonical":"https:\/\/www.em.com.br\/emfoco\/2025\/04\/03\/cidades-para-viver-com-a-familia-e-ter-mais-qualidade-de-vida\/","og_locale":"pt_BR","og_type":"article","og_title":"Cidades para viver com a fam\u00edlia e ter mais qualidade de vida - Estado de Minas - Em foco","og_description":"Quer saber onde morar com a fam\u00edlia? Confira as cidades com a melhor infraestrutura, sa\u00fade e seguran\u00e7a para garantir o bem-estar de todos!","og_url":"https:\/\/www.em.com.br\/emfoco\/2025\/04\/03\/cidades-para-viver-com-a-familia-e-ter-mais-qualidade-de-vida\/","og_site_name":"Estado de Minas - Em foco","article_published_time":"2025-04-03T13:20:00+00:00","article_modified_time":"2025-04-02T14:19:23+00:00","og_image":[{"width":1280,"height":720,"url":"https:\/\/www.em.com.br\/emfoco\/wp-content\/uploads\/2025\/04\/familia_1743536573188.jpg","type":"image\/jpeg"}],"author":"Keren Ester","twitter_card":"summary_large_image","twitter_misc":{"Escrito por":"Keren Ester","Est. tempo de leitura":"4 minutos"},"schema":{"@context":"https:\/\/schema.org","@graph":[{"@type":"WebPage","@id":"https:\/\/www.em.com.br\/emfoco\/2025\/04\/03\/cidades-para-viver-com-a-familia-e-ter-mais-qualidade-de-vida\/","url":"https:\/\/www.em.com.br\/emfoco\/2025\/04\/03\/cidades-para-viver-com-a-familia-e-ter-mais-qualidade-de-vida\/","name":"Cidades para viver com a fam\u00edlia e ter mais qualidade de vida - Estado de Minas - Em foco","isPartOf":{"@id":"https:\/\/www.em.com.br\/emfoco\/#website"},"primaryImageOfPage":{"@id":"https:\/\/www.em.com.br\/emfoco\/2025\/04\/03\/cidades-para-viver-com-a-familia-e-ter-mais-qualidade-de-vida\/#primaryimage"},"image":{"@id":"https:\/\/www.em.com.br\/emfoco\/2025\/04\/03\/cidades-para-viver-com-a-familia-e-ter-mais-qualidade-de-vida\/#primaryimage"},"thumbnailUrl":"https:\/\/www.em.com.br\/emfoco\/wp-content\/uploads\/2025\/04\/familia_1743536573188.jpg","datePublished":"2025-04-03T13:20:00+00:00","dateModified":"2025-04-02T14:19:23+00:00","author":{"@id":"https:\/\/www.em.com.br\/emfoco\/#\/schema\/person\/2e06e19826e476d778787245c8ef334d"},"description":"Quer saber onde morar com a fam\u00edlia? Confira as cidades com a melhor infraestrutura, sa\u00fade e seguran\u00e7a para garantir o bem-estar de todos!","breadcrumb":{"@id":"https:\/\/www.em.com.br\/emfoco\/2025\/04\/03\/cidades-para-viver-com-a-familia-e-ter-mais-qualidade-de-vida\/#breadcrumb"},"inLanguage":"pt-BR","potentialAction":[{"@type":"ReadAction","target":["https:\/\/www.em.com.br\/emfoco\/2025\/04\/03\/cidades-para-viver-com-a-familia-e-ter-mais-qualidade-de-vida\/"]}]},{"@type":"ImageObject","inLanguage":"pt-BR","@id":"https:\/\/www.em.com.br\/emfoco\/2025\/04\/03\/cidades-para-viver-com-a-familia-e-ter-mais-qualidade-de-vida\/#primaryimage","url":"https:\/\/www.em.com.br\/emfoco\/wp-content\/uploads\/2025\/04\/familia_1743536573188.jpg","contentUrl":"https:\/\/www.em.com.br\/emfoco\/wp-content\/uploads\/2025\/04\/familia_1743536573188.jpg","width":1280,"height":720,"caption":"Familia-Cr\u00e9ditos: depositphotos.com \/ alebloshka"},{"@type":"BreadcrumbList","@id":"https:\/\/www.em.com.br\/emfoco\/2025\/04\/03\/cidades-para-viver-com-a-familia-e-ter-mais-qualidade-de-vida\/#breadcrumb","itemListElement":[{"@type":"ListItem","position":1,"name":"In\u00edcio","item":"https:\/\/www.em.com.br\/emfoco\/"},{"@type":"ListItem","position":2,"name":"Cidades para viver com a fam\u00edlia e ter mais qualidade de vida"}]},{"@type":"WebSite","@id":"https:\/\/www.em.com.br\/emfoco\/#website","url":"https:\/\/www.em.com.br\/emfoco\/","name":"Estado de Minas - Em foco","description":"Acompanhe as \u00faltimas not\u00edcias e fique bem informado sobre tudo o que acontece em Minas Gerais, Brasil e no mundo.","potentialAction":[{"@type":"SearchAction","target":{"@type":"EntryPoint","urlTemplate":"https:\/\/www.em.com.br\/emfoco\/?s={search_term_string}"},"query-input":{"@type":"PropertyValueSpecification","valueRequired":true,"valueName":"search_term_string"}}],"inLanguage":"pt-BR"},{"@type":"Person","@id":"https:\/\/www.em.com.br\/emfoco\/#\/schema\/person\/2e06e19826e476d778787245c8ef334d","name":"Keren Ester","image":{"@type":"ImageObject","inLanguage":"pt-BR","@id":"https:\/\/www.em.com.br\/emfoco\/#\/schema\/person\/image\/","url":"https:\/\/secure.gravatar.com\/avatar\/b3d0f2b934f7fab59c611ea63b5cf4b1?s=96&d=mm&r=g","contentUrl":"https:\/\/secure.gravatar.com\/avatar\/b3d0f2b934f7fab59c611ea63b5cf4b1?s=96&d=mm&r=g","caption":"Keren Ester"},"url":"https:\/\/www.em.com.br\/emfoco\/author\/kerenmyth\/"}]}},"_links":{"self":[{"href":"https:\/\/www.em.com.br\/emfoco\/wp-json\/wp\/v2\/posts\/34288","targetHints":{"allow":["GET"]}}],"collection":[{"href":"https:\/\/www.em.com.br\/emfoco\/wp-json\/wp\/v2\/posts"}],"about":[{"href":"https:\/\/www.em.com.br\/emfoco\/wp-json\/wp\/v2\/types\/post"}],"author":[{"embeddable":true,"href":"https:\/\/www.em.com.br\/emfoco\/wp-json\/wp\/v2\/users\/12"}],"replies":[{"embeddable":true,"href":"https:\/\/www.em.com.br\/emfoco\/wp-json\/wp\/v2\/comments?post=34288"}],"version-history":[{"count":3,"href":"https:\/\/www.em.com.br\/emfoco\/wp-json\/wp\/v2\/posts\/34288\/revisions"}],"predecessor-version":[{"id":34394,"href":"https:\/\/www.em.com.br\/emfoco\/wp-json\/wp\/v2\/posts\/34288\/revisions\/34394"}],"wp:featuredmedia":[{"embeddable":true,"href":"https:\/\/www.em.com.br\/emfoco\/wp-json\/wp\/v2\/media\/34293"}],"wp:attachment":[{"href":"https:\/\/www.em.com.br\/emfoco\/wp-json\/wp\/v2\/media?parent=34288"}],"wp:term":[{"taxonomy":"category","embeddable":true,"href":"https:\/\/www.em.com.br\/emfoco\/wp-json\/wp\/v2\/categories?post=34288"},{"taxonomy":"post_tag","embeddable":true,"href":"https:\/\/www.em.com.br\/emfoco\/wp-json\/wp\/v2\/tags?post=34288"}],"curies":[{"name":"wp","href":"https:\/\/api.w.org\/{rel}","templated":true}]}}