{"id":34257,"date":"2025-04-02T19:40:00","date_gmt":"2025-04-02T22:40:00","guid":{"rendered":"https:\/\/www.em.com.br\/emfoco\/?p=34257"},"modified":"2025-04-01T15:23:26","modified_gmt":"2025-04-01T18:23:26","slug":"zema-recua-e-mantem-icms-para-compras-internacionais-em-minas-gerais","status":"publish","type":"post","link":"https:\/\/www.em.com.br\/emfoco\/2025\/04\/02\/zema-recua-e-mantem-icms-para-compras-internacionais-em-minas-gerais\/","title":{"rendered":"Zema recua e mant\u00e9m ICMS para compras internacionais em Minas Gerais"},"content":{"rendered":"\n<p>O governador de <strong><a href=\"https:\/\/www.em.com.br\/emfoco\/2025\/03\/31\/a-menor-cidade-do-brasil-fica-em-minas-gerais-e-voce-precisa-conhecer\/\" target=\"_blank\" rel=\"noreferrer noopener\">Minas Gerais<\/a><\/strong>, <strong>Romeu Zema (Novo)<\/strong>, anunciou nesta ter\u00e7a-feira (1\u00ba) que n\u00e3o haver\u00e1 aumento do <strong><a href=\"https:\/\/g1.globo.com\/economia\/noticia\/2025\/04\/01\/icms-sobre-compras-internacionais-sobe-de-17percent-para-20percent-em-10-estados-a-partir-desta-terca-veja-quais.ghtml\" target=\"_blank\" rel=\"noreferrer noopener\">ICMS <\/a><\/strong>sobre compras realizadas em sites internacionais. A al\u00edquota, que subiria de 17% para 20%, continuar\u00e1 no patamar atual.<\/p>\n\n\n\n<p>A decis\u00e3o ocorre ap\u00f3s outros estados n\u00e3o implementarem a medida, que foi acordada em dezembro de 2024 pelo <strong>Comit\u00ea Nacional de Secret\u00e1rios Estaduais de Fazenda (Comsefaz)<\/strong>.<\/p>\n\n\n\n<p>O an\u00fancio foi feito por Zema nas redes sociais, mas ainda n\u00e3o houve uma publica\u00e7\u00e3o oficial revogando a mudan\u00e7a no Di\u00e1rio Oficial do Estado.<\/p>\n\n\n\n<h2 class=\"wp-block-heading\">O que motivou a suspens\u00e3o do aumento do ICMS<\/h2>\n\n\n\n<p>O governo de Minas Gerais havia se comprometido com outros estados a elevar a al\u00edquota do ICMS para 20%, com o objetivo de proteger a ind\u00fastria nacional e equilibrar a concorr\u00eancia com os produtos importados.<\/p>\n\n\n\n<p>No entanto, a medida n\u00e3o foi adotada por todos os estados simultaneamente, o que fez o governador recuar. Segundo Zema, o acordo &#8220;dependia da ades\u00e3o de todos&#8221;, e, como isso n\u00e3o aconteceu, Minas optou por n\u00e3o seguir com o aumento.<\/p>\n\n\n\n<p>O imposto segue em 17%, percentual que j\u00e1 estava em vigor desde outubro de 2023.<\/p>\n\n\n\n<h2 class=\"wp-block-heading\">Estados que estavam previstos para adotar a nova al\u00edquota<\/h2>\n\n\n\n<p>Al\u00e9m de Minas Gerais, o aumento do ICMS estava previsto para outros nove estados:<\/p>\n\n\n\n<ul class=\"wp-block-list\">\n<li><strong>Acre<\/strong><\/li>\n\n\n\n<li><strong>Alagoas<\/strong><\/li>\n\n\n\n<li><strong>Bahia<\/strong><\/li>\n\n\n\n<li><strong>Cear\u00e1<\/strong><\/li>\n\n\n\n<li><strong>Para\u00edba<\/strong><\/li>\n\n\n\n<li><strong>Piau\u00ed<\/strong><\/li>\n\n\n\n<li><strong>Rio Grande do Norte<\/strong><\/li>\n\n\n\n<li><strong>Roraima<\/strong><\/li>\n\n\n\n<li><strong>Sergipe<\/strong><\/li>\n<\/ul>\n\n\n\n<p>Nos demais estados e no Distrito Federal, a al\u00edquota <strong>permanece em 17%<\/strong>.<\/p>\n\n\n\n<figure class=\"wp-block-image\"><img decoding=\"async\" src=\"https:\/\/www.em.com.br\/emfoco\/wp-content\/uploads\/2025\/03\/compras-aplicativo_1743449252454-1024x576.jpg\" alt=\"\"\/><figcaption class=\"wp-element-caption\">Compras &#8211; Cr\u00e9ditos: depositphotos.com \/ AlexShadyuk<\/figcaption><\/figure>\n\n\n\n<h2 class=\"wp-block-heading\">Como o aumento do ICMS impactaria as compras internacionais<\/h2>\n\n\n\n<p>Se a nova al\u00edquota tivesse sido aplicada, o custo total de um produto importado subiria significativamente para os consumidores. Isso porque o ICMS se somaria a outros tributos, como a taxa de 20% do imposto de importa\u00e7\u00e3o, v\u00e1lida desde agosto de 2023 para compras de at\u00e9 US$ 50.<\/p>\n\n\n\n<p>Para entender o impacto, veja um exemplo:<\/p>\n\n\n\n<ul class=\"wp-block-list\">\n<li><strong>Um produto de R$ 100 atualmente tem um custo total de R$ 137, considerando ICMS (17%) e imposto de importa\u00e7\u00e3o (20%).<\/strong><\/li>\n\n\n\n<li><strong>Se o novo ICMS tivesse sido adotado, esse mesmo item custaria R$ 150, com o acr\u00e9scimo da al\u00edquota de 20%.<\/strong><\/li>\n<\/ul>\n\n\n\n<p>Enquanto isso, varejistas brasileiros argumentam que a tributa\u00e7\u00e3o sobre empresas nacionais ainda \u00e9 mais alta, e que o aumento do ICMS ajudaria a equilibrar o mercado, reduzindo a vantagem tribut\u00e1ria das lojas internacionais.<\/p>\n\n\n\n<h2 class=\"wp-block-heading\">O futuro da taxa\u00e7\u00e3o sobre importa\u00e7\u00f5es no Brasil<\/h2>\n\n\n\n<p>A pol\u00eamica sobre a tributa\u00e7\u00e3o de compras internacionais tem gerado intensos debates no Brasil. O governo federal e os estados estudam novas estrat\u00e9gias para equilibrar a concorr\u00eancia entre produtos nacionais e importados.<\/p>\n\n\n\n<p>Especialistas apontam que a tend\u00eancia \u00e9 que novas regras sejam discutidas ao longo de 2025, podendo envolver:<\/p>\n\n\n\n<ul class=\"wp-block-list\">\n<li><strong>Revis\u00e3o das al\u00edquotas estaduais<\/strong> para unificar a tributa\u00e7\u00e3o sobre importados.<\/li>\n\n\n\n<li><strong>Cria\u00e7\u00e3o de incentivos para a ind\u00fastria nacional<\/strong> competir de forma mais equilibrada.<\/li>\n\n\n\n<li><strong>Novos formatos de taxa\u00e7\u00e3o<\/strong> para evitar distor\u00e7\u00f5es no mercado.<\/li>\n<\/ul>\n\n\n\n<p>Enquanto isso, consumidores devem ficar atentos \u00e0s poss\u00edveis mudan\u00e7as que podem afetar o custo final de compras em sites estrangeiros.<\/p>\n","protected":false},"excerpt":{"rendered":"<p>O governador de Minas Gerais, Romeu Zema (Novo), anunciou nesta ter\u00e7a-feira (1\u00ba) que n\u00e3o haver\u00e1 aumento do ICMS sobre compras realizadas em sites internacionais. A al\u00edquota, que subiria de 17% para 20%, continuar\u00e1 no patamar atual. A decis\u00e3o ocorre ap\u00f3s outros estados n\u00e3o implementarem a medida, que foi acordada em dezembro de 2024 pelo Comit\u00ea [&hellip;]<\/p>\n","protected":false},"author":11,"featured_media":27853,"comment_status":"open","ping_status":"open","sticky":false,"template":"","format":"standard","meta":{"jnews-multi-image_gallery":[],"jnews_single_post":{"format":"standard"},"jnews_primary_category":[],"jnews_social_meta":[],"jnews_override_counter":[],"footnotes":""},"categories":[26,1],"tags":[5303,2876,207],"class_list":["post-34257","post","type-post","status-publish","format-standard","has-post-thumbnail","hentry","category-cidades","category-noticias","tag-icms","tag-impostos","tag-minas-gerais"],"yoast_head":"<!-- This site is optimized with the Yoast SEO plugin v23.8 - https:\/\/yoast.com\/wordpress\/plugins\/seo\/ -->\n<title>Zema recua e mant\u00e9m ICMS para compras internacionais em Minas Gerais - Estado de Minas - Em foco<\/title>\n<meta name=\"description\" content=\"O ICMS sobre compras internacionais n\u00e3o subir\u00e1 em Minas Gerais. Entenda os motivos da decis\u00e3o e o impacto para consumidores e varejistas.\" \/>\n<meta name=\"robots\" content=\"index, follow, max-snippet:-1, max-image-preview:large, max-video-preview:-1\" \/>\n<link rel=\"canonical\" href=\"https:\/\/www.em.com.br\/emfoco\/2025\/04\/02\/zema-recua-e-mantem-icms-para-compras-internacionais-em-minas-gerais\/\" \/>\n<meta property=\"og:locale\" content=\"pt_BR\" \/>\n<meta property=\"og:type\" content=\"article\" \/>\n<meta property=\"og:title\" content=\"Zema recua e mant\u00e9m ICMS para compras internacionais em Minas Gerais - Estado de Minas - Em foco\" \/>\n<meta property=\"og:description\" content=\"O ICMS sobre compras internacionais n\u00e3o subir\u00e1 em Minas Gerais. Entenda os motivos da decis\u00e3o e o impacto para consumidores e varejistas.\" \/>\n<meta property=\"og:url\" content=\"https:\/\/www.em.com.br\/emfoco\/2025\/04\/02\/zema-recua-e-mantem-icms-para-compras-internacionais-em-minas-gerais\/\" \/>\n<meta property=\"og:site_name\" content=\"Estado de Minas - Em foco\" \/>\n<meta property=\"article:published_time\" content=\"2025-04-02T22:40:00+00:00\" \/>\n<meta property=\"article:modified_time\" content=\"2025-04-01T18:23:26+00:00\" \/>\n<meta property=\"og:image\" content=\"https:\/\/www.em.com.br\/emfoco\/wp-content\/uploads\/2025\/03\/compras-online_1741790461656.jpg\" \/>\n\t<meta property=\"og:image:width\" content=\"1280\" \/>\n\t<meta property=\"og:image:height\" content=\"720\" \/>\n\t<meta property=\"og:image:type\" content=\"image\/jpeg\" \/>\n<meta name=\"author\" content=\"Andre\u0301 Rangel\u00a0\" \/>\n<meta name=\"twitter:card\" content=\"summary_large_image\" \/>\n<meta name=\"twitter:label1\" content=\"Escrito por\" \/>\n\t<meta name=\"twitter:data1\" content=\"Andre\u0301 Rangel\u00a0\" \/>\n\t<meta name=\"twitter:label2\" content=\"Est. tempo de leitura\" \/>\n\t<meta name=\"twitter:data2\" content=\"4 minutos\" \/>\n<!-- \/ Yoast SEO plugin. -->","yoast_head_json":{"title":"Zema recua e mant\u00e9m ICMS para compras internacionais em Minas Gerais - Estado de Minas - Em foco","description":"O ICMS sobre compras internacionais n\u00e3o subir\u00e1 em Minas Gerais. Entenda os motivos da decis\u00e3o e o impacto para consumidores e varejistas.","robots":{"index":"index","follow":"follow","max-snippet":"max-snippet:-1","max-image-preview":"max-image-preview:large","max-video-preview":"max-video-preview:-1"},"canonical":"https:\/\/www.em.com.br\/emfoco\/2025\/04\/02\/zema-recua-e-mantem-icms-para-compras-internacionais-em-minas-gerais\/","og_locale":"pt_BR","og_type":"article","og_title":"Zema recua e mant\u00e9m ICMS para compras internacionais em Minas Gerais - Estado de Minas - Em foco","og_description":"O ICMS sobre compras internacionais n\u00e3o subir\u00e1 em Minas Gerais. Entenda os motivos da decis\u00e3o e o impacto para consumidores e varejistas.","og_url":"https:\/\/www.em.com.br\/emfoco\/2025\/04\/02\/zema-recua-e-mantem-icms-para-compras-internacionais-em-minas-gerais\/","og_site_name":"Estado de Minas - Em foco","article_published_time":"2025-04-02T22:40:00+00:00","article_modified_time":"2025-04-01T18:23:26+00:00","og_image":[{"width":1280,"height":720,"url":"https:\/\/www.em.com.br\/emfoco\/wp-content\/uploads\/2025\/03\/compras-online_1741790461656.jpg","type":"image\/jpeg"}],"author":"Andre\u0301 Rangel\u00a0","twitter_card":"summary_large_image","twitter_misc":{"Escrito por":"Andre\u0301 Rangel\u00a0","Est. tempo de leitura":"4 minutos"},"schema":{"@context":"https:\/\/schema.org","@graph":[{"@type":"WebPage","@id":"https:\/\/www.em.com.br\/emfoco\/2025\/04\/02\/zema-recua-e-mantem-icms-para-compras-internacionais-em-minas-gerais\/","url":"https:\/\/www.em.com.br\/emfoco\/2025\/04\/02\/zema-recua-e-mantem-icms-para-compras-internacionais-em-minas-gerais\/","name":"Zema recua e mant\u00e9m ICMS para compras internacionais em Minas Gerais - Estado de Minas - Em foco","isPartOf":{"@id":"https:\/\/www.em.com.br\/emfoco\/#website"},"primaryImageOfPage":{"@id":"https:\/\/www.em.com.br\/emfoco\/2025\/04\/02\/zema-recua-e-mantem-icms-para-compras-internacionais-em-minas-gerais\/#primaryimage"},"image":{"@id":"https:\/\/www.em.com.br\/emfoco\/2025\/04\/02\/zema-recua-e-mantem-icms-para-compras-internacionais-em-minas-gerais\/#primaryimage"},"thumbnailUrl":"https:\/\/www.em.com.br\/emfoco\/wp-content\/uploads\/2025\/03\/compras-online_1741790461656.jpg","datePublished":"2025-04-02T22:40:00+00:00","dateModified":"2025-04-01T18:23:26+00:00","author":{"@id":"https:\/\/www.em.com.br\/emfoco\/#\/schema\/person\/60eda09c1fedf0d6891f4cef4b60b8b8"},"description":"O ICMS sobre compras internacionais n\u00e3o subir\u00e1 em Minas Gerais. Entenda os motivos da decis\u00e3o e o impacto para consumidores e varejistas.","breadcrumb":{"@id":"https:\/\/www.em.com.br\/emfoco\/2025\/04\/02\/zema-recua-e-mantem-icms-para-compras-internacionais-em-minas-gerais\/#breadcrumb"},"inLanguage":"pt-BR","potentialAction":[{"@type":"ReadAction","target":["https:\/\/www.em.com.br\/emfoco\/2025\/04\/02\/zema-recua-e-mantem-icms-para-compras-internacionais-em-minas-gerais\/"]}]},{"@type":"ImageObject","inLanguage":"pt-BR","@id":"https:\/\/www.em.com.br\/emfoco\/2025\/04\/02\/zema-recua-e-mantem-icms-para-compras-internacionais-em-minas-gerais\/#primaryimage","url":"https:\/\/www.em.com.br\/emfoco\/wp-content\/uploads\/2025\/03\/compras-online_1741790461656.jpg","contentUrl":"https:\/\/www.em.com.br\/emfoco\/wp-content\/uploads\/2025\/03\/compras-online_1741790461656.jpg","width":1280,"height":720,"caption":"Tarifas de importa\u00e7\u00e3o transformam o e-commerce - Cr\u00e9ditos: depositphotos.com \/ Y-Boychenko"},{"@type":"BreadcrumbList","@id":"https:\/\/www.em.com.br\/emfoco\/2025\/04\/02\/zema-recua-e-mantem-icms-para-compras-internacionais-em-minas-gerais\/#breadcrumb","itemListElement":[{"@type":"ListItem","position":1,"name":"In\u00edcio","item":"https:\/\/www.em.com.br\/emfoco\/"},{"@type":"ListItem","position":2,"name":"Zema recua e mant\u00e9m ICMS para compras internacionais em Minas Gerais"}]},{"@type":"WebSite","@id":"https:\/\/www.em.com.br\/emfoco\/#website","url":"https:\/\/www.em.com.br\/emfoco\/","name":"Estado de Minas - Em foco","description":"Acompanhe as \u00faltimas not\u00edcias e fique bem informado sobre tudo o que acontece em Minas Gerais, Brasil e no mundo.","potentialAction":[{"@type":"SearchAction","target":{"@type":"EntryPoint","urlTemplate":"https:\/\/www.em.com.br\/emfoco\/?s={search_term_string}"},"query-input":{"@type":"PropertyValueSpecification","valueRequired":true,"valueName":"search_term_string"}}],"inLanguage":"pt-BR"},{"@type":"Person","@id":"https:\/\/www.em.com.br\/emfoco\/#\/schema\/person\/60eda09c1fedf0d6891f4cef4b60b8b8","name":"Andre\u0301 Rangel\u00a0","image":{"@type":"ImageObject","inLanguage":"pt-BR","@id":"https:\/\/www.em.com.br\/emfoco\/#\/schema\/person\/image\/","url":"https:\/\/secure.gravatar.com\/avatar\/6234dc814c77c8ef6d8bba622c787efc?s=96&d=mm&r=g","contentUrl":"https:\/\/secure.gravatar.com\/avatar\/6234dc814c77c8ef6d8bba622c787efc?s=96&d=mm&r=g","caption":"Andre\u0301 Rangel\u00a0"},"url":"https:\/\/www.em.com.br\/emfoco\/author\/luizmyth\/"}]}},"_links":{"self":[{"href":"https:\/\/www.em.com.br\/emfoco\/wp-json\/wp\/v2\/posts\/34257","targetHints":{"allow":["GET"]}}],"collection":[{"href":"https:\/\/www.em.com.br\/emfoco\/wp-json\/wp\/v2\/posts"}],"about":[{"href":"https:\/\/www.em.com.br\/emfoco\/wp-json\/wp\/v2\/types\/post"}],"author":[{"embeddable":true,"href":"https:\/\/www.em.com.br\/emfoco\/wp-json\/wp\/v2\/users\/11"}],"replies":[{"embeddable":true,"href":"https:\/\/www.em.com.br\/emfoco\/wp-json\/wp\/v2\/comments?post=34257"}],"version-history":[{"count":3,"href":"https:\/\/www.em.com.br\/emfoco\/wp-json\/wp\/v2\/posts\/34257\/revisions"}],"predecessor-version":[{"id":34265,"href":"https:\/\/www.em.com.br\/emfoco\/wp-json\/wp\/v2\/posts\/34257\/revisions\/34265"}],"wp:featuredmedia":[{"embeddable":true,"href":"https:\/\/www.em.com.br\/emfoco\/wp-json\/wp\/v2\/media\/27853"}],"wp:attachment":[{"href":"https:\/\/www.em.com.br\/emfoco\/wp-json\/wp\/v2\/media?parent=34257"}],"wp:term":[{"taxonomy":"category","embeddable":true,"href":"https:\/\/www.em.com.br\/emfoco\/wp-json\/wp\/v2\/categories?post=34257"},{"taxonomy":"post_tag","embeddable":true,"href":"https:\/\/www.em.com.br\/emfoco\/wp-json\/wp\/v2\/tags?post=34257"}],"curies":[{"name":"wp","href":"https:\/\/api.w.org\/{rel}","templated":true}]}}